{"id":968,"date":"2018-04-20T15:59:57","date_gmt":"2018-04-20T18:59:57","guid":{"rendered":"https:\/\/www.spmar.com.br\/web\/?p=968"},"modified":"2018-04-23T15:59:29","modified_gmt":"2018-04-23T18:59:29","slug":"spmar-celebra-o-dia-nacional-da-paz-no-transito","status":"publish","type":"post","link":"https:\/\/www.spmar.com.br\/web\/spmar-celebra-o-dia-nacional-da-paz-no-transito\/","title":{"rendered":"SPMAR celebra o Dia Nacional da Paz no Tr\u00e2nsito"},"content":{"rendered":"<p>No pr\u00f3ximo dia 21 de abril \u00e9 celebrado o Dia Nacional da Paz no Tr\u00e2nsito, que tem por objetivo reavivar na sociedade brasileira, principalmente ao motoristas,\u00a0 valores, posturas e atitudes\u00a0 que devem ser adotadas diariamente no tr\u00e2nsito para prevenir acidentes e tornar as estradas, ruas e rodovias mais seguras para todos.<\/p>\n<p>Estar atento \u00e0s leis de tr\u00e2nsito e \u00e0s medidas de seguran\u00e7a vi\u00e1ria, \u00e9 dever de todo cidad\u00e3o que possui a Carteira Nacional de Habilita\u00e7\u00e3o (CNH).\u00a0De acordo com relat\u00f3rios do Infosiga SP, no ano 2017, 3.665 condutores e passageiros morreram em acidentes de tr\u00e2nsito no Estado de S\u00e3o Paulo, dos quais 1.742 (47,5%) em rodovias.<\/p>\n<p><strong>A\u00e7\u00e3o de Seguran\u00e7a Vi\u00e1ria no Rodoanel<\/strong><\/p>\n<p><img decoding=\"async\" class=\"wp-image-969 alignleft\" src=\"https:\/\/www.spmar.com.br\/web\/wp-content\/uploads\/2018\/04\/celular-ao-volante.jpg\" alt=\"\" width=\"160\" height=\"160\" srcset=\"https:\/\/www.spmar.com.br\/web\/wp-content\/uploads\/2018\/04\/celular-ao-volante.jpg 680w, https:\/\/www.spmar.com.br\/web\/wp-content\/uploads\/2018\/04\/celular-ao-volante-300x300.jpg 300w, https:\/\/www.spmar.com.br\/web\/wp-content\/uploads\/2018\/04\/celular-ao-volante-211x211.jpg 211w\" sizes=\"(max-width: 160px) 100vw, 160px\" \/><\/p>\n<p>Para marcar o Dia Nacional da Paz no Tr\u00e2nsito, a Concession\u00e1ria SPMAR alertar\u00e1 os seus usu\u00e1rios quanto a import\u00e2ncia de manter uma conduta prudente ao volante e dirigir com total aten\u00e7\u00e3o para garantir a seguran\u00e7a de motoristas e passageiros. Al\u00e9m de mensagem nos\u00a0pain\u00e9is ao longo dos Trechos Sul e Leste do Rodoanel M\u00e1rio Covas, folhetos educativos ser\u00e3o distribu\u00eddos nas Pra\u00e7as de Ped\u00e1gios orientando quanto aos perigos e riscos de utilizar o celular ao volante.<\/p>\n<p>SPMAR\u00a0 &#8211; a Concession\u00e1ria SPMAR integra o Programa de Concess\u00f5es Rodovi\u00e1rias do Estado de S\u00e3o Paulo e atua na administra\u00e7\u00e3o dos Trechos Sul e Leste do Rodoanel Mario Covas, sendo respons\u00e1vel pela gest\u00e3o de 76% do Rodoanel Metropolitano de S\u00e3o Paulo em opera\u00e7\u00e3o.<\/p>\n<p><em>Trecho Sul &#8211;<\/em> do km 30 ao\u00a0km 86 do Rodoanel Mario Covas, liga os Trechos Leste e Oeste do Rodoanel. O Trecho Sul tem acesso pelas rodovias R\u00e9gis Bittencourt (entroncamento com o Trecho Oeste) no km 30; Imigrantes no km 70 e Anchieta no km 75, al\u00e9m da Av. Papa Jo\u00e3o XXIII, em Mau\u00e1, no km 86.<\/p>\n<p><em>Trecho Leste<\/em> &#8211; do km 86 ao km 130 do Rodoanel Mario Covas, liga os Trecho Sul \u00e0 Rodovia Presidente Dutra. O Trecho Leste tem acesso pela via de liga\u00e7\u00e3o com a Av. Papa Jo\u00e3o XXIII, em Mau\u00e1, no km 86; pela Rodovia Henrique Er\u00f3les &#8211; SP066 (km 115, em Suzano); pela Rodovia Ayrton Senna &#8211; SP070 (km 124 em Itaquaquecetuba) e pela Rodovia Presidente Dutra &#8211; BR116 (km 130 em Aruj\u00e1).<\/p>\n<p>&nbsp;<\/p>\n<p>&nbsp;<\/p>\n<p>&nbsp;<\/p>\n<p>&nbsp;<\/p>\n<p>&nbsp;<\/p>\n","protected":false},"excerpt":{"rendered":"<p>No pr\u00f3ximo dia 21 de abril \u00e9 celebrado o Dia Nacional da Paz no Tr\u00e2nsito, que tem por objetivo reavivar na sociedade brasileira, principalmente ao motoristas,\u00a0 valores, posturas e atitudes\u00a0 que devem ser adotadas diariamente no tr\u00e2nsito para prevenir acidentes e tornar as estradas, ruas e rodovias mais seguras para todos. Estar atento \u00e0s leis [&hellip;]<\/p>\n","protected":false},"author":1,"featured_media":970,"comment_status":"open","ping_status":"open","sticky":false,"template":"","format":"standard","meta":{"_acf_changed":false,"inline_featured_image":false,"_jetpack_memberships_contains_paid_content":false,"footnotes":""},"categories":[1],"tags":[],"class_list":["post-968","post","type-post","status-publish","format-standard","has-post-thumbnail","hentry","category-sem-categoria"],"acf":[],"yoast_head":"<!-- This site is optimized with the Yoast SEO plugin v27.4 - https:\/\/yoast.com\/product\/yoast-seo-wordpress\/ -->\n<title>SPMAR celebra o Dia Nacional da Paz no Tr\u00e2nsito - Somos o caminho que te conecta ao que mais importa!<\/title>\n<meta name=\"robots\" content=\"index, follow, max-snippet:-1, max-image-preview:large, max-video-preview:-1\" \/>\n<link rel=\"canonical\" href=\"https:\/\/www.spmar.com.br\/web\/spmar-celebra-o-dia-nacional-da-paz-no-transito\/\" \/>\n<meta property=\"og:locale\" content=\"pt_BR\" \/>\n<meta property=\"og:type\" content=\"article\" \/>\n<meta property=\"og:title\" content=\"SPMAR celebra o Dia Nacional da Paz no Tr\u00e2nsito - Somos o caminho que te conecta ao que mais importa!\" \/>\n<meta property=\"og:description\" content=\"No pr\u00f3ximo dia 21 de abril \u00e9 celebrado o Dia Nacional da Paz no Tr\u00e2nsito, que tem por objetivo reavivar na sociedade brasileira, principalmente ao motoristas,\u00a0 valores, posturas e atitudes\u00a0 que devem ser adotadas diariamente no tr\u00e2nsito para prevenir acidentes e tornar as estradas, ruas e rodovias mais seguras para todos. Estar atento \u00e0s leis [&hellip;]\" \/>\n<meta property=\"og:url\" content=\"https:\/\/www.spmar.com.br\/web\/spmar-celebra-o-dia-nacional-da-paz-no-transito\/\" \/>\n<meta property=\"og:site_name\" content=\"Somos o caminho que te conecta ao que mais importa!\" \/>\n<meta property=\"article:publisher\" content=\"https:\/\/www.facebook.com\/spmar.rodoanel\" \/>\n<meta property=\"article:published_time\" content=\"2018-04-20T18:59:57+00:00\" \/>\n<meta property=\"article:modified_time\" content=\"2018-04-23T18:59:29+00:00\" \/>\n<meta property=\"og:image\" content=\"https:\/\/www.spmar.com.br\/web\/wp-content\/uploads\/2018\/04\/direcao-segura-confira-essas-6-dicas-de-direcao-defensiva-e-preventiva.jpg\" \/>\n\t<meta property=\"og:image:width\" content=\"1000\" \/>\n\t<meta property=\"og:image:height\" content=\"667\" \/>\n\t<meta property=\"og:image:type\" content=\"image\/jpeg\" \/>\n<meta name=\"author\" content=\"uid_@spmar\" \/>\n<meta name=\"twitter:card\" content=\"summary_large_image\" \/>\n<meta name=\"twitter:label1\" content=\"Escrito por\" \/>\n\t<meta name=\"twitter:data1\" content=\"uid_@spmar\" \/>\n\t<meta name=\"twitter:label2\" content=\"Est. tempo de leitura\" \/>\n\t<meta name=\"twitter:data2\" content=\"2 minutos\" \/>\n<script type=\"application\/ld+json\" class=\"yoast-schema-graph\">{\"@context\":\"https:\\\/\\\/schema.org\",\"@graph\":[{\"@type\":\"Article\",\"@id\":\"https:\\\/\\\/www.spmar.com.br\\\/web\\\/spmar-celebra-o-dia-nacional-da-paz-no-transito\\\/#article\",\"isPartOf\":{\"@id\":\"https:\\\/\\\/www.spmar.com.br\\\/web\\\/spmar-celebra-o-dia-nacional-da-paz-no-transito\\\/\"},\"author\":{\"name\":\"uid_@spmar\",\"@id\":\"https:\\\/\\\/www.spmar.com.br\\\/web\\\/#\\\/schema\\\/person\\\/d197690c6bf9c79240a515310e6233b7\"},\"headline\":\"SPMAR celebra o Dia Nacional da Paz no Tr\u00e2nsito\",\"datePublished\":\"2018-04-20T18:59:57+00:00\",\"dateModified\":\"2018-04-23T18:59:29+00:00\",\"mainEntityOfPage\":{\"@id\":\"https:\\\/\\\/www.spmar.com.br\\\/web\\\/spmar-celebra-o-dia-nacional-da-paz-no-transito\\\/\"},\"wordCount\":396,\"commentCount\":0,\"publisher\":{\"@id\":\"https:\\\/\\\/www.spmar.com.br\\\/web\\\/#organization\"},\"image\":{\"@id\":\"https:\\\/\\\/www.spmar.com.br\\\/web\\\/spmar-celebra-o-dia-nacional-da-paz-no-transito\\\/#primaryimage\"},\"thumbnailUrl\":\"https:\\\/\\\/www.spmar.com.br\\\/web\\\/wp-content\\\/uploads\\\/2018\\\/04\\\/direcao-segura-confira-essas-6-dicas-de-direcao-defensiva-e-preventiva.jpg\",\"inLanguage\":\"pt-BR\",\"potentialAction\":[{\"@type\":\"CommentAction\",\"name\":\"Comment\",\"target\":[\"https:\\\/\\\/www.spmar.com.br\\\/web\\\/spmar-celebra-o-dia-nacional-da-paz-no-transito\\\/#respond\"]}]},{\"@type\":\"WebPage\",\"@id\":\"https:\\\/\\\/www.spmar.com.br\\\/web\\\/spmar-celebra-o-dia-nacional-da-paz-no-transito\\\/\",\"url\":\"https:\\\/\\\/www.spmar.com.br\\\/web\\\/spmar-celebra-o-dia-nacional-da-paz-no-transito\\\/\",\"name\":\"SPMAR celebra o Dia Nacional da Paz no Tr\u00e2nsito - Somos o caminho que te conecta ao que mais importa!\",\"isPartOf\":{\"@id\":\"https:\\\/\\\/www.spmar.com.br\\\/web\\\/#website\"},\"primaryImageOfPage\":{\"@id\":\"https:\\\/\\\/www.spmar.com.br\\\/web\\\/spmar-celebra-o-dia-nacional-da-paz-no-transito\\\/#primaryimage\"},\"image\":{\"@id\":\"https:\\\/\\\/www.spmar.com.br\\\/web\\\/spmar-celebra-o-dia-nacional-da-paz-no-transito\\\/#primaryimage\"},\"thumbnailUrl\":\"https:\\\/\\\/www.spmar.com.br\\\/web\\\/wp-content\\\/uploads\\\/2018\\\/04\\\/direcao-segura-confira-essas-6-dicas-de-direcao-defensiva-e-preventiva.jpg\",\"datePublished\":\"2018-04-20T18:59:57+00:00\",\"dateModified\":\"2018-04-23T18:59:29+00:00\",\"breadcrumb\":{\"@id\":\"https:\\\/\\\/www.spmar.com.br\\\/web\\\/spmar-celebra-o-dia-nacional-da-paz-no-transito\\\/#breadcrumb\"},\"inLanguage\":\"pt-BR\",\"potentialAction\":[{\"@type\":\"ReadAction\",\"target\":[\"https:\\\/\\\/www.spmar.com.br\\\/web\\\/spmar-celebra-o-dia-nacional-da-paz-no-transito\\\/\"]}]},{\"@type\":\"ImageObject\",\"inLanguage\":\"pt-BR\",\"@id\":\"https:\\\/\\\/www.spmar.com.br\\\/web\\\/spmar-celebra-o-dia-nacional-da-paz-no-transito\\\/#primaryimage\",\"url\":\"https:\\\/\\\/www.spmar.com.br\\\/web\\\/wp-content\\\/uploads\\\/2018\\\/04\\\/direcao-segura-confira-essas-6-dicas-de-direcao-defensiva-e-preventiva.jpg\",\"contentUrl\":\"https:\\\/\\\/www.spmar.com.br\\\/web\\\/wp-content\\\/uploads\\\/2018\\\/04\\\/direcao-segura-confira-essas-6-dicas-de-direcao-defensiva-e-preventiva.jpg\",\"width\":1000,\"height\":667},{\"@type\":\"BreadcrumbList\",\"@id\":\"https:\\\/\\\/www.spmar.com.br\\\/web\\\/spmar-celebra-o-dia-nacional-da-paz-no-transito\\\/#breadcrumb\",\"itemListElement\":[{\"@type\":\"ListItem\",\"position\":1,\"name\":\"Home\",\"item\":\"https:\\\/\\\/www.spmar.com.br\\\/web\\\/\"},{\"@type\":\"ListItem\",\"position\":2,\"name\":\"SPMAR celebra o Dia Nacional da Paz no Tr\u00e2nsito\"}]},{\"@type\":\"WebSite\",\"@id\":\"https:\\\/\\\/www.spmar.com.br\\\/web\\\/#website\",\"url\":\"https:\\\/\\\/www.spmar.com.br\\\/web\\\/\",\"name\":\"SPMAR\",\"description\":\"A Concession\u00e1ria SPMAR atua na administra\u00e7\u00e3o dos Trechos Sul e Leste do Rodoanel Mario Covas e, com isso,\u00e9 respons\u00e1vel pela gest\u00e3o de 76% do Rodoanel Metropolitano de S\u00e3o Paulo em opera\u00e7\u00e3o.\",\"publisher\":{\"@id\":\"https:\\\/\\\/www.spmar.com.br\\\/web\\\/#organization\"},\"potentialAction\":[{\"@type\":\"SearchAction\",\"target\":{\"@type\":\"EntryPoint\",\"urlTemplate\":\"https:\\\/\\\/www.spmar.com.br\\\/web\\\/?s={search_term_string}\"},\"query-input\":{\"@type\":\"PropertyValueSpecification\",\"valueRequired\":true,\"valueName\":\"search_term_string\"}}],\"inLanguage\":\"pt-BR\"},{\"@type\":\"Organization\",\"@id\":\"https:\\\/\\\/www.spmar.com.br\\\/web\\\/#organization\",\"name\":\"Concession\u00e1ria SPMAR\",\"url\":\"https:\\\/\\\/www.spmar.com.br\\\/web\\\/\",\"logo\":{\"@type\":\"ImageObject\",\"inLanguage\":\"pt-BR\",\"@id\":\"https:\\\/\\\/www.spmar.com.br\\\/web\\\/#\\\/schema\\\/logo\\\/image\\\/\",\"url\":\"https:\\\/\\\/www.spmar.com.br\\\/web\\\/wp-content\\\/uploads\\\/2017\\\/11\\\/logo_H.jpg\",\"contentUrl\":\"https:\\\/\\\/www.spmar.com.br\\\/web\\\/wp-content\\\/uploads\\\/2017\\\/11\\\/logo_H.jpg\",\"width\":448,\"height\":97,\"caption\":\"Concession\u00e1ria SPMAR\"},\"image\":{\"@id\":\"https:\\\/\\\/www.spmar.com.br\\\/web\\\/#\\\/schema\\\/logo\\\/image\\\/\"},\"sameAs\":[\"https:\\\/\\\/www.facebook.com\\\/spmar.rodoanel\",\"https:\\\/\\\/www.linkedin.com\\\/company\\\/spmarbr\\\/\",\"https:\\\/\\\/www.instagram.com\\\/spmarbr\\\/\"]},{\"@type\":\"Person\",\"@id\":\"https:\\\/\\\/www.spmar.com.br\\\/web\\\/#\\\/schema\\\/person\\\/d197690c6bf9c79240a515310e6233b7\",\"name\":\"uid_@spmar\",\"image\":{\"@type\":\"ImageObject\",\"inLanguage\":\"pt-BR\",\"@id\":\"https:\\\/\\\/www.spmar.com.br\\\/web\\\/wp-content\\\/litespeed\\\/avatar\\\/1d9f8aa10c469a2a6a9fbe6d3ba9a648.jpg?ver=1777045609\",\"url\":\"https:\\\/\\\/www.spmar.com.br\\\/web\\\/wp-content\\\/litespeed\\\/avatar\\\/1d9f8aa10c469a2a6a9fbe6d3ba9a648.jpg?ver=1777045609\",\"contentUrl\":\"https:\\\/\\\/www.spmar.com.br\\\/web\\\/wp-content\\\/litespeed\\\/avatar\\\/1d9f8aa10c469a2a6a9fbe6d3ba9a648.jpg?ver=1777045609\",\"caption\":\"uid_@spmar\"},\"url\":\"https:\\\/\\\/www.spmar.com.br\\\/web\\\/author\\\/uid_spmar\\\/\"}]}<\/script>\n<!-- \/ Yoast SEO plugin. -->","yoast_head_json":{"title":"SPMAR celebra o Dia Nacional da Paz no Tr\u00e2nsito - Somos o caminho que te conecta ao que mais importa!","robots":{"index":"index","follow":"follow","max-snippet":"max-snippet:-1","max-image-preview":"max-image-preview:large","max-video-preview":"max-video-preview:-1"},"canonical":"https:\/\/www.spmar.com.br\/web\/spmar-celebra-o-dia-nacional-da-paz-no-transito\/","og_locale":"pt_BR","og_type":"article","og_title":"SPMAR celebra o Dia Nacional da Paz no Tr\u00e2nsito - Somos o caminho que te conecta ao que mais importa!","og_description":"No pr\u00f3ximo dia 21 de abril \u00e9 celebrado o Dia Nacional da Paz no Tr\u00e2nsito, que tem por objetivo reavivar na sociedade brasileira, principalmente ao motoristas,\u00a0 valores, posturas e atitudes\u00a0 que devem ser adotadas diariamente no tr\u00e2nsito para prevenir acidentes e tornar as estradas, ruas e rodovias mais seguras para todos. Estar atento \u00e0s leis [&hellip;]","og_url":"https:\/\/www.spmar.com.br\/web\/spmar-celebra-o-dia-nacional-da-paz-no-transito\/","og_site_name":"Somos o caminho que te conecta ao que mais importa!","article_publisher":"https:\/\/www.facebook.com\/spmar.rodoanel","article_published_time":"2018-04-20T18:59:57+00:00","article_modified_time":"2018-04-23T18:59:29+00:00","og_image":[{"width":1000,"height":667,"url":"https:\/\/www.spmar.com.br\/web\/wp-content\/uploads\/2018\/04\/direcao-segura-confira-essas-6-dicas-de-direcao-defensiva-e-preventiva.jpg","type":"image\/jpeg"}],"author":"uid_@spmar","twitter_card":"summary_large_image","twitter_misc":{"Escrito por":"uid_@spmar","Est. tempo de leitura":"2 minutos"},"schema":{"@context":"https:\/\/schema.org","@graph":[{"@type":"Article","@id":"https:\/\/www.spmar.com.br\/web\/spmar-celebra-o-dia-nacional-da-paz-no-transito\/#article","isPartOf":{"@id":"https:\/\/www.spmar.com.br\/web\/spmar-celebra-o-dia-nacional-da-paz-no-transito\/"},"author":{"name":"uid_@spmar","@id":"https:\/\/www.spmar.com.br\/web\/#\/schema\/person\/d197690c6bf9c79240a515310e6233b7"},"headline":"SPMAR celebra o Dia Nacional da Paz no Tr\u00e2nsito","datePublished":"2018-04-20T18:59:57+00:00","dateModified":"2018-04-23T18:59:29+00:00","mainEntityOfPage":{"@id":"https:\/\/www.spmar.com.br\/web\/spmar-celebra-o-dia-nacional-da-paz-no-transito\/"},"wordCount":396,"commentCount":0,"publisher":{"@id":"https:\/\/www.spmar.com.br\/web\/#organization"},"image":{"@id":"https:\/\/www.spmar.com.br\/web\/spmar-celebra-o-dia-nacional-da-paz-no-transito\/#primaryimage"},"thumbnailUrl":"https:\/\/www.spmar.com.br\/web\/wp-content\/uploads\/2018\/04\/direcao-segura-confira-essas-6-dicas-de-direcao-defensiva-e-preventiva.jpg","inLanguage":"pt-BR","potentialAction":[{"@type":"CommentAction","name":"Comment","target":["https:\/\/www.spmar.com.br\/web\/spmar-celebra-o-dia-nacional-da-paz-no-transito\/#respond"]}]},{"@type":"WebPage","@id":"https:\/\/www.spmar.com.br\/web\/spmar-celebra-o-dia-nacional-da-paz-no-transito\/","url":"https:\/\/www.spmar.com.br\/web\/spmar-celebra-o-dia-nacional-da-paz-no-transito\/","name":"SPMAR celebra o Dia Nacional da Paz no Tr\u00e2nsito - Somos o caminho que te conecta ao que mais importa!","isPartOf":{"@id":"https:\/\/www.spmar.com.br\/web\/#website"},"primaryImageOfPage":{"@id":"https:\/\/www.spmar.com.br\/web\/spmar-celebra-o-dia-nacional-da-paz-no-transito\/#primaryimage"},"image":{"@id":"https:\/\/www.spmar.com.br\/web\/spmar-celebra-o-dia-nacional-da-paz-no-transito\/#primaryimage"},"thumbnailUrl":"https:\/\/www.spmar.com.br\/web\/wp-content\/uploads\/2018\/04\/direcao-segura-confira-essas-6-dicas-de-direcao-defensiva-e-preventiva.jpg","datePublished":"2018-04-20T18:59:57+00:00","dateModified":"2018-04-23T18:59:29+00:00","breadcrumb":{"@id":"https:\/\/www.spmar.com.br\/web\/spmar-celebra-o-dia-nacional-da-paz-no-transito\/#breadcrumb"},"inLanguage":"pt-BR","potentialAction":[{"@type":"ReadAction","target":["https:\/\/www.spmar.com.br\/web\/spmar-celebra-o-dia-nacional-da-paz-no-transito\/"]}]},{"@type":"ImageObject","inLanguage":"pt-BR","@id":"https:\/\/www.spmar.com.br\/web\/spmar-celebra-o-dia-nacional-da-paz-no-transito\/#primaryimage","url":"https:\/\/www.spmar.com.br\/web\/wp-content\/uploads\/2018\/04\/direcao-segura-confira-essas-6-dicas-de-direcao-defensiva-e-preventiva.jpg","contentUrl":"https:\/\/www.spmar.com.br\/web\/wp-content\/uploads\/2018\/04\/direcao-segura-confira-essas-6-dicas-de-direcao-defensiva-e-preventiva.jpg","width":1000,"height":667},{"@type":"BreadcrumbList","@id":"https:\/\/www.spmar.com.br\/web\/spmar-celebra-o-dia-nacional-da-paz-no-transito\/#breadcrumb","itemListElement":[{"@type":"ListItem","position":1,"name":"Home","item":"https:\/\/www.spmar.com.br\/web\/"},{"@type":"ListItem","position":2,"name":"SPMAR celebra o Dia Nacional da Paz no Tr\u00e2nsito"}]},{"@type":"WebSite","@id":"https:\/\/www.spmar.com.br\/web\/#website","url":"https:\/\/www.spmar.com.br\/web\/","name":"SPMAR","description":"A Concession\u00e1ria SPMAR atua na administra\u00e7\u00e3o dos Trechos Sul e Leste do Rodoanel Mario Covas e, com isso,\u00e9 respons\u00e1vel pela gest\u00e3o de 76% do Rodoanel Metropolitano de S\u00e3o Paulo em opera\u00e7\u00e3o.","publisher":{"@id":"https:\/\/www.spmar.com.br\/web\/#organization"},"potentialAction":[{"@type":"SearchAction","target":{"@type":"EntryPoint","urlTemplate":"https:\/\/www.spmar.com.br\/web\/?s={search_term_string}"},"query-input":{"@type":"PropertyValueSpecification","valueRequired":true,"valueName":"search_term_string"}}],"inLanguage":"pt-BR"},{"@type":"Organization","@id":"https:\/\/www.spmar.com.br\/web\/#organization","name":"Concession\u00e1ria SPMAR","url":"https:\/\/www.spmar.com.br\/web\/","logo":{"@type":"ImageObject","inLanguage":"pt-BR","@id":"https:\/\/www.spmar.com.br\/web\/#\/schema\/logo\/image\/","url":"https:\/\/www.spmar.com.br\/web\/wp-content\/uploads\/2017\/11\/logo_H.jpg","contentUrl":"https:\/\/www.spmar.com.br\/web\/wp-content\/uploads\/2017\/11\/logo_H.jpg","width":448,"height":97,"caption":"Concession\u00e1ria SPMAR"},"image":{"@id":"https:\/\/www.spmar.com.br\/web\/#\/schema\/logo\/image\/"},"sameAs":["https:\/\/www.facebook.com\/spmar.rodoanel","https:\/\/www.linkedin.com\/company\/spmarbr\/","https:\/\/www.instagram.com\/spmarbr\/"]},{"@type":"Person","@id":"https:\/\/www.spmar.com.br\/web\/#\/schema\/person\/d197690c6bf9c79240a515310e6233b7","name":"uid_@spmar","image":{"@type":"ImageObject","inLanguage":"pt-BR","@id":"https:\/\/www.spmar.com.br\/web\/wp-content\/litespeed\/avatar\/1d9f8aa10c469a2a6a9fbe6d3ba9a648.jpg?ver=1777045609","url":"https:\/\/www.spmar.com.br\/web\/wp-content\/litespeed\/avatar\/1d9f8aa10c469a2a6a9fbe6d3ba9a648.jpg?ver=1777045609","contentUrl":"https:\/\/www.spmar.com.br\/web\/wp-content\/litespeed\/avatar\/1d9f8aa10c469a2a6a9fbe6d3ba9a648.jpg?ver=1777045609","caption":"uid_@spmar"},"url":"https:\/\/www.spmar.com.br\/web\/author\/uid_spmar\/"}]}},"jetpack_featured_media_url":"https:\/\/www.spmar.com.br\/web\/wp-content\/uploads\/2018\/04\/direcao-segura-confira-essas-6-dicas-de-direcao-defensiva-e-preventiva.jpg","jetpack_sharing_enabled":true,"_links":{"self":[{"href":"https:\/\/www.spmar.com.br\/web\/wp-json\/wp\/v2\/posts\/968","targetHints":{"allow":["GET"]}}],"collection":[{"href":"https:\/\/www.spmar.com.br\/web\/wp-json\/wp\/v2\/posts"}],"about":[{"href":"https:\/\/www.spmar.com.br\/web\/wp-json\/wp\/v2\/types\/post"}],"author":[{"embeddable":true,"href":"https:\/\/www.spmar.com.br\/web\/wp-json\/wp\/v2\/users\/1"}],"replies":[{"embeddable":true,"href":"https:\/\/www.spmar.com.br\/web\/wp-json\/wp\/v2\/comments?post=968"}],"version-history":[{"count":5,"href":"https:\/\/www.spmar.com.br\/web\/wp-json\/wp\/v2\/posts\/968\/revisions"}],"predecessor-version":[{"id":988,"href":"https:\/\/www.spmar.com.br\/web\/wp-json\/wp\/v2\/posts\/968\/revisions\/988"}],"wp:featuredmedia":[{"embeddable":true,"href":"https:\/\/www.spmar.com.br\/web\/wp-json\/wp\/v2\/media\/970"}],"wp:attachment":[{"href":"https:\/\/www.spmar.com.br\/web\/wp-json\/wp\/v2\/media?parent=968"}],"wp:term":[{"taxonomy":"category","embeddable":true,"href":"https:\/\/www.spmar.com.br\/web\/wp-json\/wp\/v2\/categories?post=968"},{"taxonomy":"post_tag","embeddable":true,"href":"https:\/\/www.spmar.com.br\/web\/wp-json\/wp\/v2\/tags?post=968"}],"curies":[{"name":"wp","href":"https:\/\/api.w.org\/{rel}","templated":true}]}}