{"id":873,"date":"2018-02-08T09:32:19","date_gmt":"2018-02-08T11:32:19","guid":{"rendered":"https:\/\/www.spmar.com.br\/web\/?p=873"},"modified":"2018-02-08T09:32:19","modified_gmt":"2018-02-08T11:32:19","slug":"spmar-da-inicio-operacao-carnaval-2018","status":"publish","type":"post","link":"https:\/\/www.spmar.com.br\/web\/spmar-da-inicio-operacao-carnaval-2018\/","title":{"rendered":"SPMAR d\u00e1 in\u00edcio a Opera\u00e7\u00e3o Carnaval 2018"},"content":{"rendered":"<p>A Concession\u00e1ria SPMAR inicia amanh\u00e3, dia 09 de fevereiro, a Opera\u00e7\u00e3o Carnaval 2018 nos Trechos Sul e Leste do Rodoanel Mario Covas. Cerca de 845 mil ve\u00edculos dever\u00e3o passar pelos dois trechos nos seis dias de opera\u00e7\u00e3o, que se estender\u00e1 at\u00e9 o dia 14 de fevereiro de 2018.<\/p>\n<p>\u201c\u00c9 sempre importante refor\u00e7ar aos usu\u00e1rios que trafeguem com extrema seguran\u00e7a para chegar bem ao seu destino. Evitar beber ao dirigir e realizar todas as revis\u00f5es preventivas do ve\u00edculo antes de pegar a estrada\u201d, comenta Marcos Fonseca, diretor executivo da Concession\u00e1ria SPMAR.<\/p>\n<p><strong>Fluxo de Ve\u00edculos e hor\u00e1rio de pico<\/strong><\/p>\n<p>Durante a opera\u00e7\u00e3o carnaval dever\u00e3o passar 650 mil ve\u00edculos pelo Trecho Sul e 195 mil ve\u00edculos pelo Trecho Leste, sendo que desse total, 210 mil ve\u00edculos ter\u00e3o como destino o litoral paulista.<\/p>\n<p>Nos dias de maior movimento, a SPMAR implantar\u00e1 a opera\u00e7\u00e3o papa-fila com objetivo de agilizar a venda e cobran\u00e7a de cupons de ped\u00e1gios, minimizando a forma\u00e7\u00e3o de filas na aproxima\u00e7\u00e3o da pra\u00e7a de ped\u00e1gio do km 70 \u2013 onde se concentra o maior volume de tr\u00e1fego em \u00e9pocas de feriados &#8211; que proporcionam o acesso \u00e0 Rodovia dos Imigrantes no sentido litoral.<\/p>\n<p><strong>Os hor\u00e1rios que devem ser evitados pelos motoristas s\u00e3o:<\/strong><br \/>\n09\/02 \u2013 Das 16h \u00e0s 21h;<br \/>\n10\/02 \u2013 Entre \u00e0s 10h e 12h e das 16h \u00e0s 21h;<br \/>\n14\/02 &#8211; Entre \u00e0s 07h e 10h e das 16h \u00e0s 21h;<\/p>\n<p><strong>Rodoanel \u00e9 excelente op\u00e7\u00e3o de trajeto<\/strong><\/p>\n<p>Desde a inaugura\u00e7\u00e3o, os trechos Sul e Leste \u2013 integrantes do Programa de Concess\u00f5es Rodovi\u00e1rias da Ag\u00eancia de Transporte do Estado de S\u00e3o Paulo (ARTESP) &#8211; tornaram-se uma \u00f3tima op\u00e7\u00e3o de trajeto para diversos motoristas que est\u00e3o na regi\u00e3o da Grande S\u00e3o Paulo e querem acessar as estradas de forma mais r\u00e1pida, ganhando tempo, al\u00e9m de economizar combust\u00edvel.<\/p>\n<p><img fetchpriority=\"high\" decoding=\"async\" class=\"wp-image-874 aligncenter\" src=\"https:\/\/www.spmar.com.br\/web\/wp-content\/uploads\/2018\/02\/feriadocarnaval.png\" alt=\"\" width=\"846\" height=\"422\" srcset=\"https:\/\/www.spmar.com.br\/web\/wp-content\/uploads\/2018\/02\/feriadocarnaval.png 1278w, https:\/\/www.spmar.com.br\/web\/wp-content\/uploads\/2018\/02\/feriadocarnaval-300x150.png 300w, https:\/\/www.spmar.com.br\/web\/wp-content\/uploads\/2018\/02\/feriadocarnaval-768x383.png 768w, https:\/\/www.spmar.com.br\/web\/wp-content\/uploads\/2018\/02\/feriadocarnaval-1024x510.png 1024w, https:\/\/www.spmar.com.br\/web\/wp-content\/uploads\/2018\/02\/feriadocarnaval-211x105.png 211w\" sizes=\"(max-width: 846px) 100vw, 846px\" \/><\/p>\n<p><strong>Campanhas<\/strong><\/p>\n<p>Durante a Opera\u00e7\u00e3o Carnaval, a Concession\u00e1ria dar\u00e1 continuidade ao seu Plano de Redu\u00e7\u00e3o de Acidentes e realizar\u00e1 a\u00e7\u00f5es de comunica\u00e7\u00e3o com objetivo de alertar e conscientizar os motoristas para assuntos voltados para a seguran\u00e7a vi\u00e1ria, como por exemplo, a import\u00e2ncia de realizar a revis\u00e3o preventiva veicular, orienta\u00e7\u00f5es para uma dire\u00e7\u00e3o segura e a necessidade de n\u00e3o combinar \u00e1lcool e dire\u00e7\u00e3o.<\/p>\n<p><strong>Atendimento ao Motorista<\/strong><\/p>\n<p>O motorista que tiver alguma d\u00favida ou precisar de atendimento na via pode entrar em contato com a SPMAR pelo telefone 0800 774 88 77 ou por meio dos 192 telefones de emerg\u00eancias situados a cada quil\u00f4metro da rodovia. Estes servi\u00e7os s\u00e3o gratuitos e com funcionamento ininterrupto. Os usu\u00e1rios do Rodoanel tamb\u00e9m contam com quatro unidades do SAU (Servi\u00e7o de Atendimento ao Usu\u00e1rio), localizados nos quil\u00f4metros 41, 68, 102 e 121 para fazer uma pausa em sua viagem ou solicitar algum tipo de informa\u00e7\u00e3o ou atendimento. Os locais est\u00e3o equipados com banheiros, frald\u00e1rios e sala de espera com caf\u00e9 e \u00e1gua.<\/p>\n<p><img decoding=\"async\" class=\"wp-image-164 aligncenter\" src=\"https:\/\/www.spmar.com.br\/web\/wp-content\/uploads\/2017\/08\/mapa.jpg\" alt=\"\" width=\"786\" height=\"629\" srcset=\"https:\/\/www.spmar.com.br\/web\/wp-content\/uploads\/2017\/08\/mapa.jpg 1182w, https:\/\/www.spmar.com.br\/web\/wp-content\/uploads\/2017\/08\/mapa-300x240.jpg 300w, https:\/\/www.spmar.com.br\/web\/wp-content\/uploads\/2017\/08\/mapa-1024x818.jpg 1024w\" sizes=\"(max-width: 786px) 100vw, 786px\" \/><\/p>\n","protected":false},"excerpt":{"rendered":"<p>A Concession\u00e1ria SPMAR inicia amanh\u00e3, dia 09 de fevereiro, a Opera\u00e7\u00e3o Carnaval 2018 nos Trechos Sul e Leste do Rodoanel Mario Covas. Cerca de 845 mil ve\u00edculos dever\u00e3o passar pelos dois trechos nos seis dias de opera\u00e7\u00e3o, que se estender\u00e1 at\u00e9 o dia 14 de fevereiro de 2018. \u201c\u00c9 sempre importante refor\u00e7ar aos usu\u00e1rios que [&hellip;]<\/p>\n","protected":false},"author":1,"featured_media":834,"comment_status":"open","ping_status":"open","sticky":false,"template":"","format":"standard","meta":{"_acf_changed":false,"inline_featured_image":false,"_jetpack_memberships_contains_paid_content":false,"footnotes":""},"categories":[1],"tags":[],"class_list":["post-873","post","type-post","status-publish","format-standard","has-post-thumbnail","hentry","category-sem-categoria"],"acf":[],"yoast_head":"<!-- This site is optimized with the Yoast SEO plugin v27.4 - https:\/\/yoast.com\/product\/yoast-seo-wordpress\/ -->\n<title>SPMAR d\u00e1 in\u00edcio a Opera\u00e7\u00e3o Carnaval 2018 - Somos o caminho que te conecta ao que mais importa!<\/title>\n<meta name=\"robots\" content=\"index, follow, max-snippet:-1, max-image-preview:large, max-video-preview:-1\" \/>\n<link rel=\"canonical\" href=\"https:\/\/www.spmar.com.br\/web\/spmar-da-inicio-operacao-carnaval-2018\/\" \/>\n<meta property=\"og:locale\" content=\"pt_BR\" \/>\n<meta property=\"og:type\" content=\"article\" \/>\n<meta property=\"og:title\" content=\"SPMAR d\u00e1 in\u00edcio a Opera\u00e7\u00e3o Carnaval 2018 - Somos o caminho que te conecta ao que mais importa!\" \/>\n<meta property=\"og:description\" content=\"A Concession\u00e1ria SPMAR inicia amanh\u00e3, dia 09 de fevereiro, a Opera\u00e7\u00e3o Carnaval 2018 nos Trechos Sul e Leste do Rodoanel Mario Covas. Cerca de 845 mil ve\u00edculos dever\u00e3o passar pelos dois trechos nos seis dias de opera\u00e7\u00e3o, que se estender\u00e1 at\u00e9 o dia 14 de fevereiro de 2018. \u201c\u00c9 sempre importante refor\u00e7ar aos usu\u00e1rios que [&hellip;]\" \/>\n<meta property=\"og:url\" content=\"https:\/\/www.spmar.com.br\/web\/spmar-da-inicio-operacao-carnaval-2018\/\" \/>\n<meta property=\"og:site_name\" content=\"Somos o caminho que te conecta ao que mais importa!\" \/>\n<meta property=\"article:publisher\" content=\"https:\/\/www.facebook.com\/spmar.rodoanel\" \/>\n<meta property=\"article:published_time\" content=\"2018-02-08T11:32:19+00:00\" \/>\n<meta property=\"og:image\" content=\"https:\/\/www.spmar.com.br\/web\/wp-content\/uploads\/2018\/01\/feriado-prolongado.jpg\" \/>\n\t<meta property=\"og:image:width\" content=\"440\" \/>\n\t<meta property=\"og:image:height\" content=\"330\" \/>\n\t<meta property=\"og:image:type\" content=\"image\/jpeg\" \/>\n<meta name=\"author\" content=\"uid_@spmar\" \/>\n<meta name=\"twitter:card\" content=\"summary_large_image\" \/>\n<meta name=\"twitter:label1\" content=\"Escrito por\" \/>\n\t<meta name=\"twitter:data1\" content=\"uid_@spmar\" \/>\n\t<meta name=\"twitter:label2\" content=\"Est. tempo de leitura\" \/>\n\t<meta name=\"twitter:data2\" content=\"2 minutos\" \/>\n<script type=\"application\/ld+json\" class=\"yoast-schema-graph\">{\"@context\":\"https:\\\/\\\/schema.org\",\"@graph\":[{\"@type\":\"Article\",\"@id\":\"https:\\\/\\\/www.spmar.com.br\\\/web\\\/spmar-da-inicio-operacao-carnaval-2018\\\/#article\",\"isPartOf\":{\"@id\":\"https:\\\/\\\/www.spmar.com.br\\\/web\\\/spmar-da-inicio-operacao-carnaval-2018\\\/\"},\"author\":{\"name\":\"uid_@spmar\",\"@id\":\"https:\\\/\\\/www.spmar.com.br\\\/web\\\/#\\\/schema\\\/person\\\/d197690c6bf9c79240a515310e6233b7\"},\"headline\":\"SPMAR d\u00e1 in\u00edcio a Opera\u00e7\u00e3o Carnaval 2018\",\"datePublished\":\"2018-02-08T11:32:19+00:00\",\"mainEntityOfPage\":{\"@id\":\"https:\\\/\\\/www.spmar.com.br\\\/web\\\/spmar-da-inicio-operacao-carnaval-2018\\\/\"},\"wordCount\":507,\"commentCount\":0,\"publisher\":{\"@id\":\"https:\\\/\\\/www.spmar.com.br\\\/web\\\/#organization\"},\"image\":{\"@id\":\"https:\\\/\\\/www.spmar.com.br\\\/web\\\/spmar-da-inicio-operacao-carnaval-2018\\\/#primaryimage\"},\"thumbnailUrl\":\"https:\\\/\\\/www.spmar.com.br\\\/web\\\/wp-content\\\/uploads\\\/2018\\\/01\\\/feriado-prolongado.jpg\",\"inLanguage\":\"pt-BR\",\"potentialAction\":[{\"@type\":\"CommentAction\",\"name\":\"Comment\",\"target\":[\"https:\\\/\\\/www.spmar.com.br\\\/web\\\/spmar-da-inicio-operacao-carnaval-2018\\\/#respond\"]}]},{\"@type\":\"WebPage\",\"@id\":\"https:\\\/\\\/www.spmar.com.br\\\/web\\\/spmar-da-inicio-operacao-carnaval-2018\\\/\",\"url\":\"https:\\\/\\\/www.spmar.com.br\\\/web\\\/spmar-da-inicio-operacao-carnaval-2018\\\/\",\"name\":\"SPMAR d\u00e1 in\u00edcio a Opera\u00e7\u00e3o Carnaval 2018 - Somos o caminho que te conecta ao que mais importa!\",\"isPartOf\":{\"@id\":\"https:\\\/\\\/www.spmar.com.br\\\/web\\\/#website\"},\"primaryImageOfPage\":{\"@id\":\"https:\\\/\\\/www.spmar.com.br\\\/web\\\/spmar-da-inicio-operacao-carnaval-2018\\\/#primaryimage\"},\"image\":{\"@id\":\"https:\\\/\\\/www.spmar.com.br\\\/web\\\/spmar-da-inicio-operacao-carnaval-2018\\\/#primaryimage\"},\"thumbnailUrl\":\"https:\\\/\\\/www.spmar.com.br\\\/web\\\/wp-content\\\/uploads\\\/2018\\\/01\\\/feriado-prolongado.jpg\",\"datePublished\":\"2018-02-08T11:32:19+00:00\",\"breadcrumb\":{\"@id\":\"https:\\\/\\\/www.spmar.com.br\\\/web\\\/spmar-da-inicio-operacao-carnaval-2018\\\/#breadcrumb\"},\"inLanguage\":\"pt-BR\",\"potentialAction\":[{\"@type\":\"ReadAction\",\"target\":[\"https:\\\/\\\/www.spmar.com.br\\\/web\\\/spmar-da-inicio-operacao-carnaval-2018\\\/\"]}]},{\"@type\":\"ImageObject\",\"inLanguage\":\"pt-BR\",\"@id\":\"https:\\\/\\\/www.spmar.com.br\\\/web\\\/spmar-da-inicio-operacao-carnaval-2018\\\/#primaryimage\",\"url\":\"https:\\\/\\\/www.spmar.com.br\\\/web\\\/wp-content\\\/uploads\\\/2018\\\/01\\\/feriado-prolongado.jpg\",\"contentUrl\":\"https:\\\/\\\/www.spmar.com.br\\\/web\\\/wp-content\\\/uploads\\\/2018\\\/01\\\/feriado-prolongado.jpg\",\"width\":440,\"height\":330},{\"@type\":\"BreadcrumbList\",\"@id\":\"https:\\\/\\\/www.spmar.com.br\\\/web\\\/spmar-da-inicio-operacao-carnaval-2018\\\/#breadcrumb\",\"itemListElement\":[{\"@type\":\"ListItem\",\"position\":1,\"name\":\"Home\",\"item\":\"https:\\\/\\\/www.spmar.com.br\\\/web\\\/\"},{\"@type\":\"ListItem\",\"position\":2,\"name\":\"SPMAR d\u00e1 in\u00edcio a Opera\u00e7\u00e3o Carnaval 2018\"}]},{\"@type\":\"WebSite\",\"@id\":\"https:\\\/\\\/www.spmar.com.br\\\/web\\\/#website\",\"url\":\"https:\\\/\\\/www.spmar.com.br\\\/web\\\/\",\"name\":\"SPMAR\",\"description\":\"A Concession\u00e1ria SPMAR atua na administra\u00e7\u00e3o dos Trechos Sul e Leste do Rodoanel Mario Covas e, com isso,\u00e9 respons\u00e1vel pela gest\u00e3o de 76% do Rodoanel Metropolitano de S\u00e3o Paulo em opera\u00e7\u00e3o.\",\"publisher\":{\"@id\":\"https:\\\/\\\/www.spmar.com.br\\\/web\\\/#organization\"},\"potentialAction\":[{\"@type\":\"SearchAction\",\"target\":{\"@type\":\"EntryPoint\",\"urlTemplate\":\"https:\\\/\\\/www.spmar.com.br\\\/web\\\/?s={search_term_string}\"},\"query-input\":{\"@type\":\"PropertyValueSpecification\",\"valueRequired\":true,\"valueName\":\"search_term_string\"}}],\"inLanguage\":\"pt-BR\"},{\"@type\":\"Organization\",\"@id\":\"https:\\\/\\\/www.spmar.com.br\\\/web\\\/#organization\",\"name\":\"Concession\u00e1ria SPMAR\",\"url\":\"https:\\\/\\\/www.spmar.com.br\\\/web\\\/\",\"logo\":{\"@type\":\"ImageObject\",\"inLanguage\":\"pt-BR\",\"@id\":\"https:\\\/\\\/www.spmar.com.br\\\/web\\\/#\\\/schema\\\/logo\\\/image\\\/\",\"url\":\"https:\\\/\\\/www.spmar.com.br\\\/web\\\/wp-content\\\/uploads\\\/2017\\\/11\\\/logo_H.jpg\",\"contentUrl\":\"https:\\\/\\\/www.spmar.com.br\\\/web\\\/wp-content\\\/uploads\\\/2017\\\/11\\\/logo_H.jpg\",\"width\":448,\"height\":97,\"caption\":\"Concession\u00e1ria SPMAR\"},\"image\":{\"@id\":\"https:\\\/\\\/www.spmar.com.br\\\/web\\\/#\\\/schema\\\/logo\\\/image\\\/\"},\"sameAs\":[\"https:\\\/\\\/www.facebook.com\\\/spmar.rodoanel\",\"https:\\\/\\\/www.linkedin.com\\\/company\\\/spmarbr\\\/\",\"https:\\\/\\\/www.instagram.com\\\/spmarbr\\\/\"]},{\"@type\":\"Person\",\"@id\":\"https:\\\/\\\/www.spmar.com.br\\\/web\\\/#\\\/schema\\\/person\\\/d197690c6bf9c79240a515310e6233b7\",\"name\":\"uid_@spmar\",\"image\":{\"@type\":\"ImageObject\",\"inLanguage\":\"pt-BR\",\"@id\":\"https:\\\/\\\/www.spmar.com.br\\\/web\\\/wp-content\\\/litespeed\\\/avatar\\\/1d9f8aa10c469a2a6a9fbe6d3ba9a648.jpg?ver=1777045609\",\"url\":\"https:\\\/\\\/www.spmar.com.br\\\/web\\\/wp-content\\\/litespeed\\\/avatar\\\/1d9f8aa10c469a2a6a9fbe6d3ba9a648.jpg?ver=1777045609\",\"contentUrl\":\"https:\\\/\\\/www.spmar.com.br\\\/web\\\/wp-content\\\/litespeed\\\/avatar\\\/1d9f8aa10c469a2a6a9fbe6d3ba9a648.jpg?ver=1777045609\",\"caption\":\"uid_@spmar\"},\"url\":\"https:\\\/\\\/www.spmar.com.br\\\/web\\\/author\\\/uid_spmar\\\/\"}]}<\/script>\n<!-- \/ Yoast SEO plugin. -->","yoast_head_json":{"title":"SPMAR d\u00e1 in\u00edcio a Opera\u00e7\u00e3o Carnaval 2018 - Somos o caminho que te conecta ao que mais importa!","robots":{"index":"index","follow":"follow","max-snippet":"max-snippet:-1","max-image-preview":"max-image-preview:large","max-video-preview":"max-video-preview:-1"},"canonical":"https:\/\/www.spmar.com.br\/web\/spmar-da-inicio-operacao-carnaval-2018\/","og_locale":"pt_BR","og_type":"article","og_title":"SPMAR d\u00e1 in\u00edcio a Opera\u00e7\u00e3o Carnaval 2018 - Somos o caminho que te conecta ao que mais importa!","og_description":"A Concession\u00e1ria SPMAR inicia amanh\u00e3, dia 09 de fevereiro, a Opera\u00e7\u00e3o Carnaval 2018 nos Trechos Sul e Leste do Rodoanel Mario Covas. Cerca de 845 mil ve\u00edculos dever\u00e3o passar pelos dois trechos nos seis dias de opera\u00e7\u00e3o, que se estender\u00e1 at\u00e9 o dia 14 de fevereiro de 2018. \u201c\u00c9 sempre importante refor\u00e7ar aos usu\u00e1rios que [&hellip;]","og_url":"https:\/\/www.spmar.com.br\/web\/spmar-da-inicio-operacao-carnaval-2018\/","og_site_name":"Somos o caminho que te conecta ao que mais importa!","article_publisher":"https:\/\/www.facebook.com\/spmar.rodoanel","article_published_time":"2018-02-08T11:32:19+00:00","og_image":[{"width":440,"height":330,"url":"https:\/\/www.spmar.com.br\/web\/wp-content\/uploads\/2018\/01\/feriado-prolongado.jpg","type":"image\/jpeg"}],"author":"uid_@spmar","twitter_card":"summary_large_image","twitter_misc":{"Escrito por":"uid_@spmar","Est. tempo de leitura":"2 minutos"},"schema":{"@context":"https:\/\/schema.org","@graph":[{"@type":"Article","@id":"https:\/\/www.spmar.com.br\/web\/spmar-da-inicio-operacao-carnaval-2018\/#article","isPartOf":{"@id":"https:\/\/www.spmar.com.br\/web\/spmar-da-inicio-operacao-carnaval-2018\/"},"author":{"name":"uid_@spmar","@id":"https:\/\/www.spmar.com.br\/web\/#\/schema\/person\/d197690c6bf9c79240a515310e6233b7"},"headline":"SPMAR d\u00e1 in\u00edcio a Opera\u00e7\u00e3o Carnaval 2018","datePublished":"2018-02-08T11:32:19+00:00","mainEntityOfPage":{"@id":"https:\/\/www.spmar.com.br\/web\/spmar-da-inicio-operacao-carnaval-2018\/"},"wordCount":507,"commentCount":0,"publisher":{"@id":"https:\/\/www.spmar.com.br\/web\/#organization"},"image":{"@id":"https:\/\/www.spmar.com.br\/web\/spmar-da-inicio-operacao-carnaval-2018\/#primaryimage"},"thumbnailUrl":"https:\/\/www.spmar.com.br\/web\/wp-content\/uploads\/2018\/01\/feriado-prolongado.jpg","inLanguage":"pt-BR","potentialAction":[{"@type":"CommentAction","name":"Comment","target":["https:\/\/www.spmar.com.br\/web\/spmar-da-inicio-operacao-carnaval-2018\/#respond"]}]},{"@type":"WebPage","@id":"https:\/\/www.spmar.com.br\/web\/spmar-da-inicio-operacao-carnaval-2018\/","url":"https:\/\/www.spmar.com.br\/web\/spmar-da-inicio-operacao-carnaval-2018\/","name":"SPMAR d\u00e1 in\u00edcio a Opera\u00e7\u00e3o Carnaval 2018 - Somos o caminho que te conecta ao que mais importa!","isPartOf":{"@id":"https:\/\/www.spmar.com.br\/web\/#website"},"primaryImageOfPage":{"@id":"https:\/\/www.spmar.com.br\/web\/spmar-da-inicio-operacao-carnaval-2018\/#primaryimage"},"image":{"@id":"https:\/\/www.spmar.com.br\/web\/spmar-da-inicio-operacao-carnaval-2018\/#primaryimage"},"thumbnailUrl":"https:\/\/www.spmar.com.br\/web\/wp-content\/uploads\/2018\/01\/feriado-prolongado.jpg","datePublished":"2018-02-08T11:32:19+00:00","breadcrumb":{"@id":"https:\/\/www.spmar.com.br\/web\/spmar-da-inicio-operacao-carnaval-2018\/#breadcrumb"},"inLanguage":"pt-BR","potentialAction":[{"@type":"ReadAction","target":["https:\/\/www.spmar.com.br\/web\/spmar-da-inicio-operacao-carnaval-2018\/"]}]},{"@type":"ImageObject","inLanguage":"pt-BR","@id":"https:\/\/www.spmar.com.br\/web\/spmar-da-inicio-operacao-carnaval-2018\/#primaryimage","url":"https:\/\/www.spmar.com.br\/web\/wp-content\/uploads\/2018\/01\/feriado-prolongado.jpg","contentUrl":"https:\/\/www.spmar.com.br\/web\/wp-content\/uploads\/2018\/01\/feriado-prolongado.jpg","width":440,"height":330},{"@type":"BreadcrumbList","@id":"https:\/\/www.spmar.com.br\/web\/spmar-da-inicio-operacao-carnaval-2018\/#breadcrumb","itemListElement":[{"@type":"ListItem","position":1,"name":"Home","item":"https:\/\/www.spmar.com.br\/web\/"},{"@type":"ListItem","position":2,"name":"SPMAR d\u00e1 in\u00edcio a Opera\u00e7\u00e3o Carnaval 2018"}]},{"@type":"WebSite","@id":"https:\/\/www.spmar.com.br\/web\/#website","url":"https:\/\/www.spmar.com.br\/web\/","name":"SPMAR","description":"A Concession\u00e1ria SPMAR atua na administra\u00e7\u00e3o dos Trechos Sul e Leste do Rodoanel Mario Covas e, com isso,\u00e9 respons\u00e1vel pela gest\u00e3o de 76% do Rodoanel Metropolitano de S\u00e3o Paulo em opera\u00e7\u00e3o.","publisher":{"@id":"https:\/\/www.spmar.com.br\/web\/#organization"},"potentialAction":[{"@type":"SearchAction","target":{"@type":"EntryPoint","urlTemplate":"https:\/\/www.spmar.com.br\/web\/?s={search_term_string}"},"query-input":{"@type":"PropertyValueSpecification","valueRequired":true,"valueName":"search_term_string"}}],"inLanguage":"pt-BR"},{"@type":"Organization","@id":"https:\/\/www.spmar.com.br\/web\/#organization","name":"Concession\u00e1ria SPMAR","url":"https:\/\/www.spmar.com.br\/web\/","logo":{"@type":"ImageObject","inLanguage":"pt-BR","@id":"https:\/\/www.spmar.com.br\/web\/#\/schema\/logo\/image\/","url":"https:\/\/www.spmar.com.br\/web\/wp-content\/uploads\/2017\/11\/logo_H.jpg","contentUrl":"https:\/\/www.spmar.com.br\/web\/wp-content\/uploads\/2017\/11\/logo_H.jpg","width":448,"height":97,"caption":"Concession\u00e1ria SPMAR"},"image":{"@id":"https:\/\/www.spmar.com.br\/web\/#\/schema\/logo\/image\/"},"sameAs":["https:\/\/www.facebook.com\/spmar.rodoanel","https:\/\/www.linkedin.com\/company\/spmarbr\/","https:\/\/www.instagram.com\/spmarbr\/"]},{"@type":"Person","@id":"https:\/\/www.spmar.com.br\/web\/#\/schema\/person\/d197690c6bf9c79240a515310e6233b7","name":"uid_@spmar","image":{"@type":"ImageObject","inLanguage":"pt-BR","@id":"https:\/\/www.spmar.com.br\/web\/wp-content\/litespeed\/avatar\/1d9f8aa10c469a2a6a9fbe6d3ba9a648.jpg?ver=1777045609","url":"https:\/\/www.spmar.com.br\/web\/wp-content\/litespeed\/avatar\/1d9f8aa10c469a2a6a9fbe6d3ba9a648.jpg?ver=1777045609","contentUrl":"https:\/\/www.spmar.com.br\/web\/wp-content\/litespeed\/avatar\/1d9f8aa10c469a2a6a9fbe6d3ba9a648.jpg?ver=1777045609","caption":"uid_@spmar"},"url":"https:\/\/www.spmar.com.br\/web\/author\/uid_spmar\/"}]}},"jetpack_featured_media_url":"https:\/\/www.spmar.com.br\/web\/wp-content\/uploads\/2018\/01\/feriado-prolongado.jpg","jetpack_sharing_enabled":true,"_links":{"self":[{"href":"https:\/\/www.spmar.com.br\/web\/wp-json\/wp\/v2\/posts\/873","targetHints":{"allow":["GET"]}}],"collection":[{"href":"https:\/\/www.spmar.com.br\/web\/wp-json\/wp\/v2\/posts"}],"about":[{"href":"https:\/\/www.spmar.com.br\/web\/wp-json\/wp\/v2\/types\/post"}],"author":[{"embeddable":true,"href":"https:\/\/www.spmar.com.br\/web\/wp-json\/wp\/v2\/users\/1"}],"replies":[{"embeddable":true,"href":"https:\/\/www.spmar.com.br\/web\/wp-json\/wp\/v2\/comments?post=873"}],"version-history":[{"count":2,"href":"https:\/\/www.spmar.com.br\/web\/wp-json\/wp\/v2\/posts\/873\/revisions"}],"predecessor-version":[{"id":876,"href":"https:\/\/www.spmar.com.br\/web\/wp-json\/wp\/v2\/posts\/873\/revisions\/876"}],"wp:featuredmedia":[{"embeddable":true,"href":"https:\/\/www.spmar.com.br\/web\/wp-json\/wp\/v2\/media\/834"}],"wp:attachment":[{"href":"https:\/\/www.spmar.com.br\/web\/wp-json\/wp\/v2\/media?parent=873"}],"wp:term":[{"taxonomy":"category","embeddable":true,"href":"https:\/\/www.spmar.com.br\/web\/wp-json\/wp\/v2\/categories?post=873"},{"taxonomy":"post_tag","embeddable":true,"href":"https:\/\/www.spmar.com.br\/web\/wp-json\/wp\/v2\/tags?post=873"}],"curies":[{"name":"wp","href":"https:\/\/api.w.org\/{rel}","templated":true}]}}