{"id":827,"date":"2018-01-23T10:38:40","date_gmt":"2018-01-23T12:38:40","guid":{"rendered":"https:\/\/www.spmar.com.br\/web\/?p=827"},"modified":"2018-01-23T11:53:38","modified_gmt":"2018-01-23T13:53:38","slug":"cerca-de-600-mil-veiculos-deverao-utilizar-o-rodoanel-durante-o-feriado-de-aniversario-da-cidade-de-sao-paulo","status":"publish","type":"post","link":"https:\/\/www.spmar.com.br\/web\/cerca-de-600-mil-veiculos-deverao-utilizar-o-rodoanel-durante-o-feriado-de-aniversario-da-cidade-de-sao-paulo\/","title":{"rendered":"Cerca de 600 mil ve\u00edculos dever\u00e3o utilizar o Rodoanel durante o feriado de anivers\u00e1rio da cidade de S\u00e3o Paulo"},"content":{"rendered":"<p>A Concession\u00e1ria SPMAR, respons\u00e1vel pela administra\u00e7\u00e3o dos trechos Sul e Leste do Rodoanel Mario Covas, estima a passagem de cerca de 600 mil ve\u00edculos durante o feriado prolongado de anivers\u00e1rio da cidade de S\u00e3o Paulo, entre os dias 24 e 28\/01.\u00a0No total, a previs\u00e3o \u00e9 que 460 mil ve\u00edculos circulem pelo Trecho Sul e 140 mil pelo Trecho Leste.<\/p>\n<p><strong>Melhores hor\u00e1rios para viajar: <\/strong><\/p>\n<p><img fetchpriority=\"high\" decoding=\"async\" class=\"alignnone wp-image-831 \" src=\"https:\/\/www.spmar.com.br\/web\/wp-content\/uploads\/2018\/01\/Releasehorarios.jpg\" alt=\"\" width=\"648\" height=\"317\" srcset=\"https:\/\/www.spmar.com.br\/web\/wp-content\/uploads\/2018\/01\/Releasehorarios.jpg 1772w, https:\/\/www.spmar.com.br\/web\/wp-content\/uploads\/2018\/01\/Releasehorarios-300x147.jpg 300w, https:\/\/www.spmar.com.br\/web\/wp-content\/uploads\/2018\/01\/Releasehorarios-768x375.jpg 768w, https:\/\/www.spmar.com.br\/web\/wp-content\/uploads\/2018\/01\/Releasehorarios-1024x500.jpg 1024w, https:\/\/www.spmar.com.br\/web\/wp-content\/uploads\/2018\/01\/Releasehorarios-211x103.jpg 211w\" sizes=\"(max-width: 648px) 100vw, 648px\" \/><\/p>\n<p><strong>Atendimento ao Motorista<\/strong><\/p>\n<p>O motorista que tiver alguma d\u00favida ou precisar de atendimento na via pode entrar em contato com a SPMAR pelo telefone 0800 774 88 77 ou por meio dos 192 telefones de emerg\u00eancias situados a cada quil\u00f4metro da rodovia. Estes servi\u00e7os s\u00e3o gratuitos e com funcionamento ininterrupto. Os usu\u00e1rios do Rodoanel tamb\u00e9m contam com quatro unidades do SAU (Servi\u00e7o de Atendimento ao Usu\u00e1rio), localizados nos quil\u00f4metros 41, 68, 102 e 121 para fazer uma pausa em sua viagem ou solicitar algum tipo de informa\u00e7\u00e3o ou atendimento. Os locais est\u00e3o equipados com banheiros, frald\u00e1rios e sala de espera com caf\u00e9 e \u00e1gua.<\/p>\n<p><strong>Mapa do Rodoanel e acesso aos SAUs<\/strong><\/p>\n<p><img decoding=\"async\" class=\"alignnone wp-image-164 \" src=\"https:\/\/www.spmar.com.br\/web\/wp-content\/uploads\/2017\/08\/mapa-1024x818.jpg\" alt=\"\" width=\"557\" height=\"445\" srcset=\"https:\/\/www.spmar.com.br\/web\/wp-content\/uploads\/2017\/08\/mapa-1024x818.jpg 1024w, https:\/\/www.spmar.com.br\/web\/wp-content\/uploads\/2017\/08\/mapa-300x240.jpg 300w, https:\/\/www.spmar.com.br\/web\/wp-content\/uploads\/2017\/08\/mapa-768x613.jpg 768w, https:\/\/www.spmar.com.br\/web\/wp-content\/uploads\/2017\/08\/mapa.jpg 1182w\" sizes=\"(max-width: 557px) 100vw, 557px\" \/><\/p>\n","protected":false},"excerpt":{"rendered":"<p>A Concession\u00e1ria SPMAR, respons\u00e1vel pela administra\u00e7\u00e3o dos trechos Sul e Leste do Rodoanel Mario Covas, estima a passagem de cerca de 600 mil ve\u00edculos durante o feriado prolongado de anivers\u00e1rio da cidade de S\u00e3o Paulo, entre os dias 24 e 28\/01.\u00a0No total, a previs\u00e3o \u00e9 que 460 mil ve\u00edculos circulem pelo Trecho Sul e 140 [&hellip;]<\/p>\n","protected":false},"author":1,"featured_media":834,"comment_status":"open","ping_status":"open","sticky":false,"template":"","format":"standard","meta":{"_acf_changed":false,"inline_featured_image":false,"_jetpack_memberships_contains_paid_content":false,"footnotes":""},"categories":[1],"tags":[24],"class_list":["post-827","post","type-post","status-publish","format-standard","has-post-thumbnail","hentry","category-sem-categoria","tag-spmar-feriado-saopaulo-aniversario-viajar-viagem-veiculos"],"acf":[],"yoast_head":"<!-- This site is optimized with the Yoast SEO plugin v27.4 - https:\/\/yoast.com\/product\/yoast-seo-wordpress\/ -->\n<title>Cerca de 600 mil ve\u00edculos dever\u00e3o utilizar o Rodoanel durante o feriado de anivers\u00e1rio da cidade de S\u00e3o Paulo - Somos o caminho que te conecta ao que mais importa!<\/title>\n<meta name=\"robots\" content=\"index, follow, max-snippet:-1, max-image-preview:large, max-video-preview:-1\" \/>\n<link rel=\"canonical\" href=\"https:\/\/www.spmar.com.br\/web\/cerca-de-600-mil-veiculos-deverao-utilizar-o-rodoanel-durante-o-feriado-de-aniversario-da-cidade-de-sao-paulo\/\" \/>\n<meta property=\"og:locale\" content=\"pt_BR\" \/>\n<meta property=\"og:type\" content=\"article\" \/>\n<meta property=\"og:title\" content=\"Cerca de 600 mil ve\u00edculos dever\u00e3o utilizar o Rodoanel durante o feriado de anivers\u00e1rio da cidade de S\u00e3o Paulo - Somos o caminho que te conecta ao que mais importa!\" \/>\n<meta property=\"og:description\" content=\"A Concession\u00e1ria SPMAR, respons\u00e1vel pela administra\u00e7\u00e3o dos trechos Sul e Leste do Rodoanel Mario Covas, estima a passagem de cerca de 600 mil ve\u00edculos durante o feriado prolongado de anivers\u00e1rio da cidade de S\u00e3o Paulo, entre os dias 24 e 28\/01.\u00a0No total, a previs\u00e3o \u00e9 que 460 mil ve\u00edculos circulem pelo Trecho Sul e 140 [&hellip;]\" \/>\n<meta property=\"og:url\" content=\"https:\/\/www.spmar.com.br\/web\/cerca-de-600-mil-veiculos-deverao-utilizar-o-rodoanel-durante-o-feriado-de-aniversario-da-cidade-de-sao-paulo\/\" \/>\n<meta property=\"og:site_name\" content=\"Somos o caminho que te conecta ao que mais importa!\" \/>\n<meta property=\"article:publisher\" content=\"https:\/\/www.facebook.com\/spmar.rodoanel\" \/>\n<meta property=\"article:published_time\" content=\"2018-01-23T12:38:40+00:00\" \/>\n<meta property=\"article:modified_time\" content=\"2018-01-23T13:53:38+00:00\" \/>\n<meta property=\"og:image\" content=\"https:\/\/www.spmar.com.br\/web\/wp-content\/uploads\/2018\/01\/feriado-prolongado.jpg\" \/>\n\t<meta property=\"og:image:width\" content=\"440\" \/>\n\t<meta property=\"og:image:height\" content=\"330\" \/>\n\t<meta property=\"og:image:type\" content=\"image\/jpeg\" \/>\n<meta name=\"author\" content=\"uid_@spmar\" \/>\n<meta name=\"twitter:card\" content=\"summary_large_image\" \/>\n<meta name=\"twitter:label1\" content=\"Escrito por\" \/>\n\t<meta name=\"twitter:data1\" content=\"uid_@spmar\" \/>\n\t<meta name=\"twitter:label2\" content=\"Est. tempo de leitura\" \/>\n\t<meta name=\"twitter:data2\" content=\"1 minuto\" \/>\n<script type=\"application\/ld+json\" class=\"yoast-schema-graph\">{\"@context\":\"https:\\\/\\\/schema.org\",\"@graph\":[{\"@type\":\"Article\",\"@id\":\"https:\\\/\\\/www.spmar.com.br\\\/web\\\/cerca-de-600-mil-veiculos-deverao-utilizar-o-rodoanel-durante-o-feriado-de-aniversario-da-cidade-de-sao-paulo\\\/#article\",\"isPartOf\":{\"@id\":\"https:\\\/\\\/www.spmar.com.br\\\/web\\\/cerca-de-600-mil-veiculos-deverao-utilizar-o-rodoanel-durante-o-feriado-de-aniversario-da-cidade-de-sao-paulo\\\/\"},\"author\":{\"name\":\"uid_@spmar\",\"@id\":\"https:\\\/\\\/www.spmar.com.br\\\/web\\\/#\\\/schema\\\/person\\\/d197690c6bf9c79240a515310e6233b7\"},\"headline\":\"Cerca de 600 mil ve\u00edculos dever\u00e3o utilizar o Rodoanel durante o feriado de anivers\u00e1rio da cidade de S\u00e3o Paulo\",\"datePublished\":\"2018-01-23T12:38:40+00:00\",\"dateModified\":\"2018-01-23T13:53:38+00:00\",\"mainEntityOfPage\":{\"@id\":\"https:\\\/\\\/www.spmar.com.br\\\/web\\\/cerca-de-600-mil-veiculos-deverao-utilizar-o-rodoanel-durante-o-feriado-de-aniversario-da-cidade-de-sao-paulo\\\/\"},\"wordCount\":204,\"commentCount\":0,\"publisher\":{\"@id\":\"https:\\\/\\\/www.spmar.com.br\\\/web\\\/#organization\"},\"image\":{\"@id\":\"https:\\\/\\\/www.spmar.com.br\\\/web\\\/cerca-de-600-mil-veiculos-deverao-utilizar-o-rodoanel-durante-o-feriado-de-aniversario-da-cidade-de-sao-paulo\\\/#primaryimage\"},\"thumbnailUrl\":\"https:\\\/\\\/www.spmar.com.br\\\/web\\\/wp-content\\\/uploads\\\/2018\\\/01\\\/feriado-prolongado.jpg\",\"keywords\":[\"spmar; feriado; saopaulo; anivers\u00e1rio; viajar; viagem; veiculos\"],\"inLanguage\":\"pt-BR\",\"potentialAction\":[{\"@type\":\"CommentAction\",\"name\":\"Comment\",\"target\":[\"https:\\\/\\\/www.spmar.com.br\\\/web\\\/cerca-de-600-mil-veiculos-deverao-utilizar-o-rodoanel-durante-o-feriado-de-aniversario-da-cidade-de-sao-paulo\\\/#respond\"]}]},{\"@type\":\"WebPage\",\"@id\":\"https:\\\/\\\/www.spmar.com.br\\\/web\\\/cerca-de-600-mil-veiculos-deverao-utilizar-o-rodoanel-durante-o-feriado-de-aniversario-da-cidade-de-sao-paulo\\\/\",\"url\":\"https:\\\/\\\/www.spmar.com.br\\\/web\\\/cerca-de-600-mil-veiculos-deverao-utilizar-o-rodoanel-durante-o-feriado-de-aniversario-da-cidade-de-sao-paulo\\\/\",\"name\":\"Cerca de 600 mil ve\u00edculos dever\u00e3o utilizar o Rodoanel durante o feriado de anivers\u00e1rio da cidade de S\u00e3o Paulo - Somos o caminho que te conecta ao que mais importa!\",\"isPartOf\":{\"@id\":\"https:\\\/\\\/www.spmar.com.br\\\/web\\\/#website\"},\"primaryImageOfPage\":{\"@id\":\"https:\\\/\\\/www.spmar.com.br\\\/web\\\/cerca-de-600-mil-veiculos-deverao-utilizar-o-rodoanel-durante-o-feriado-de-aniversario-da-cidade-de-sao-paulo\\\/#primaryimage\"},\"image\":{\"@id\":\"https:\\\/\\\/www.spmar.com.br\\\/web\\\/cerca-de-600-mil-veiculos-deverao-utilizar-o-rodoanel-durante-o-feriado-de-aniversario-da-cidade-de-sao-paulo\\\/#primaryimage\"},\"thumbnailUrl\":\"https:\\\/\\\/www.spmar.com.br\\\/web\\\/wp-content\\\/uploads\\\/2018\\\/01\\\/feriado-prolongado.jpg\",\"datePublished\":\"2018-01-23T12:38:40+00:00\",\"dateModified\":\"2018-01-23T13:53:38+00:00\",\"breadcrumb\":{\"@id\":\"https:\\\/\\\/www.spmar.com.br\\\/web\\\/cerca-de-600-mil-veiculos-deverao-utilizar-o-rodoanel-durante-o-feriado-de-aniversario-da-cidade-de-sao-paulo\\\/#breadcrumb\"},\"inLanguage\":\"pt-BR\",\"potentialAction\":[{\"@type\":\"ReadAction\",\"target\":[\"https:\\\/\\\/www.spmar.com.br\\\/web\\\/cerca-de-600-mil-veiculos-deverao-utilizar-o-rodoanel-durante-o-feriado-de-aniversario-da-cidade-de-sao-paulo\\\/\"]}]},{\"@type\":\"ImageObject\",\"inLanguage\":\"pt-BR\",\"@id\":\"https:\\\/\\\/www.spmar.com.br\\\/web\\\/cerca-de-600-mil-veiculos-deverao-utilizar-o-rodoanel-durante-o-feriado-de-aniversario-da-cidade-de-sao-paulo\\\/#primaryimage\",\"url\":\"https:\\\/\\\/www.spmar.com.br\\\/web\\\/wp-content\\\/uploads\\\/2018\\\/01\\\/feriado-prolongado.jpg\",\"contentUrl\":\"https:\\\/\\\/www.spmar.com.br\\\/web\\\/wp-content\\\/uploads\\\/2018\\\/01\\\/feriado-prolongado.jpg\",\"width\":440,\"height\":330},{\"@type\":\"BreadcrumbList\",\"@id\":\"https:\\\/\\\/www.spmar.com.br\\\/web\\\/cerca-de-600-mil-veiculos-deverao-utilizar-o-rodoanel-durante-o-feriado-de-aniversario-da-cidade-de-sao-paulo\\\/#breadcrumb\",\"itemListElement\":[{\"@type\":\"ListItem\",\"position\":1,\"name\":\"Home\",\"item\":\"https:\\\/\\\/www.spmar.com.br\\\/web\\\/\"},{\"@type\":\"ListItem\",\"position\":2,\"name\":\"Cerca de 600 mil ve\u00edculos dever\u00e3o utilizar o Rodoanel durante o feriado de anivers\u00e1rio da cidade de S\u00e3o Paulo\"}]},{\"@type\":\"WebSite\",\"@id\":\"https:\\\/\\\/www.spmar.com.br\\\/web\\\/#website\",\"url\":\"https:\\\/\\\/www.spmar.com.br\\\/web\\\/\",\"name\":\"SPMAR\",\"description\":\"A Concession\u00e1ria SPMAR atua na administra\u00e7\u00e3o dos Trechos Sul e Leste do Rodoanel Mario Covas e, com isso,\u00e9 respons\u00e1vel pela gest\u00e3o de 76% do Rodoanel Metropolitano de S\u00e3o Paulo em opera\u00e7\u00e3o.\",\"publisher\":{\"@id\":\"https:\\\/\\\/www.spmar.com.br\\\/web\\\/#organization\"},\"potentialAction\":[{\"@type\":\"SearchAction\",\"target\":{\"@type\":\"EntryPoint\",\"urlTemplate\":\"https:\\\/\\\/www.spmar.com.br\\\/web\\\/?s={search_term_string}\"},\"query-input\":{\"@type\":\"PropertyValueSpecification\",\"valueRequired\":true,\"valueName\":\"search_term_string\"}}],\"inLanguage\":\"pt-BR\"},{\"@type\":\"Organization\",\"@id\":\"https:\\\/\\\/www.spmar.com.br\\\/web\\\/#organization\",\"name\":\"Concession\u00e1ria SPMAR\",\"url\":\"https:\\\/\\\/www.spmar.com.br\\\/web\\\/\",\"logo\":{\"@type\":\"ImageObject\",\"inLanguage\":\"pt-BR\",\"@id\":\"https:\\\/\\\/www.spmar.com.br\\\/web\\\/#\\\/schema\\\/logo\\\/image\\\/\",\"url\":\"https:\\\/\\\/www.spmar.com.br\\\/web\\\/wp-content\\\/uploads\\\/2017\\\/11\\\/logo_H.jpg\",\"contentUrl\":\"https:\\\/\\\/www.spmar.com.br\\\/web\\\/wp-content\\\/uploads\\\/2017\\\/11\\\/logo_H.jpg\",\"width\":448,\"height\":97,\"caption\":\"Concession\u00e1ria SPMAR\"},\"image\":{\"@id\":\"https:\\\/\\\/www.spmar.com.br\\\/web\\\/#\\\/schema\\\/logo\\\/image\\\/\"},\"sameAs\":[\"https:\\\/\\\/www.facebook.com\\\/spmar.rodoanel\",\"https:\\\/\\\/www.linkedin.com\\\/company\\\/spmarbr\\\/\",\"https:\\\/\\\/www.instagram.com\\\/spmarbr\\\/\"]},{\"@type\":\"Person\",\"@id\":\"https:\\\/\\\/www.spmar.com.br\\\/web\\\/#\\\/schema\\\/person\\\/d197690c6bf9c79240a515310e6233b7\",\"name\":\"uid_@spmar\",\"image\":{\"@type\":\"ImageObject\",\"inLanguage\":\"pt-BR\",\"@id\":\"https:\\\/\\\/www.spmar.com.br\\\/web\\\/wp-content\\\/litespeed\\\/avatar\\\/1d9f8aa10c469a2a6a9fbe6d3ba9a648.jpg?ver=1777045609\",\"url\":\"https:\\\/\\\/www.spmar.com.br\\\/web\\\/wp-content\\\/litespeed\\\/avatar\\\/1d9f8aa10c469a2a6a9fbe6d3ba9a648.jpg?ver=1777045609\",\"contentUrl\":\"https:\\\/\\\/www.spmar.com.br\\\/web\\\/wp-content\\\/litespeed\\\/avatar\\\/1d9f8aa10c469a2a6a9fbe6d3ba9a648.jpg?ver=1777045609\",\"caption\":\"uid_@spmar\"},\"url\":\"https:\\\/\\\/www.spmar.com.br\\\/web\\\/author\\\/uid_spmar\\\/\"}]}<\/script>\n<!-- \/ Yoast SEO plugin. -->","yoast_head_json":{"title":"Cerca de 600 mil ve\u00edculos dever\u00e3o utilizar o Rodoanel durante o feriado de anivers\u00e1rio da cidade de S\u00e3o Paulo - Somos o caminho que te conecta ao que mais importa!","robots":{"index":"index","follow":"follow","max-snippet":"max-snippet:-1","max-image-preview":"max-image-preview:large","max-video-preview":"max-video-preview:-1"},"canonical":"https:\/\/www.spmar.com.br\/web\/cerca-de-600-mil-veiculos-deverao-utilizar-o-rodoanel-durante-o-feriado-de-aniversario-da-cidade-de-sao-paulo\/","og_locale":"pt_BR","og_type":"article","og_title":"Cerca de 600 mil ve\u00edculos dever\u00e3o utilizar o Rodoanel durante o feriado de anivers\u00e1rio da cidade de S\u00e3o Paulo - Somos o caminho que te conecta ao que mais importa!","og_description":"A Concession\u00e1ria SPMAR, respons\u00e1vel pela administra\u00e7\u00e3o dos trechos Sul e Leste do Rodoanel Mario Covas, estima a passagem de cerca de 600 mil ve\u00edculos durante o feriado prolongado de anivers\u00e1rio da cidade de S\u00e3o Paulo, entre os dias 24 e 28\/01.\u00a0No total, a previs\u00e3o \u00e9 que 460 mil ve\u00edculos circulem pelo Trecho Sul e 140 [&hellip;]","og_url":"https:\/\/www.spmar.com.br\/web\/cerca-de-600-mil-veiculos-deverao-utilizar-o-rodoanel-durante-o-feriado-de-aniversario-da-cidade-de-sao-paulo\/","og_site_name":"Somos o caminho que te conecta ao que mais importa!","article_publisher":"https:\/\/www.facebook.com\/spmar.rodoanel","article_published_time":"2018-01-23T12:38:40+00:00","article_modified_time":"2018-01-23T13:53:38+00:00","og_image":[{"width":440,"height":330,"url":"https:\/\/www.spmar.com.br\/web\/wp-content\/uploads\/2018\/01\/feriado-prolongado.jpg","type":"image\/jpeg"}],"author":"uid_@spmar","twitter_card":"summary_large_image","twitter_misc":{"Escrito por":"uid_@spmar","Est. tempo de leitura":"1 minuto"},"schema":{"@context":"https:\/\/schema.org","@graph":[{"@type":"Article","@id":"https:\/\/www.spmar.com.br\/web\/cerca-de-600-mil-veiculos-deverao-utilizar-o-rodoanel-durante-o-feriado-de-aniversario-da-cidade-de-sao-paulo\/#article","isPartOf":{"@id":"https:\/\/www.spmar.com.br\/web\/cerca-de-600-mil-veiculos-deverao-utilizar-o-rodoanel-durante-o-feriado-de-aniversario-da-cidade-de-sao-paulo\/"},"author":{"name":"uid_@spmar","@id":"https:\/\/www.spmar.com.br\/web\/#\/schema\/person\/d197690c6bf9c79240a515310e6233b7"},"headline":"Cerca de 600 mil ve\u00edculos dever\u00e3o utilizar o Rodoanel durante o feriado de anivers\u00e1rio da cidade de S\u00e3o Paulo","datePublished":"2018-01-23T12:38:40+00:00","dateModified":"2018-01-23T13:53:38+00:00","mainEntityOfPage":{"@id":"https:\/\/www.spmar.com.br\/web\/cerca-de-600-mil-veiculos-deverao-utilizar-o-rodoanel-durante-o-feriado-de-aniversario-da-cidade-de-sao-paulo\/"},"wordCount":204,"commentCount":0,"publisher":{"@id":"https:\/\/www.spmar.com.br\/web\/#organization"},"image":{"@id":"https:\/\/www.spmar.com.br\/web\/cerca-de-600-mil-veiculos-deverao-utilizar-o-rodoanel-durante-o-feriado-de-aniversario-da-cidade-de-sao-paulo\/#primaryimage"},"thumbnailUrl":"https:\/\/www.spmar.com.br\/web\/wp-content\/uploads\/2018\/01\/feriado-prolongado.jpg","keywords":["spmar; feriado; saopaulo; anivers\u00e1rio; viajar; viagem; veiculos"],"inLanguage":"pt-BR","potentialAction":[{"@type":"CommentAction","name":"Comment","target":["https:\/\/www.spmar.com.br\/web\/cerca-de-600-mil-veiculos-deverao-utilizar-o-rodoanel-durante-o-feriado-de-aniversario-da-cidade-de-sao-paulo\/#respond"]}]},{"@type":"WebPage","@id":"https:\/\/www.spmar.com.br\/web\/cerca-de-600-mil-veiculos-deverao-utilizar-o-rodoanel-durante-o-feriado-de-aniversario-da-cidade-de-sao-paulo\/","url":"https:\/\/www.spmar.com.br\/web\/cerca-de-600-mil-veiculos-deverao-utilizar-o-rodoanel-durante-o-feriado-de-aniversario-da-cidade-de-sao-paulo\/","name":"Cerca de 600 mil ve\u00edculos dever\u00e3o utilizar o Rodoanel durante o feriado de anivers\u00e1rio da cidade de S\u00e3o Paulo - Somos o caminho que te conecta ao que mais importa!","isPartOf":{"@id":"https:\/\/www.spmar.com.br\/web\/#website"},"primaryImageOfPage":{"@id":"https:\/\/www.spmar.com.br\/web\/cerca-de-600-mil-veiculos-deverao-utilizar-o-rodoanel-durante-o-feriado-de-aniversario-da-cidade-de-sao-paulo\/#primaryimage"},"image":{"@id":"https:\/\/www.spmar.com.br\/web\/cerca-de-600-mil-veiculos-deverao-utilizar-o-rodoanel-durante-o-feriado-de-aniversario-da-cidade-de-sao-paulo\/#primaryimage"},"thumbnailUrl":"https:\/\/www.spmar.com.br\/web\/wp-content\/uploads\/2018\/01\/feriado-prolongado.jpg","datePublished":"2018-01-23T12:38:40+00:00","dateModified":"2018-01-23T13:53:38+00:00","breadcrumb":{"@id":"https:\/\/www.spmar.com.br\/web\/cerca-de-600-mil-veiculos-deverao-utilizar-o-rodoanel-durante-o-feriado-de-aniversario-da-cidade-de-sao-paulo\/#breadcrumb"},"inLanguage":"pt-BR","potentialAction":[{"@type":"ReadAction","target":["https:\/\/www.spmar.com.br\/web\/cerca-de-600-mil-veiculos-deverao-utilizar-o-rodoanel-durante-o-feriado-de-aniversario-da-cidade-de-sao-paulo\/"]}]},{"@type":"ImageObject","inLanguage":"pt-BR","@id":"https:\/\/www.spmar.com.br\/web\/cerca-de-600-mil-veiculos-deverao-utilizar-o-rodoanel-durante-o-feriado-de-aniversario-da-cidade-de-sao-paulo\/#primaryimage","url":"https:\/\/www.spmar.com.br\/web\/wp-content\/uploads\/2018\/01\/feriado-prolongado.jpg","contentUrl":"https:\/\/www.spmar.com.br\/web\/wp-content\/uploads\/2018\/01\/feriado-prolongado.jpg","width":440,"height":330},{"@type":"BreadcrumbList","@id":"https:\/\/www.spmar.com.br\/web\/cerca-de-600-mil-veiculos-deverao-utilizar-o-rodoanel-durante-o-feriado-de-aniversario-da-cidade-de-sao-paulo\/#breadcrumb","itemListElement":[{"@type":"ListItem","position":1,"name":"Home","item":"https:\/\/www.spmar.com.br\/web\/"},{"@type":"ListItem","position":2,"name":"Cerca de 600 mil ve\u00edculos dever\u00e3o utilizar o Rodoanel durante o feriado de anivers\u00e1rio da cidade de S\u00e3o Paulo"}]},{"@type":"WebSite","@id":"https:\/\/www.spmar.com.br\/web\/#website","url":"https:\/\/www.spmar.com.br\/web\/","name":"SPMAR","description":"A Concession\u00e1ria SPMAR atua na administra\u00e7\u00e3o dos Trechos Sul e Leste do Rodoanel Mario Covas e, com isso,\u00e9 respons\u00e1vel pela gest\u00e3o de 76% do Rodoanel Metropolitano de S\u00e3o Paulo em opera\u00e7\u00e3o.","publisher":{"@id":"https:\/\/www.spmar.com.br\/web\/#organization"},"potentialAction":[{"@type":"SearchAction","target":{"@type":"EntryPoint","urlTemplate":"https:\/\/www.spmar.com.br\/web\/?s={search_term_string}"},"query-input":{"@type":"PropertyValueSpecification","valueRequired":true,"valueName":"search_term_string"}}],"inLanguage":"pt-BR"},{"@type":"Organization","@id":"https:\/\/www.spmar.com.br\/web\/#organization","name":"Concession\u00e1ria SPMAR","url":"https:\/\/www.spmar.com.br\/web\/","logo":{"@type":"ImageObject","inLanguage":"pt-BR","@id":"https:\/\/www.spmar.com.br\/web\/#\/schema\/logo\/image\/","url":"https:\/\/www.spmar.com.br\/web\/wp-content\/uploads\/2017\/11\/logo_H.jpg","contentUrl":"https:\/\/www.spmar.com.br\/web\/wp-content\/uploads\/2017\/11\/logo_H.jpg","width":448,"height":97,"caption":"Concession\u00e1ria SPMAR"},"image":{"@id":"https:\/\/www.spmar.com.br\/web\/#\/schema\/logo\/image\/"},"sameAs":["https:\/\/www.facebook.com\/spmar.rodoanel","https:\/\/www.linkedin.com\/company\/spmarbr\/","https:\/\/www.instagram.com\/spmarbr\/"]},{"@type":"Person","@id":"https:\/\/www.spmar.com.br\/web\/#\/schema\/person\/d197690c6bf9c79240a515310e6233b7","name":"uid_@spmar","image":{"@type":"ImageObject","inLanguage":"pt-BR","@id":"https:\/\/www.spmar.com.br\/web\/wp-content\/litespeed\/avatar\/1d9f8aa10c469a2a6a9fbe6d3ba9a648.jpg?ver=1777045609","url":"https:\/\/www.spmar.com.br\/web\/wp-content\/litespeed\/avatar\/1d9f8aa10c469a2a6a9fbe6d3ba9a648.jpg?ver=1777045609","contentUrl":"https:\/\/www.spmar.com.br\/web\/wp-content\/litespeed\/avatar\/1d9f8aa10c469a2a6a9fbe6d3ba9a648.jpg?ver=1777045609","caption":"uid_@spmar"},"url":"https:\/\/www.spmar.com.br\/web\/author\/uid_spmar\/"}]}},"jetpack_featured_media_url":"https:\/\/www.spmar.com.br\/web\/wp-content\/uploads\/2018\/01\/feriado-prolongado.jpg","jetpack_sharing_enabled":true,"_links":{"self":[{"href":"https:\/\/www.spmar.com.br\/web\/wp-json\/wp\/v2\/posts\/827","targetHints":{"allow":["GET"]}}],"collection":[{"href":"https:\/\/www.spmar.com.br\/web\/wp-json\/wp\/v2\/posts"}],"about":[{"href":"https:\/\/www.spmar.com.br\/web\/wp-json\/wp\/v2\/types\/post"}],"author":[{"embeddable":true,"href":"https:\/\/www.spmar.com.br\/web\/wp-json\/wp\/v2\/users\/1"}],"replies":[{"embeddable":true,"href":"https:\/\/www.spmar.com.br\/web\/wp-json\/wp\/v2\/comments?post=827"}],"version-history":[{"count":7,"href":"https:\/\/www.spmar.com.br\/web\/wp-json\/wp\/v2\/posts\/827\/revisions"}],"predecessor-version":[{"id":840,"href":"https:\/\/www.spmar.com.br\/web\/wp-json\/wp\/v2\/posts\/827\/revisions\/840"}],"wp:featuredmedia":[{"embeddable":true,"href":"https:\/\/www.spmar.com.br\/web\/wp-json\/wp\/v2\/media\/834"}],"wp:attachment":[{"href":"https:\/\/www.spmar.com.br\/web\/wp-json\/wp\/v2\/media?parent=827"}],"wp:term":[{"taxonomy":"category","embeddable":true,"href":"https:\/\/www.spmar.com.br\/web\/wp-json\/wp\/v2\/categories?post=827"},{"taxonomy":"post_tag","embeddable":true,"href":"https:\/\/www.spmar.com.br\/web\/wp-json\/wp\/v2\/tags?post=827"}],"curies":[{"name":"wp","href":"https:\/\/api.w.org\/{rel}","templated":true}]}}