{"id":822,"date":"2018-01-23T08:59:37","date_gmt":"2018-01-23T10:59:37","guid":{"rendered":"https:\/\/www.spmar.com.br\/web\/?p=822"},"modified":"2018-01-23T11:05:54","modified_gmt":"2018-01-23T13:05:54","slug":"caes-resgatados-no-rodoanel-serao-doados-em-mega-feira-de-adocao-no-aniversario-da-cidade-de-sao-paulo","status":"publish","type":"post","link":"https:\/\/www.spmar.com.br\/web\/caes-resgatados-no-rodoanel-serao-doados-em-mega-feira-de-adocao-no-aniversario-da-cidade-de-sao-paulo\/","title":{"rendered":"C\u00e3es resgatados no Rodoanel ser\u00e3o doados em Mega feira de ado\u00e7\u00e3o no anivers\u00e1rio da cidade de S\u00e3o Paulo"},"content":{"rendered":"<p>No pr\u00f3ximo dia 25 de janeiro, anivers\u00e1rio da cidade de S\u00e3o Paulo \u00e9 um dia para se fazer novos amigos. E quem tiver interessado em um companheiro fiel, basta dar um pulo na loja PETZ do Ipiranga, onde a ONG de prote\u00e7\u00e3o animal C\u00c3O SEM DONO promove uma mega feira de ado\u00e7\u00e3o com apoio da Concession\u00e1ria SPMAR, respons\u00e1vel pelos Trechos Sul e Leste do Rodoanel Mario Covas e que ter\u00e1 a participa\u00e7\u00e3o de 40 c\u00e3es resgatados das ruas e estradas.<\/p>\n<p>Todos os animais colocados para ado\u00e7\u00e3o s\u00e3o castrados e vacinados. O evento acontecer\u00e1 das 10 \u00e0s 17 horas na Loja Petz do bairro do Ipiranga, localizada na Av. Presidente Tancredo Neves, 600, S\u00e3o Paulo.<\/p>\n<p>\u201cMuitos dos animais resgatados na rodovia s\u00e3o dom\u00e9sticos, parte deles abandonados diretamente por seus donos e outros atra\u00eddos pelo lixo e restos de comida que alguns motoristas jogam na rodovia\u201d, revela Marcos Fonseca, diretor de opera\u00e7\u00f5es da Concession\u00e1ria SPMAR.<\/p>\n<p>Abandonar um animal dom\u00e9stico na rodovia \u00e9 uma a\u00e7\u00e3o grav\u00edssima, onde se coloca em risco a vida do pr\u00f3prio animal e tamb\u00e9m dos outros motoristas. E para que casos como esses n\u00e3o virem estat\u00edsticas, as equipes da concession\u00e1ria SPMAR s\u00e3o treinadas para agir rapidamente, sempre que o Centro de Controle Operacional monitora um c\u00e3o abandonado, dessa forma consegue evitar acidentes, garantir a fluidez do tr\u00e1fego e preservar a vida dos motoristas.<\/p>\n<p>A Concession\u00e1ria SPMAR realiza periodicamente iniciativas de comunica\u00e7\u00e3o na rodovia, dentro das a\u00e7\u00f5es sociais previstas pelo Programa de Concess\u00e3o de Rodovias da ARTESP, com o objetivo de alertar os motoristas sobre os cuidados que devem tomar ao avistar um animal na pista, como diminuir a velocidade e comunicar imediatamente a Concession\u00e1ria pelo 0800 774 88 77 ou pelos telefones de emerg\u00eancia localizados a cada quil\u00f4metro da rodovia. Sendo importante que o motorista nunca buzine e jogue luz sobre o animal para n\u00e3o assust\u00e1-lo.<\/p>\n<p><strong>Ado\u00e7\u00e3o\u00a0<\/strong><\/p>\n<p>Para adotar \u00e9 preciso ser maior de 21 anos. A ONG n\u00e3o doa c\u00e3es para servirem de guarda ou viverem em empresas. Tamb\u00e9m n\u00e3o doa c\u00e3es para morar em s\u00edtios ou fazendas apenas sob cuidados de caseiros e funcion\u00e1rios.<br \/>\nNo ato da ado\u00e7\u00e3o o interessado tem que passar por uma entrevista e, ap\u00f3s aprova\u00e7\u00e3o, apresentar documentos originais como o RG e CPF al\u00e9m do comprovante de endere\u00e7o. O adotante dever\u00e1 assinar um termo se responsabilizando pelo animal por tempo indeterminado, ou seja, at\u00e9 o fim da vida.<\/p>\n<p>N\u00e3o h\u00e1 n\u00fameros oficiais, mas estima-se que na cidade de S\u00e3o Paulo, que faz 464 anos, pelo menos 1,5 milh\u00e3o de animais vivem em total abandono, frutos da in\u00e9rcia do poder p\u00fablico em promover campanhas de castra\u00e7\u00e3o.<\/p>\n<p><strong>Evento de Ado\u00e7\u00e3o da ONG C\u00c3O SEM DONO<\/strong><br \/>\n<strong>Data: 25 de janeiro, das 10h \u00e0s 17h. <\/strong><br \/>\n<strong>Local: Loja Petz do bairro do Ipiranga, localizada na Av. Presidente Tancredo Neves, 600, S\u00e3o Paulo.<\/strong><\/p>\n<p><img fetchpriority=\"high\" decoding=\"async\" class=\"alignnone wp-image-823 size-full\" src=\"https:\/\/www.spmar.com.br\/web\/wp-content\/uploads\/2018\/01\/Banner-25-01.jpeg\" alt=\"\" width=\"720\" height=\"960\" srcset=\"https:\/\/www.spmar.com.br\/web\/wp-content\/uploads\/2018\/01\/Banner-25-01.jpeg 720w, https:\/\/www.spmar.com.br\/web\/wp-content\/uploads\/2018\/01\/Banner-25-01-225x300.jpeg 225w, https:\/\/www.spmar.com.br\/web\/wp-content\/uploads\/2018\/01\/Banner-25-01-158x211.jpeg 158w\" sizes=\"(max-width: 720px) 100vw, 720px\" \/><\/p>\n","protected":false},"excerpt":{"rendered":"<p>No pr\u00f3ximo dia 25 de janeiro, anivers\u00e1rio da cidade de S\u00e3o Paulo \u00e9 um dia para se fazer novos amigos. E quem tiver interessado em um companheiro fiel, basta dar um pulo na loja PETZ do Ipiranga, onde a ONG de prote\u00e7\u00e3o animal C\u00c3O SEM DONO promove uma mega feira de ado\u00e7\u00e3o com apoio da [&hellip;]<\/p>\n","protected":false},"author":1,"featured_media":836,"comment_status":"open","ping_status":"open","sticky":false,"template":"","format":"standard","meta":{"_acf_changed":false,"inline_featured_image":false,"_jetpack_memberships_contains_paid_content":false,"footnotes":""},"categories":[1],"tags":[16,17,14,20,22,21,13,23,18,15,19],"class_list":["post-822","post","type-post","status-publish","format-standard","has-post-thumbnail","hentry","category-sem-categoria","tag-adocao","tag-animais","tag-aniversario","tag-artesp","tag-caes","tag-cao-sem-dono","tag-feriado","tag-petz","tag-rodoanel","tag-sao-paulo","tag-spmar"],"acf":[],"yoast_head":"<!-- This site is optimized with the Yoast SEO plugin v27.4 - https:\/\/yoast.com\/product\/yoast-seo-wordpress\/ -->\n<title>C\u00e3es resgatados no Rodoanel ser\u00e3o doados em Mega feira de ado\u00e7\u00e3o no anivers\u00e1rio da cidade de S\u00e3o Paulo - Somos o caminho que te conecta ao que mais importa!<\/title>\n<meta name=\"robots\" content=\"index, follow, max-snippet:-1, max-image-preview:large, max-video-preview:-1\" \/>\n<link rel=\"canonical\" href=\"https:\/\/www.spmar.com.br\/web\/caes-resgatados-no-rodoanel-serao-doados-em-mega-feira-de-adocao-no-aniversario-da-cidade-de-sao-paulo\/\" \/>\n<meta property=\"og:locale\" content=\"pt_BR\" \/>\n<meta property=\"og:type\" content=\"article\" \/>\n<meta property=\"og:title\" content=\"C\u00e3es resgatados no Rodoanel ser\u00e3o doados em Mega feira de ado\u00e7\u00e3o no anivers\u00e1rio da cidade de S\u00e3o Paulo - Somos o caminho que te conecta ao que mais importa!\" \/>\n<meta property=\"og:description\" content=\"No pr\u00f3ximo dia 25 de janeiro, anivers\u00e1rio da cidade de S\u00e3o Paulo \u00e9 um dia para se fazer novos amigos. E quem tiver interessado em um companheiro fiel, basta dar um pulo na loja PETZ do Ipiranga, onde a ONG de prote\u00e7\u00e3o animal C\u00c3O SEM DONO promove uma mega feira de ado\u00e7\u00e3o com apoio da [&hellip;]\" \/>\n<meta property=\"og:url\" content=\"https:\/\/www.spmar.com.br\/web\/caes-resgatados-no-rodoanel-serao-doados-em-mega-feira-de-adocao-no-aniversario-da-cidade-de-sao-paulo\/\" \/>\n<meta property=\"og:site_name\" content=\"Somos o caminho que te conecta ao que mais importa!\" \/>\n<meta property=\"article:publisher\" content=\"https:\/\/www.facebook.com\/spmar.rodoanel\" \/>\n<meta property=\"article:published_time\" content=\"2018-01-23T10:59:37+00:00\" \/>\n<meta property=\"article:modified_time\" content=\"2018-01-23T13:05:54+00:00\" \/>\n<meta property=\"og:image\" content=\"https:\/\/www.spmar.com.br\/web\/wp-content\/uploads\/2018\/01\/feira-adocao-animais1.jpg\" \/>\n\t<meta property=\"og:image:width\" content=\"211\" \/>\n\t<meta property=\"og:image:height\" content=\"168\" \/>\n\t<meta property=\"og:image:type\" content=\"image\/jpeg\" \/>\n<meta name=\"author\" content=\"uid_@spmar\" \/>\n<meta name=\"twitter:card\" content=\"summary_large_image\" \/>\n<meta name=\"twitter:label1\" content=\"Escrito por\" \/>\n\t<meta name=\"twitter:data1\" content=\"uid_@spmar\" \/>\n\t<meta name=\"twitter:label2\" content=\"Est. tempo de leitura\" \/>\n\t<meta name=\"twitter:data2\" content=\"3 minutos\" \/>\n<script type=\"application\/ld+json\" class=\"yoast-schema-graph\">{\"@context\":\"https:\\\/\\\/schema.org\",\"@graph\":[{\"@type\":\"Article\",\"@id\":\"https:\\\/\\\/www.spmar.com.br\\\/web\\\/caes-resgatados-no-rodoanel-serao-doados-em-mega-feira-de-adocao-no-aniversario-da-cidade-de-sao-paulo\\\/#article\",\"isPartOf\":{\"@id\":\"https:\\\/\\\/www.spmar.com.br\\\/web\\\/caes-resgatados-no-rodoanel-serao-doados-em-mega-feira-de-adocao-no-aniversario-da-cidade-de-sao-paulo\\\/\"},\"author\":{\"name\":\"uid_@spmar\",\"@id\":\"https:\\\/\\\/www.spmar.com.br\\\/web\\\/#\\\/schema\\\/person\\\/d197690c6bf9c79240a515310e6233b7\"},\"headline\":\"C\u00e3es resgatados no Rodoanel ser\u00e3o doados em Mega feira de ado\u00e7\u00e3o no anivers\u00e1rio da cidade de S\u00e3o Paulo\",\"datePublished\":\"2018-01-23T10:59:37+00:00\",\"dateModified\":\"2018-01-23T13:05:54+00:00\",\"mainEntityOfPage\":{\"@id\":\"https:\\\/\\\/www.spmar.com.br\\\/web\\\/caes-resgatados-no-rodoanel-serao-doados-em-mega-feira-de-adocao-no-aniversario-da-cidade-de-sao-paulo\\\/\"},\"wordCount\":531,\"commentCount\":0,\"publisher\":{\"@id\":\"https:\\\/\\\/www.spmar.com.br\\\/web\\\/#organization\"},\"image\":{\"@id\":\"https:\\\/\\\/www.spmar.com.br\\\/web\\\/caes-resgatados-no-rodoanel-serao-doados-em-mega-feira-de-adocao-no-aniversario-da-cidade-de-sao-paulo\\\/#primaryimage\"},\"thumbnailUrl\":\"https:\\\/\\\/www.spmar.com.br\\\/web\\\/wp-content\\\/uploads\\\/2018\\\/01\\\/feira-adocao-animais1.jpg\",\"keywords\":[\"ado\u00e7\u00e3o\",\"animais\",\"anivers\u00e1rio\",\"artesp\",\"c\u00e3es\",\"c\u00e3o sem dono\",\"feriado\",\"petz\",\"rodoanel\",\"s\u00e3o paulo\",\"spmar\"],\"inLanguage\":\"pt-BR\",\"potentialAction\":[{\"@type\":\"CommentAction\",\"name\":\"Comment\",\"target\":[\"https:\\\/\\\/www.spmar.com.br\\\/web\\\/caes-resgatados-no-rodoanel-serao-doados-em-mega-feira-de-adocao-no-aniversario-da-cidade-de-sao-paulo\\\/#respond\"]}]},{\"@type\":\"WebPage\",\"@id\":\"https:\\\/\\\/www.spmar.com.br\\\/web\\\/caes-resgatados-no-rodoanel-serao-doados-em-mega-feira-de-adocao-no-aniversario-da-cidade-de-sao-paulo\\\/\",\"url\":\"https:\\\/\\\/www.spmar.com.br\\\/web\\\/caes-resgatados-no-rodoanel-serao-doados-em-mega-feira-de-adocao-no-aniversario-da-cidade-de-sao-paulo\\\/\",\"name\":\"C\u00e3es resgatados no Rodoanel ser\u00e3o doados em Mega feira de ado\u00e7\u00e3o no anivers\u00e1rio da cidade de S\u00e3o Paulo - Somos o caminho que te conecta ao que mais importa!\",\"isPartOf\":{\"@id\":\"https:\\\/\\\/www.spmar.com.br\\\/web\\\/#website\"},\"primaryImageOfPage\":{\"@id\":\"https:\\\/\\\/www.spmar.com.br\\\/web\\\/caes-resgatados-no-rodoanel-serao-doados-em-mega-feira-de-adocao-no-aniversario-da-cidade-de-sao-paulo\\\/#primaryimage\"},\"image\":{\"@id\":\"https:\\\/\\\/www.spmar.com.br\\\/web\\\/caes-resgatados-no-rodoanel-serao-doados-em-mega-feira-de-adocao-no-aniversario-da-cidade-de-sao-paulo\\\/#primaryimage\"},\"thumbnailUrl\":\"https:\\\/\\\/www.spmar.com.br\\\/web\\\/wp-content\\\/uploads\\\/2018\\\/01\\\/feira-adocao-animais1.jpg\",\"datePublished\":\"2018-01-23T10:59:37+00:00\",\"dateModified\":\"2018-01-23T13:05:54+00:00\",\"breadcrumb\":{\"@id\":\"https:\\\/\\\/www.spmar.com.br\\\/web\\\/caes-resgatados-no-rodoanel-serao-doados-em-mega-feira-de-adocao-no-aniversario-da-cidade-de-sao-paulo\\\/#breadcrumb\"},\"inLanguage\":\"pt-BR\",\"potentialAction\":[{\"@type\":\"ReadAction\",\"target\":[\"https:\\\/\\\/www.spmar.com.br\\\/web\\\/caes-resgatados-no-rodoanel-serao-doados-em-mega-feira-de-adocao-no-aniversario-da-cidade-de-sao-paulo\\\/\"]}]},{\"@type\":\"ImageObject\",\"inLanguage\":\"pt-BR\",\"@id\":\"https:\\\/\\\/www.spmar.com.br\\\/web\\\/caes-resgatados-no-rodoanel-serao-doados-em-mega-feira-de-adocao-no-aniversario-da-cidade-de-sao-paulo\\\/#primaryimage\",\"url\":\"https:\\\/\\\/www.spmar.com.br\\\/web\\\/wp-content\\\/uploads\\\/2018\\\/01\\\/feira-adocao-animais1.jpg\",\"contentUrl\":\"https:\\\/\\\/www.spmar.com.br\\\/web\\\/wp-content\\\/uploads\\\/2018\\\/01\\\/feira-adocao-animais1.jpg\",\"width\":211,\"height\":168},{\"@type\":\"BreadcrumbList\",\"@id\":\"https:\\\/\\\/www.spmar.com.br\\\/web\\\/caes-resgatados-no-rodoanel-serao-doados-em-mega-feira-de-adocao-no-aniversario-da-cidade-de-sao-paulo\\\/#breadcrumb\",\"itemListElement\":[{\"@type\":\"ListItem\",\"position\":1,\"name\":\"Home\",\"item\":\"https:\\\/\\\/www.spmar.com.br\\\/web\\\/\"},{\"@type\":\"ListItem\",\"position\":2,\"name\":\"C\u00e3es resgatados no Rodoanel ser\u00e3o doados em Mega feira de ado\u00e7\u00e3o no anivers\u00e1rio da cidade de S\u00e3o Paulo\"}]},{\"@type\":\"WebSite\",\"@id\":\"https:\\\/\\\/www.spmar.com.br\\\/web\\\/#website\",\"url\":\"https:\\\/\\\/www.spmar.com.br\\\/web\\\/\",\"name\":\"SPMAR\",\"description\":\"A Concession\u00e1ria SPMAR atua na administra\u00e7\u00e3o dos Trechos Sul e Leste do Rodoanel Mario Covas e, com isso,\u00e9 respons\u00e1vel pela gest\u00e3o de 76% do Rodoanel Metropolitano de S\u00e3o Paulo em opera\u00e7\u00e3o.\",\"publisher\":{\"@id\":\"https:\\\/\\\/www.spmar.com.br\\\/web\\\/#organization\"},\"potentialAction\":[{\"@type\":\"SearchAction\",\"target\":{\"@type\":\"EntryPoint\",\"urlTemplate\":\"https:\\\/\\\/www.spmar.com.br\\\/web\\\/?s={search_term_string}\"},\"query-input\":{\"@type\":\"PropertyValueSpecification\",\"valueRequired\":true,\"valueName\":\"search_term_string\"}}],\"inLanguage\":\"pt-BR\"},{\"@type\":\"Organization\",\"@id\":\"https:\\\/\\\/www.spmar.com.br\\\/web\\\/#organization\",\"name\":\"Concession\u00e1ria SPMAR\",\"url\":\"https:\\\/\\\/www.spmar.com.br\\\/web\\\/\",\"logo\":{\"@type\":\"ImageObject\",\"inLanguage\":\"pt-BR\",\"@id\":\"https:\\\/\\\/www.spmar.com.br\\\/web\\\/#\\\/schema\\\/logo\\\/image\\\/\",\"url\":\"https:\\\/\\\/www.spmar.com.br\\\/web\\\/wp-content\\\/uploads\\\/2017\\\/11\\\/logo_H.jpg\",\"contentUrl\":\"https:\\\/\\\/www.spmar.com.br\\\/web\\\/wp-content\\\/uploads\\\/2017\\\/11\\\/logo_H.jpg\",\"width\":448,\"height\":97,\"caption\":\"Concession\u00e1ria SPMAR\"},\"image\":{\"@id\":\"https:\\\/\\\/www.spmar.com.br\\\/web\\\/#\\\/schema\\\/logo\\\/image\\\/\"},\"sameAs\":[\"https:\\\/\\\/www.facebook.com\\\/spmar.rodoanel\",\"https:\\\/\\\/www.linkedin.com\\\/company\\\/spmarbr\\\/\",\"https:\\\/\\\/www.instagram.com\\\/spmarbr\\\/\"]},{\"@type\":\"Person\",\"@id\":\"https:\\\/\\\/www.spmar.com.br\\\/web\\\/#\\\/schema\\\/person\\\/d197690c6bf9c79240a515310e6233b7\",\"name\":\"uid_@spmar\",\"image\":{\"@type\":\"ImageObject\",\"inLanguage\":\"pt-BR\",\"@id\":\"https:\\\/\\\/www.spmar.com.br\\\/web\\\/wp-content\\\/litespeed\\\/avatar\\\/1d9f8aa10c469a2a6a9fbe6d3ba9a648.jpg?ver=1777045609\",\"url\":\"https:\\\/\\\/www.spmar.com.br\\\/web\\\/wp-content\\\/litespeed\\\/avatar\\\/1d9f8aa10c469a2a6a9fbe6d3ba9a648.jpg?ver=1777045609\",\"contentUrl\":\"https:\\\/\\\/www.spmar.com.br\\\/web\\\/wp-content\\\/litespeed\\\/avatar\\\/1d9f8aa10c469a2a6a9fbe6d3ba9a648.jpg?ver=1777045609\",\"caption\":\"uid_@spmar\"},\"url\":\"https:\\\/\\\/www.spmar.com.br\\\/web\\\/author\\\/uid_spmar\\\/\"}]}<\/script>\n<!-- \/ Yoast SEO plugin. -->","yoast_head_json":{"title":"C\u00e3es resgatados no Rodoanel ser\u00e3o doados em Mega feira de ado\u00e7\u00e3o no anivers\u00e1rio da cidade de S\u00e3o Paulo - Somos o caminho que te conecta ao que mais importa!","robots":{"index":"index","follow":"follow","max-snippet":"max-snippet:-1","max-image-preview":"max-image-preview:large","max-video-preview":"max-video-preview:-1"},"canonical":"https:\/\/www.spmar.com.br\/web\/caes-resgatados-no-rodoanel-serao-doados-em-mega-feira-de-adocao-no-aniversario-da-cidade-de-sao-paulo\/","og_locale":"pt_BR","og_type":"article","og_title":"C\u00e3es resgatados no Rodoanel ser\u00e3o doados em Mega feira de ado\u00e7\u00e3o no anivers\u00e1rio da cidade de S\u00e3o Paulo - Somos o caminho que te conecta ao que mais importa!","og_description":"No pr\u00f3ximo dia 25 de janeiro, anivers\u00e1rio da cidade de S\u00e3o Paulo \u00e9 um dia para se fazer novos amigos. E quem tiver interessado em um companheiro fiel, basta dar um pulo na loja PETZ do Ipiranga, onde a ONG de prote\u00e7\u00e3o animal C\u00c3O SEM DONO promove uma mega feira de ado\u00e7\u00e3o com apoio da [&hellip;]","og_url":"https:\/\/www.spmar.com.br\/web\/caes-resgatados-no-rodoanel-serao-doados-em-mega-feira-de-adocao-no-aniversario-da-cidade-de-sao-paulo\/","og_site_name":"Somos o caminho que te conecta ao que mais importa!","article_publisher":"https:\/\/www.facebook.com\/spmar.rodoanel","article_published_time":"2018-01-23T10:59:37+00:00","article_modified_time":"2018-01-23T13:05:54+00:00","og_image":[{"width":211,"height":168,"url":"https:\/\/www.spmar.com.br\/web\/wp-content\/uploads\/2018\/01\/feira-adocao-animais1.jpg","type":"image\/jpeg"}],"author":"uid_@spmar","twitter_card":"summary_large_image","twitter_misc":{"Escrito por":"uid_@spmar","Est. tempo de leitura":"3 minutos"},"schema":{"@context":"https:\/\/schema.org","@graph":[{"@type":"Article","@id":"https:\/\/www.spmar.com.br\/web\/caes-resgatados-no-rodoanel-serao-doados-em-mega-feira-de-adocao-no-aniversario-da-cidade-de-sao-paulo\/#article","isPartOf":{"@id":"https:\/\/www.spmar.com.br\/web\/caes-resgatados-no-rodoanel-serao-doados-em-mega-feira-de-adocao-no-aniversario-da-cidade-de-sao-paulo\/"},"author":{"name":"uid_@spmar","@id":"https:\/\/www.spmar.com.br\/web\/#\/schema\/person\/d197690c6bf9c79240a515310e6233b7"},"headline":"C\u00e3es resgatados no Rodoanel ser\u00e3o doados em Mega feira de ado\u00e7\u00e3o no anivers\u00e1rio da cidade de S\u00e3o Paulo","datePublished":"2018-01-23T10:59:37+00:00","dateModified":"2018-01-23T13:05:54+00:00","mainEntityOfPage":{"@id":"https:\/\/www.spmar.com.br\/web\/caes-resgatados-no-rodoanel-serao-doados-em-mega-feira-de-adocao-no-aniversario-da-cidade-de-sao-paulo\/"},"wordCount":531,"commentCount":0,"publisher":{"@id":"https:\/\/www.spmar.com.br\/web\/#organization"},"image":{"@id":"https:\/\/www.spmar.com.br\/web\/caes-resgatados-no-rodoanel-serao-doados-em-mega-feira-de-adocao-no-aniversario-da-cidade-de-sao-paulo\/#primaryimage"},"thumbnailUrl":"https:\/\/www.spmar.com.br\/web\/wp-content\/uploads\/2018\/01\/feira-adocao-animais1.jpg","keywords":["ado\u00e7\u00e3o","animais","anivers\u00e1rio","artesp","c\u00e3es","c\u00e3o sem dono","feriado","petz","rodoanel","s\u00e3o paulo","spmar"],"inLanguage":"pt-BR","potentialAction":[{"@type":"CommentAction","name":"Comment","target":["https:\/\/www.spmar.com.br\/web\/caes-resgatados-no-rodoanel-serao-doados-em-mega-feira-de-adocao-no-aniversario-da-cidade-de-sao-paulo\/#respond"]}]},{"@type":"WebPage","@id":"https:\/\/www.spmar.com.br\/web\/caes-resgatados-no-rodoanel-serao-doados-em-mega-feira-de-adocao-no-aniversario-da-cidade-de-sao-paulo\/","url":"https:\/\/www.spmar.com.br\/web\/caes-resgatados-no-rodoanel-serao-doados-em-mega-feira-de-adocao-no-aniversario-da-cidade-de-sao-paulo\/","name":"C\u00e3es resgatados no Rodoanel ser\u00e3o doados em Mega feira de ado\u00e7\u00e3o no anivers\u00e1rio da cidade de S\u00e3o Paulo - Somos o caminho que te conecta ao que mais importa!","isPartOf":{"@id":"https:\/\/www.spmar.com.br\/web\/#website"},"primaryImageOfPage":{"@id":"https:\/\/www.spmar.com.br\/web\/caes-resgatados-no-rodoanel-serao-doados-em-mega-feira-de-adocao-no-aniversario-da-cidade-de-sao-paulo\/#primaryimage"},"image":{"@id":"https:\/\/www.spmar.com.br\/web\/caes-resgatados-no-rodoanel-serao-doados-em-mega-feira-de-adocao-no-aniversario-da-cidade-de-sao-paulo\/#primaryimage"},"thumbnailUrl":"https:\/\/www.spmar.com.br\/web\/wp-content\/uploads\/2018\/01\/feira-adocao-animais1.jpg","datePublished":"2018-01-23T10:59:37+00:00","dateModified":"2018-01-23T13:05:54+00:00","breadcrumb":{"@id":"https:\/\/www.spmar.com.br\/web\/caes-resgatados-no-rodoanel-serao-doados-em-mega-feira-de-adocao-no-aniversario-da-cidade-de-sao-paulo\/#breadcrumb"},"inLanguage":"pt-BR","potentialAction":[{"@type":"ReadAction","target":["https:\/\/www.spmar.com.br\/web\/caes-resgatados-no-rodoanel-serao-doados-em-mega-feira-de-adocao-no-aniversario-da-cidade-de-sao-paulo\/"]}]},{"@type":"ImageObject","inLanguage":"pt-BR","@id":"https:\/\/www.spmar.com.br\/web\/caes-resgatados-no-rodoanel-serao-doados-em-mega-feira-de-adocao-no-aniversario-da-cidade-de-sao-paulo\/#primaryimage","url":"https:\/\/www.spmar.com.br\/web\/wp-content\/uploads\/2018\/01\/feira-adocao-animais1.jpg","contentUrl":"https:\/\/www.spmar.com.br\/web\/wp-content\/uploads\/2018\/01\/feira-adocao-animais1.jpg","width":211,"height":168},{"@type":"BreadcrumbList","@id":"https:\/\/www.spmar.com.br\/web\/caes-resgatados-no-rodoanel-serao-doados-em-mega-feira-de-adocao-no-aniversario-da-cidade-de-sao-paulo\/#breadcrumb","itemListElement":[{"@type":"ListItem","position":1,"name":"Home","item":"https:\/\/www.spmar.com.br\/web\/"},{"@type":"ListItem","position":2,"name":"C\u00e3es resgatados no Rodoanel ser\u00e3o doados em Mega feira de ado\u00e7\u00e3o no anivers\u00e1rio da cidade de S\u00e3o Paulo"}]},{"@type":"WebSite","@id":"https:\/\/www.spmar.com.br\/web\/#website","url":"https:\/\/www.spmar.com.br\/web\/","name":"SPMAR","description":"A Concession\u00e1ria SPMAR atua na administra\u00e7\u00e3o dos Trechos Sul e Leste do Rodoanel Mario Covas e, com isso,\u00e9 respons\u00e1vel pela gest\u00e3o de 76% do Rodoanel Metropolitano de S\u00e3o Paulo em opera\u00e7\u00e3o.","publisher":{"@id":"https:\/\/www.spmar.com.br\/web\/#organization"},"potentialAction":[{"@type":"SearchAction","target":{"@type":"EntryPoint","urlTemplate":"https:\/\/www.spmar.com.br\/web\/?s={search_term_string}"},"query-input":{"@type":"PropertyValueSpecification","valueRequired":true,"valueName":"search_term_string"}}],"inLanguage":"pt-BR"},{"@type":"Organization","@id":"https:\/\/www.spmar.com.br\/web\/#organization","name":"Concession\u00e1ria SPMAR","url":"https:\/\/www.spmar.com.br\/web\/","logo":{"@type":"ImageObject","inLanguage":"pt-BR","@id":"https:\/\/www.spmar.com.br\/web\/#\/schema\/logo\/image\/","url":"https:\/\/www.spmar.com.br\/web\/wp-content\/uploads\/2017\/11\/logo_H.jpg","contentUrl":"https:\/\/www.spmar.com.br\/web\/wp-content\/uploads\/2017\/11\/logo_H.jpg","width":448,"height":97,"caption":"Concession\u00e1ria SPMAR"},"image":{"@id":"https:\/\/www.spmar.com.br\/web\/#\/schema\/logo\/image\/"},"sameAs":["https:\/\/www.facebook.com\/spmar.rodoanel","https:\/\/www.linkedin.com\/company\/spmarbr\/","https:\/\/www.instagram.com\/spmarbr\/"]},{"@type":"Person","@id":"https:\/\/www.spmar.com.br\/web\/#\/schema\/person\/d197690c6bf9c79240a515310e6233b7","name":"uid_@spmar","image":{"@type":"ImageObject","inLanguage":"pt-BR","@id":"https:\/\/www.spmar.com.br\/web\/wp-content\/litespeed\/avatar\/1d9f8aa10c469a2a6a9fbe6d3ba9a648.jpg?ver=1777045609","url":"https:\/\/www.spmar.com.br\/web\/wp-content\/litespeed\/avatar\/1d9f8aa10c469a2a6a9fbe6d3ba9a648.jpg?ver=1777045609","contentUrl":"https:\/\/www.spmar.com.br\/web\/wp-content\/litespeed\/avatar\/1d9f8aa10c469a2a6a9fbe6d3ba9a648.jpg?ver=1777045609","caption":"uid_@spmar"},"url":"https:\/\/www.spmar.com.br\/web\/author\/uid_spmar\/"}]}},"jetpack_featured_media_url":"https:\/\/www.spmar.com.br\/web\/wp-content\/uploads\/2018\/01\/feira-adocao-animais1.jpg","jetpack_sharing_enabled":true,"_links":{"self":[{"href":"https:\/\/www.spmar.com.br\/web\/wp-json\/wp\/v2\/posts\/822","targetHints":{"allow":["GET"]}}],"collection":[{"href":"https:\/\/www.spmar.com.br\/web\/wp-json\/wp\/v2\/posts"}],"about":[{"href":"https:\/\/www.spmar.com.br\/web\/wp-json\/wp\/v2\/types\/post"}],"author":[{"embeddable":true,"href":"https:\/\/www.spmar.com.br\/web\/wp-json\/wp\/v2\/users\/1"}],"replies":[{"embeddable":true,"href":"https:\/\/www.spmar.com.br\/web\/wp-json\/wp\/v2\/comments?post=822"}],"version-history":[{"count":3,"href":"https:\/\/www.spmar.com.br\/web\/wp-json\/wp\/v2\/posts\/822\/revisions"}],"predecessor-version":[{"id":826,"href":"https:\/\/www.spmar.com.br\/web\/wp-json\/wp\/v2\/posts\/822\/revisions\/826"}],"wp:featuredmedia":[{"embeddable":true,"href":"https:\/\/www.spmar.com.br\/web\/wp-json\/wp\/v2\/media\/836"}],"wp:attachment":[{"href":"https:\/\/www.spmar.com.br\/web\/wp-json\/wp\/v2\/media?parent=822"}],"wp:term":[{"taxonomy":"category","embeddable":true,"href":"https:\/\/www.spmar.com.br\/web\/wp-json\/wp\/v2\/categories?post=822"},{"taxonomy":"post_tag","embeddable":true,"href":"https:\/\/www.spmar.com.br\/web\/wp-json\/wp\/v2\/tags?post=822"}],"curies":[{"name":"wp","href":"https:\/\/api.w.org\/{rel}","templated":true}]}}