{"id":717,"date":"2017-11-29T11:14:59","date_gmt":"2017-11-29T13:14:59","guid":{"rendered":"http:\/\/spmar.crpweb.com.br\/?p=717"},"modified":"2017-12-29T11:57:10","modified_gmt":"2017-12-29T13:57:10","slug":"acidente-com-carreta-interdita-3-faixas-sentido-sbc","status":"publish","type":"post","link":"https:\/\/www.spmar.com.br\/web\/acidente-com-carreta-interdita-3-faixas-sentido-sbc\/","title":{"rendered":"Acidente com carreta interdita 3 faixas sentido SBC"},"content":{"rendered":"<p>A SPMAR informa que, por volta das 5h da manh\u00e3 desta quarta-feira (29), houve uma ocorr\u00eancia no km 77 da pista externa no Rodoanel, sentido Rodovia Presidente Dutra. Uma carreta carregada com \u00e1gua sanit\u00e1ria (hipoclorito de s\u00f3dio) pegou fogo. Em raz\u00e3o disso, as tr\u00eas faixas da via ficaram interditadas para o controle das chamas, que durou cerca de meia hora.<\/p>\n<p>O transbordo da carga j\u00e1 foi realizado, mas por quest\u00f5es de seguran\u00e7a, apenas as faixas 1 (esquerda) e 2 (central) est\u00e3o liberadas na altura da ocorr\u00eancia.\u00a0No momento h\u00e1 apenas cinco quil\u00f4metros de congestionamento.<\/p>\n<p>As causas do inc\u00eandio ainda est\u00e3o sendo apuradas pelos \u00f3rg\u00e3os competentes.<\/p>\n<p>Atualiza\u00e7\u00e3o: Desde 12h, o tr\u00e1fego est\u00e1 normalizado.<\/p>\n","protected":false},"excerpt":{"rendered":"<p>A SPMAR informa que, por volta das 5h da manh\u00e3 desta quarta-feira (29), houve uma ocorr\u00eancia no km 77 da pista externa no Rodoanel, sentido Rodovia Presidente Dutra. Uma carreta carregada com \u00e1gua sanit\u00e1ria (hipoclorito de s\u00f3dio) pegou fogo. Em raz\u00e3o disso, as tr\u00eas faixas da via ficaram interditadas para o controle das chamas, que [&hellip;]<\/p>\n","protected":false},"author":1,"featured_media":790,"comment_status":"open","ping_status":"open","sticky":false,"template":"","format":"standard","meta":{"_acf_changed":false,"inline_featured_image":false,"_jetpack_memberships_contains_paid_content":false,"footnotes":""},"categories":[1],"tags":[],"class_list":["post-717","post","type-post","status-publish","format-standard","has-post-thumbnail","hentry","category-sem-categoria"],"acf":[],"yoast_head":"<!-- This site is optimized with the Yoast SEO plugin v27.4 - https:\/\/yoast.com\/product\/yoast-seo-wordpress\/ -->\n<title>Acidente com carreta interdita 3 faixas sentido SBC - Somos o caminho que te conecta ao que mais importa!<\/title>\n<meta name=\"robots\" content=\"index, follow, max-snippet:-1, max-image-preview:large, max-video-preview:-1\" \/>\n<link rel=\"canonical\" href=\"https:\/\/www.spmar.com.br\/web\/acidente-com-carreta-interdita-3-faixas-sentido-sbc\/\" \/>\n<meta property=\"og:locale\" content=\"pt_BR\" \/>\n<meta property=\"og:type\" content=\"article\" \/>\n<meta property=\"og:title\" content=\"Acidente com carreta interdita 3 faixas sentido SBC - Somos o caminho que te conecta ao que mais importa!\" \/>\n<meta property=\"og:description\" content=\"A SPMAR informa que, por volta das 5h da manh\u00e3 desta quarta-feira (29), houve uma ocorr\u00eancia no km 77 da pista externa no Rodoanel, sentido Rodovia Presidente Dutra. Uma carreta carregada com \u00e1gua sanit\u00e1ria (hipoclorito de s\u00f3dio) pegou fogo. Em raz\u00e3o disso, as tr\u00eas faixas da via ficaram interditadas para o controle das chamas, que [&hellip;]\" \/>\n<meta property=\"og:url\" content=\"https:\/\/www.spmar.com.br\/web\/acidente-com-carreta-interdita-3-faixas-sentido-sbc\/\" \/>\n<meta property=\"og:site_name\" content=\"Somos o caminho que te conecta ao que mais importa!\" \/>\n<meta property=\"article:publisher\" content=\"https:\/\/www.facebook.com\/spmar.rodoanel\" \/>\n<meta property=\"article:published_time\" content=\"2017-11-29T13:14:59+00:00\" \/>\n<meta property=\"article:modified_time\" content=\"2017-12-29T13:57:10+00:00\" \/>\n<meta property=\"og:image\" content=\"https:\/\/www.spmar.com.br\/web\/wp-content\/uploads\/2017\/11\/logo_H.jpg\" \/>\n\t<meta property=\"og:image:width\" content=\"448\" \/>\n\t<meta property=\"og:image:height\" content=\"97\" \/>\n\t<meta property=\"og:image:type\" content=\"image\/jpeg\" \/>\n<meta name=\"author\" content=\"uid_@spmar\" \/>\n<meta name=\"twitter:card\" content=\"summary_large_image\" \/>\n<meta name=\"twitter:label1\" content=\"Escrito por\" \/>\n\t<meta name=\"twitter:data1\" content=\"uid_@spmar\" \/>\n\t<meta name=\"twitter:label2\" content=\"Est. tempo de leitura\" \/>\n\t<meta name=\"twitter:data2\" content=\"1 minuto\" \/>\n<script type=\"application\/ld+json\" class=\"yoast-schema-graph\">{\"@context\":\"https:\\\/\\\/schema.org\",\"@graph\":[{\"@type\":\"Article\",\"@id\":\"https:\\\/\\\/www.spmar.com.br\\\/web\\\/acidente-com-carreta-interdita-3-faixas-sentido-sbc\\\/#article\",\"isPartOf\":{\"@id\":\"https:\\\/\\\/www.spmar.com.br\\\/web\\\/acidente-com-carreta-interdita-3-faixas-sentido-sbc\\\/\"},\"author\":{\"name\":\"uid_@spmar\",\"@id\":\"https:\\\/\\\/www.spmar.com.br\\\/web\\\/#\\\/schema\\\/person\\\/d197690c6bf9c79240a515310e6233b7\"},\"headline\":\"Acidente com carreta interdita 3 faixas sentido SBC\",\"datePublished\":\"2017-11-29T13:14:59+00:00\",\"dateModified\":\"2017-12-29T13:57:10+00:00\",\"mainEntityOfPage\":{\"@id\":\"https:\\\/\\\/www.spmar.com.br\\\/web\\\/acidente-com-carreta-interdita-3-faixas-sentido-sbc\\\/\"},\"wordCount\":130,\"commentCount\":0,\"publisher\":{\"@id\":\"https:\\\/\\\/www.spmar.com.br\\\/web\\\/#organization\"},\"image\":{\"@id\":\"https:\\\/\\\/www.spmar.com.br\\\/web\\\/acidente-com-carreta-interdita-3-faixas-sentido-sbc\\\/#primaryimage\"},\"thumbnailUrl\":\"https:\\\/\\\/www.spmar.com.br\\\/web\\\/wp-content\\\/uploads\\\/2017\\\/11\\\/logo_H.jpg\",\"inLanguage\":\"pt-BR\",\"potentialAction\":[{\"@type\":\"CommentAction\",\"name\":\"Comment\",\"target\":[\"https:\\\/\\\/www.spmar.com.br\\\/web\\\/acidente-com-carreta-interdita-3-faixas-sentido-sbc\\\/#respond\"]}]},{\"@type\":\"WebPage\",\"@id\":\"https:\\\/\\\/www.spmar.com.br\\\/web\\\/acidente-com-carreta-interdita-3-faixas-sentido-sbc\\\/\",\"url\":\"https:\\\/\\\/www.spmar.com.br\\\/web\\\/acidente-com-carreta-interdita-3-faixas-sentido-sbc\\\/\",\"name\":\"Acidente com carreta interdita 3 faixas sentido SBC - Somos o caminho que te conecta ao que mais importa!\",\"isPartOf\":{\"@id\":\"https:\\\/\\\/www.spmar.com.br\\\/web\\\/#website\"},\"primaryImageOfPage\":{\"@id\":\"https:\\\/\\\/www.spmar.com.br\\\/web\\\/acidente-com-carreta-interdita-3-faixas-sentido-sbc\\\/#primaryimage\"},\"image\":{\"@id\":\"https:\\\/\\\/www.spmar.com.br\\\/web\\\/acidente-com-carreta-interdita-3-faixas-sentido-sbc\\\/#primaryimage\"},\"thumbnailUrl\":\"https:\\\/\\\/www.spmar.com.br\\\/web\\\/wp-content\\\/uploads\\\/2017\\\/11\\\/logo_H.jpg\",\"datePublished\":\"2017-11-29T13:14:59+00:00\",\"dateModified\":\"2017-12-29T13:57:10+00:00\",\"breadcrumb\":{\"@id\":\"https:\\\/\\\/www.spmar.com.br\\\/web\\\/acidente-com-carreta-interdita-3-faixas-sentido-sbc\\\/#breadcrumb\"},\"inLanguage\":\"pt-BR\",\"potentialAction\":[{\"@type\":\"ReadAction\",\"target\":[\"https:\\\/\\\/www.spmar.com.br\\\/web\\\/acidente-com-carreta-interdita-3-faixas-sentido-sbc\\\/\"]}]},{\"@type\":\"ImageObject\",\"inLanguage\":\"pt-BR\",\"@id\":\"https:\\\/\\\/www.spmar.com.br\\\/web\\\/acidente-com-carreta-interdita-3-faixas-sentido-sbc\\\/#primaryimage\",\"url\":\"https:\\\/\\\/www.spmar.com.br\\\/web\\\/wp-content\\\/uploads\\\/2017\\\/11\\\/logo_H.jpg\",\"contentUrl\":\"https:\\\/\\\/www.spmar.com.br\\\/web\\\/wp-content\\\/uploads\\\/2017\\\/11\\\/logo_H.jpg\",\"width\":448,\"height\":97},{\"@type\":\"BreadcrumbList\",\"@id\":\"https:\\\/\\\/www.spmar.com.br\\\/web\\\/acidente-com-carreta-interdita-3-faixas-sentido-sbc\\\/#breadcrumb\",\"itemListElement\":[{\"@type\":\"ListItem\",\"position\":1,\"name\":\"Home\",\"item\":\"https:\\\/\\\/www.spmar.com.br\\\/web\\\/\"},{\"@type\":\"ListItem\",\"position\":2,\"name\":\"Acidente com carreta interdita 3 faixas sentido SBC\"}]},{\"@type\":\"WebSite\",\"@id\":\"https:\\\/\\\/www.spmar.com.br\\\/web\\\/#website\",\"url\":\"https:\\\/\\\/www.spmar.com.br\\\/web\\\/\",\"name\":\"SPMAR\",\"description\":\"A Concession\u00e1ria SPMAR atua na administra\u00e7\u00e3o dos Trechos Sul e Leste do Rodoanel Mario Covas e, com isso,\u00e9 respons\u00e1vel pela gest\u00e3o de 76% do Rodoanel Metropolitano de S\u00e3o Paulo em opera\u00e7\u00e3o.\",\"publisher\":{\"@id\":\"https:\\\/\\\/www.spmar.com.br\\\/web\\\/#organization\"},\"potentialAction\":[{\"@type\":\"SearchAction\",\"target\":{\"@type\":\"EntryPoint\",\"urlTemplate\":\"https:\\\/\\\/www.spmar.com.br\\\/web\\\/?s={search_term_string}\"},\"query-input\":{\"@type\":\"PropertyValueSpecification\",\"valueRequired\":true,\"valueName\":\"search_term_string\"}}],\"inLanguage\":\"pt-BR\"},{\"@type\":\"Organization\",\"@id\":\"https:\\\/\\\/www.spmar.com.br\\\/web\\\/#organization\",\"name\":\"Concession\u00e1ria SPMAR\",\"url\":\"https:\\\/\\\/www.spmar.com.br\\\/web\\\/\",\"logo\":{\"@type\":\"ImageObject\",\"inLanguage\":\"pt-BR\",\"@id\":\"https:\\\/\\\/www.spmar.com.br\\\/web\\\/#\\\/schema\\\/logo\\\/image\\\/\",\"url\":\"https:\\\/\\\/www.spmar.com.br\\\/web\\\/wp-content\\\/uploads\\\/2017\\\/11\\\/logo_H.jpg\",\"contentUrl\":\"https:\\\/\\\/www.spmar.com.br\\\/web\\\/wp-content\\\/uploads\\\/2017\\\/11\\\/logo_H.jpg\",\"width\":448,\"height\":97,\"caption\":\"Concession\u00e1ria SPMAR\"},\"image\":{\"@id\":\"https:\\\/\\\/www.spmar.com.br\\\/web\\\/#\\\/schema\\\/logo\\\/image\\\/\"},\"sameAs\":[\"https:\\\/\\\/www.facebook.com\\\/spmar.rodoanel\",\"https:\\\/\\\/www.linkedin.com\\\/company\\\/spmarbr\\\/\",\"https:\\\/\\\/www.instagram.com\\\/spmarbr\\\/\"]},{\"@type\":\"Person\",\"@id\":\"https:\\\/\\\/www.spmar.com.br\\\/web\\\/#\\\/schema\\\/person\\\/d197690c6bf9c79240a515310e6233b7\",\"name\":\"uid_@spmar\",\"image\":{\"@type\":\"ImageObject\",\"inLanguage\":\"pt-BR\",\"@id\":\"https:\\\/\\\/www.spmar.com.br\\\/web\\\/wp-content\\\/litespeed\\\/avatar\\\/1d9f8aa10c469a2a6a9fbe6d3ba9a648.jpg?ver=1777045609\",\"url\":\"https:\\\/\\\/www.spmar.com.br\\\/web\\\/wp-content\\\/litespeed\\\/avatar\\\/1d9f8aa10c469a2a6a9fbe6d3ba9a648.jpg?ver=1777045609\",\"contentUrl\":\"https:\\\/\\\/www.spmar.com.br\\\/web\\\/wp-content\\\/litespeed\\\/avatar\\\/1d9f8aa10c469a2a6a9fbe6d3ba9a648.jpg?ver=1777045609\",\"caption\":\"uid_@spmar\"},\"url\":\"https:\\\/\\\/www.spmar.com.br\\\/web\\\/author\\\/uid_spmar\\\/\"}]}<\/script>\n<!-- \/ Yoast SEO plugin. -->","yoast_head_json":{"title":"Acidente com carreta interdita 3 faixas sentido SBC - Somos o caminho que te conecta ao que mais importa!","robots":{"index":"index","follow":"follow","max-snippet":"max-snippet:-1","max-image-preview":"max-image-preview:large","max-video-preview":"max-video-preview:-1"},"canonical":"https:\/\/www.spmar.com.br\/web\/acidente-com-carreta-interdita-3-faixas-sentido-sbc\/","og_locale":"pt_BR","og_type":"article","og_title":"Acidente com carreta interdita 3 faixas sentido SBC - Somos o caminho que te conecta ao que mais importa!","og_description":"A SPMAR informa que, por volta das 5h da manh\u00e3 desta quarta-feira (29), houve uma ocorr\u00eancia no km 77 da pista externa no Rodoanel, sentido Rodovia Presidente Dutra. Uma carreta carregada com \u00e1gua sanit\u00e1ria (hipoclorito de s\u00f3dio) pegou fogo. Em raz\u00e3o disso, as tr\u00eas faixas da via ficaram interditadas para o controle das chamas, que [&hellip;]","og_url":"https:\/\/www.spmar.com.br\/web\/acidente-com-carreta-interdita-3-faixas-sentido-sbc\/","og_site_name":"Somos o caminho que te conecta ao que mais importa!","article_publisher":"https:\/\/www.facebook.com\/spmar.rodoanel","article_published_time":"2017-11-29T13:14:59+00:00","article_modified_time":"2017-12-29T13:57:10+00:00","og_image":[{"width":448,"height":97,"url":"https:\/\/www.spmar.com.br\/web\/wp-content\/uploads\/2017\/11\/logo_H.jpg","type":"image\/jpeg"}],"author":"uid_@spmar","twitter_card":"summary_large_image","twitter_misc":{"Escrito por":"uid_@spmar","Est. tempo de leitura":"1 minuto"},"schema":{"@context":"https:\/\/schema.org","@graph":[{"@type":"Article","@id":"https:\/\/www.spmar.com.br\/web\/acidente-com-carreta-interdita-3-faixas-sentido-sbc\/#article","isPartOf":{"@id":"https:\/\/www.spmar.com.br\/web\/acidente-com-carreta-interdita-3-faixas-sentido-sbc\/"},"author":{"name":"uid_@spmar","@id":"https:\/\/www.spmar.com.br\/web\/#\/schema\/person\/d197690c6bf9c79240a515310e6233b7"},"headline":"Acidente com carreta interdita 3 faixas sentido SBC","datePublished":"2017-11-29T13:14:59+00:00","dateModified":"2017-12-29T13:57:10+00:00","mainEntityOfPage":{"@id":"https:\/\/www.spmar.com.br\/web\/acidente-com-carreta-interdita-3-faixas-sentido-sbc\/"},"wordCount":130,"commentCount":0,"publisher":{"@id":"https:\/\/www.spmar.com.br\/web\/#organization"},"image":{"@id":"https:\/\/www.spmar.com.br\/web\/acidente-com-carreta-interdita-3-faixas-sentido-sbc\/#primaryimage"},"thumbnailUrl":"https:\/\/www.spmar.com.br\/web\/wp-content\/uploads\/2017\/11\/logo_H.jpg","inLanguage":"pt-BR","potentialAction":[{"@type":"CommentAction","name":"Comment","target":["https:\/\/www.spmar.com.br\/web\/acidente-com-carreta-interdita-3-faixas-sentido-sbc\/#respond"]}]},{"@type":"WebPage","@id":"https:\/\/www.spmar.com.br\/web\/acidente-com-carreta-interdita-3-faixas-sentido-sbc\/","url":"https:\/\/www.spmar.com.br\/web\/acidente-com-carreta-interdita-3-faixas-sentido-sbc\/","name":"Acidente com carreta interdita 3 faixas sentido SBC - Somos o caminho que te conecta ao que mais importa!","isPartOf":{"@id":"https:\/\/www.spmar.com.br\/web\/#website"},"primaryImageOfPage":{"@id":"https:\/\/www.spmar.com.br\/web\/acidente-com-carreta-interdita-3-faixas-sentido-sbc\/#primaryimage"},"image":{"@id":"https:\/\/www.spmar.com.br\/web\/acidente-com-carreta-interdita-3-faixas-sentido-sbc\/#primaryimage"},"thumbnailUrl":"https:\/\/www.spmar.com.br\/web\/wp-content\/uploads\/2017\/11\/logo_H.jpg","datePublished":"2017-11-29T13:14:59+00:00","dateModified":"2017-12-29T13:57:10+00:00","breadcrumb":{"@id":"https:\/\/www.spmar.com.br\/web\/acidente-com-carreta-interdita-3-faixas-sentido-sbc\/#breadcrumb"},"inLanguage":"pt-BR","potentialAction":[{"@type":"ReadAction","target":["https:\/\/www.spmar.com.br\/web\/acidente-com-carreta-interdita-3-faixas-sentido-sbc\/"]}]},{"@type":"ImageObject","inLanguage":"pt-BR","@id":"https:\/\/www.spmar.com.br\/web\/acidente-com-carreta-interdita-3-faixas-sentido-sbc\/#primaryimage","url":"https:\/\/www.spmar.com.br\/web\/wp-content\/uploads\/2017\/11\/logo_H.jpg","contentUrl":"https:\/\/www.spmar.com.br\/web\/wp-content\/uploads\/2017\/11\/logo_H.jpg","width":448,"height":97},{"@type":"BreadcrumbList","@id":"https:\/\/www.spmar.com.br\/web\/acidente-com-carreta-interdita-3-faixas-sentido-sbc\/#breadcrumb","itemListElement":[{"@type":"ListItem","position":1,"name":"Home","item":"https:\/\/www.spmar.com.br\/web\/"},{"@type":"ListItem","position":2,"name":"Acidente com carreta interdita 3 faixas sentido SBC"}]},{"@type":"WebSite","@id":"https:\/\/www.spmar.com.br\/web\/#website","url":"https:\/\/www.spmar.com.br\/web\/","name":"SPMAR","description":"A Concession\u00e1ria SPMAR atua na administra\u00e7\u00e3o dos Trechos Sul e Leste do Rodoanel Mario Covas e, com isso,\u00e9 respons\u00e1vel pela gest\u00e3o de 76% do Rodoanel Metropolitano de S\u00e3o Paulo em opera\u00e7\u00e3o.","publisher":{"@id":"https:\/\/www.spmar.com.br\/web\/#organization"},"potentialAction":[{"@type":"SearchAction","target":{"@type":"EntryPoint","urlTemplate":"https:\/\/www.spmar.com.br\/web\/?s={search_term_string}"},"query-input":{"@type":"PropertyValueSpecification","valueRequired":true,"valueName":"search_term_string"}}],"inLanguage":"pt-BR"},{"@type":"Organization","@id":"https:\/\/www.spmar.com.br\/web\/#organization","name":"Concession\u00e1ria SPMAR","url":"https:\/\/www.spmar.com.br\/web\/","logo":{"@type":"ImageObject","inLanguage":"pt-BR","@id":"https:\/\/www.spmar.com.br\/web\/#\/schema\/logo\/image\/","url":"https:\/\/www.spmar.com.br\/web\/wp-content\/uploads\/2017\/11\/logo_H.jpg","contentUrl":"https:\/\/www.spmar.com.br\/web\/wp-content\/uploads\/2017\/11\/logo_H.jpg","width":448,"height":97,"caption":"Concession\u00e1ria SPMAR"},"image":{"@id":"https:\/\/www.spmar.com.br\/web\/#\/schema\/logo\/image\/"},"sameAs":["https:\/\/www.facebook.com\/spmar.rodoanel","https:\/\/www.linkedin.com\/company\/spmarbr\/","https:\/\/www.instagram.com\/spmarbr\/"]},{"@type":"Person","@id":"https:\/\/www.spmar.com.br\/web\/#\/schema\/person\/d197690c6bf9c79240a515310e6233b7","name":"uid_@spmar","image":{"@type":"ImageObject","inLanguage":"pt-BR","@id":"https:\/\/www.spmar.com.br\/web\/wp-content\/litespeed\/avatar\/1d9f8aa10c469a2a6a9fbe6d3ba9a648.jpg?ver=1777045609","url":"https:\/\/www.spmar.com.br\/web\/wp-content\/litespeed\/avatar\/1d9f8aa10c469a2a6a9fbe6d3ba9a648.jpg?ver=1777045609","contentUrl":"https:\/\/www.spmar.com.br\/web\/wp-content\/litespeed\/avatar\/1d9f8aa10c469a2a6a9fbe6d3ba9a648.jpg?ver=1777045609","caption":"uid_@spmar"},"url":"https:\/\/www.spmar.com.br\/web\/author\/uid_spmar\/"}]}},"jetpack_featured_media_url":"https:\/\/www.spmar.com.br\/web\/wp-content\/uploads\/2017\/11\/logo_H.jpg","jetpack_sharing_enabled":true,"_links":{"self":[{"href":"https:\/\/www.spmar.com.br\/web\/wp-json\/wp\/v2\/posts\/717","targetHints":{"allow":["GET"]}}],"collection":[{"href":"https:\/\/www.spmar.com.br\/web\/wp-json\/wp\/v2\/posts"}],"about":[{"href":"https:\/\/www.spmar.com.br\/web\/wp-json\/wp\/v2\/types\/post"}],"author":[{"embeddable":true,"href":"https:\/\/www.spmar.com.br\/web\/wp-json\/wp\/v2\/users\/1"}],"replies":[{"embeddable":true,"href":"https:\/\/www.spmar.com.br\/web\/wp-json\/wp\/v2\/comments?post=717"}],"version-history":[{"count":3,"href":"https:\/\/www.spmar.com.br\/web\/wp-json\/wp\/v2\/posts\/717\/revisions"}],"predecessor-version":[{"id":720,"href":"https:\/\/www.spmar.com.br\/web\/wp-json\/wp\/v2\/posts\/717\/revisions\/720"}],"wp:featuredmedia":[{"embeddable":true,"href":"https:\/\/www.spmar.com.br\/web\/wp-json\/wp\/v2\/media\/790"}],"wp:attachment":[{"href":"https:\/\/www.spmar.com.br\/web\/wp-json\/wp\/v2\/media?parent=717"}],"wp:term":[{"taxonomy":"category","embeddable":true,"href":"https:\/\/www.spmar.com.br\/web\/wp-json\/wp\/v2\/categories?post=717"},{"taxonomy":"post_tag","embeddable":true,"href":"https:\/\/www.spmar.com.br\/web\/wp-json\/wp\/v2\/tags?post=717"}],"curies":[{"name":"wp","href":"https:\/\/api.w.org\/{rel}","templated":true}]}}