{"id":648,"date":"2017-11-17T12:17:37","date_gmt":"2017-11-17T14:17:37","guid":{"rendered":"http:\/\/spmar.crpweb.com.br\/?p=648"},"modified":"2017-11-21T15:18:00","modified_gmt":"2017-11-21T17:18:00","slug":"mais-de-500-mil-veiculos-deverao-usar-os-trechos-sul-e-leste-do-rodoanel-no-feriado-de-consciencia-negra","status":"publish","type":"post","link":"https:\/\/www.spmar.com.br\/web\/mais-de-500-mil-veiculos-deverao-usar-os-trechos-sul-e-leste-do-rodoanel-no-feriado-de-consciencia-negra\/","title":{"rendered":"Mais de 500 mil ve\u00edculos dever\u00e3o usar os Trechos Sul e Leste do Rodoanel no feriado de Consci\u00eancia Negra"},"content":{"rendered":"<p>Os Trechos Sul e Leste do Rodoanel Mario Covas dever\u00e3o receber cerca de 500 mil ve\u00edculos entre 17 e 20 de novembro, durante o feriado de Consci\u00eancia Negra. Desse total de tr\u00e1fego, 372 mil ve\u00edculos s\u00e3o esperados no Trecho Sul e outros 128 mil no Trecho Leste.<\/p>\n<p><em>\u201cAs sinaliza\u00e7\u00f5es e mensagens de aten\u00e7\u00e3o ser\u00e3o refor\u00e7adas por toda a extens\u00e3o dos trechos sob nossa responsabilidade durante o feriado\u201d, afirma Marcos Fonseca, diretor executivo da SPMAR.<\/em><\/p>\n<p>Aproximadamente 111 mil ve\u00edculos utilizar\u00e3o o Rodoanel para acessar as rodovias Anchieta e Imigrantes, no sentido litoral.<\/p>\n<p>Nos dias de maior movimento, ser\u00e1 implantada a opera\u00e7\u00e3o papa-fila com objetivo de agilizar a cobran\u00e7a de cupons de ped\u00e1gios, minimizando a forma\u00e7\u00e3o de filas na aproxima\u00e7\u00e3o da pra\u00e7a de ped\u00e1gio do km 70 \u2013 onde se concentra o maior volume de tr\u00e1fego em \u00e9pocas de feriados &#8211; que proporcionam o acesso \u00e0 Rodovia dos Imigrantes no sentido litoral.<\/p>\n<p><strong>Sugest\u00f5es de trajetos<\/strong><\/p>\n<p><strong>\u00d3tima op\u00e7\u00e3o de trajeto ao litoral &#8211;<\/strong> o Rodoanel pode ser um percurso mais r\u00e1pido e seguro para os motoristas que saem de diversos bairros e cidades da Regi\u00e3o Metropolitana de S\u00e3o Paulo em dire\u00e7\u00e3o ao litoral:<\/p>\n<p><strong>Para quem sai de Osasco, Carapicu\u00edba, Granja Vianna\/Cotia, Alphaville\/Barueri, Zona Oeste de S\u00e3o Paulo (Butant\u00e3, Pinheiros, Jaguar\u00e9, Vila Leopoldina, Perus, Pirituba, Rio Pequeno, entre outros)<\/strong> \u2013 pode utilizar os Trechos Oeste e Sul do Rodoanel com acesso pelas rodovias Anhanguera, dos Bandeirantes, Castelo Branco ou Raposo Tavares.<\/p>\n<p><strong>Para o motorista que sai de Embu, Tabo\u00e3o da Serra, Itapecerica da Serra, Zona Sul de S\u00e3o Paulo (Vila S\u00f4nia, Vila Andrade, Morumbi, Campo Limpo, Cap\u00e3o Redondo, Jardim S\u00e3o Luiz, entre outros)<\/strong> \u2013 pode usar o Trecho Sul do Rodoanel com acesso pela Rodovia R\u00e9gis Bittencourt.<\/p>\n<p><strong>Quem estiver nas cidades do ABC e Zona Leste de S\u00e3o Paulo (Itaim Paulista, Itaquera, S\u00e3o Matheus, Parque do Carmo, S\u00e3o Miguel, Sapopemba, entre outros)<\/strong> pode usar o Trecho Sul do Rodoanel com acesso pelo Complexo Jacu P\u00eassego\/ Avenida Papa Jo\u00e3o XXII em Mau\u00e1.<\/p>\n<p><strong>Para o motorista que sai de Mogi das Cruzes, Suzano, Itaquaquecetuba, Po\u00e1, Guarulhos, Aruj\u00e1, Ferraz de Vasconcelos em dire\u00e7\u00e3o ao litoral sul<\/strong>, pode usar o Trecho Leste do Rodoanel com acesso no km 205 da Rodovia Presidente Dutra, no km 36 da Ayrton Senna ou pela Rodovia Henrique Er\u00f3les (SP066).<\/p>\n<p><strong>Atendimento ao Motorista<\/strong><\/p>\n<p>O motorista que tiver alguma d\u00favida ou precisar de atendimento na via pode entrar em contato com a SPMAR pelo telefone 0800 774 88 77 ou por meio dos 192 telefones de emerg\u00eancias situados a cada quil\u00f4metro da rodovia. Estes servi\u00e7os s\u00e3o gratuitos e com funcionamento ininterrupto. Os usu\u00e1rios do Rodoanel tamb\u00e9m contam com quatro unidades do SAU (Servi\u00e7o de Atendimento ao Usu\u00e1rio), localizados nos quil\u00f4metros 41, 68, 102 e 121 para fazer uma pausa em sua viagem ou solicitar algum tipo de informa\u00e7\u00e3o ou atendimento. Os locais est\u00e3o equipados com banheiros, frald\u00e1rios e sala de espera com caf\u00e9 e \u00e1gua.<\/p>\n<p><strong>Melhores hor\u00e1rios para viajar<\/strong><\/p>\n<p><img fetchpriority=\"high\" decoding=\"async\" class=\"alignnone wp-image-661\" src=\"http:\/\/spmar.crpweb.com.br\/wp-content\/uploads\/2017\/11\/feriado2.png\" alt=\"\" width=\"330\" height=\"243\" srcset=\"https:\/\/www.spmar.com.br\/web\/wp-content\/uploads\/2017\/11\/feriado2.png 434w, https:\/\/www.spmar.com.br\/web\/wp-content\/uploads\/2017\/11\/feriado2-300x221.png 300w, https:\/\/www.spmar.com.br\/web\/wp-content\/uploads\/2017\/11\/feriado2-211x156.png 211w\" sizes=\"(max-width: 330px) 100vw, 330px\" \/><\/p>\n<p>&nbsp;<\/p>\n<p>&nbsp;<\/p>\n","protected":false},"excerpt":{"rendered":"<p>Os Trechos Sul e Leste do Rodoanel Mario Covas dever\u00e3o receber cerca de 500 mil ve\u00edculos entre 17 e 20 de novembro, durante o feriado de Consci\u00eancia Negra. Desse total de tr\u00e1fego, 372 mil ve\u00edculos s\u00e3o esperados no Trecho Sul e outros 128 mil no Trecho Leste. \u201cAs sinaliza\u00e7\u00f5es e mensagens de aten\u00e7\u00e3o ser\u00e3o refor\u00e7adas [&hellip;]<\/p>\n","protected":false},"author":1,"featured_media":292,"comment_status":"open","ping_status":"open","sticky":false,"template":"","format":"standard","meta":{"_acf_changed":false,"inline_featured_image":false,"_jetpack_memberships_contains_paid_content":false,"footnotes":""},"categories":[1],"tags":[],"class_list":["post-648","post","type-post","status-publish","format-standard","has-post-thumbnail","hentry","category-sem-categoria"],"acf":[],"yoast_head":"<!-- This site is optimized with the Yoast SEO plugin v27.4 - https:\/\/yoast.com\/product\/yoast-seo-wordpress\/ -->\n<title>Mais de 500 mil ve\u00edculos dever\u00e3o usar os Trechos Sul e Leste do Rodoanel no feriado de Consci\u00eancia Negra - Somos o caminho que te conecta ao que mais importa!<\/title>\n<meta name=\"robots\" content=\"index, follow, max-snippet:-1, max-image-preview:large, max-video-preview:-1\" \/>\n<link rel=\"canonical\" href=\"https:\/\/www.spmar.com.br\/web\/mais-de-500-mil-veiculos-deverao-usar-os-trechos-sul-e-leste-do-rodoanel-no-feriado-de-consciencia-negra\/\" \/>\n<meta property=\"og:locale\" content=\"pt_BR\" \/>\n<meta property=\"og:type\" content=\"article\" \/>\n<meta property=\"og:title\" content=\"Mais de 500 mil ve\u00edculos dever\u00e3o usar os Trechos Sul e Leste do Rodoanel no feriado de Consci\u00eancia Negra - Somos o caminho que te conecta ao que mais importa!\" \/>\n<meta property=\"og:description\" content=\"Os Trechos Sul e Leste do Rodoanel Mario Covas dever\u00e3o receber cerca de 500 mil ve\u00edculos entre 17 e 20 de novembro, durante o feriado de Consci\u00eancia Negra. Desse total de tr\u00e1fego, 372 mil ve\u00edculos s\u00e3o esperados no Trecho Sul e outros 128 mil no Trecho Leste. \u201cAs sinaliza\u00e7\u00f5es e mensagens de aten\u00e7\u00e3o ser\u00e3o refor\u00e7adas [&hellip;]\" \/>\n<meta property=\"og:url\" content=\"https:\/\/www.spmar.com.br\/web\/mais-de-500-mil-veiculos-deverao-usar-os-trechos-sul-e-leste-do-rodoanel-no-feriado-de-consciencia-negra\/\" \/>\n<meta property=\"og:site_name\" content=\"Somos o caminho que te conecta ao que mais importa!\" \/>\n<meta property=\"article:publisher\" content=\"https:\/\/www.facebook.com\/spmar.rodoanel\" \/>\n<meta property=\"article:published_time\" content=\"2017-11-17T14:17:37+00:00\" \/>\n<meta property=\"article:modified_time\" content=\"2017-11-21T17:18:00+00:00\" \/>\n<meta property=\"og:image\" content=\"https:\/\/www.spmar.com.br\/web\/wp-content\/uploads\/2016\/10\/thumb-noticia3-e1502283853216.jpg\" \/>\n\t<meta property=\"og:image:width\" content=\"360\" \/>\n\t<meta property=\"og:image:height\" content=\"200\" \/>\n\t<meta property=\"og:image:type\" content=\"image\/jpeg\" \/>\n<meta name=\"author\" content=\"uid_@spmar\" \/>\n<meta name=\"twitter:card\" content=\"summary_large_image\" \/>\n<meta name=\"twitter:label1\" content=\"Escrito por\" \/>\n\t<meta name=\"twitter:data1\" content=\"uid_@spmar\" \/>\n\t<meta name=\"twitter:label2\" content=\"Est. tempo de leitura\" \/>\n\t<meta name=\"twitter:data2\" content=\"3 minutos\" \/>\n<script type=\"application\/ld+json\" class=\"yoast-schema-graph\">{\"@context\":\"https:\\\/\\\/schema.org\",\"@graph\":[{\"@type\":\"Article\",\"@id\":\"https:\\\/\\\/www.spmar.com.br\\\/web\\\/mais-de-500-mil-veiculos-deverao-usar-os-trechos-sul-e-leste-do-rodoanel-no-feriado-de-consciencia-negra\\\/#article\",\"isPartOf\":{\"@id\":\"https:\\\/\\\/www.spmar.com.br\\\/web\\\/mais-de-500-mil-veiculos-deverao-usar-os-trechos-sul-e-leste-do-rodoanel-no-feriado-de-consciencia-negra\\\/\"},\"author\":{\"name\":\"uid_@spmar\",\"@id\":\"https:\\\/\\\/www.spmar.com.br\\\/web\\\/#\\\/schema\\\/person\\\/d197690c6bf9c79240a515310e6233b7\"},\"headline\":\"Mais de 500 mil ve\u00edculos dever\u00e3o usar os Trechos Sul e Leste do Rodoanel no feriado de Consci\u00eancia Negra\",\"datePublished\":\"2017-11-17T14:17:37+00:00\",\"dateModified\":\"2017-11-21T17:18:00+00:00\",\"mainEntityOfPage\":{\"@id\":\"https:\\\/\\\/www.spmar.com.br\\\/web\\\/mais-de-500-mil-veiculos-deverao-usar-os-trechos-sul-e-leste-do-rodoanel-no-feriado-de-consciencia-negra\\\/\"},\"wordCount\":544,\"commentCount\":0,\"publisher\":{\"@id\":\"https:\\\/\\\/www.spmar.com.br\\\/web\\\/#organization\"},\"image\":{\"@id\":\"https:\\\/\\\/www.spmar.com.br\\\/web\\\/mais-de-500-mil-veiculos-deverao-usar-os-trechos-sul-e-leste-do-rodoanel-no-feriado-de-consciencia-negra\\\/#primaryimage\"},\"thumbnailUrl\":\"https:\\\/\\\/www.spmar.com.br\\\/web\\\/wp-content\\\/uploads\\\/2016\\\/10\\\/thumb-noticia3-e1502283853216.jpg\",\"inLanguage\":\"pt-BR\",\"potentialAction\":[{\"@type\":\"CommentAction\",\"name\":\"Comment\",\"target\":[\"https:\\\/\\\/www.spmar.com.br\\\/web\\\/mais-de-500-mil-veiculos-deverao-usar-os-trechos-sul-e-leste-do-rodoanel-no-feriado-de-consciencia-negra\\\/#respond\"]}]},{\"@type\":\"WebPage\",\"@id\":\"https:\\\/\\\/www.spmar.com.br\\\/web\\\/mais-de-500-mil-veiculos-deverao-usar-os-trechos-sul-e-leste-do-rodoanel-no-feriado-de-consciencia-negra\\\/\",\"url\":\"https:\\\/\\\/www.spmar.com.br\\\/web\\\/mais-de-500-mil-veiculos-deverao-usar-os-trechos-sul-e-leste-do-rodoanel-no-feriado-de-consciencia-negra\\\/\",\"name\":\"Mais de 500 mil ve\u00edculos dever\u00e3o usar os Trechos Sul e Leste do Rodoanel no feriado de Consci\u00eancia Negra - Somos o caminho que te conecta ao que mais importa!\",\"isPartOf\":{\"@id\":\"https:\\\/\\\/www.spmar.com.br\\\/web\\\/#website\"},\"primaryImageOfPage\":{\"@id\":\"https:\\\/\\\/www.spmar.com.br\\\/web\\\/mais-de-500-mil-veiculos-deverao-usar-os-trechos-sul-e-leste-do-rodoanel-no-feriado-de-consciencia-negra\\\/#primaryimage\"},\"image\":{\"@id\":\"https:\\\/\\\/www.spmar.com.br\\\/web\\\/mais-de-500-mil-veiculos-deverao-usar-os-trechos-sul-e-leste-do-rodoanel-no-feriado-de-consciencia-negra\\\/#primaryimage\"},\"thumbnailUrl\":\"https:\\\/\\\/www.spmar.com.br\\\/web\\\/wp-content\\\/uploads\\\/2016\\\/10\\\/thumb-noticia3-e1502283853216.jpg\",\"datePublished\":\"2017-11-17T14:17:37+00:00\",\"dateModified\":\"2017-11-21T17:18:00+00:00\",\"breadcrumb\":{\"@id\":\"https:\\\/\\\/www.spmar.com.br\\\/web\\\/mais-de-500-mil-veiculos-deverao-usar-os-trechos-sul-e-leste-do-rodoanel-no-feriado-de-consciencia-negra\\\/#breadcrumb\"},\"inLanguage\":\"pt-BR\",\"potentialAction\":[{\"@type\":\"ReadAction\",\"target\":[\"https:\\\/\\\/www.spmar.com.br\\\/web\\\/mais-de-500-mil-veiculos-deverao-usar-os-trechos-sul-e-leste-do-rodoanel-no-feriado-de-consciencia-negra\\\/\"]}]},{\"@type\":\"ImageObject\",\"inLanguage\":\"pt-BR\",\"@id\":\"https:\\\/\\\/www.spmar.com.br\\\/web\\\/mais-de-500-mil-veiculos-deverao-usar-os-trechos-sul-e-leste-do-rodoanel-no-feriado-de-consciencia-negra\\\/#primaryimage\",\"url\":\"https:\\\/\\\/www.spmar.com.br\\\/web\\\/wp-content\\\/uploads\\\/2016\\\/10\\\/thumb-noticia3-e1502283853216.jpg\",\"contentUrl\":\"https:\\\/\\\/www.spmar.com.br\\\/web\\\/wp-content\\\/uploads\\\/2016\\\/10\\\/thumb-noticia3-e1502283853216.jpg\",\"width\":360,\"height\":200},{\"@type\":\"BreadcrumbList\",\"@id\":\"https:\\\/\\\/www.spmar.com.br\\\/web\\\/mais-de-500-mil-veiculos-deverao-usar-os-trechos-sul-e-leste-do-rodoanel-no-feriado-de-consciencia-negra\\\/#breadcrumb\",\"itemListElement\":[{\"@type\":\"ListItem\",\"position\":1,\"name\":\"Home\",\"item\":\"https:\\\/\\\/www.spmar.com.br\\\/web\\\/\"},{\"@type\":\"ListItem\",\"position\":2,\"name\":\"Mais de 500 mil ve\u00edculos dever\u00e3o usar os Trechos Sul e Leste do Rodoanel no feriado de Consci\u00eancia Negra\"}]},{\"@type\":\"WebSite\",\"@id\":\"https:\\\/\\\/www.spmar.com.br\\\/web\\\/#website\",\"url\":\"https:\\\/\\\/www.spmar.com.br\\\/web\\\/\",\"name\":\"SPMAR\",\"description\":\"A Concession\u00e1ria SPMAR atua na administra\u00e7\u00e3o dos Trechos Sul e Leste do Rodoanel Mario Covas e, com isso,\u00e9 respons\u00e1vel pela gest\u00e3o de 76% do Rodoanel Metropolitano de S\u00e3o Paulo em opera\u00e7\u00e3o.\",\"publisher\":{\"@id\":\"https:\\\/\\\/www.spmar.com.br\\\/web\\\/#organization\"},\"potentialAction\":[{\"@type\":\"SearchAction\",\"target\":{\"@type\":\"EntryPoint\",\"urlTemplate\":\"https:\\\/\\\/www.spmar.com.br\\\/web\\\/?s={search_term_string}\"},\"query-input\":{\"@type\":\"PropertyValueSpecification\",\"valueRequired\":true,\"valueName\":\"search_term_string\"}}],\"inLanguage\":\"pt-BR\"},{\"@type\":\"Organization\",\"@id\":\"https:\\\/\\\/www.spmar.com.br\\\/web\\\/#organization\",\"name\":\"Concession\u00e1ria SPMAR\",\"url\":\"https:\\\/\\\/www.spmar.com.br\\\/web\\\/\",\"logo\":{\"@type\":\"ImageObject\",\"inLanguage\":\"pt-BR\",\"@id\":\"https:\\\/\\\/www.spmar.com.br\\\/web\\\/#\\\/schema\\\/logo\\\/image\\\/\",\"url\":\"https:\\\/\\\/www.spmar.com.br\\\/web\\\/wp-content\\\/uploads\\\/2017\\\/11\\\/logo_H.jpg\",\"contentUrl\":\"https:\\\/\\\/www.spmar.com.br\\\/web\\\/wp-content\\\/uploads\\\/2017\\\/11\\\/logo_H.jpg\",\"width\":448,\"height\":97,\"caption\":\"Concession\u00e1ria SPMAR\"},\"image\":{\"@id\":\"https:\\\/\\\/www.spmar.com.br\\\/web\\\/#\\\/schema\\\/logo\\\/image\\\/\"},\"sameAs\":[\"https:\\\/\\\/www.facebook.com\\\/spmar.rodoanel\",\"https:\\\/\\\/www.linkedin.com\\\/company\\\/spmarbr\\\/\",\"https:\\\/\\\/www.instagram.com\\\/spmarbr\\\/\"]},{\"@type\":\"Person\",\"@id\":\"https:\\\/\\\/www.spmar.com.br\\\/web\\\/#\\\/schema\\\/person\\\/d197690c6bf9c79240a515310e6233b7\",\"name\":\"uid_@spmar\",\"image\":{\"@type\":\"ImageObject\",\"inLanguage\":\"pt-BR\",\"@id\":\"https:\\\/\\\/www.spmar.com.br\\\/web\\\/wp-content\\\/litespeed\\\/avatar\\\/1d9f8aa10c469a2a6a9fbe6d3ba9a648.jpg?ver=1777045609\",\"url\":\"https:\\\/\\\/www.spmar.com.br\\\/web\\\/wp-content\\\/litespeed\\\/avatar\\\/1d9f8aa10c469a2a6a9fbe6d3ba9a648.jpg?ver=1777045609\",\"contentUrl\":\"https:\\\/\\\/www.spmar.com.br\\\/web\\\/wp-content\\\/litespeed\\\/avatar\\\/1d9f8aa10c469a2a6a9fbe6d3ba9a648.jpg?ver=1777045609\",\"caption\":\"uid_@spmar\"},\"url\":\"https:\\\/\\\/www.spmar.com.br\\\/web\\\/author\\\/uid_spmar\\\/\"}]}<\/script>\n<!-- \/ Yoast SEO plugin. -->","yoast_head_json":{"title":"Mais de 500 mil ve\u00edculos dever\u00e3o usar os Trechos Sul e Leste do Rodoanel no feriado de Consci\u00eancia Negra - Somos o caminho que te conecta ao que mais importa!","robots":{"index":"index","follow":"follow","max-snippet":"max-snippet:-1","max-image-preview":"max-image-preview:large","max-video-preview":"max-video-preview:-1"},"canonical":"https:\/\/www.spmar.com.br\/web\/mais-de-500-mil-veiculos-deverao-usar-os-trechos-sul-e-leste-do-rodoanel-no-feriado-de-consciencia-negra\/","og_locale":"pt_BR","og_type":"article","og_title":"Mais de 500 mil ve\u00edculos dever\u00e3o usar os Trechos Sul e Leste do Rodoanel no feriado de Consci\u00eancia Negra - Somos o caminho que te conecta ao que mais importa!","og_description":"Os Trechos Sul e Leste do Rodoanel Mario Covas dever\u00e3o receber cerca de 500 mil ve\u00edculos entre 17 e 20 de novembro, durante o feriado de Consci\u00eancia Negra. Desse total de tr\u00e1fego, 372 mil ve\u00edculos s\u00e3o esperados no Trecho Sul e outros 128 mil no Trecho Leste. \u201cAs sinaliza\u00e7\u00f5es e mensagens de aten\u00e7\u00e3o ser\u00e3o refor\u00e7adas [&hellip;]","og_url":"https:\/\/www.spmar.com.br\/web\/mais-de-500-mil-veiculos-deverao-usar-os-trechos-sul-e-leste-do-rodoanel-no-feriado-de-consciencia-negra\/","og_site_name":"Somos o caminho que te conecta ao que mais importa!","article_publisher":"https:\/\/www.facebook.com\/spmar.rodoanel","article_published_time":"2017-11-17T14:17:37+00:00","article_modified_time":"2017-11-21T17:18:00+00:00","og_image":[{"width":360,"height":200,"url":"https:\/\/www.spmar.com.br\/web\/wp-content\/uploads\/2016\/10\/thumb-noticia3-e1502283853216.jpg","type":"image\/jpeg"}],"author":"uid_@spmar","twitter_card":"summary_large_image","twitter_misc":{"Escrito por":"uid_@spmar","Est. tempo de leitura":"3 minutos"},"schema":{"@context":"https:\/\/schema.org","@graph":[{"@type":"Article","@id":"https:\/\/www.spmar.com.br\/web\/mais-de-500-mil-veiculos-deverao-usar-os-trechos-sul-e-leste-do-rodoanel-no-feriado-de-consciencia-negra\/#article","isPartOf":{"@id":"https:\/\/www.spmar.com.br\/web\/mais-de-500-mil-veiculos-deverao-usar-os-trechos-sul-e-leste-do-rodoanel-no-feriado-de-consciencia-negra\/"},"author":{"name":"uid_@spmar","@id":"https:\/\/www.spmar.com.br\/web\/#\/schema\/person\/d197690c6bf9c79240a515310e6233b7"},"headline":"Mais de 500 mil ve\u00edculos dever\u00e3o usar os Trechos Sul e Leste do Rodoanel no feriado de Consci\u00eancia Negra","datePublished":"2017-11-17T14:17:37+00:00","dateModified":"2017-11-21T17:18:00+00:00","mainEntityOfPage":{"@id":"https:\/\/www.spmar.com.br\/web\/mais-de-500-mil-veiculos-deverao-usar-os-trechos-sul-e-leste-do-rodoanel-no-feriado-de-consciencia-negra\/"},"wordCount":544,"commentCount":0,"publisher":{"@id":"https:\/\/www.spmar.com.br\/web\/#organization"},"image":{"@id":"https:\/\/www.spmar.com.br\/web\/mais-de-500-mil-veiculos-deverao-usar-os-trechos-sul-e-leste-do-rodoanel-no-feriado-de-consciencia-negra\/#primaryimage"},"thumbnailUrl":"https:\/\/www.spmar.com.br\/web\/wp-content\/uploads\/2016\/10\/thumb-noticia3-e1502283853216.jpg","inLanguage":"pt-BR","potentialAction":[{"@type":"CommentAction","name":"Comment","target":["https:\/\/www.spmar.com.br\/web\/mais-de-500-mil-veiculos-deverao-usar-os-trechos-sul-e-leste-do-rodoanel-no-feriado-de-consciencia-negra\/#respond"]}]},{"@type":"WebPage","@id":"https:\/\/www.spmar.com.br\/web\/mais-de-500-mil-veiculos-deverao-usar-os-trechos-sul-e-leste-do-rodoanel-no-feriado-de-consciencia-negra\/","url":"https:\/\/www.spmar.com.br\/web\/mais-de-500-mil-veiculos-deverao-usar-os-trechos-sul-e-leste-do-rodoanel-no-feriado-de-consciencia-negra\/","name":"Mais de 500 mil ve\u00edculos dever\u00e3o usar os Trechos Sul e Leste do Rodoanel no feriado de Consci\u00eancia Negra - Somos o caminho que te conecta ao que mais importa!","isPartOf":{"@id":"https:\/\/www.spmar.com.br\/web\/#website"},"primaryImageOfPage":{"@id":"https:\/\/www.spmar.com.br\/web\/mais-de-500-mil-veiculos-deverao-usar-os-trechos-sul-e-leste-do-rodoanel-no-feriado-de-consciencia-negra\/#primaryimage"},"image":{"@id":"https:\/\/www.spmar.com.br\/web\/mais-de-500-mil-veiculos-deverao-usar-os-trechos-sul-e-leste-do-rodoanel-no-feriado-de-consciencia-negra\/#primaryimage"},"thumbnailUrl":"https:\/\/www.spmar.com.br\/web\/wp-content\/uploads\/2016\/10\/thumb-noticia3-e1502283853216.jpg","datePublished":"2017-11-17T14:17:37+00:00","dateModified":"2017-11-21T17:18:00+00:00","breadcrumb":{"@id":"https:\/\/www.spmar.com.br\/web\/mais-de-500-mil-veiculos-deverao-usar-os-trechos-sul-e-leste-do-rodoanel-no-feriado-de-consciencia-negra\/#breadcrumb"},"inLanguage":"pt-BR","potentialAction":[{"@type":"ReadAction","target":["https:\/\/www.spmar.com.br\/web\/mais-de-500-mil-veiculos-deverao-usar-os-trechos-sul-e-leste-do-rodoanel-no-feriado-de-consciencia-negra\/"]}]},{"@type":"ImageObject","inLanguage":"pt-BR","@id":"https:\/\/www.spmar.com.br\/web\/mais-de-500-mil-veiculos-deverao-usar-os-trechos-sul-e-leste-do-rodoanel-no-feriado-de-consciencia-negra\/#primaryimage","url":"https:\/\/www.spmar.com.br\/web\/wp-content\/uploads\/2016\/10\/thumb-noticia3-e1502283853216.jpg","contentUrl":"https:\/\/www.spmar.com.br\/web\/wp-content\/uploads\/2016\/10\/thumb-noticia3-e1502283853216.jpg","width":360,"height":200},{"@type":"BreadcrumbList","@id":"https:\/\/www.spmar.com.br\/web\/mais-de-500-mil-veiculos-deverao-usar-os-trechos-sul-e-leste-do-rodoanel-no-feriado-de-consciencia-negra\/#breadcrumb","itemListElement":[{"@type":"ListItem","position":1,"name":"Home","item":"https:\/\/www.spmar.com.br\/web\/"},{"@type":"ListItem","position":2,"name":"Mais de 500 mil ve\u00edculos dever\u00e3o usar os Trechos Sul e Leste do Rodoanel no feriado de Consci\u00eancia Negra"}]},{"@type":"WebSite","@id":"https:\/\/www.spmar.com.br\/web\/#website","url":"https:\/\/www.spmar.com.br\/web\/","name":"SPMAR","description":"A Concession\u00e1ria SPMAR atua na administra\u00e7\u00e3o dos Trechos Sul e Leste do Rodoanel Mario Covas e, com isso,\u00e9 respons\u00e1vel pela gest\u00e3o de 76% do Rodoanel Metropolitano de S\u00e3o Paulo em opera\u00e7\u00e3o.","publisher":{"@id":"https:\/\/www.spmar.com.br\/web\/#organization"},"potentialAction":[{"@type":"SearchAction","target":{"@type":"EntryPoint","urlTemplate":"https:\/\/www.spmar.com.br\/web\/?s={search_term_string}"},"query-input":{"@type":"PropertyValueSpecification","valueRequired":true,"valueName":"search_term_string"}}],"inLanguage":"pt-BR"},{"@type":"Organization","@id":"https:\/\/www.spmar.com.br\/web\/#organization","name":"Concession\u00e1ria SPMAR","url":"https:\/\/www.spmar.com.br\/web\/","logo":{"@type":"ImageObject","inLanguage":"pt-BR","@id":"https:\/\/www.spmar.com.br\/web\/#\/schema\/logo\/image\/","url":"https:\/\/www.spmar.com.br\/web\/wp-content\/uploads\/2017\/11\/logo_H.jpg","contentUrl":"https:\/\/www.spmar.com.br\/web\/wp-content\/uploads\/2017\/11\/logo_H.jpg","width":448,"height":97,"caption":"Concession\u00e1ria SPMAR"},"image":{"@id":"https:\/\/www.spmar.com.br\/web\/#\/schema\/logo\/image\/"},"sameAs":["https:\/\/www.facebook.com\/spmar.rodoanel","https:\/\/www.linkedin.com\/company\/spmarbr\/","https:\/\/www.instagram.com\/spmarbr\/"]},{"@type":"Person","@id":"https:\/\/www.spmar.com.br\/web\/#\/schema\/person\/d197690c6bf9c79240a515310e6233b7","name":"uid_@spmar","image":{"@type":"ImageObject","inLanguage":"pt-BR","@id":"https:\/\/www.spmar.com.br\/web\/wp-content\/litespeed\/avatar\/1d9f8aa10c469a2a6a9fbe6d3ba9a648.jpg?ver=1777045609","url":"https:\/\/www.spmar.com.br\/web\/wp-content\/litespeed\/avatar\/1d9f8aa10c469a2a6a9fbe6d3ba9a648.jpg?ver=1777045609","contentUrl":"https:\/\/www.spmar.com.br\/web\/wp-content\/litespeed\/avatar\/1d9f8aa10c469a2a6a9fbe6d3ba9a648.jpg?ver=1777045609","caption":"uid_@spmar"},"url":"https:\/\/www.spmar.com.br\/web\/author\/uid_spmar\/"}]}},"jetpack_featured_media_url":"https:\/\/www.spmar.com.br\/web\/wp-content\/uploads\/2016\/10\/thumb-noticia3-e1502283853216.jpg","jetpack_sharing_enabled":true,"_links":{"self":[{"href":"https:\/\/www.spmar.com.br\/web\/wp-json\/wp\/v2\/posts\/648","targetHints":{"allow":["GET"]}}],"collection":[{"href":"https:\/\/www.spmar.com.br\/web\/wp-json\/wp\/v2\/posts"}],"about":[{"href":"https:\/\/www.spmar.com.br\/web\/wp-json\/wp\/v2\/types\/post"}],"author":[{"embeddable":true,"href":"https:\/\/www.spmar.com.br\/web\/wp-json\/wp\/v2\/users\/1"}],"replies":[{"embeddable":true,"href":"https:\/\/www.spmar.com.br\/web\/wp-json\/wp\/v2\/comments?post=648"}],"version-history":[{"count":12,"href":"https:\/\/www.spmar.com.br\/web\/wp-json\/wp\/v2\/posts\/648\/revisions"}],"predecessor-version":[{"id":663,"href":"https:\/\/www.spmar.com.br\/web\/wp-json\/wp\/v2\/posts\/648\/revisions\/663"}],"wp:featuredmedia":[{"embeddable":true,"href":"https:\/\/www.spmar.com.br\/web\/wp-json\/wp\/v2\/media\/292"}],"wp:attachment":[{"href":"https:\/\/www.spmar.com.br\/web\/wp-json\/wp\/v2\/media?parent=648"}],"wp:term":[{"taxonomy":"category","embeddable":true,"href":"https:\/\/www.spmar.com.br\/web\/wp-json\/wp\/v2\/categories?post=648"},{"taxonomy":"post_tag","embeddable":true,"href":"https:\/\/www.spmar.com.br\/web\/wp-json\/wp\/v2\/tags?post=648"}],"curies":[{"name":"wp","href":"https:\/\/api.w.org\/{rel}","templated":true}]}}