{"id":6166,"date":"2026-09-03T10:16:57","date_gmt":"2026-09-03T13:16:57","guid":{"rendered":"https:\/\/www.spmar.com.br\/web\/?p=6166"},"modified":"2026-09-03T10:16:58","modified_gmt":"2026-09-03T13:16:58","slug":"feriado-da-independencia-spmar-espera-mais-de-800-mil-veiculos-no-rodoanel","status":"publish","type":"post","link":"https:\/\/www.spmar.com.br\/web\/feriado-da-independencia-spmar-espera-mais-de-800-mil-veiculos-no-rodoanel\/","title":{"rendered":"Feriado da Independ\u00eancia: SPMAR espera mais de 800 mil ve\u00edculos no Rodoanel"},"content":{"rendered":"\n<p class=\"wp-block-paragraph\">O feriado de Independ\u00eancia, entre os dias 04 e 08 de setembro, tem expectativa de grande movimenta\u00e7\u00e3o nos trechos Sul e Leste do Rodoanel Mario Covas, segundo prev\u00ea a concession\u00e1ria SPMar. No per\u00edodo s\u00e3o esperando mais de 809 mil ve\u00edculos, sendo 566.300 no trecho Sul e outros 242.700 pelo trecho Leste.<\/p>\n\n\n\n<p class=\"wp-block-paragraph\">Os melhores hor\u00e1rios para viajar, segundo a SPMAR, s\u00e3o:<\/p>\n\n\n\n<pre class=\"wp-block-code\"><code>    Sexta-feira: antes 8h e depois das 20h;\n    S\u00e1bado: antes 8h e depois das 14h;\n    Domingo: antes das 8h e depois das 13h;\n    Segunda-feira: antes das 8h e depois das 20h.\n    Ter\u00e7a-feira: antes 8h e depois das 20h; <\/code><\/pre>\n\n\n\n<p class=\"wp-block-paragraph\">Fa\u00e7a a revis\u00e3o preventiva &#8211; Com a previs\u00e3o de queda de temperatura no feriado \u00e9 importante que o motorista tenha bastante aten\u00e7\u00e3o ao pegar a estrada, sendo fundamental que fa\u00e7a a verifica\u00e7\u00e3o de itens essenciais de seguran\u00e7a como bateria, far\u00f3is, lanternas e limpadores de para-brisa. Em caso de chuva, esses itens garantem a visibilidade e a seguran\u00e7a de todos\u201d como informa Andrew Aquino, gerente de opera\u00e7\u00e3o da SPMAR: \u201cA seguran\u00e7a come\u00e7a antes mesmo de entrar na rodovia. O motorista precisa estar descansado, verificar as condi\u00e7\u00f5es do ve\u00edculo e ter consci\u00eancia de que \u00e1lcool e dire\u00e7\u00e3o n\u00e3o combinam. Ao volante, a aten\u00e7\u00e3o deve estar totalmente voltada ao tr\u00e2nsito, sem distra\u00e7\u00f5es, principalmente o manuseio do celular. S\u00e3o atitudes simples que podem evitar acidentes e salvar vidas.\u201d<\/p>\n\n\n\n<p class=\"wp-block-paragraph\">Em caso de chuva durante o trajeto, o especialista da SPMAR enfatiza a necessidade de uma condu\u00e7\u00e3o segura: \u201cReduza a velocidade, mantenha uma dist\u00e2ncia segura do ve\u00edculo da frente, evite ultrapassagens, mudan\u00e7as de faixa e manobras bruscas. O uso do farol baixo \u00e9 obrigat\u00f3rio, mesmo durante o dia\u201d, afirma Aquino.<\/p>\n\n\n\n<p class=\"wp-block-paragraph\">Ao longo da rodovia, 20 Pain\u00e9is de Mensagens Vari\u00e1veis (PMVs) exibir\u00e3o mensagens municiando os motoristas das condi\u00e7\u00f5es vi\u00e1rias \u00e0 frente.<\/p>\n\n\n\n<p class=\"wp-block-paragraph\">Apoio ao motorista &#8211; A SPMAR conta com 25 viaturas de apoio, entre elas: 5 ambul\u00e2ncias, 8 guinchos (leves e pesados), 05 ve\u00edculos de inspe\u00e7\u00e3o e supervis\u00e3o de tr\u00e1fego, 1 caminh\u00e3o de combate a princ\u00edpio de inc\u00eandio e 1 caminh\u00e3o de resgate de animais. Nesse per\u00edodo n\u00e3o haver\u00e1 o transporte de cargas especiais na rodovia.<\/p>\n\n\n\n<p class=\"wp-block-paragraph\">Caso necessite de algum apoio emergencial, o motorista tem \u00e0 disposi\u00e7\u00e3o uma equipe preparada para atend\u00ea-lo 24 horas por dia. Para atendimento na via, o usu\u00e1rio pode entrar em contato com a SPMAR pelo 0800 774 88 77 ou por meio dos 192 telefones de emerg\u00eancias situados a cada quilometro da rodovia. Estes servi\u00e7os s\u00e3o gratuitos e com funcionamento ininterrupto.<\/p>\n\n\n\n<p class=\"wp-block-paragraph\">Os Trechos Sul e Leste do Rodoanel tamb\u00e9m contam com quatro unidades do SAU (Servi\u00e7o de Atendimento ao Usu\u00e1rio), localizados nos quil\u00f4metros 41, 68, 102 e 121 no caso do usu\u00e1rio precisar para fazer uma pausa em sua viagem ou solicitar algum tipo de informa\u00e7\u00e3o ou atendimento. Os locais est\u00e3o equipados com banheiros, frald\u00e1rios, sala de espera e \u00e1gua pot\u00e1vel.<\/p>\n\n\n\n<p class=\"wp-block-paragraph\">SPMAR &#8211; A Concession\u00e1ria SPMAR atua na administra\u00e7\u00e3o dos Trechos Sul e Leste do Rodoanel Mario Covas, sendo respons\u00e1vel pela gest\u00e3o de 76% do Rodoanel Metropolitano de S\u00e3o Paulo em opera\u00e7\u00e3o.<\/p>\n\n\n\n<p class=\"wp-block-paragraph\">Trecho Sul &#8211; do km 30 ao km 86 do Rodoanel Mario Covas, liga os Trechos Leste e Oeste do Rodoanel. O Trecho Sul tem acesso pelas rodovias R\u00e9gis Bittencourt (entroncamento com o Trecho Oeste) no km 30; Imigrantes no km 70 e Anchieta no km 75, al\u00e9m da Av. Papa Jo\u00e3o XXIII, em Mau\u00e1, no km 86.<\/p>\n\n\n\n<p class=\"wp-block-paragraph\">Trecho Leste &#8211; do km 86 ao km 130 do Rodoanel Mario Covas, liga os Trecho Sul \u00e0 Rodovia Presidente Dutra. O Trecho Leste tem acesso pela via de liga\u00e7\u00e3o com a Av. Papa Jo\u00e3o XXIII, em Mau\u00e1, no km 86; pela Rodovia Henrique Er\u00f3les &#8211; SP066 (km 115, em Suzano); pela Rodovia Ayrton Senna &#8211; SP070 (km 124 em Itaquaquecetuba) e pela Rodovia Presidente Dutra &#8211; BR116 (km 130 em Aruj\u00e1).<\/p>\n","protected":false},"excerpt":{"rendered":"<p>O feriado de Independ\u00eancia, entre os dias 04 e 08 de setembro, tem expectativa de grande movimenta\u00e7\u00e3o nos trechos Sul e Leste do Rodoanel Mario Covas, segundo prev\u00ea a concession\u00e1ria SPMar. No per\u00edodo s\u00e3o esperando mais de 809 mil ve\u00edculos, sendo 566.300 no trecho Sul e outros 242.700 pelo trecho Leste. Os melhores hor\u00e1rios para [&hellip;]<\/p>\n","protected":false},"author":7,"featured_media":6167,"comment_status":"open","ping_status":"open","sticky":false,"template":"","format":"standard","meta":{"_acf_changed":false,"inline_featured_image":false,"_jetpack_newsletter_access":"","_jetpack_dont_email_post_to_subs":false,"_jetpack_newsletter_tier_id":0,"_jetpack_memberships_contains_paywalled_content":false,"_jetpack_feature_clip_id":0,"_jetpack_memberships_contains_paid_content":false,"footnotes":"","jetpack_post_was_ever_published":false},"categories":[70,66],"tags":[],"class_list":["post-6166","post","type-post","status-publish","format-standard","has-post-thumbnail","hentry","category-operacoes","category-trafego"],"acf":[],"yoast_head":"<!-- This site is optimized with the Yoast SEO plugin v28.4 - https:\/\/yoast.com\/product\/yoast-seo-wordpress\/ -->\n<title>Feriado da Independ\u00eancia: SPMAR espera mais de 800 mil ve\u00edculos no Rodoanel - Somos o caminho que te conecta ao que mais importa!<\/title>\n<meta name=\"robots\" content=\"index, follow, max-snippet:-1, max-image-preview:large, max-video-preview:-1\" \/>\n<link rel=\"canonical\" href=\"https:\/\/www.spmar.com.br\/web\/feriado-da-independencia-spmar-espera-mais-de-800-mil-veiculos-no-rodoanel\/\" \/>\n<meta property=\"og:locale\" content=\"pt_BR\" \/>\n<meta property=\"og:type\" content=\"article\" \/>\n<meta property=\"og:title\" content=\"Feriado da Independ\u00eancia: SPMAR espera mais de 800 mil ve\u00edculos no Rodoanel - Somos o caminho que te conecta ao que mais importa!\" \/>\n<meta property=\"og:description\" content=\"O feriado de Independ\u00eancia, entre os dias 04 e 08 de setembro, tem expectativa de grande movimenta\u00e7\u00e3o nos trechos Sul e Leste do Rodoanel Mario Covas, segundo prev\u00ea a concession\u00e1ria SPMar. No per\u00edodo s\u00e3o esperando mais de 809 mil ve\u00edculos, sendo 566.300 no trecho Sul e outros 242.700 pelo trecho Leste. Os melhores hor\u00e1rios para [&hellip;]\" \/>\n<meta property=\"og:url\" content=\"https:\/\/www.spmar.com.br\/web\/feriado-da-independencia-spmar-espera-mais-de-800-mil-veiculos-no-rodoanel\/\" \/>\n<meta property=\"og:site_name\" content=\"Somos o caminho que te conecta ao que mais importa!\" \/>\n<meta property=\"article:publisher\" content=\"https:\/\/www.facebook.com\/spmar.rodoanel\" \/>\n<meta property=\"article:published_time\" content=\"2026-09-03T13:16:57+00:00\" \/>\n<meta property=\"article:modified_time\" content=\"2026-09-03T13:16:58+00:00\" \/>\n<meta property=\"og:image\" content=\"https:\/\/www.spmar.com.br\/web\/wp-content\/uploads\/2026\/09\/WhatsApp-Image-2026-09-03-at-10.10.32-e1788441392537.jpeg\" \/>\n\t<meta property=\"og:image:width\" content=\"1600\" \/>\n\t<meta property=\"og:image:height\" content=\"940\" \/>\n\t<meta property=\"og:image:type\" content=\"image\/jpeg\" \/>\n<meta name=\"author\" content=\"Gabriela Lopes\" \/>\n<meta name=\"twitter:card\" content=\"summary_large_image\" \/>\n<meta name=\"twitter:label1\" content=\"Escrito por\" \/>\n\t<meta name=\"twitter:data1\" content=\"Gabriela Lopes\" \/>\n\t<meta name=\"twitter:label2\" content=\"Est. tempo de leitura\" \/>\n\t<meta name=\"twitter:data2\" content=\"4 minutos\" \/>\n<script type=\"application\/ld+json\" class=\"yoast-schema-graph\">{\"@context\":\"https:\\\/\\\/schema.org\",\"@graph\":[{\"@type\":\"Article\",\"@id\":\"https:\\\/\\\/www.spmar.com.br\\\/web\\\/feriado-da-independencia-spmar-espera-mais-de-800-mil-veiculos-no-rodoanel\\\/#article\",\"isPartOf\":{\"@id\":\"https:\\\/\\\/www.spmar.com.br\\\/web\\\/feriado-da-independencia-spmar-espera-mais-de-800-mil-veiculos-no-rodoanel\\\/\"},\"author\":{\"name\":\"Gabriela Lopes\",\"@id\":\"https:\\\/\\\/www.spmar.com.br\\\/web\\\/#\\\/schema\\\/person\\\/45d773c3f651fd6a556df5f507adabd7\"},\"headline\":\"Feriado da Independ\u00eancia: SPMAR espera mais de 800 mil ve\u00edculos no Rodoanel\",\"datePublished\":\"2026-09-03T13:16:57+00:00\",\"dateModified\":\"2026-09-03T13:16:58+00:00\",\"mainEntityOfPage\":{\"@id\":\"https:\\\/\\\/www.spmar.com.br\\\/web\\\/feriado-da-independencia-spmar-espera-mais-de-800-mil-veiculos-no-rodoanel\\\/\"},\"wordCount\":640,\"commentCount\":0,\"publisher\":{\"@id\":\"https:\\\/\\\/www.spmar.com.br\\\/web\\\/#organization\"},\"image\":{\"@id\":\"https:\\\/\\\/www.spmar.com.br\\\/web\\\/feriado-da-independencia-spmar-espera-mais-de-800-mil-veiculos-no-rodoanel\\\/#primaryimage\"},\"thumbnailUrl\":\"https:\\\/\\\/www.spmar.com.br\\\/web\\\/wp-content\\\/uploads\\\/2026\\\/09\\\/WhatsApp-Image-2026-09-03-at-10.10.32-e1788441392537.jpeg\",\"articleSection\":[\"Opera\u00e7\u00f5es\",\"Tr\u00e1fego\"],\"inLanguage\":\"pt-BR\",\"potentialAction\":[{\"@type\":\"CommentAction\",\"name\":\"Comment\",\"target\":[\"https:\\\/\\\/www.spmar.com.br\\\/web\\\/feriado-da-independencia-spmar-espera-mais-de-800-mil-veiculos-no-rodoanel\\\/#respond\"]}]},{\"@type\":\"WebPage\",\"@id\":\"https:\\\/\\\/www.spmar.com.br\\\/web\\\/feriado-da-independencia-spmar-espera-mais-de-800-mil-veiculos-no-rodoanel\\\/\",\"url\":\"https:\\\/\\\/www.spmar.com.br\\\/web\\\/feriado-da-independencia-spmar-espera-mais-de-800-mil-veiculos-no-rodoanel\\\/\",\"name\":\"Feriado da Independ\u00eancia: SPMAR espera mais de 800 mil ve\u00edculos no Rodoanel - Somos o caminho que te conecta ao que mais importa!\",\"isPartOf\":{\"@id\":\"https:\\\/\\\/www.spmar.com.br\\\/web\\\/#website\"},\"primaryImageOfPage\":{\"@id\":\"https:\\\/\\\/www.spmar.com.br\\\/web\\\/feriado-da-independencia-spmar-espera-mais-de-800-mil-veiculos-no-rodoanel\\\/#primaryimage\"},\"image\":{\"@id\":\"https:\\\/\\\/www.spmar.com.br\\\/web\\\/feriado-da-independencia-spmar-espera-mais-de-800-mil-veiculos-no-rodoanel\\\/#primaryimage\"},\"thumbnailUrl\":\"https:\\\/\\\/www.spmar.com.br\\\/web\\\/wp-content\\\/uploads\\\/2026\\\/09\\\/WhatsApp-Image-2026-09-03-at-10.10.32-e1788441392537.jpeg\",\"datePublished\":\"2026-09-03T13:16:57+00:00\",\"dateModified\":\"2026-09-03T13:16:58+00:00\",\"breadcrumb\":{\"@id\":\"https:\\\/\\\/www.spmar.com.br\\\/web\\\/feriado-da-independencia-spmar-espera-mais-de-800-mil-veiculos-no-rodoanel\\\/#breadcrumb\"},\"inLanguage\":\"pt-BR\",\"potentialAction\":[{\"@type\":\"ReadAction\",\"target\":[\"https:\\\/\\\/www.spmar.com.br\\\/web\\\/feriado-da-independencia-spmar-espera-mais-de-800-mil-veiculos-no-rodoanel\\\/\"]}]},{\"@type\":\"ImageObject\",\"inLanguage\":\"pt-BR\",\"@id\":\"https:\\\/\\\/www.spmar.com.br\\\/web\\\/feriado-da-independencia-spmar-espera-mais-de-800-mil-veiculos-no-rodoanel\\\/#primaryimage\",\"url\":\"https:\\\/\\\/www.spmar.com.br\\\/web\\\/wp-content\\\/uploads\\\/2026\\\/09\\\/WhatsApp-Image-2026-09-03-at-10.10.32-e1788441392537.jpeg\",\"contentUrl\":\"https:\\\/\\\/www.spmar.com.br\\\/web\\\/wp-content\\\/uploads\\\/2026\\\/09\\\/WhatsApp-Image-2026-09-03-at-10.10.32-e1788441392537.jpeg\",\"width\":1600,\"height\":940},{\"@type\":\"BreadcrumbList\",\"@id\":\"https:\\\/\\\/www.spmar.com.br\\\/web\\\/feriado-da-independencia-spmar-espera-mais-de-800-mil-veiculos-no-rodoanel\\\/#breadcrumb\",\"itemListElement\":[{\"@type\":\"ListItem\",\"position\":1,\"name\":\"Home\",\"item\":\"https:\\\/\\\/www.spmar.com.br\\\/web\\\/\"},{\"@type\":\"ListItem\",\"position\":2,\"name\":\"Feriado da Independ\u00eancia: SPMAR espera mais de 800 mil ve\u00edculos no Rodoanel\"}]},{\"@type\":\"WebSite\",\"@id\":\"https:\\\/\\\/www.spmar.com.br\\\/web\\\/#website\",\"url\":\"https:\\\/\\\/www.spmar.com.br\\\/web\\\/\",\"name\":\"SPMAR\",\"description\":\"A Concession\u00e1ria SPMAR atua na administra\u00e7\u00e3o dos Trechos Sul e Leste do Rodoanel Mario Covas e, com isso,\u00e9 respons\u00e1vel pela gest\u00e3o de 76% do Rodoanel Metropolitano de S\u00e3o Paulo em opera\u00e7\u00e3o.\",\"publisher\":{\"@id\":\"https:\\\/\\\/www.spmar.com.br\\\/web\\\/#organization\"},\"potentialAction\":[{\"@type\":\"SearchAction\",\"target\":{\"@type\":\"EntryPoint\",\"urlTemplate\":\"https:\\\/\\\/www.spmar.com.br\\\/web\\\/?s={search_term_string}\"},\"query-input\":{\"@type\":\"PropertyValueSpecification\",\"valueRequired\":true,\"valueName\":\"search_term_string\"}}],\"inLanguage\":\"pt-BR\"},{\"@type\":\"Organization\",\"@id\":\"https:\\\/\\\/www.spmar.com.br\\\/web\\\/#organization\",\"name\":\"Concession\u00e1ria SPMAR\",\"url\":\"https:\\\/\\\/www.spmar.com.br\\\/web\\\/\",\"logo\":{\"@type\":\"ImageObject\",\"inLanguage\":\"pt-BR\",\"@id\":\"https:\\\/\\\/www.spmar.com.br\\\/web\\\/#\\\/schema\\\/logo\\\/image\\\/\",\"url\":\"https:\\\/\\\/www.spmar.com.br\\\/web\\\/wp-content\\\/uploads\\\/2017\\\/11\\\/logo_H.jpg\",\"contentUrl\":\"https:\\\/\\\/www.spmar.com.br\\\/web\\\/wp-content\\\/uploads\\\/2017\\\/11\\\/logo_H.jpg\",\"width\":448,\"height\":97,\"caption\":\"Concession\u00e1ria SPMAR\"},\"image\":{\"@id\":\"https:\\\/\\\/www.spmar.com.br\\\/web\\\/#\\\/schema\\\/logo\\\/image\\\/\"},\"sameAs\":[\"https:\\\/\\\/www.facebook.com\\\/spmar.rodoanel\",\"https:\\\/\\\/www.linkedin.com\\\/company\\\/spmarbr\\\/\",\"https:\\\/\\\/www.instagram.com\\\/spmarbr\\\/\"]},{\"@type\":\"Person\",\"@id\":\"https:\\\/\\\/www.spmar.com.br\\\/web\\\/#\\\/schema\\\/person\\\/45d773c3f651fd6a556df5f507adabd7\",\"name\":\"Gabriela Lopes\",\"image\":{\"@type\":\"ImageObject\",\"inLanguage\":\"pt-BR\",\"@id\":\"https:\\\/\\\/www.spmar.com.br\\\/web\\\/wp-content\\\/litespeed\\\/avatar\\\/0280229b2e4318152feaaf52b57f7e14.jpg?ver=1787937164\",\"url\":\"https:\\\/\\\/www.spmar.com.br\\\/web\\\/wp-content\\\/litespeed\\\/avatar\\\/0280229b2e4318152feaaf52b57f7e14.jpg?ver=1787937164\",\"contentUrl\":\"https:\\\/\\\/www.spmar.com.br\\\/web\\\/wp-content\\\/litespeed\\\/avatar\\\/0280229b2e4318152feaaf52b57f7e14.jpg?ver=1787937164\",\"caption\":\"Gabriela Lopes\"},\"url\":\"https:\\\/\\\/www.spmar.com.br\\\/web\\\/author\\\/gabriela\\\/\"}]}<\/script>\n<!-- \/ Yoast SEO plugin. -->","yoast_head_json":{"title":"Feriado da Independ\u00eancia: SPMAR espera mais de 800 mil ve\u00edculos no Rodoanel - Somos o caminho que te conecta ao que mais importa!","robots":{"index":"index","follow":"follow","max-snippet":"max-snippet:-1","max-image-preview":"max-image-preview:large","max-video-preview":"max-video-preview:-1"},"canonical":"https:\/\/www.spmar.com.br\/web\/feriado-da-independencia-spmar-espera-mais-de-800-mil-veiculos-no-rodoanel\/","og_locale":"pt_BR","og_type":"article","og_title":"Feriado da Independ\u00eancia: SPMAR espera mais de 800 mil ve\u00edculos no Rodoanel - Somos o caminho que te conecta ao que mais importa!","og_description":"O feriado de Independ\u00eancia, entre os dias 04 e 08 de setembro, tem expectativa de grande movimenta\u00e7\u00e3o nos trechos Sul e Leste do Rodoanel Mario Covas, segundo prev\u00ea a concession\u00e1ria SPMar. No per\u00edodo s\u00e3o esperando mais de 809 mil ve\u00edculos, sendo 566.300 no trecho Sul e outros 242.700 pelo trecho Leste. Os melhores hor\u00e1rios para [&hellip;]","og_url":"https:\/\/www.spmar.com.br\/web\/feriado-da-independencia-spmar-espera-mais-de-800-mil-veiculos-no-rodoanel\/","og_site_name":"Somos o caminho que te conecta ao que mais importa!","article_publisher":"https:\/\/www.facebook.com\/spmar.rodoanel","article_published_time":"2026-09-03T13:16:57+00:00","article_modified_time":"2026-09-03T13:16:58+00:00","og_image":[{"width":1600,"height":940,"url":"https:\/\/www.spmar.com.br\/web\/wp-content\/uploads\/2026\/09\/WhatsApp-Image-2026-09-03-at-10.10.32-e1788441392537.jpeg","type":"image\/jpeg"}],"author":"Gabriela Lopes","twitter_card":"summary_large_image","twitter_misc":{"Escrito por":"Gabriela Lopes","Est. tempo de leitura":"4 minutos"},"schema":{"@context":"https:\/\/schema.org","@graph":[{"@type":"Article","@id":"https:\/\/www.spmar.com.br\/web\/feriado-da-independencia-spmar-espera-mais-de-800-mil-veiculos-no-rodoanel\/#article","isPartOf":{"@id":"https:\/\/www.spmar.com.br\/web\/feriado-da-independencia-spmar-espera-mais-de-800-mil-veiculos-no-rodoanel\/"},"author":{"name":"Gabriela Lopes","@id":"https:\/\/www.spmar.com.br\/web\/#\/schema\/person\/45d773c3f651fd6a556df5f507adabd7"},"headline":"Feriado da Independ\u00eancia: SPMAR espera mais de 800 mil ve\u00edculos no Rodoanel","datePublished":"2026-09-03T13:16:57+00:00","dateModified":"2026-09-03T13:16:58+00:00","mainEntityOfPage":{"@id":"https:\/\/www.spmar.com.br\/web\/feriado-da-independencia-spmar-espera-mais-de-800-mil-veiculos-no-rodoanel\/"},"wordCount":640,"commentCount":0,"publisher":{"@id":"https:\/\/www.spmar.com.br\/web\/#organization"},"image":{"@id":"https:\/\/www.spmar.com.br\/web\/feriado-da-independencia-spmar-espera-mais-de-800-mil-veiculos-no-rodoanel\/#primaryimage"},"thumbnailUrl":"https:\/\/www.spmar.com.br\/web\/wp-content\/uploads\/2026\/09\/WhatsApp-Image-2026-09-03-at-10.10.32-e1788441392537.jpeg","articleSection":["Opera\u00e7\u00f5es","Tr\u00e1fego"],"inLanguage":"pt-BR","potentialAction":[{"@type":"CommentAction","name":"Comment","target":["https:\/\/www.spmar.com.br\/web\/feriado-da-independencia-spmar-espera-mais-de-800-mil-veiculos-no-rodoanel\/#respond"]}]},{"@type":"WebPage","@id":"https:\/\/www.spmar.com.br\/web\/feriado-da-independencia-spmar-espera-mais-de-800-mil-veiculos-no-rodoanel\/","url":"https:\/\/www.spmar.com.br\/web\/feriado-da-independencia-spmar-espera-mais-de-800-mil-veiculos-no-rodoanel\/","name":"Feriado da Independ\u00eancia: SPMAR espera mais de 800 mil ve\u00edculos no Rodoanel - Somos o caminho que te conecta ao que mais importa!","isPartOf":{"@id":"https:\/\/www.spmar.com.br\/web\/#website"},"primaryImageOfPage":{"@id":"https:\/\/www.spmar.com.br\/web\/feriado-da-independencia-spmar-espera-mais-de-800-mil-veiculos-no-rodoanel\/#primaryimage"},"image":{"@id":"https:\/\/www.spmar.com.br\/web\/feriado-da-independencia-spmar-espera-mais-de-800-mil-veiculos-no-rodoanel\/#primaryimage"},"thumbnailUrl":"https:\/\/www.spmar.com.br\/web\/wp-content\/uploads\/2026\/09\/WhatsApp-Image-2026-09-03-at-10.10.32-e1788441392537.jpeg","datePublished":"2026-09-03T13:16:57+00:00","dateModified":"2026-09-03T13:16:58+00:00","breadcrumb":{"@id":"https:\/\/www.spmar.com.br\/web\/feriado-da-independencia-spmar-espera-mais-de-800-mil-veiculos-no-rodoanel\/#breadcrumb"},"inLanguage":"pt-BR","potentialAction":[{"@type":"ReadAction","target":["https:\/\/www.spmar.com.br\/web\/feriado-da-independencia-spmar-espera-mais-de-800-mil-veiculos-no-rodoanel\/"]}]},{"@type":"ImageObject","inLanguage":"pt-BR","@id":"https:\/\/www.spmar.com.br\/web\/feriado-da-independencia-spmar-espera-mais-de-800-mil-veiculos-no-rodoanel\/#primaryimage","url":"https:\/\/www.spmar.com.br\/web\/wp-content\/uploads\/2026\/09\/WhatsApp-Image-2026-09-03-at-10.10.32-e1788441392537.jpeg","contentUrl":"https:\/\/www.spmar.com.br\/web\/wp-content\/uploads\/2026\/09\/WhatsApp-Image-2026-09-03-at-10.10.32-e1788441392537.jpeg","width":1600,"height":940},{"@type":"BreadcrumbList","@id":"https:\/\/www.spmar.com.br\/web\/feriado-da-independencia-spmar-espera-mais-de-800-mil-veiculos-no-rodoanel\/#breadcrumb","itemListElement":[{"@type":"ListItem","position":1,"name":"Home","item":"https:\/\/www.spmar.com.br\/web\/"},{"@type":"ListItem","position":2,"name":"Feriado da Independ\u00eancia: SPMAR espera mais de 800 mil ve\u00edculos no Rodoanel"}]},{"@type":"WebSite","@id":"https:\/\/www.spmar.com.br\/web\/#website","url":"https:\/\/www.spmar.com.br\/web\/","name":"SPMAR","description":"A Concession\u00e1ria SPMAR atua na administra\u00e7\u00e3o dos Trechos Sul e Leste do Rodoanel Mario Covas e, com isso,\u00e9 respons\u00e1vel pela gest\u00e3o de 76% do Rodoanel Metropolitano de S\u00e3o Paulo em opera\u00e7\u00e3o.","publisher":{"@id":"https:\/\/www.spmar.com.br\/web\/#organization"},"potentialAction":[{"@type":"SearchAction","target":{"@type":"EntryPoint","urlTemplate":"https:\/\/www.spmar.com.br\/web\/?s={search_term_string}"},"query-input":{"@type":"PropertyValueSpecification","valueRequired":true,"valueName":"search_term_string"}}],"inLanguage":"pt-BR"},{"@type":"Organization","@id":"https:\/\/www.spmar.com.br\/web\/#organization","name":"Concession\u00e1ria SPMAR","url":"https:\/\/www.spmar.com.br\/web\/","logo":{"@type":"ImageObject","inLanguage":"pt-BR","@id":"https:\/\/www.spmar.com.br\/web\/#\/schema\/logo\/image\/","url":"https:\/\/www.spmar.com.br\/web\/wp-content\/uploads\/2017\/11\/logo_H.jpg","contentUrl":"https:\/\/www.spmar.com.br\/web\/wp-content\/uploads\/2017\/11\/logo_H.jpg","width":448,"height":97,"caption":"Concession\u00e1ria SPMAR"},"image":{"@id":"https:\/\/www.spmar.com.br\/web\/#\/schema\/logo\/image\/"},"sameAs":["https:\/\/www.facebook.com\/spmar.rodoanel","https:\/\/www.linkedin.com\/company\/spmarbr\/","https:\/\/www.instagram.com\/spmarbr\/"]},{"@type":"Person","@id":"https:\/\/www.spmar.com.br\/web\/#\/schema\/person\/45d773c3f651fd6a556df5f507adabd7","name":"Gabriela Lopes","image":{"@type":"ImageObject","inLanguage":"pt-BR","@id":"https:\/\/www.spmar.com.br\/web\/wp-content\/litespeed\/avatar\/0280229b2e4318152feaaf52b57f7e14.jpg?ver=1787937164","url":"https:\/\/www.spmar.com.br\/web\/wp-content\/litespeed\/avatar\/0280229b2e4318152feaaf52b57f7e14.jpg?ver=1787937164","contentUrl":"https:\/\/www.spmar.com.br\/web\/wp-content\/litespeed\/avatar\/0280229b2e4318152feaaf52b57f7e14.jpg?ver=1787937164","caption":"Gabriela Lopes"},"url":"https:\/\/www.spmar.com.br\/web\/author\/gabriela\/"}]}},"jetpack_sharing_enabled":true,"jetpack_featured_media_url":"https:\/\/www.spmar.com.br\/web\/wp-content\/uploads\/2026\/09\/WhatsApp-Image-2026-09-03-at-10.10.32-e1788441392537.jpeg","_links":{"self":[{"href":"https:\/\/www.spmar.com.br\/web\/wp-json\/wp\/v2\/posts\/6166","targetHints":{"allow":["GET"]}}],"collection":[{"href":"https:\/\/www.spmar.com.br\/web\/wp-json\/wp\/v2\/posts"}],"about":[{"href":"https:\/\/www.spmar.com.br\/web\/wp-json\/wp\/v2\/types\/post"}],"author":[{"embeddable":true,"href":"https:\/\/www.spmar.com.br\/web\/wp-json\/wp\/v2\/users\/7"}],"replies":[{"embeddable":true,"href":"https:\/\/www.spmar.com.br\/web\/wp-json\/wp\/v2\/comments?post=6166"}],"version-history":[{"count":2,"href":"https:\/\/www.spmar.com.br\/web\/wp-json\/wp\/v2\/posts\/6166\/revisions"}],"predecessor-version":[{"id":6169,"href":"https:\/\/www.spmar.com.br\/web\/wp-json\/wp\/v2\/posts\/6166\/revisions\/6169"}],"wp:featuredmedia":[{"embeddable":true,"href":"https:\/\/www.spmar.com.br\/web\/wp-json\/wp\/v2\/media\/6167"}],"wp:attachment":[{"href":"https:\/\/www.spmar.com.br\/web\/wp-json\/wp\/v2\/media?parent=6166"}],"wp:term":[{"taxonomy":"category","embeddable":true,"href":"https:\/\/www.spmar.com.br\/web\/wp-json\/wp\/v2\/categories?post=6166"},{"taxonomy":"post_tag","embeddable":true,"href":"https:\/\/www.spmar.com.br\/web\/wp-json\/wp\/v2\/tags?post=6166"}],"curies":[{"name":"wp","href":"https:\/\/api.w.org\/{rel}","templated":true}]}}