{"id":6157,"date":"2026-09-01T16:37:50","date_gmt":"2026-09-01T19:37:50","guid":{"rendered":"https:\/\/www.spmar.com.br\/web\/?p=6157"},"modified":"2026-09-01T16:37:51","modified_gmt":"2026-09-01T19:37:51","slug":"complexo-viario-do-alto-tiete-30-das-obras-ja-foram-concluidas","status":"publish","type":"post","link":"https:\/\/www.spmar.com.br\/web\/complexo-viario-do-alto-tiete-30-das-obras-ja-foram-concluidas\/","title":{"rendered":"Complexo Vi\u00e1rio do Alto Tiet\u00ea: 30% das obras j\u00e1 foram conclu\u00eddas"},"content":{"rendered":"\n<p class=\"wp-block-paragraph\">Com a libera\u00e7\u00e3o do desvio na SP-066 e avan\u00e7o na constru\u00e7\u00e3o de viadutos, empreendimento cumpre o cronograma previsto para conclus\u00e3o at\u00e9 o final de 2027.<\/p>\n\n\n\n<p class=\"wp-block-paragraph\">Motoristas e pedestres que transitam diariamente pelas obras do Complexo Vi\u00e1rio do Alto Tiet\u00ea j\u00e1 conseguem notar os grandes avan\u00e7os do empreendimento em apenas alguns meses de execu\u00e7\u00e3o. Com equipes de trabalho em canteiros simult\u00e2neos, as obras ultrapassaram 30% de avan\u00e7o f\u00edsico e j\u00e1 \u00e9 poss\u00edvel ver as primeiras formas de uma das interven\u00e7\u00f5es estrat\u00e9gicas mais importantes da regi\u00e3o.<\/p>\n\n\n\n<p class=\"wp-block-paragraph\">As opera\u00e7\u00f5es em Po\u00e1 e Suzano se destacam pela produ\u00e7\u00e3o de 83% das vigas pr\u00e9-moldadas necess\u00e1rias e mais de 2,4 mil estacas executadas, com diversos maquin\u00e1rios e uma equipe de mais de 600 colaboradores. Segundo o gerente de engenharia da Concession\u00e1ria SPMAR, Roberto Segalla, para suprir todas a demandas \u00e9 preciso um planejamento rigoroso. \u201cPara alcan\u00e7ar a evolu\u00e7\u00e3o dos trabalhos, mantemos o ritmo acelerado. No balan\u00e7o geral, j\u00e1 realizamos mais 70% das funda\u00e7\u00f5es e 30% dos pilares erguidos, com 25% das travessas de apoio finalizadas. A libera\u00e7\u00e3o do desvio na Rodovia Henrique Eroles para a rotat\u00f3ria de Po\u00e1, por exemplo, \u00e9 um marco importante, porque o novo trecho faz parte do projeto original e reflete a dedica\u00e7\u00e3o de cada trabalhador para que tudo seja entregue rigorosamente dentro do cronograma\u201d, destaca.<\/p>\n\n\n\n<figure class=\"wp-block-gallery has-nested-images columns-default is-cropped wp-block-gallery-1 is-layout-flex wp-block-gallery-is-layout-flex\">\n<figure class=\"wp-block-image size-large\"><img fetchpriority=\"high\" decoding=\"async\" width=\"1024\" height=\"576\" data-id=\"6159\" src=\"https:\/\/www.spmar.com.br\/web\/wp-content\/uploads\/2026\/09\/WhatsApp-Image-2026-09-01-at-15.36.37-1024x576.jpeg\" alt=\"\" class=\"wp-image-6159\" srcset=\"https:\/\/www.spmar.com.br\/web\/wp-content\/uploads\/2026\/09\/WhatsApp-Image-2026-09-01-at-15.36.37-1024x576.jpeg 1024w, https:\/\/www.spmar.com.br\/web\/wp-content\/uploads\/2026\/09\/WhatsApp-Image-2026-09-01-at-15.36.37-300x169.jpeg 300w, https:\/\/www.spmar.com.br\/web\/wp-content\/uploads\/2026\/09\/WhatsApp-Image-2026-09-01-at-15.36.37-768x432.jpeg 768w, https:\/\/www.spmar.com.br\/web\/wp-content\/uploads\/2026\/09\/WhatsApp-Image-2026-09-01-at-15.36.37-1536x864.jpeg 1536w, https:\/\/www.spmar.com.br\/web\/wp-content\/uploads\/2026\/09\/WhatsApp-Image-2026-09-01-at-15.36.37.jpeg 1600w\" sizes=\"(max-width: 1024px) 100vw, 1024px\" \/><\/figure>\n<\/figure>\n\n\n\n<p class=\"wp-block-paragraph\">A interse\u00e7\u00e3o na SP-066 libera a parte central da rodovia para a constru\u00e7\u00e3o do novo viaduto que far\u00e1 a liga\u00e7\u00e3o direta entre Po\u00e1 e Suzano pela SP-066, em ambos os sentidos. Com mais de 340 metros de extens\u00e3o, a segunda fase das funda\u00e7\u00f5es do viaduto j\u00e1 foi iniciada ap\u00f3s a libera\u00e7\u00e3o do local.<\/p>\n\n\n\n<p class=\"wp-block-paragraph\">Na cidade de Suzano, as obras do novo acesso que liga o Rodoanel externo no sentido Dutra tamb\u00e9m foram iniciadas, a qual ir\u00e1 substituir a al\u00e7a de acesso existente no local. Para o pr\u00f3ximo m\u00eas, est\u00e1 previsto o i\u00e7amento das vigas sobre a SP-066 na divisa dos munic\u00edpios, etapa crucial de levantamento e posicionamento de grandes estruturas de concreto para formar a base da al\u00e7a.<\/p>\n\n\n\n<p class=\"wp-block-paragraph\">J\u00e1 no canteiro de obras em Po\u00e1, os servi\u00e7os de funda\u00e7\u00e3o dos viadutos da Rodovia Padre Eust\u00e1quio est\u00e3o conclu\u00eddos e agora seguem em produ\u00e7\u00e3o dos blocos, pilares e travessas. Dessa forma, a funda\u00e7\u00e3o j\u00e1 disp\u00f5e de 95% dos trabalhos finalizados. Al\u00e9m disso, os servi\u00e7os de drenagem na al\u00e7a que ligar\u00e1 a rodovia com a SP-066 tamb\u00e9m foram iniciados.<\/p>\n\n\n\n<p class=\"wp-block-paragraph\">Com investimento de R$ 1,2 bilh\u00e3o, o Complexo Vi\u00e1rio do Alto Tiet\u00ea vai interligar a regi\u00e3o no Trecho Leste do Rodoanel M\u00e1rio Covas (SP-021), com redu\u00e7\u00e3o do tempo de viagem em at\u00e9 30 minutos para eliminar gargalos do tr\u00e2nsito local. A previs\u00e3o \u00e9 que as obras sejam totalmente conclu\u00eddas no final de 2027.<\/p>\n\n\n\n<p class=\"wp-block-paragraph\">Fotos: SPMAR<\/p>\n\n\n\n<figure class=\"wp-block-gallery has-nested-images columns-default is-cropped wp-block-gallery-2 is-layout-flex wp-block-gallery-is-layout-flex\">\n<figure class=\"wp-block-image size-large\"><img decoding=\"async\" width=\"1024\" height=\"576\" data-id=\"6160\" src=\"https:\/\/www.spmar.com.br\/web\/wp-content\/uploads\/2026\/09\/WhatsApp-Image-2026-09-01-at-15.36.36-1-1024x576.jpeg\" alt=\"\" class=\"wp-image-6160\" srcset=\"https:\/\/www.spmar.com.br\/web\/wp-content\/uploads\/2026\/09\/WhatsApp-Image-2026-09-01-at-15.36.36-1-1024x576.jpeg 1024w, https:\/\/www.spmar.com.br\/web\/wp-content\/uploads\/2026\/09\/WhatsApp-Image-2026-09-01-at-15.36.36-1-300x169.jpeg 300w, https:\/\/www.spmar.com.br\/web\/wp-content\/uploads\/2026\/09\/WhatsApp-Image-2026-09-01-at-15.36.36-1-768x432.jpeg 768w, https:\/\/www.spmar.com.br\/web\/wp-content\/uploads\/2026\/09\/WhatsApp-Image-2026-09-01-at-15.36.36-1-1536x864.jpeg 1536w, https:\/\/www.spmar.com.br\/web\/wp-content\/uploads\/2026\/09\/WhatsApp-Image-2026-09-01-at-15.36.36-1.jpeg 1600w\" sizes=\"(max-width: 1024px) 100vw, 1024px\" \/><\/figure>\n<\/figure>\n","protected":false},"excerpt":{"rendered":"<p>Com a libera\u00e7\u00e3o do desvio na SP-066 e avan\u00e7o na constru\u00e7\u00e3o de viadutos, empreendimento cumpre o cronograma previsto para conclus\u00e3o at\u00e9 o final de 2027. Motoristas e pedestres que transitam diariamente pelas obras do Complexo Vi\u00e1rio do Alto Tiet\u00ea j\u00e1 conseguem notar os grandes avan\u00e7os do empreendimento em apenas alguns meses de execu\u00e7\u00e3o. Com equipes [&hellip;]<\/p>\n","protected":false},"author":7,"featured_media":6161,"comment_status":"open","ping_status":"open","sticky":false,"template":"","format":"standard","meta":{"_acf_changed":false,"inline_featured_image":false,"_jetpack_newsletter_access":"","_jetpack_dont_email_post_to_subs":false,"_jetpack_newsletter_tier_id":0,"_jetpack_memberships_contains_paywalled_content":false,"_jetpack_feature_clip_id":0,"_jetpack_memberships_contains_paid_content":false,"footnotes":"","jetpack_post_was_ever_published":false},"categories":[75],"tags":[],"class_list":["post-6157","post","type-post","status-publish","format-standard","has-post-thumbnail","hentry","category-complexo-viario-do-alto-tiete"],"acf":[],"yoast_head":"<!-- This site is optimized with the Yoast SEO plugin v28.4 - https:\/\/yoast.com\/product\/yoast-seo-wordpress\/ -->\n<title>Complexo Vi\u00e1rio do Alto Tiet\u00ea: 30% das obras j\u00e1 foram conclu\u00eddas - Somos o caminho que te conecta ao que mais importa!<\/title>\n<meta name=\"robots\" content=\"index, follow, max-snippet:-1, max-image-preview:large, max-video-preview:-1\" \/>\n<link rel=\"canonical\" href=\"https:\/\/www.spmar.com.br\/web\/complexo-viario-do-alto-tiete-30-das-obras-ja-foram-concluidas\/\" \/>\n<meta property=\"og:locale\" content=\"pt_BR\" \/>\n<meta property=\"og:type\" content=\"article\" \/>\n<meta property=\"og:title\" content=\"Complexo Vi\u00e1rio do Alto Tiet\u00ea: 30% das obras j\u00e1 foram conclu\u00eddas - Somos o caminho que te conecta ao que mais importa!\" \/>\n<meta property=\"og:description\" content=\"Com a libera\u00e7\u00e3o do desvio na SP-066 e avan\u00e7o na constru\u00e7\u00e3o de viadutos, empreendimento cumpre o cronograma previsto para conclus\u00e3o at\u00e9 o final de 2027. Motoristas e pedestres que transitam diariamente pelas obras do Complexo Vi\u00e1rio do Alto Tiet\u00ea j\u00e1 conseguem notar os grandes avan\u00e7os do empreendimento em apenas alguns meses de execu\u00e7\u00e3o. Com equipes [&hellip;]\" \/>\n<meta property=\"og:url\" content=\"https:\/\/www.spmar.com.br\/web\/complexo-viario-do-alto-tiete-30-das-obras-ja-foram-concluidas\/\" \/>\n<meta property=\"og:site_name\" content=\"Somos o caminho que te conecta ao que mais importa!\" \/>\n<meta property=\"article:publisher\" content=\"https:\/\/www.facebook.com\/spmar.rodoanel\" \/>\n<meta property=\"article:published_time\" content=\"2026-09-01T19:37:50+00:00\" \/>\n<meta property=\"article:modified_time\" content=\"2026-09-01T19:37:51+00:00\" \/>\n<meta property=\"og:image\" content=\"https:\/\/www.spmar.com.br\/web\/wp-content\/uploads\/2026\/09\/WhatsApp-Image-2026-09-01-at-15.36.36-1-1.jpeg\" \/>\n\t<meta property=\"og:image:width\" content=\"1600\" \/>\n\t<meta property=\"og:image:height\" content=\"900\" \/>\n\t<meta property=\"og:image:type\" content=\"image\/jpeg\" \/>\n<meta name=\"author\" content=\"Gabriela Lopes\" \/>\n<meta name=\"twitter:card\" content=\"summary_large_image\" \/>\n<meta name=\"twitter:label1\" content=\"Escrito por\" \/>\n\t<meta name=\"twitter:data1\" content=\"Gabriela Lopes\" \/>\n\t<meta name=\"twitter:label2\" content=\"Est. tempo de leitura\" \/>\n\t<meta name=\"twitter:data2\" content=\"4 minutos\" \/>\n<script type=\"application\/ld+json\" class=\"yoast-schema-graph\">{\"@context\":\"https:\\\/\\\/schema.org\",\"@graph\":[{\"@type\":\"Article\",\"@id\":\"https:\\\/\\\/www.spmar.com.br\\\/web\\\/complexo-viario-do-alto-tiete-30-das-obras-ja-foram-concluidas\\\/#article\",\"isPartOf\":{\"@id\":\"https:\\\/\\\/www.spmar.com.br\\\/web\\\/complexo-viario-do-alto-tiete-30-das-obras-ja-foram-concluidas\\\/\"},\"author\":{\"name\":\"Gabriela Lopes\",\"@id\":\"https:\\\/\\\/www.spmar.com.br\\\/web\\\/#\\\/schema\\\/person\\\/45d773c3f651fd6a556df5f507adabd7\"},\"headline\":\"Complexo Vi\u00e1rio do Alto Tiet\u00ea: 30% das obras j\u00e1 foram conclu\u00eddas\",\"datePublished\":\"2026-09-01T19:37:50+00:00\",\"dateModified\":\"2026-09-01T19:37:51+00:00\",\"mainEntityOfPage\":{\"@id\":\"https:\\\/\\\/www.spmar.com.br\\\/web\\\/complexo-viario-do-alto-tiete-30-das-obras-ja-foram-concluidas\\\/\"},\"wordCount\":501,\"commentCount\":0,\"publisher\":{\"@id\":\"https:\\\/\\\/www.spmar.com.br\\\/web\\\/#organization\"},\"image\":{\"@id\":\"https:\\\/\\\/www.spmar.com.br\\\/web\\\/complexo-viario-do-alto-tiete-30-das-obras-ja-foram-concluidas\\\/#primaryimage\"},\"thumbnailUrl\":\"https:\\\/\\\/www.spmar.com.br\\\/web\\\/wp-content\\\/uploads\\\/2026\\\/09\\\/WhatsApp-Image-2026-09-01-at-15.36.36-1-1.jpeg\",\"articleSection\":[\"Complexo Vi\u00e1rio do Alto Tiet\u00ea\"],\"inLanguage\":\"pt-BR\",\"potentialAction\":[{\"@type\":\"CommentAction\",\"name\":\"Comment\",\"target\":[\"https:\\\/\\\/www.spmar.com.br\\\/web\\\/complexo-viario-do-alto-tiete-30-das-obras-ja-foram-concluidas\\\/#respond\"]}]},{\"@type\":\"WebPage\",\"@id\":\"https:\\\/\\\/www.spmar.com.br\\\/web\\\/complexo-viario-do-alto-tiete-30-das-obras-ja-foram-concluidas\\\/\",\"url\":\"https:\\\/\\\/www.spmar.com.br\\\/web\\\/complexo-viario-do-alto-tiete-30-das-obras-ja-foram-concluidas\\\/\",\"name\":\"Complexo Vi\u00e1rio do Alto Tiet\u00ea: 30% das obras j\u00e1 foram conclu\u00eddas - Somos o caminho que te conecta ao que mais importa!\",\"isPartOf\":{\"@id\":\"https:\\\/\\\/www.spmar.com.br\\\/web\\\/#website\"},\"primaryImageOfPage\":{\"@id\":\"https:\\\/\\\/www.spmar.com.br\\\/web\\\/complexo-viario-do-alto-tiete-30-das-obras-ja-foram-concluidas\\\/#primaryimage\"},\"image\":{\"@id\":\"https:\\\/\\\/www.spmar.com.br\\\/web\\\/complexo-viario-do-alto-tiete-30-das-obras-ja-foram-concluidas\\\/#primaryimage\"},\"thumbnailUrl\":\"https:\\\/\\\/www.spmar.com.br\\\/web\\\/wp-content\\\/uploads\\\/2026\\\/09\\\/WhatsApp-Image-2026-09-01-at-15.36.36-1-1.jpeg\",\"datePublished\":\"2026-09-01T19:37:50+00:00\",\"dateModified\":\"2026-09-01T19:37:51+00:00\",\"breadcrumb\":{\"@id\":\"https:\\\/\\\/www.spmar.com.br\\\/web\\\/complexo-viario-do-alto-tiete-30-das-obras-ja-foram-concluidas\\\/#breadcrumb\"},\"inLanguage\":\"pt-BR\",\"potentialAction\":[{\"@type\":\"ReadAction\",\"target\":[\"https:\\\/\\\/www.spmar.com.br\\\/web\\\/complexo-viario-do-alto-tiete-30-das-obras-ja-foram-concluidas\\\/\"]}]},{\"@type\":\"ImageObject\",\"inLanguage\":\"pt-BR\",\"@id\":\"https:\\\/\\\/www.spmar.com.br\\\/web\\\/complexo-viario-do-alto-tiete-30-das-obras-ja-foram-concluidas\\\/#primaryimage\",\"url\":\"https:\\\/\\\/www.spmar.com.br\\\/web\\\/wp-content\\\/uploads\\\/2026\\\/09\\\/WhatsApp-Image-2026-09-01-at-15.36.36-1-1.jpeg\",\"contentUrl\":\"https:\\\/\\\/www.spmar.com.br\\\/web\\\/wp-content\\\/uploads\\\/2026\\\/09\\\/WhatsApp-Image-2026-09-01-at-15.36.36-1-1.jpeg\",\"width\":1600,\"height\":900},{\"@type\":\"BreadcrumbList\",\"@id\":\"https:\\\/\\\/www.spmar.com.br\\\/web\\\/complexo-viario-do-alto-tiete-30-das-obras-ja-foram-concluidas\\\/#breadcrumb\",\"itemListElement\":[{\"@type\":\"ListItem\",\"position\":1,\"name\":\"Home\",\"item\":\"https:\\\/\\\/www.spmar.com.br\\\/web\\\/\"},{\"@type\":\"ListItem\",\"position\":2,\"name\":\"Complexo Vi\u00e1rio do Alto Tiet\u00ea: 30% das obras j\u00e1 foram conclu\u00eddas\"}]},{\"@type\":\"WebSite\",\"@id\":\"https:\\\/\\\/www.spmar.com.br\\\/web\\\/#website\",\"url\":\"https:\\\/\\\/www.spmar.com.br\\\/web\\\/\",\"name\":\"SPMAR\",\"description\":\"A Concession\u00e1ria SPMAR atua na administra\u00e7\u00e3o dos Trechos Sul e Leste do Rodoanel Mario Covas e, com isso,\u00e9 respons\u00e1vel pela gest\u00e3o de 76% do Rodoanel Metropolitano de S\u00e3o Paulo em opera\u00e7\u00e3o.\",\"publisher\":{\"@id\":\"https:\\\/\\\/www.spmar.com.br\\\/web\\\/#organization\"},\"potentialAction\":[{\"@type\":\"SearchAction\",\"target\":{\"@type\":\"EntryPoint\",\"urlTemplate\":\"https:\\\/\\\/www.spmar.com.br\\\/web\\\/?s={search_term_string}\"},\"query-input\":{\"@type\":\"PropertyValueSpecification\",\"valueRequired\":true,\"valueName\":\"search_term_string\"}}],\"inLanguage\":\"pt-BR\"},{\"@type\":\"Organization\",\"@id\":\"https:\\\/\\\/www.spmar.com.br\\\/web\\\/#organization\",\"name\":\"Concession\u00e1ria SPMAR\",\"url\":\"https:\\\/\\\/www.spmar.com.br\\\/web\\\/\",\"logo\":{\"@type\":\"ImageObject\",\"inLanguage\":\"pt-BR\",\"@id\":\"https:\\\/\\\/www.spmar.com.br\\\/web\\\/#\\\/schema\\\/logo\\\/image\\\/\",\"url\":\"https:\\\/\\\/www.spmar.com.br\\\/web\\\/wp-content\\\/uploads\\\/2017\\\/11\\\/logo_H.jpg\",\"contentUrl\":\"https:\\\/\\\/www.spmar.com.br\\\/web\\\/wp-content\\\/uploads\\\/2017\\\/11\\\/logo_H.jpg\",\"width\":448,\"height\":97,\"caption\":\"Concession\u00e1ria SPMAR\"},\"image\":{\"@id\":\"https:\\\/\\\/www.spmar.com.br\\\/web\\\/#\\\/schema\\\/logo\\\/image\\\/\"},\"sameAs\":[\"https:\\\/\\\/www.facebook.com\\\/spmar.rodoanel\",\"https:\\\/\\\/www.linkedin.com\\\/company\\\/spmarbr\\\/\",\"https:\\\/\\\/www.instagram.com\\\/spmarbr\\\/\"]},{\"@type\":\"Person\",\"@id\":\"https:\\\/\\\/www.spmar.com.br\\\/web\\\/#\\\/schema\\\/person\\\/45d773c3f651fd6a556df5f507adabd7\",\"name\":\"Gabriela Lopes\",\"image\":{\"@type\":\"ImageObject\",\"inLanguage\":\"pt-BR\",\"@id\":\"https:\\\/\\\/www.spmar.com.br\\\/web\\\/wp-content\\\/litespeed\\\/avatar\\\/0280229b2e4318152feaaf52b57f7e14.jpg?ver=1787937164\",\"url\":\"https:\\\/\\\/www.spmar.com.br\\\/web\\\/wp-content\\\/litespeed\\\/avatar\\\/0280229b2e4318152feaaf52b57f7e14.jpg?ver=1787937164\",\"contentUrl\":\"https:\\\/\\\/www.spmar.com.br\\\/web\\\/wp-content\\\/litespeed\\\/avatar\\\/0280229b2e4318152feaaf52b57f7e14.jpg?ver=1787937164\",\"caption\":\"Gabriela Lopes\"},\"url\":\"https:\\\/\\\/www.spmar.com.br\\\/web\\\/author\\\/gabriela\\\/\"}]}<\/script>\n<!-- \/ Yoast SEO plugin. -->","yoast_head_json":{"title":"Complexo Vi\u00e1rio do Alto Tiet\u00ea: 30% das obras j\u00e1 foram conclu\u00eddas - Somos o caminho que te conecta ao que mais importa!","robots":{"index":"index","follow":"follow","max-snippet":"max-snippet:-1","max-image-preview":"max-image-preview:large","max-video-preview":"max-video-preview:-1"},"canonical":"https:\/\/www.spmar.com.br\/web\/complexo-viario-do-alto-tiete-30-das-obras-ja-foram-concluidas\/","og_locale":"pt_BR","og_type":"article","og_title":"Complexo Vi\u00e1rio do Alto Tiet\u00ea: 30% das obras j\u00e1 foram conclu\u00eddas - Somos o caminho que te conecta ao que mais importa!","og_description":"Com a libera\u00e7\u00e3o do desvio na SP-066 e avan\u00e7o na constru\u00e7\u00e3o de viadutos, empreendimento cumpre o cronograma previsto para conclus\u00e3o at\u00e9 o final de 2027. Motoristas e pedestres que transitam diariamente pelas obras do Complexo Vi\u00e1rio do Alto Tiet\u00ea j\u00e1 conseguem notar os grandes avan\u00e7os do empreendimento em apenas alguns meses de execu\u00e7\u00e3o. Com equipes [&hellip;]","og_url":"https:\/\/www.spmar.com.br\/web\/complexo-viario-do-alto-tiete-30-das-obras-ja-foram-concluidas\/","og_site_name":"Somos o caminho que te conecta ao que mais importa!","article_publisher":"https:\/\/www.facebook.com\/spmar.rodoanel","article_published_time":"2026-09-01T19:37:50+00:00","article_modified_time":"2026-09-01T19:37:51+00:00","og_image":[{"width":1600,"height":900,"url":"https:\/\/www.spmar.com.br\/web\/wp-content\/uploads\/2026\/09\/WhatsApp-Image-2026-09-01-at-15.36.36-1-1.jpeg","type":"image\/jpeg"}],"author":"Gabriela Lopes","twitter_card":"summary_large_image","twitter_misc":{"Escrito por":"Gabriela Lopes","Est. tempo de leitura":"4 minutos"},"schema":{"@context":"https:\/\/schema.org","@graph":[{"@type":"Article","@id":"https:\/\/www.spmar.com.br\/web\/complexo-viario-do-alto-tiete-30-das-obras-ja-foram-concluidas\/#article","isPartOf":{"@id":"https:\/\/www.spmar.com.br\/web\/complexo-viario-do-alto-tiete-30-das-obras-ja-foram-concluidas\/"},"author":{"name":"Gabriela Lopes","@id":"https:\/\/www.spmar.com.br\/web\/#\/schema\/person\/45d773c3f651fd6a556df5f507adabd7"},"headline":"Complexo Vi\u00e1rio do Alto Tiet\u00ea: 30% das obras j\u00e1 foram conclu\u00eddas","datePublished":"2026-09-01T19:37:50+00:00","dateModified":"2026-09-01T19:37:51+00:00","mainEntityOfPage":{"@id":"https:\/\/www.spmar.com.br\/web\/complexo-viario-do-alto-tiete-30-das-obras-ja-foram-concluidas\/"},"wordCount":501,"commentCount":0,"publisher":{"@id":"https:\/\/www.spmar.com.br\/web\/#organization"},"image":{"@id":"https:\/\/www.spmar.com.br\/web\/complexo-viario-do-alto-tiete-30-das-obras-ja-foram-concluidas\/#primaryimage"},"thumbnailUrl":"https:\/\/www.spmar.com.br\/web\/wp-content\/uploads\/2026\/09\/WhatsApp-Image-2026-09-01-at-15.36.36-1-1.jpeg","articleSection":["Complexo Vi\u00e1rio do Alto Tiet\u00ea"],"inLanguage":"pt-BR","potentialAction":[{"@type":"CommentAction","name":"Comment","target":["https:\/\/www.spmar.com.br\/web\/complexo-viario-do-alto-tiete-30-das-obras-ja-foram-concluidas\/#respond"]}]},{"@type":"WebPage","@id":"https:\/\/www.spmar.com.br\/web\/complexo-viario-do-alto-tiete-30-das-obras-ja-foram-concluidas\/","url":"https:\/\/www.spmar.com.br\/web\/complexo-viario-do-alto-tiete-30-das-obras-ja-foram-concluidas\/","name":"Complexo Vi\u00e1rio do Alto Tiet\u00ea: 30% das obras j\u00e1 foram conclu\u00eddas - Somos o caminho que te conecta ao que mais importa!","isPartOf":{"@id":"https:\/\/www.spmar.com.br\/web\/#website"},"primaryImageOfPage":{"@id":"https:\/\/www.spmar.com.br\/web\/complexo-viario-do-alto-tiete-30-das-obras-ja-foram-concluidas\/#primaryimage"},"image":{"@id":"https:\/\/www.spmar.com.br\/web\/complexo-viario-do-alto-tiete-30-das-obras-ja-foram-concluidas\/#primaryimage"},"thumbnailUrl":"https:\/\/www.spmar.com.br\/web\/wp-content\/uploads\/2026\/09\/WhatsApp-Image-2026-09-01-at-15.36.36-1-1.jpeg","datePublished":"2026-09-01T19:37:50+00:00","dateModified":"2026-09-01T19:37:51+00:00","breadcrumb":{"@id":"https:\/\/www.spmar.com.br\/web\/complexo-viario-do-alto-tiete-30-das-obras-ja-foram-concluidas\/#breadcrumb"},"inLanguage":"pt-BR","potentialAction":[{"@type":"ReadAction","target":["https:\/\/www.spmar.com.br\/web\/complexo-viario-do-alto-tiete-30-das-obras-ja-foram-concluidas\/"]}]},{"@type":"ImageObject","inLanguage":"pt-BR","@id":"https:\/\/www.spmar.com.br\/web\/complexo-viario-do-alto-tiete-30-das-obras-ja-foram-concluidas\/#primaryimage","url":"https:\/\/www.spmar.com.br\/web\/wp-content\/uploads\/2026\/09\/WhatsApp-Image-2026-09-01-at-15.36.36-1-1.jpeg","contentUrl":"https:\/\/www.spmar.com.br\/web\/wp-content\/uploads\/2026\/09\/WhatsApp-Image-2026-09-01-at-15.36.36-1-1.jpeg","width":1600,"height":900},{"@type":"BreadcrumbList","@id":"https:\/\/www.spmar.com.br\/web\/complexo-viario-do-alto-tiete-30-das-obras-ja-foram-concluidas\/#breadcrumb","itemListElement":[{"@type":"ListItem","position":1,"name":"Home","item":"https:\/\/www.spmar.com.br\/web\/"},{"@type":"ListItem","position":2,"name":"Complexo Vi\u00e1rio do Alto Tiet\u00ea: 30% das obras j\u00e1 foram conclu\u00eddas"}]},{"@type":"WebSite","@id":"https:\/\/www.spmar.com.br\/web\/#website","url":"https:\/\/www.spmar.com.br\/web\/","name":"SPMAR","description":"A Concession\u00e1ria SPMAR atua na administra\u00e7\u00e3o dos Trechos Sul e Leste do Rodoanel Mario Covas e, com isso,\u00e9 respons\u00e1vel pela gest\u00e3o de 76% do Rodoanel Metropolitano de S\u00e3o Paulo em opera\u00e7\u00e3o.","publisher":{"@id":"https:\/\/www.spmar.com.br\/web\/#organization"},"potentialAction":[{"@type":"SearchAction","target":{"@type":"EntryPoint","urlTemplate":"https:\/\/www.spmar.com.br\/web\/?s={search_term_string}"},"query-input":{"@type":"PropertyValueSpecification","valueRequired":true,"valueName":"search_term_string"}}],"inLanguage":"pt-BR"},{"@type":"Organization","@id":"https:\/\/www.spmar.com.br\/web\/#organization","name":"Concession\u00e1ria SPMAR","url":"https:\/\/www.spmar.com.br\/web\/","logo":{"@type":"ImageObject","inLanguage":"pt-BR","@id":"https:\/\/www.spmar.com.br\/web\/#\/schema\/logo\/image\/","url":"https:\/\/www.spmar.com.br\/web\/wp-content\/uploads\/2017\/11\/logo_H.jpg","contentUrl":"https:\/\/www.spmar.com.br\/web\/wp-content\/uploads\/2017\/11\/logo_H.jpg","width":448,"height":97,"caption":"Concession\u00e1ria SPMAR"},"image":{"@id":"https:\/\/www.spmar.com.br\/web\/#\/schema\/logo\/image\/"},"sameAs":["https:\/\/www.facebook.com\/spmar.rodoanel","https:\/\/www.linkedin.com\/company\/spmarbr\/","https:\/\/www.instagram.com\/spmarbr\/"]},{"@type":"Person","@id":"https:\/\/www.spmar.com.br\/web\/#\/schema\/person\/45d773c3f651fd6a556df5f507adabd7","name":"Gabriela Lopes","image":{"@type":"ImageObject","inLanguage":"pt-BR","@id":"https:\/\/www.spmar.com.br\/web\/wp-content\/litespeed\/avatar\/0280229b2e4318152feaaf52b57f7e14.jpg?ver=1787937164","url":"https:\/\/www.spmar.com.br\/web\/wp-content\/litespeed\/avatar\/0280229b2e4318152feaaf52b57f7e14.jpg?ver=1787937164","contentUrl":"https:\/\/www.spmar.com.br\/web\/wp-content\/litespeed\/avatar\/0280229b2e4318152feaaf52b57f7e14.jpg?ver=1787937164","caption":"Gabriela Lopes"},"url":"https:\/\/www.spmar.com.br\/web\/author\/gabriela\/"}]}},"jetpack_sharing_enabled":true,"jetpack_featured_media_url":"https:\/\/www.spmar.com.br\/web\/wp-content\/uploads\/2026\/09\/WhatsApp-Image-2026-09-01-at-15.36.36-1-1.jpeg","_links":{"self":[{"href":"https:\/\/www.spmar.com.br\/web\/wp-json\/wp\/v2\/posts\/6157","targetHints":{"allow":["GET"]}}],"collection":[{"href":"https:\/\/www.spmar.com.br\/web\/wp-json\/wp\/v2\/posts"}],"about":[{"href":"https:\/\/www.spmar.com.br\/web\/wp-json\/wp\/v2\/types\/post"}],"author":[{"embeddable":true,"href":"https:\/\/www.spmar.com.br\/web\/wp-json\/wp\/v2\/users\/7"}],"replies":[{"embeddable":true,"href":"https:\/\/www.spmar.com.br\/web\/wp-json\/wp\/v2\/comments?post=6157"}],"version-history":[{"count":1,"href":"https:\/\/www.spmar.com.br\/web\/wp-json\/wp\/v2\/posts\/6157\/revisions"}],"predecessor-version":[{"id":6162,"href":"https:\/\/www.spmar.com.br\/web\/wp-json\/wp\/v2\/posts\/6157\/revisions\/6162"}],"wp:featuredmedia":[{"embeddable":true,"href":"https:\/\/www.spmar.com.br\/web\/wp-json\/wp\/v2\/media\/6161"}],"wp:attachment":[{"href":"https:\/\/www.spmar.com.br\/web\/wp-json\/wp\/v2\/media?parent=6157"}],"wp:term":[{"taxonomy":"category","embeddable":true,"href":"https:\/\/www.spmar.com.br\/web\/wp-json\/wp\/v2\/categories?post=6157"},{"taxonomy":"post_tag","embeddable":true,"href":"https:\/\/www.spmar.com.br\/web\/wp-json\/wp\/v2\/tags?post=6157"}],"curies":[{"name":"wp","href":"https:\/\/api.w.org\/{rel}","templated":true}]}}