{"id":5901,"date":"2026-04-30T09:00:58","date_gmt":"2026-04-30T12:00:58","guid":{"rendered":"https:\/\/www.spmar.com.br\/web\/?p=5901"},"modified":"2026-04-30T09:02:57","modified_gmt":"2026-04-30T12:02:57","slug":"dia-do-trabalho-spmar-espera-um-fluxo-de-824-mil-veiculos-no-rodoanel","status":"publish","type":"post","link":"https:\/\/www.spmar.com.br\/web\/dia-do-trabalho-spmar-espera-um-fluxo-de-824-mil-veiculos-no-rodoanel\/","title":{"rendered":"Dia do Trabalho: SPMAR espera um fluxo de 824 mil ve\u00edculos no Rodoanel"},"content":{"rendered":"\n<p><em>Per\u00edodo do feriado marcar\u00e1 o inicio da Campanha Maio Amarelo da Concession\u00e1ria<\/em><\/p>\n\n\n\n<p>A Concession\u00e1ria SPMAR, respons\u00e1vel pela administra\u00e7\u00e3o dos trechos Sul e Leste do Rodoanel Mario Covas, se prepara para o Feriado de Dia do Trabalho no dia 1\u00ba de maio. A expectativa \u00e9 que circulem pela rodovia no per\u00edodo 824 mil ve\u00edculos.<\/p>\n\n\n\n<p>A maior parte desse fluxo dever\u00e1 seguir pelo trecho Sul, onde s\u00e3o esperados em torno de 577 mil ve\u00edculos. J\u00e1 no trecho Leste a expectativa \u00e9 receber 247 mil ve\u00edculos.<\/p>\n\n\n\n<p><strong>Previs\u00e3o de maior fluxo<\/strong><\/p>\n\n\n\n<ul class=\"wp-block-list\">\n<li>Sexta-feira: das 06h \u00e0s 22h.<\/li>\n\n\n\n<li>S\u00e1bado: das 07h \u00e0s 18h.<\/li>\n\n\n\n<li>Domingo: das 09h \u00e0s 21h.<\/li>\n<\/ul>\n\n\n\n<p><\/p>\n\n\n\n<p><strong>Maio Amarelo<\/strong>&nbsp;\u2013 No fim de semana do feriado, no dia 2 de maio, a SPMAR iniciar\u00e1 suas a\u00e7\u00f5es de Maio Amarelo, campanha que esse ano traz como tema central: \u201cNo tr\u00e2nsito, enxergar o outro \u00e9 salvar vidas\u201d. &nbsp;<\/p>\n\n\n\n<p>Nesse dia acontecer\u00e1 a a\u00e7\u00e3o Ciclista&nbsp;Seja Visto&nbsp;que&nbsp;refor\u00e7a a&nbsp;import\u00e2ncia de pedalar na rodovia de uma forma que&nbsp;fique&nbsp;vis\u00edvel&nbsp;para os&nbsp;outros&nbsp;motoristas. O uso de \u00f3culos de realidade virtual mostrando a diferen\u00e7a que um colete faz, ajuda a conscientizar os&nbsp;ciclistas.<\/p>\n\n\n\n<p>&nbsp;\u201cVamos aproveitar o grande fluxo de ciclistas no feriado para refor\u00e7ar a import\u00e2ncia de e pedalar com seguran\u00e7a e de forma vis\u00edvel para facilitar a identifica\u00e7\u00e3o por parte dos outros motoristas\u201d ressalta Andrew Aquino, gerente de opera\u00e7\u00f5es da Concession\u00e1ria SPMAR.<\/p>\n\n\n\n<p><strong>Apoio<\/strong>&nbsp;\u2013 Ao longo da rodovia o usu\u00e1rio ainda conta com telefones de emerg\u00eancia colocados a cada quil\u00f4metro. Caso tenha uma eventualidade, disp\u00f5e ainda de uma equipe completa de socorro&nbsp;com 21 viaturas de apoio \u00e0 disposi\u00e7\u00e3o 24 horas, entre elas: 5 ambul\u00e2ncias, &nbsp;8 guinchos (6 leves e 2 pesados), 6 ve\u00edculos de inspe\u00e7\u00e3o e supervis\u00e3o de tr\u00e1fego, 1 caminh\u00e3o de combate ao inc\u00eandio e 1 carro de resgate de animais.<\/p>\n","protected":false},"excerpt":{"rendered":"<p>Per\u00edodo do feriado marcar\u00e1 o inicio da Campanha Maio Amarelo da Concession\u00e1ria A Concession\u00e1ria SPMAR, respons\u00e1vel pela administra\u00e7\u00e3o dos trechos Sul e Leste do Rodoanel Mario Covas, se prepara para o Feriado de Dia do Trabalho no dia 1\u00ba de maio. A expectativa \u00e9 que circulem pela rodovia no per\u00edodo 824 mil ve\u00edculos. A maior [&hellip;]<\/p>\n","protected":false},"author":7,"featured_media":5902,"comment_status":"open","ping_status":"open","sticky":false,"template":"","format":"standard","meta":{"_acf_changed":false,"inline_featured_image":false,"_jetpack_memberships_contains_paid_content":false,"footnotes":""},"categories":[70,67],"tags":[],"class_list":["post-5901","post","type-post","status-publish","format-standard","has-post-thumbnail","hentry","category-operacoes","category-pedagio"],"acf":[],"yoast_head":"<!-- This site is optimized with the Yoast SEO plugin v27.5 - https:\/\/yoast.com\/product\/yoast-seo-wordpress\/ -->\n<title>Dia do Trabalho: SPMAR espera um fluxo de 824 mil ve\u00edculos no Rodoanel - Somos o caminho que te conecta ao que mais importa!<\/title>\n<meta name=\"robots\" content=\"index, follow, max-snippet:-1, max-image-preview:large, max-video-preview:-1\" \/>\n<link rel=\"canonical\" href=\"https:\/\/www.spmar.com.br\/web\/dia-do-trabalho-spmar-espera-um-fluxo-de-824-mil-veiculos-no-rodoanel\/\" \/>\n<meta property=\"og:locale\" content=\"pt_BR\" \/>\n<meta property=\"og:type\" content=\"article\" \/>\n<meta property=\"og:title\" content=\"Dia do Trabalho: SPMAR espera um fluxo de 824 mil ve\u00edculos no Rodoanel - Somos o caminho que te conecta ao que mais importa!\" \/>\n<meta property=\"og:description\" content=\"Per\u00edodo do feriado marcar\u00e1 o inicio da Campanha Maio Amarelo da Concession\u00e1ria A Concession\u00e1ria SPMAR, respons\u00e1vel pela administra\u00e7\u00e3o dos trechos Sul e Leste do Rodoanel Mario Covas, se prepara para o Feriado de Dia do Trabalho no dia 1\u00ba de maio. A expectativa \u00e9 que circulem pela rodovia no per\u00edodo 824 mil ve\u00edculos. A maior [&hellip;]\" \/>\n<meta property=\"og:url\" content=\"https:\/\/www.spmar.com.br\/web\/dia-do-trabalho-spmar-espera-um-fluxo-de-824-mil-veiculos-no-rodoanel\/\" \/>\n<meta property=\"og:site_name\" content=\"Somos o caminho que te conecta ao que mais importa!\" \/>\n<meta property=\"article:publisher\" content=\"https:\/\/www.facebook.com\/spmar.rodoanel\" \/>\n<meta property=\"article:published_time\" content=\"2026-04-30T12:00:58+00:00\" \/>\n<meta property=\"article:modified_time\" content=\"2026-04-30T12:02:57+00:00\" \/>\n<meta property=\"og:image\" content=\"https:\/\/www.spmar.com.br\/web\/wp-content\/uploads\/2026\/04\/DJI_0179-scaled.jpg\" \/>\n\t<meta property=\"og:image:width\" content=\"2560\" \/>\n\t<meta property=\"og:image:height\" content=\"1438\" \/>\n\t<meta property=\"og:image:type\" content=\"image\/jpeg\" \/>\n<meta name=\"author\" content=\"Gabriela Lopes\" \/>\n<meta name=\"twitter:card\" content=\"summary_large_image\" \/>\n<meta name=\"twitter:label1\" content=\"Escrito por\" \/>\n\t<meta name=\"twitter:data1\" content=\"Gabriela Lopes\" \/>\n\t<meta name=\"twitter:label2\" content=\"Est. tempo de leitura\" \/>\n\t<meta name=\"twitter:data2\" content=\"2 minutos\" \/>\n<script type=\"application\/ld+json\" class=\"yoast-schema-graph\">{\"@context\":\"https:\\\/\\\/schema.org\",\"@graph\":[{\"@type\":\"Article\",\"@id\":\"https:\\\/\\\/www.spmar.com.br\\\/web\\\/dia-do-trabalho-spmar-espera-um-fluxo-de-824-mil-veiculos-no-rodoanel\\\/#article\",\"isPartOf\":{\"@id\":\"https:\\\/\\\/www.spmar.com.br\\\/web\\\/dia-do-trabalho-spmar-espera-um-fluxo-de-824-mil-veiculos-no-rodoanel\\\/\"},\"author\":{\"name\":\"Gabriela Lopes\",\"@id\":\"https:\\\/\\\/www.spmar.com.br\\\/web\\\/#\\\/schema\\\/person\\\/45d773c3f651fd6a556df5f507adabd7\"},\"headline\":\"Dia do Trabalho: SPMAR espera um fluxo de 824 mil ve\u00edculos no Rodoanel\",\"datePublished\":\"2026-04-30T12:00:58+00:00\",\"dateModified\":\"2026-04-30T12:02:57+00:00\",\"mainEntityOfPage\":{\"@id\":\"https:\\\/\\\/www.spmar.com.br\\\/web\\\/dia-do-trabalho-spmar-espera-um-fluxo-de-824-mil-veiculos-no-rodoanel\\\/\"},\"wordCount\":343,\"commentCount\":0,\"publisher\":{\"@id\":\"https:\\\/\\\/www.spmar.com.br\\\/web\\\/#organization\"},\"image\":{\"@id\":\"https:\\\/\\\/www.spmar.com.br\\\/web\\\/dia-do-trabalho-spmar-espera-um-fluxo-de-824-mil-veiculos-no-rodoanel\\\/#primaryimage\"},\"thumbnailUrl\":\"https:\\\/\\\/www.spmar.com.br\\\/web\\\/wp-content\\\/uploads\\\/2026\\\/04\\\/DJI_0179-scaled.jpg\",\"articleSection\":[\"Opera\u00e7\u00f5es\",\"Ped\u00e1gio\"],\"inLanguage\":\"pt-BR\",\"potentialAction\":[{\"@type\":\"CommentAction\",\"name\":\"Comment\",\"target\":[\"https:\\\/\\\/www.spmar.com.br\\\/web\\\/dia-do-trabalho-spmar-espera-um-fluxo-de-824-mil-veiculos-no-rodoanel\\\/#respond\"]}]},{\"@type\":\"WebPage\",\"@id\":\"https:\\\/\\\/www.spmar.com.br\\\/web\\\/dia-do-trabalho-spmar-espera-um-fluxo-de-824-mil-veiculos-no-rodoanel\\\/\",\"url\":\"https:\\\/\\\/www.spmar.com.br\\\/web\\\/dia-do-trabalho-spmar-espera-um-fluxo-de-824-mil-veiculos-no-rodoanel\\\/\",\"name\":\"Dia do Trabalho: SPMAR espera um fluxo de 824 mil ve\u00edculos no Rodoanel - Somos o caminho que te conecta ao que mais importa!\",\"isPartOf\":{\"@id\":\"https:\\\/\\\/www.spmar.com.br\\\/web\\\/#website\"},\"primaryImageOfPage\":{\"@id\":\"https:\\\/\\\/www.spmar.com.br\\\/web\\\/dia-do-trabalho-spmar-espera-um-fluxo-de-824-mil-veiculos-no-rodoanel\\\/#primaryimage\"},\"image\":{\"@id\":\"https:\\\/\\\/www.spmar.com.br\\\/web\\\/dia-do-trabalho-spmar-espera-um-fluxo-de-824-mil-veiculos-no-rodoanel\\\/#primaryimage\"},\"thumbnailUrl\":\"https:\\\/\\\/www.spmar.com.br\\\/web\\\/wp-content\\\/uploads\\\/2026\\\/04\\\/DJI_0179-scaled.jpg\",\"datePublished\":\"2026-04-30T12:00:58+00:00\",\"dateModified\":\"2026-04-30T12:02:57+00:00\",\"breadcrumb\":{\"@id\":\"https:\\\/\\\/www.spmar.com.br\\\/web\\\/dia-do-trabalho-spmar-espera-um-fluxo-de-824-mil-veiculos-no-rodoanel\\\/#breadcrumb\"},\"inLanguage\":\"pt-BR\",\"potentialAction\":[{\"@type\":\"ReadAction\",\"target\":[\"https:\\\/\\\/www.spmar.com.br\\\/web\\\/dia-do-trabalho-spmar-espera-um-fluxo-de-824-mil-veiculos-no-rodoanel\\\/\"]}]},{\"@type\":\"ImageObject\",\"inLanguage\":\"pt-BR\",\"@id\":\"https:\\\/\\\/www.spmar.com.br\\\/web\\\/dia-do-trabalho-spmar-espera-um-fluxo-de-824-mil-veiculos-no-rodoanel\\\/#primaryimage\",\"url\":\"https:\\\/\\\/www.spmar.com.br\\\/web\\\/wp-content\\\/uploads\\\/2026\\\/04\\\/DJI_0179-scaled.jpg\",\"contentUrl\":\"https:\\\/\\\/www.spmar.com.br\\\/web\\\/wp-content\\\/uploads\\\/2026\\\/04\\\/DJI_0179-scaled.jpg\",\"width\":2560,\"height\":1438},{\"@type\":\"BreadcrumbList\",\"@id\":\"https:\\\/\\\/www.spmar.com.br\\\/web\\\/dia-do-trabalho-spmar-espera-um-fluxo-de-824-mil-veiculos-no-rodoanel\\\/#breadcrumb\",\"itemListElement\":[{\"@type\":\"ListItem\",\"position\":1,\"name\":\"Home\",\"item\":\"https:\\\/\\\/www.spmar.com.br\\\/web\\\/\"},{\"@type\":\"ListItem\",\"position\":2,\"name\":\"Dia do Trabalho: SPMAR espera um fluxo de 824 mil ve\u00edculos no Rodoanel\"}]},{\"@type\":\"WebSite\",\"@id\":\"https:\\\/\\\/www.spmar.com.br\\\/web\\\/#website\",\"url\":\"https:\\\/\\\/www.spmar.com.br\\\/web\\\/\",\"name\":\"SPMAR\",\"description\":\"A Concession\u00e1ria SPMAR atua na administra\u00e7\u00e3o dos Trechos Sul e Leste do Rodoanel Mario Covas e, com isso,\u00e9 respons\u00e1vel pela gest\u00e3o de 76% do Rodoanel Metropolitano de S\u00e3o Paulo em opera\u00e7\u00e3o.\",\"publisher\":{\"@id\":\"https:\\\/\\\/www.spmar.com.br\\\/web\\\/#organization\"},\"potentialAction\":[{\"@type\":\"SearchAction\",\"target\":{\"@type\":\"EntryPoint\",\"urlTemplate\":\"https:\\\/\\\/www.spmar.com.br\\\/web\\\/?s={search_term_string}\"},\"query-input\":{\"@type\":\"PropertyValueSpecification\",\"valueRequired\":true,\"valueName\":\"search_term_string\"}}],\"inLanguage\":\"pt-BR\"},{\"@type\":\"Organization\",\"@id\":\"https:\\\/\\\/www.spmar.com.br\\\/web\\\/#organization\",\"name\":\"Concession\u00e1ria SPMAR\",\"url\":\"https:\\\/\\\/www.spmar.com.br\\\/web\\\/\",\"logo\":{\"@type\":\"ImageObject\",\"inLanguage\":\"pt-BR\",\"@id\":\"https:\\\/\\\/www.spmar.com.br\\\/web\\\/#\\\/schema\\\/logo\\\/image\\\/\",\"url\":\"https:\\\/\\\/www.spmar.com.br\\\/web\\\/wp-content\\\/uploads\\\/2017\\\/11\\\/logo_H.jpg\",\"contentUrl\":\"https:\\\/\\\/www.spmar.com.br\\\/web\\\/wp-content\\\/uploads\\\/2017\\\/11\\\/logo_H.jpg\",\"width\":448,\"height\":97,\"caption\":\"Concession\u00e1ria SPMAR\"},\"image\":{\"@id\":\"https:\\\/\\\/www.spmar.com.br\\\/web\\\/#\\\/schema\\\/logo\\\/image\\\/\"},\"sameAs\":[\"https:\\\/\\\/www.facebook.com\\\/spmar.rodoanel\",\"https:\\\/\\\/www.linkedin.com\\\/company\\\/spmarbr\\\/\",\"https:\\\/\\\/www.instagram.com\\\/spmarbr\\\/\"]},{\"@type\":\"Person\",\"@id\":\"https:\\\/\\\/www.spmar.com.br\\\/web\\\/#\\\/schema\\\/person\\\/45d773c3f651fd6a556df5f507adabd7\",\"name\":\"Gabriela Lopes\",\"image\":{\"@type\":\"ImageObject\",\"inLanguage\":\"pt-BR\",\"@id\":\"https:\\\/\\\/www.spmar.com.br\\\/web\\\/wp-content\\\/litespeed\\\/avatar\\\/0280229b2e4318152feaaf52b57f7e14.jpg?ver=1777045635\",\"url\":\"https:\\\/\\\/www.spmar.com.br\\\/web\\\/wp-content\\\/litespeed\\\/avatar\\\/0280229b2e4318152feaaf52b57f7e14.jpg?ver=1777045635\",\"contentUrl\":\"https:\\\/\\\/www.spmar.com.br\\\/web\\\/wp-content\\\/litespeed\\\/avatar\\\/0280229b2e4318152feaaf52b57f7e14.jpg?ver=1777045635\",\"caption\":\"Gabriela Lopes\"},\"url\":\"https:\\\/\\\/www.spmar.com.br\\\/web\\\/author\\\/gabriela\\\/\"}]}<\/script>\n<!-- \/ Yoast SEO plugin. -->","yoast_head_json":{"title":"Dia do Trabalho: SPMAR espera um fluxo de 824 mil ve\u00edculos no Rodoanel - Somos o caminho que te conecta ao que mais importa!","robots":{"index":"index","follow":"follow","max-snippet":"max-snippet:-1","max-image-preview":"max-image-preview:large","max-video-preview":"max-video-preview:-1"},"canonical":"https:\/\/www.spmar.com.br\/web\/dia-do-trabalho-spmar-espera-um-fluxo-de-824-mil-veiculos-no-rodoanel\/","og_locale":"pt_BR","og_type":"article","og_title":"Dia do Trabalho: SPMAR espera um fluxo de 824 mil ve\u00edculos no Rodoanel - Somos o caminho que te conecta ao que mais importa!","og_description":"Per\u00edodo do feriado marcar\u00e1 o inicio da Campanha Maio Amarelo da Concession\u00e1ria A Concession\u00e1ria SPMAR, respons\u00e1vel pela administra\u00e7\u00e3o dos trechos Sul e Leste do Rodoanel Mario Covas, se prepara para o Feriado de Dia do Trabalho no dia 1\u00ba de maio. A expectativa \u00e9 que circulem pela rodovia no per\u00edodo 824 mil ve\u00edculos. A maior [&hellip;]","og_url":"https:\/\/www.spmar.com.br\/web\/dia-do-trabalho-spmar-espera-um-fluxo-de-824-mil-veiculos-no-rodoanel\/","og_site_name":"Somos o caminho que te conecta ao que mais importa!","article_publisher":"https:\/\/www.facebook.com\/spmar.rodoanel","article_published_time":"2026-04-30T12:00:58+00:00","article_modified_time":"2026-04-30T12:02:57+00:00","og_image":[{"width":2560,"height":1438,"url":"https:\/\/www.spmar.com.br\/web\/wp-content\/uploads\/2026\/04\/DJI_0179-scaled.jpg","type":"image\/jpeg"}],"author":"Gabriela Lopes","twitter_card":"summary_large_image","twitter_misc":{"Escrito por":"Gabriela Lopes","Est. tempo de leitura":"2 minutos"},"schema":{"@context":"https:\/\/schema.org","@graph":[{"@type":"Article","@id":"https:\/\/www.spmar.com.br\/web\/dia-do-trabalho-spmar-espera-um-fluxo-de-824-mil-veiculos-no-rodoanel\/#article","isPartOf":{"@id":"https:\/\/www.spmar.com.br\/web\/dia-do-trabalho-spmar-espera-um-fluxo-de-824-mil-veiculos-no-rodoanel\/"},"author":{"name":"Gabriela Lopes","@id":"https:\/\/www.spmar.com.br\/web\/#\/schema\/person\/45d773c3f651fd6a556df5f507adabd7"},"headline":"Dia do Trabalho: SPMAR espera um fluxo de 824 mil ve\u00edculos no Rodoanel","datePublished":"2026-04-30T12:00:58+00:00","dateModified":"2026-04-30T12:02:57+00:00","mainEntityOfPage":{"@id":"https:\/\/www.spmar.com.br\/web\/dia-do-trabalho-spmar-espera-um-fluxo-de-824-mil-veiculos-no-rodoanel\/"},"wordCount":343,"commentCount":0,"publisher":{"@id":"https:\/\/www.spmar.com.br\/web\/#organization"},"image":{"@id":"https:\/\/www.spmar.com.br\/web\/dia-do-trabalho-spmar-espera-um-fluxo-de-824-mil-veiculos-no-rodoanel\/#primaryimage"},"thumbnailUrl":"https:\/\/www.spmar.com.br\/web\/wp-content\/uploads\/2026\/04\/DJI_0179-scaled.jpg","articleSection":["Opera\u00e7\u00f5es","Ped\u00e1gio"],"inLanguage":"pt-BR","potentialAction":[{"@type":"CommentAction","name":"Comment","target":["https:\/\/www.spmar.com.br\/web\/dia-do-trabalho-spmar-espera-um-fluxo-de-824-mil-veiculos-no-rodoanel\/#respond"]}]},{"@type":"WebPage","@id":"https:\/\/www.spmar.com.br\/web\/dia-do-trabalho-spmar-espera-um-fluxo-de-824-mil-veiculos-no-rodoanel\/","url":"https:\/\/www.spmar.com.br\/web\/dia-do-trabalho-spmar-espera-um-fluxo-de-824-mil-veiculos-no-rodoanel\/","name":"Dia do Trabalho: SPMAR espera um fluxo de 824 mil ve\u00edculos no Rodoanel - Somos o caminho que te conecta ao que mais importa!","isPartOf":{"@id":"https:\/\/www.spmar.com.br\/web\/#website"},"primaryImageOfPage":{"@id":"https:\/\/www.spmar.com.br\/web\/dia-do-trabalho-spmar-espera-um-fluxo-de-824-mil-veiculos-no-rodoanel\/#primaryimage"},"image":{"@id":"https:\/\/www.spmar.com.br\/web\/dia-do-trabalho-spmar-espera-um-fluxo-de-824-mil-veiculos-no-rodoanel\/#primaryimage"},"thumbnailUrl":"https:\/\/www.spmar.com.br\/web\/wp-content\/uploads\/2026\/04\/DJI_0179-scaled.jpg","datePublished":"2026-04-30T12:00:58+00:00","dateModified":"2026-04-30T12:02:57+00:00","breadcrumb":{"@id":"https:\/\/www.spmar.com.br\/web\/dia-do-trabalho-spmar-espera-um-fluxo-de-824-mil-veiculos-no-rodoanel\/#breadcrumb"},"inLanguage":"pt-BR","potentialAction":[{"@type":"ReadAction","target":["https:\/\/www.spmar.com.br\/web\/dia-do-trabalho-spmar-espera-um-fluxo-de-824-mil-veiculos-no-rodoanel\/"]}]},{"@type":"ImageObject","inLanguage":"pt-BR","@id":"https:\/\/www.spmar.com.br\/web\/dia-do-trabalho-spmar-espera-um-fluxo-de-824-mil-veiculos-no-rodoanel\/#primaryimage","url":"https:\/\/www.spmar.com.br\/web\/wp-content\/uploads\/2026\/04\/DJI_0179-scaled.jpg","contentUrl":"https:\/\/www.spmar.com.br\/web\/wp-content\/uploads\/2026\/04\/DJI_0179-scaled.jpg","width":2560,"height":1438},{"@type":"BreadcrumbList","@id":"https:\/\/www.spmar.com.br\/web\/dia-do-trabalho-spmar-espera-um-fluxo-de-824-mil-veiculos-no-rodoanel\/#breadcrumb","itemListElement":[{"@type":"ListItem","position":1,"name":"Home","item":"https:\/\/www.spmar.com.br\/web\/"},{"@type":"ListItem","position":2,"name":"Dia do Trabalho: SPMAR espera um fluxo de 824 mil ve\u00edculos no Rodoanel"}]},{"@type":"WebSite","@id":"https:\/\/www.spmar.com.br\/web\/#website","url":"https:\/\/www.spmar.com.br\/web\/","name":"SPMAR","description":"A Concession\u00e1ria SPMAR atua na administra\u00e7\u00e3o dos Trechos Sul e Leste do Rodoanel Mario Covas e, com isso,\u00e9 respons\u00e1vel pela gest\u00e3o de 76% do Rodoanel Metropolitano de S\u00e3o Paulo em opera\u00e7\u00e3o.","publisher":{"@id":"https:\/\/www.spmar.com.br\/web\/#organization"},"potentialAction":[{"@type":"SearchAction","target":{"@type":"EntryPoint","urlTemplate":"https:\/\/www.spmar.com.br\/web\/?s={search_term_string}"},"query-input":{"@type":"PropertyValueSpecification","valueRequired":true,"valueName":"search_term_string"}}],"inLanguage":"pt-BR"},{"@type":"Organization","@id":"https:\/\/www.spmar.com.br\/web\/#organization","name":"Concession\u00e1ria SPMAR","url":"https:\/\/www.spmar.com.br\/web\/","logo":{"@type":"ImageObject","inLanguage":"pt-BR","@id":"https:\/\/www.spmar.com.br\/web\/#\/schema\/logo\/image\/","url":"https:\/\/www.spmar.com.br\/web\/wp-content\/uploads\/2017\/11\/logo_H.jpg","contentUrl":"https:\/\/www.spmar.com.br\/web\/wp-content\/uploads\/2017\/11\/logo_H.jpg","width":448,"height":97,"caption":"Concession\u00e1ria SPMAR"},"image":{"@id":"https:\/\/www.spmar.com.br\/web\/#\/schema\/logo\/image\/"},"sameAs":["https:\/\/www.facebook.com\/spmar.rodoanel","https:\/\/www.linkedin.com\/company\/spmarbr\/","https:\/\/www.instagram.com\/spmarbr\/"]},{"@type":"Person","@id":"https:\/\/www.spmar.com.br\/web\/#\/schema\/person\/45d773c3f651fd6a556df5f507adabd7","name":"Gabriela Lopes","image":{"@type":"ImageObject","inLanguage":"pt-BR","@id":"https:\/\/www.spmar.com.br\/web\/wp-content\/litespeed\/avatar\/0280229b2e4318152feaaf52b57f7e14.jpg?ver=1777045635","url":"https:\/\/www.spmar.com.br\/web\/wp-content\/litespeed\/avatar\/0280229b2e4318152feaaf52b57f7e14.jpg?ver=1777045635","contentUrl":"https:\/\/www.spmar.com.br\/web\/wp-content\/litespeed\/avatar\/0280229b2e4318152feaaf52b57f7e14.jpg?ver=1777045635","caption":"Gabriela Lopes"},"url":"https:\/\/www.spmar.com.br\/web\/author\/gabriela\/"}]}},"jetpack_featured_media_url":"https:\/\/www.spmar.com.br\/web\/wp-content\/uploads\/2026\/04\/DJI_0179-scaled.jpg","jetpack_sharing_enabled":true,"_links":{"self":[{"href":"https:\/\/www.spmar.com.br\/web\/wp-json\/wp\/v2\/posts\/5901","targetHints":{"allow":["GET"]}}],"collection":[{"href":"https:\/\/www.spmar.com.br\/web\/wp-json\/wp\/v2\/posts"}],"about":[{"href":"https:\/\/www.spmar.com.br\/web\/wp-json\/wp\/v2\/types\/post"}],"author":[{"embeddable":true,"href":"https:\/\/www.spmar.com.br\/web\/wp-json\/wp\/v2\/users\/7"}],"replies":[{"embeddable":true,"href":"https:\/\/www.spmar.com.br\/web\/wp-json\/wp\/v2\/comments?post=5901"}],"version-history":[{"count":2,"href":"https:\/\/www.spmar.com.br\/web\/wp-json\/wp\/v2\/posts\/5901\/revisions"}],"predecessor-version":[{"id":5904,"href":"https:\/\/www.spmar.com.br\/web\/wp-json\/wp\/v2\/posts\/5901\/revisions\/5904"}],"wp:featuredmedia":[{"embeddable":true,"href":"https:\/\/www.spmar.com.br\/web\/wp-json\/wp\/v2\/media\/5902"}],"wp:attachment":[{"href":"https:\/\/www.spmar.com.br\/web\/wp-json\/wp\/v2\/media?parent=5901"}],"wp:term":[{"taxonomy":"category","embeddable":true,"href":"https:\/\/www.spmar.com.br\/web\/wp-json\/wp\/v2\/categories?post=5901"},{"taxonomy":"post_tag","embeddable":true,"href":"https:\/\/www.spmar.com.br\/web\/wp-json\/wp\/v2\/tags?post=5901"}],"curies":[{"name":"wp","href":"https:\/\/api.w.org\/{rel}","templated":true}]}}