{"id":5892,"date":"2026-04-24T10:05:49","date_gmt":"2026-04-24T13:05:49","guid":{"rendered":"https:\/\/www.spmar.com.br\/web\/?p=5892"},"modified":"2026-04-24T11:34:11","modified_gmt":"2026-04-24T14:34:11","slug":"spmar-realizara-obra-na-alca-do-rodoanel-de-acesso-a-dutra-no-fim-de-semana","status":"publish","type":"post","link":"https:\/\/www.spmar.com.br\/web\/spmar-realizara-obra-na-alca-do-rodoanel-de-acesso-a-dutra-no-fim-de-semana\/","title":{"rendered":"SPMar realizar\u00e1 obra na al\u00e7a do rodoanel de acesso \u00e0 Dutra no fim de semana"},"content":{"rendered":"\n<p>A Concession\u00e1ria SPMAR realizar\u00e1, no pr\u00f3ximo s\u00e1bado (25), o fechamento da al\u00e7a de acesso do Rodoanel M\u00e1rio Covas para a Rodovia Presidente Dutra, localizada no km 130 do trecho Leste, pista externa, para a execu\u00e7\u00e3o de obras de recapeamento.<\/p>\n\n\n\n<p><br>A interdi\u00e7\u00e3o ter\u00e1 in\u00edcio ao meio-dia e a interven\u00e7\u00e3o \u00e9 necess\u00e1ria para os servi\u00e7os de recupera\u00e7\u00e3o do pavimento na via.<br>Como alternativa, o motorista que precisar acessar a Rodovia Presidente Dutra dever\u00e1 seguir pelo Trecho Norte do Rodoanel, onde realizar\u00e1 o retorno na pr\u00f3pria rodovia km 133 e acessar\u00e1 a Dutra pelo sentido oposto, pista interna.<\/p>\n\n\n\n<p><br>A previs\u00e3o de libera\u00e7\u00e3o da al\u00e7a \u00e9 no domingo (26), \u00e0s 18h. Caso haja conclus\u00e3o antecipada dos trabalhos, o acesso poder\u00e1 ser liberado de forma parcial antes do hor\u00e1rio previsto.<\/p>\n","protected":false},"excerpt":{"rendered":"<p>A Concession\u00e1ria SPMAR realizar\u00e1, no pr\u00f3ximo s\u00e1bado (25), o fechamento da al\u00e7a de acesso do Rodoanel M\u00e1rio Covas para a Rodovia Presidente Dutra, localizada no km 130 do trecho Leste, pista externa, para a execu\u00e7\u00e3o de obras de recapeamento. A interdi\u00e7\u00e3o ter\u00e1 in\u00edcio ao meio-dia e a interven\u00e7\u00e3o \u00e9 necess\u00e1ria para os servi\u00e7os de recupera\u00e7\u00e3o [&hellip;]<\/p>\n","protected":false},"author":7,"featured_media":5895,"comment_status":"open","ping_status":"open","sticky":false,"template":"","format":"standard","meta":{"_acf_changed":false,"inline_featured_image":false,"_jetpack_memberships_contains_paid_content":false,"footnotes":""},"categories":[66],"tags":[],"class_list":["post-5892","post","type-post","status-publish","format-standard","has-post-thumbnail","hentry","category-trafego"],"acf":[],"yoast_head":"<!-- This site is optimized with the Yoast SEO plugin v27.4 - https:\/\/yoast.com\/product\/yoast-seo-wordpress\/ -->\n<title>SPMar realizar\u00e1 obra na al\u00e7a do rodoanel de acesso \u00e0 Dutra no fim de semana - Somos o caminho que te conecta ao que mais importa!<\/title>\n<meta name=\"robots\" content=\"index, follow, max-snippet:-1, max-image-preview:large, max-video-preview:-1\" \/>\n<link rel=\"canonical\" href=\"https:\/\/www.spmar.com.br\/web\/spmar-realizara-obra-na-alca-do-rodoanel-de-acesso-a-dutra-no-fim-de-semana\/\" \/>\n<meta property=\"og:locale\" content=\"pt_BR\" \/>\n<meta property=\"og:type\" content=\"article\" \/>\n<meta property=\"og:title\" content=\"SPMar realizar\u00e1 obra na al\u00e7a do rodoanel de acesso \u00e0 Dutra no fim de semana - Somos o caminho que te conecta ao que mais importa!\" \/>\n<meta property=\"og:description\" content=\"A Concession\u00e1ria SPMAR realizar\u00e1, no pr\u00f3ximo s\u00e1bado (25), o fechamento da al\u00e7a de acesso do Rodoanel M\u00e1rio Covas para a Rodovia Presidente Dutra, localizada no km 130 do trecho Leste, pista externa, para a execu\u00e7\u00e3o de obras de recapeamento. A interdi\u00e7\u00e3o ter\u00e1 in\u00edcio ao meio-dia e a interven\u00e7\u00e3o \u00e9 necess\u00e1ria para os servi\u00e7os de recupera\u00e7\u00e3o [&hellip;]\" \/>\n<meta property=\"og:url\" content=\"https:\/\/www.spmar.com.br\/web\/spmar-realizara-obra-na-alca-do-rodoanel-de-acesso-a-dutra-no-fim-de-semana\/\" \/>\n<meta property=\"og:site_name\" content=\"Somos o caminho que te conecta ao que mais importa!\" \/>\n<meta property=\"article:publisher\" content=\"https:\/\/www.facebook.com\/spmar.rodoanel\" \/>\n<meta property=\"article:published_time\" content=\"2026-04-24T13:05:49+00:00\" \/>\n<meta property=\"article:modified_time\" content=\"2026-04-24T14:34:11+00:00\" \/>\n<meta property=\"og:image\" content=\"https:\/\/www.spmar.com.br\/web\/wp-content\/uploads\/2026\/04\/obra-1024x768.png\" \/>\n\t<meta property=\"og:image:width\" content=\"1024\" \/>\n\t<meta property=\"og:image:height\" content=\"768\" \/>\n\t<meta property=\"og:image:type\" content=\"image\/png\" \/>\n<meta name=\"author\" content=\"Gabriela Lopes\" \/>\n<meta name=\"twitter:card\" content=\"summary_large_image\" \/>\n<meta name=\"twitter:label1\" content=\"Escrito por\" \/>\n\t<meta name=\"twitter:data1\" content=\"Gabriela Lopes\" \/>\n\t<meta name=\"twitter:label2\" content=\"Est. tempo de leitura\" \/>\n\t<meta name=\"twitter:data2\" content=\"1 minuto\" \/>\n<script type=\"application\/ld+json\" class=\"yoast-schema-graph\">{\"@context\":\"https:\\\/\\\/schema.org\",\"@graph\":[{\"@type\":\"Article\",\"@id\":\"https:\\\/\\\/www.spmar.com.br\\\/web\\\/spmar-realizara-obra-na-alca-do-rodoanel-de-acesso-a-dutra-no-fim-de-semana\\\/#article\",\"isPartOf\":{\"@id\":\"https:\\\/\\\/www.spmar.com.br\\\/web\\\/spmar-realizara-obra-na-alca-do-rodoanel-de-acesso-a-dutra-no-fim-de-semana\\\/\"},\"author\":{\"name\":\"Gabriela Lopes\",\"@id\":\"https:\\\/\\\/www.spmar.com.br\\\/web\\\/#\\\/schema\\\/person\\\/45d773c3f651fd6a556df5f507adabd7\"},\"headline\":\"SPMar realizar\u00e1 obra na al\u00e7a do rodoanel de acesso \u00e0 Dutra no fim de semana\",\"datePublished\":\"2026-04-24T13:05:49+00:00\",\"dateModified\":\"2026-04-24T14:34:11+00:00\",\"mainEntityOfPage\":{\"@id\":\"https:\\\/\\\/www.spmar.com.br\\\/web\\\/spmar-realizara-obra-na-alca-do-rodoanel-de-acesso-a-dutra-no-fim-de-semana\\\/\"},\"wordCount\":152,\"commentCount\":0,\"publisher\":{\"@id\":\"https:\\\/\\\/www.spmar.com.br\\\/web\\\/#organization\"},\"image\":{\"@id\":\"https:\\\/\\\/www.spmar.com.br\\\/web\\\/spmar-realizara-obra-na-alca-do-rodoanel-de-acesso-a-dutra-no-fim-de-semana\\\/#primaryimage\"},\"thumbnailUrl\":\"https:\\\/\\\/www.spmar.com.br\\\/web\\\/wp-content\\\/uploads\\\/2026\\\/04\\\/obra-scaled.png\",\"articleSection\":[\"Tr\u00e1fego\"],\"inLanguage\":\"pt-BR\",\"potentialAction\":[{\"@type\":\"CommentAction\",\"name\":\"Comment\",\"target\":[\"https:\\\/\\\/www.spmar.com.br\\\/web\\\/spmar-realizara-obra-na-alca-do-rodoanel-de-acesso-a-dutra-no-fim-de-semana\\\/#respond\"]}]},{\"@type\":\"WebPage\",\"@id\":\"https:\\\/\\\/www.spmar.com.br\\\/web\\\/spmar-realizara-obra-na-alca-do-rodoanel-de-acesso-a-dutra-no-fim-de-semana\\\/\",\"url\":\"https:\\\/\\\/www.spmar.com.br\\\/web\\\/spmar-realizara-obra-na-alca-do-rodoanel-de-acesso-a-dutra-no-fim-de-semana\\\/\",\"name\":\"SPMar realizar\u00e1 obra na al\u00e7a do rodoanel de acesso \u00e0 Dutra no fim de semana - Somos o caminho que te conecta ao que mais importa!\",\"isPartOf\":{\"@id\":\"https:\\\/\\\/www.spmar.com.br\\\/web\\\/#website\"},\"primaryImageOfPage\":{\"@id\":\"https:\\\/\\\/www.spmar.com.br\\\/web\\\/spmar-realizara-obra-na-alca-do-rodoanel-de-acesso-a-dutra-no-fim-de-semana\\\/#primaryimage\"},\"image\":{\"@id\":\"https:\\\/\\\/www.spmar.com.br\\\/web\\\/spmar-realizara-obra-na-alca-do-rodoanel-de-acesso-a-dutra-no-fim-de-semana\\\/#primaryimage\"},\"thumbnailUrl\":\"https:\\\/\\\/www.spmar.com.br\\\/web\\\/wp-content\\\/uploads\\\/2026\\\/04\\\/obra-scaled.png\",\"datePublished\":\"2026-04-24T13:05:49+00:00\",\"dateModified\":\"2026-04-24T14:34:11+00:00\",\"breadcrumb\":{\"@id\":\"https:\\\/\\\/www.spmar.com.br\\\/web\\\/spmar-realizara-obra-na-alca-do-rodoanel-de-acesso-a-dutra-no-fim-de-semana\\\/#breadcrumb\"},\"inLanguage\":\"pt-BR\",\"potentialAction\":[{\"@type\":\"ReadAction\",\"target\":[\"https:\\\/\\\/www.spmar.com.br\\\/web\\\/spmar-realizara-obra-na-alca-do-rodoanel-de-acesso-a-dutra-no-fim-de-semana\\\/\"]}]},{\"@type\":\"ImageObject\",\"inLanguage\":\"pt-BR\",\"@id\":\"https:\\\/\\\/www.spmar.com.br\\\/web\\\/spmar-realizara-obra-na-alca-do-rodoanel-de-acesso-a-dutra-no-fim-de-semana\\\/#primaryimage\",\"url\":\"https:\\\/\\\/www.spmar.com.br\\\/web\\\/wp-content\\\/uploads\\\/2026\\\/04\\\/obra-scaled.png\",\"contentUrl\":\"https:\\\/\\\/www.spmar.com.br\\\/web\\\/wp-content\\\/uploads\\\/2026\\\/04\\\/obra-scaled.png\",\"width\":2560,\"height\":1920},{\"@type\":\"BreadcrumbList\",\"@id\":\"https:\\\/\\\/www.spmar.com.br\\\/web\\\/spmar-realizara-obra-na-alca-do-rodoanel-de-acesso-a-dutra-no-fim-de-semana\\\/#breadcrumb\",\"itemListElement\":[{\"@type\":\"ListItem\",\"position\":1,\"name\":\"Home\",\"item\":\"https:\\\/\\\/www.spmar.com.br\\\/web\\\/\"},{\"@type\":\"ListItem\",\"position\":2,\"name\":\"SPMar realizar\u00e1 obra na al\u00e7a do rodoanel de acesso \u00e0 Dutra no fim de semana\"}]},{\"@type\":\"WebSite\",\"@id\":\"https:\\\/\\\/www.spmar.com.br\\\/web\\\/#website\",\"url\":\"https:\\\/\\\/www.spmar.com.br\\\/web\\\/\",\"name\":\"SPMAR\",\"description\":\"A Concession\u00e1ria SPMAR atua na administra\u00e7\u00e3o dos Trechos Sul e Leste do Rodoanel Mario Covas e, com isso,\u00e9 respons\u00e1vel pela gest\u00e3o de 76% do Rodoanel Metropolitano de S\u00e3o Paulo em opera\u00e7\u00e3o.\",\"publisher\":{\"@id\":\"https:\\\/\\\/www.spmar.com.br\\\/web\\\/#organization\"},\"potentialAction\":[{\"@type\":\"SearchAction\",\"target\":{\"@type\":\"EntryPoint\",\"urlTemplate\":\"https:\\\/\\\/www.spmar.com.br\\\/web\\\/?s={search_term_string}\"},\"query-input\":{\"@type\":\"PropertyValueSpecification\",\"valueRequired\":true,\"valueName\":\"search_term_string\"}}],\"inLanguage\":\"pt-BR\"},{\"@type\":\"Organization\",\"@id\":\"https:\\\/\\\/www.spmar.com.br\\\/web\\\/#organization\",\"name\":\"Concession\u00e1ria SPMAR\",\"url\":\"https:\\\/\\\/www.spmar.com.br\\\/web\\\/\",\"logo\":{\"@type\":\"ImageObject\",\"inLanguage\":\"pt-BR\",\"@id\":\"https:\\\/\\\/www.spmar.com.br\\\/web\\\/#\\\/schema\\\/logo\\\/image\\\/\",\"url\":\"https:\\\/\\\/www.spmar.com.br\\\/web\\\/wp-content\\\/uploads\\\/2017\\\/11\\\/logo_H.jpg\",\"contentUrl\":\"https:\\\/\\\/www.spmar.com.br\\\/web\\\/wp-content\\\/uploads\\\/2017\\\/11\\\/logo_H.jpg\",\"width\":448,\"height\":97,\"caption\":\"Concession\u00e1ria SPMAR\"},\"image\":{\"@id\":\"https:\\\/\\\/www.spmar.com.br\\\/web\\\/#\\\/schema\\\/logo\\\/image\\\/\"},\"sameAs\":[\"https:\\\/\\\/www.facebook.com\\\/spmar.rodoanel\",\"https:\\\/\\\/www.linkedin.com\\\/company\\\/spmarbr\\\/\",\"https:\\\/\\\/www.instagram.com\\\/spmarbr\\\/\"]},{\"@type\":\"Person\",\"@id\":\"https:\\\/\\\/www.spmar.com.br\\\/web\\\/#\\\/schema\\\/person\\\/45d773c3f651fd6a556df5f507adabd7\",\"name\":\"Gabriela Lopes\",\"image\":{\"@type\":\"ImageObject\",\"inLanguage\":\"pt-BR\",\"@id\":\"https:\\\/\\\/www.spmar.com.br\\\/web\\\/wp-content\\\/litespeed\\\/avatar\\\/0280229b2e4318152feaaf52b57f7e14.jpg?ver=1777045635\",\"url\":\"https:\\\/\\\/www.spmar.com.br\\\/web\\\/wp-content\\\/litespeed\\\/avatar\\\/0280229b2e4318152feaaf52b57f7e14.jpg?ver=1777045635\",\"contentUrl\":\"https:\\\/\\\/www.spmar.com.br\\\/web\\\/wp-content\\\/litespeed\\\/avatar\\\/0280229b2e4318152feaaf52b57f7e14.jpg?ver=1777045635\",\"caption\":\"Gabriela Lopes\"},\"url\":\"https:\\\/\\\/www.spmar.com.br\\\/web\\\/author\\\/gabriela\\\/\"}]}<\/script>\n<!-- \/ Yoast SEO plugin. -->","yoast_head_json":{"title":"SPMar realizar\u00e1 obra na al\u00e7a do rodoanel de acesso \u00e0 Dutra no fim de semana - Somos o caminho que te conecta ao que mais importa!","robots":{"index":"index","follow":"follow","max-snippet":"max-snippet:-1","max-image-preview":"max-image-preview:large","max-video-preview":"max-video-preview:-1"},"canonical":"https:\/\/www.spmar.com.br\/web\/spmar-realizara-obra-na-alca-do-rodoanel-de-acesso-a-dutra-no-fim-de-semana\/","og_locale":"pt_BR","og_type":"article","og_title":"SPMar realizar\u00e1 obra na al\u00e7a do rodoanel de acesso \u00e0 Dutra no fim de semana - Somos o caminho que te conecta ao que mais importa!","og_description":"A Concession\u00e1ria SPMAR realizar\u00e1, no pr\u00f3ximo s\u00e1bado (25), o fechamento da al\u00e7a de acesso do Rodoanel M\u00e1rio Covas para a Rodovia Presidente Dutra, localizada no km 130 do trecho Leste, pista externa, para a execu\u00e7\u00e3o de obras de recapeamento. A interdi\u00e7\u00e3o ter\u00e1 in\u00edcio ao meio-dia e a interven\u00e7\u00e3o \u00e9 necess\u00e1ria para os servi\u00e7os de recupera\u00e7\u00e3o [&hellip;]","og_url":"https:\/\/www.spmar.com.br\/web\/spmar-realizara-obra-na-alca-do-rodoanel-de-acesso-a-dutra-no-fim-de-semana\/","og_site_name":"Somos o caminho que te conecta ao que mais importa!","article_publisher":"https:\/\/www.facebook.com\/spmar.rodoanel","article_published_time":"2026-04-24T13:05:49+00:00","article_modified_time":"2026-04-24T14:34:11+00:00","og_image":[{"width":1024,"height":768,"url":"https:\/\/www.spmar.com.br\/web\/wp-content\/uploads\/2026\/04\/obra-1024x768.png","type":"image\/png"}],"author":"Gabriela Lopes","twitter_card":"summary_large_image","twitter_misc":{"Escrito por":"Gabriela Lopes","Est. tempo de leitura":"1 minuto"},"schema":{"@context":"https:\/\/schema.org","@graph":[{"@type":"Article","@id":"https:\/\/www.spmar.com.br\/web\/spmar-realizara-obra-na-alca-do-rodoanel-de-acesso-a-dutra-no-fim-de-semana\/#article","isPartOf":{"@id":"https:\/\/www.spmar.com.br\/web\/spmar-realizara-obra-na-alca-do-rodoanel-de-acesso-a-dutra-no-fim-de-semana\/"},"author":{"name":"Gabriela Lopes","@id":"https:\/\/www.spmar.com.br\/web\/#\/schema\/person\/45d773c3f651fd6a556df5f507adabd7"},"headline":"SPMar realizar\u00e1 obra na al\u00e7a do rodoanel de acesso \u00e0 Dutra no fim de semana","datePublished":"2026-04-24T13:05:49+00:00","dateModified":"2026-04-24T14:34:11+00:00","mainEntityOfPage":{"@id":"https:\/\/www.spmar.com.br\/web\/spmar-realizara-obra-na-alca-do-rodoanel-de-acesso-a-dutra-no-fim-de-semana\/"},"wordCount":152,"commentCount":0,"publisher":{"@id":"https:\/\/www.spmar.com.br\/web\/#organization"},"image":{"@id":"https:\/\/www.spmar.com.br\/web\/spmar-realizara-obra-na-alca-do-rodoanel-de-acesso-a-dutra-no-fim-de-semana\/#primaryimage"},"thumbnailUrl":"https:\/\/www.spmar.com.br\/web\/wp-content\/uploads\/2026\/04\/obra-scaled.png","articleSection":["Tr\u00e1fego"],"inLanguage":"pt-BR","potentialAction":[{"@type":"CommentAction","name":"Comment","target":["https:\/\/www.spmar.com.br\/web\/spmar-realizara-obra-na-alca-do-rodoanel-de-acesso-a-dutra-no-fim-de-semana\/#respond"]}]},{"@type":"WebPage","@id":"https:\/\/www.spmar.com.br\/web\/spmar-realizara-obra-na-alca-do-rodoanel-de-acesso-a-dutra-no-fim-de-semana\/","url":"https:\/\/www.spmar.com.br\/web\/spmar-realizara-obra-na-alca-do-rodoanel-de-acesso-a-dutra-no-fim-de-semana\/","name":"SPMar realizar\u00e1 obra na al\u00e7a do rodoanel de acesso \u00e0 Dutra no fim de semana - Somos o caminho que te conecta ao que mais importa!","isPartOf":{"@id":"https:\/\/www.spmar.com.br\/web\/#website"},"primaryImageOfPage":{"@id":"https:\/\/www.spmar.com.br\/web\/spmar-realizara-obra-na-alca-do-rodoanel-de-acesso-a-dutra-no-fim-de-semana\/#primaryimage"},"image":{"@id":"https:\/\/www.spmar.com.br\/web\/spmar-realizara-obra-na-alca-do-rodoanel-de-acesso-a-dutra-no-fim-de-semana\/#primaryimage"},"thumbnailUrl":"https:\/\/www.spmar.com.br\/web\/wp-content\/uploads\/2026\/04\/obra-scaled.png","datePublished":"2026-04-24T13:05:49+00:00","dateModified":"2026-04-24T14:34:11+00:00","breadcrumb":{"@id":"https:\/\/www.spmar.com.br\/web\/spmar-realizara-obra-na-alca-do-rodoanel-de-acesso-a-dutra-no-fim-de-semana\/#breadcrumb"},"inLanguage":"pt-BR","potentialAction":[{"@type":"ReadAction","target":["https:\/\/www.spmar.com.br\/web\/spmar-realizara-obra-na-alca-do-rodoanel-de-acesso-a-dutra-no-fim-de-semana\/"]}]},{"@type":"ImageObject","inLanguage":"pt-BR","@id":"https:\/\/www.spmar.com.br\/web\/spmar-realizara-obra-na-alca-do-rodoanel-de-acesso-a-dutra-no-fim-de-semana\/#primaryimage","url":"https:\/\/www.spmar.com.br\/web\/wp-content\/uploads\/2026\/04\/obra-scaled.png","contentUrl":"https:\/\/www.spmar.com.br\/web\/wp-content\/uploads\/2026\/04\/obra-scaled.png","width":2560,"height":1920},{"@type":"BreadcrumbList","@id":"https:\/\/www.spmar.com.br\/web\/spmar-realizara-obra-na-alca-do-rodoanel-de-acesso-a-dutra-no-fim-de-semana\/#breadcrumb","itemListElement":[{"@type":"ListItem","position":1,"name":"Home","item":"https:\/\/www.spmar.com.br\/web\/"},{"@type":"ListItem","position":2,"name":"SPMar realizar\u00e1 obra na al\u00e7a do rodoanel de acesso \u00e0 Dutra no fim de semana"}]},{"@type":"WebSite","@id":"https:\/\/www.spmar.com.br\/web\/#website","url":"https:\/\/www.spmar.com.br\/web\/","name":"SPMAR","description":"A Concession\u00e1ria SPMAR atua na administra\u00e7\u00e3o dos Trechos Sul e Leste do Rodoanel Mario Covas e, com isso,\u00e9 respons\u00e1vel pela gest\u00e3o de 76% do Rodoanel Metropolitano de S\u00e3o Paulo em opera\u00e7\u00e3o.","publisher":{"@id":"https:\/\/www.spmar.com.br\/web\/#organization"},"potentialAction":[{"@type":"SearchAction","target":{"@type":"EntryPoint","urlTemplate":"https:\/\/www.spmar.com.br\/web\/?s={search_term_string}"},"query-input":{"@type":"PropertyValueSpecification","valueRequired":true,"valueName":"search_term_string"}}],"inLanguage":"pt-BR"},{"@type":"Organization","@id":"https:\/\/www.spmar.com.br\/web\/#organization","name":"Concession\u00e1ria SPMAR","url":"https:\/\/www.spmar.com.br\/web\/","logo":{"@type":"ImageObject","inLanguage":"pt-BR","@id":"https:\/\/www.spmar.com.br\/web\/#\/schema\/logo\/image\/","url":"https:\/\/www.spmar.com.br\/web\/wp-content\/uploads\/2017\/11\/logo_H.jpg","contentUrl":"https:\/\/www.spmar.com.br\/web\/wp-content\/uploads\/2017\/11\/logo_H.jpg","width":448,"height":97,"caption":"Concession\u00e1ria SPMAR"},"image":{"@id":"https:\/\/www.spmar.com.br\/web\/#\/schema\/logo\/image\/"},"sameAs":["https:\/\/www.facebook.com\/spmar.rodoanel","https:\/\/www.linkedin.com\/company\/spmarbr\/","https:\/\/www.instagram.com\/spmarbr\/"]},{"@type":"Person","@id":"https:\/\/www.spmar.com.br\/web\/#\/schema\/person\/45d773c3f651fd6a556df5f507adabd7","name":"Gabriela Lopes","image":{"@type":"ImageObject","inLanguage":"pt-BR","@id":"https:\/\/www.spmar.com.br\/web\/wp-content\/litespeed\/avatar\/0280229b2e4318152feaaf52b57f7e14.jpg?ver=1777045635","url":"https:\/\/www.spmar.com.br\/web\/wp-content\/litespeed\/avatar\/0280229b2e4318152feaaf52b57f7e14.jpg?ver=1777045635","contentUrl":"https:\/\/www.spmar.com.br\/web\/wp-content\/litespeed\/avatar\/0280229b2e4318152feaaf52b57f7e14.jpg?ver=1777045635","caption":"Gabriela Lopes"},"url":"https:\/\/www.spmar.com.br\/web\/author\/gabriela\/"}]}},"jetpack_featured_media_url":"https:\/\/www.spmar.com.br\/web\/wp-content\/uploads\/2026\/04\/obra-scaled.png","jetpack_sharing_enabled":true,"_links":{"self":[{"href":"https:\/\/www.spmar.com.br\/web\/wp-json\/wp\/v2\/posts\/5892","targetHints":{"allow":["GET"]}}],"collection":[{"href":"https:\/\/www.spmar.com.br\/web\/wp-json\/wp\/v2\/posts"}],"about":[{"href":"https:\/\/www.spmar.com.br\/web\/wp-json\/wp\/v2\/types\/post"}],"author":[{"embeddable":true,"href":"https:\/\/www.spmar.com.br\/web\/wp-json\/wp\/v2\/users\/7"}],"replies":[{"embeddable":true,"href":"https:\/\/www.spmar.com.br\/web\/wp-json\/wp\/v2\/comments?post=5892"}],"version-history":[{"count":2,"href":"https:\/\/www.spmar.com.br\/web\/wp-json\/wp\/v2\/posts\/5892\/revisions"}],"predecessor-version":[{"id":5896,"href":"https:\/\/www.spmar.com.br\/web\/wp-json\/wp\/v2\/posts\/5892\/revisions\/5896"}],"wp:featuredmedia":[{"embeddable":true,"href":"https:\/\/www.spmar.com.br\/web\/wp-json\/wp\/v2\/media\/5895"}],"wp:attachment":[{"href":"https:\/\/www.spmar.com.br\/web\/wp-json\/wp\/v2\/media?parent=5892"}],"wp:term":[{"taxonomy":"category","embeddable":true,"href":"https:\/\/www.spmar.com.br\/web\/wp-json\/wp\/v2\/categories?post=5892"},{"taxonomy":"post_tag","embeddable":true,"href":"https:\/\/www.spmar.com.br\/web\/wp-json\/wp\/v2\/tags?post=5892"}],"curies":[{"name":"wp","href":"https:\/\/api.w.org\/{rel}","templated":true}]}}