{"id":5265,"date":"2025-08-14T16:28:56","date_gmt":"2025-08-14T19:28:56","guid":{"rendered":"https:\/\/www.spmar.com.br\/web\/?p=5265"},"modified":"2025-08-14T16:31:19","modified_gmt":"2025-08-14T19:31:19","slug":"lacre-solidario-spmar-atinge-a-marca-de-75-cadeiras-de-rodas-doadas","status":"publish","type":"post","link":"https:\/\/www.spmar.com.br\/web\/lacre-solidario-spmar-atinge-a-marca-de-75-cadeiras-de-rodas-doadas\/","title":{"rendered":"Lacre Solid\u00e1rio: SPMar atinge a marca de 75 cadeiras de rodas doadas"},"content":{"rendered":"\n<p><strong>A\u00e7\u00e3o em Suzano marca a 22\u00aa entrega no munic\u00edpio e refor\u00e7a o impacto social da campanha<\/strong><\/p>\n\n\n\n<p>A SPMar, concession\u00e1ria que administra o Trecho Leste do Rodoanel M\u00e1rio Covas, refor\u00e7ou seu compromisso social em Suzano ao realizar mais uma etapa da campanha <strong>Lacre Solid\u00e1rio<\/strong>.<\/p>\n\n\n\n<p>Quatro novas cadeiras de rodas foram entregues na cidade, elevando o total da campanha para <strong>75 doa\u00e7\u00f5es<\/strong>, sendo <strong>22 apenas no munic\u00edpio de Suzano<\/strong>.<\/p>\n\n\n\n<p>Para F\u00e1bio Loiola, coordenador de comunica\u00e7\u00e3o da SPMar, atingir a marca de 75 cadeiras doadas \u00e9 motivo de grande orgulho. &#8220;A campanha come\u00e7ou como uma corrente de solidariedade entre os colaboradores e, ao longo do tempo, somou elos importantes como as prefeituras, os Fundos Sociais de Solidariedade e o Condemat. \u00c9 uma mobiliza\u00e7\u00e3o que beneficia cada vez mais pessoas, aprimorando a mobilidade e refor\u00e7ando a preocupa\u00e7\u00e3o com o pr\u00f3ximo na nossa regi\u00e3o&#8221;, afirmou.<\/p>\n\n\n\n<p>A cerim\u00f4nia de entrega contou com a presen\u00e7a de diversas autoridades e apoiadores, incluindo a presidente do Fundo Social de Suzano, D\u00e9borah Raffoul Ishi; o coordenador de Comunica\u00e7\u00e3o da SPMar, F\u00e1bio Loiola; o secret\u00e1rio municipal de Esportes e Lazer, Arnaldo Marin J\u00fanior; e o presidente da C\u00e2mara de Suzano, Artur Takayama.<\/p>\n\n\n\n<p><strong>Como funciona a arrecada\u00e7\u00e3o<\/strong><\/p>\n\n\n\n<p>A campanha <strong>Lacre Solid\u00e1rio<\/strong>&nbsp;recolhe os an\u00e9is met\u00e1licos de latinhas de alum\u00ednio \u2014 materiais que, muitas vezes, seriam descartados. Cada cadeira de rodas doada \u00e9 fruto da coleta de, em m\u00e9dia, <strong>140 garrafas pet de 2 litros cheias de lacres<\/strong>, o que equivale a aproximadamente 90 quilos do material recicl\u00e1vel.<\/p>\n\n\n\n<p>Qualquer pessoa pode participar dessa corrente do bem. As doa\u00e7\u00f5es de lacres podem ser feitas nas pra\u00e7as de ped\u00e1gio ou nas bases do <strong>SAU (Servi\u00e7o de Atendimento ao Usu\u00e1rio)<\/strong>&nbsp;no Rodoanel. H\u00e1 tamb\u00e9m postos de coleta nas sedes dos fundos sociais de solidariedade em cidades parceiras como Aruj\u00e1, Embu das Artes, Itapecerica da Serra, Ribeir\u00e3o Pires e Suzano. A campanha de arrecada\u00e7\u00e3o funciona durante o ano todo.<\/p>\n","protected":false},"excerpt":{"rendered":"<p>A\u00e7\u00e3o em Suzano marca a 22\u00aa entrega no munic\u00edpio e refor\u00e7a o impacto social da campanha A SPMar, concession\u00e1ria que administra o Trecho Leste do Rodoanel M\u00e1rio Covas, refor\u00e7ou seu compromisso social em Suzano ao realizar mais uma etapa da campanha Lacre Solid\u00e1rio. Quatro novas cadeiras de rodas foram entregues na cidade, elevando o total [&hellip;]<\/p>\n","protected":false},"author":7,"featured_media":5266,"comment_status":"open","ping_status":"open","sticky":false,"template":"","format":"standard","meta":{"_acf_changed":false,"inline_featured_image":false,"_jetpack_memberships_contains_paid_content":false,"footnotes":""},"categories":[1],"tags":[],"class_list":["post-5265","post","type-post","status-publish","format-standard","has-post-thumbnail","hentry","category-sem-categoria"],"acf":[],"yoast_head":"<!-- This site is optimized with the Yoast SEO plugin v27.4 - https:\/\/yoast.com\/product\/yoast-seo-wordpress\/ -->\n<title>Lacre Solid\u00e1rio: SPMar atinge a marca de 75 cadeiras de rodas doadas - Somos o caminho que te conecta ao que mais importa!<\/title>\n<meta name=\"robots\" content=\"index, follow, max-snippet:-1, max-image-preview:large, max-video-preview:-1\" \/>\n<link rel=\"canonical\" href=\"https:\/\/www.spmar.com.br\/web\/lacre-solidario-spmar-atinge-a-marca-de-75-cadeiras-de-rodas-doadas\/\" \/>\n<meta property=\"og:locale\" content=\"pt_BR\" \/>\n<meta property=\"og:type\" content=\"article\" \/>\n<meta property=\"og:title\" content=\"Lacre Solid\u00e1rio: SPMar atinge a marca de 75 cadeiras de rodas doadas - Somos o caminho que te conecta ao que mais importa!\" \/>\n<meta property=\"og:description\" content=\"A\u00e7\u00e3o em Suzano marca a 22\u00aa entrega no munic\u00edpio e refor\u00e7a o impacto social da campanha A SPMar, concession\u00e1ria que administra o Trecho Leste do Rodoanel M\u00e1rio Covas, refor\u00e7ou seu compromisso social em Suzano ao realizar mais uma etapa da campanha Lacre Solid\u00e1rio. Quatro novas cadeiras de rodas foram entregues na cidade, elevando o total [&hellip;]\" \/>\n<meta property=\"og:url\" content=\"https:\/\/www.spmar.com.br\/web\/lacre-solidario-spmar-atinge-a-marca-de-75-cadeiras-de-rodas-doadas\/\" \/>\n<meta property=\"og:site_name\" content=\"Somos o caminho que te conecta ao que mais importa!\" \/>\n<meta property=\"article:publisher\" content=\"https:\/\/www.facebook.com\/spmar.rodoanel\" \/>\n<meta property=\"article:published_time\" content=\"2025-08-14T19:28:56+00:00\" \/>\n<meta property=\"article:modified_time\" content=\"2025-08-14T19:31:19+00:00\" \/>\n<meta property=\"og:image\" content=\"https:\/\/www.spmar.com.br\/web\/wp-content\/uploads\/2025\/08\/Imagem-do-WhatsApp-de-2025-08-12-as-15.37.51_8ba0f8d2-e1755199727570.jpg\" \/>\n\t<meta property=\"og:image:width\" content=\"1200\" \/>\n\t<meta property=\"og:image:height\" content=\"792\" \/>\n\t<meta property=\"og:image:type\" content=\"image\/jpeg\" \/>\n<meta name=\"author\" content=\"Gabriela Lopes\" \/>\n<meta name=\"twitter:card\" content=\"summary_large_image\" \/>\n<meta name=\"twitter:label1\" content=\"Escrito por\" \/>\n\t<meta name=\"twitter:data1\" content=\"Gabriela Lopes\" \/>\n\t<meta name=\"twitter:label2\" content=\"Est. tempo de leitura\" \/>\n\t<meta name=\"twitter:data2\" content=\"2 minutos\" \/>\n<script type=\"application\/ld+json\" class=\"yoast-schema-graph\">{\"@context\":\"https:\\\/\\\/schema.org\",\"@graph\":[{\"@type\":\"Article\",\"@id\":\"https:\\\/\\\/www.spmar.com.br\\\/web\\\/lacre-solidario-spmar-atinge-a-marca-de-75-cadeiras-de-rodas-doadas\\\/#article\",\"isPartOf\":{\"@id\":\"https:\\\/\\\/www.spmar.com.br\\\/web\\\/lacre-solidario-spmar-atinge-a-marca-de-75-cadeiras-de-rodas-doadas\\\/\"},\"author\":{\"name\":\"Gabriela Lopes\",\"@id\":\"https:\\\/\\\/www.spmar.com.br\\\/web\\\/#\\\/schema\\\/person\\\/45d773c3f651fd6a556df5f507adabd7\"},\"headline\":\"Lacre Solid\u00e1rio: SPMar atinge a marca de 75 cadeiras de rodas doadas\",\"datePublished\":\"2025-08-14T19:28:56+00:00\",\"dateModified\":\"2025-08-14T19:31:19+00:00\",\"mainEntityOfPage\":{\"@id\":\"https:\\\/\\\/www.spmar.com.br\\\/web\\\/lacre-solidario-spmar-atinge-a-marca-de-75-cadeiras-de-rodas-doadas\\\/\"},\"wordCount\":355,\"commentCount\":0,\"publisher\":{\"@id\":\"https:\\\/\\\/www.spmar.com.br\\\/web\\\/#organization\"},\"image\":{\"@id\":\"https:\\\/\\\/www.spmar.com.br\\\/web\\\/lacre-solidario-spmar-atinge-a-marca-de-75-cadeiras-de-rodas-doadas\\\/#primaryimage\"},\"thumbnailUrl\":\"https:\\\/\\\/www.spmar.com.br\\\/web\\\/wp-content\\\/uploads\\\/2025\\\/08\\\/Imagem-do-WhatsApp-de-2025-08-12-as-15.37.51_8ba0f8d2-e1755199727570.jpg\",\"inLanguage\":\"pt-BR\",\"potentialAction\":[{\"@type\":\"CommentAction\",\"name\":\"Comment\",\"target\":[\"https:\\\/\\\/www.spmar.com.br\\\/web\\\/lacre-solidario-spmar-atinge-a-marca-de-75-cadeiras-de-rodas-doadas\\\/#respond\"]}]},{\"@type\":\"WebPage\",\"@id\":\"https:\\\/\\\/www.spmar.com.br\\\/web\\\/lacre-solidario-spmar-atinge-a-marca-de-75-cadeiras-de-rodas-doadas\\\/\",\"url\":\"https:\\\/\\\/www.spmar.com.br\\\/web\\\/lacre-solidario-spmar-atinge-a-marca-de-75-cadeiras-de-rodas-doadas\\\/\",\"name\":\"Lacre Solid\u00e1rio: SPMar atinge a marca de 75 cadeiras de rodas doadas - Somos o caminho que te conecta ao que mais importa!\",\"isPartOf\":{\"@id\":\"https:\\\/\\\/www.spmar.com.br\\\/web\\\/#website\"},\"primaryImageOfPage\":{\"@id\":\"https:\\\/\\\/www.spmar.com.br\\\/web\\\/lacre-solidario-spmar-atinge-a-marca-de-75-cadeiras-de-rodas-doadas\\\/#primaryimage\"},\"image\":{\"@id\":\"https:\\\/\\\/www.spmar.com.br\\\/web\\\/lacre-solidario-spmar-atinge-a-marca-de-75-cadeiras-de-rodas-doadas\\\/#primaryimage\"},\"thumbnailUrl\":\"https:\\\/\\\/www.spmar.com.br\\\/web\\\/wp-content\\\/uploads\\\/2025\\\/08\\\/Imagem-do-WhatsApp-de-2025-08-12-as-15.37.51_8ba0f8d2-e1755199727570.jpg\",\"datePublished\":\"2025-08-14T19:28:56+00:00\",\"dateModified\":\"2025-08-14T19:31:19+00:00\",\"breadcrumb\":{\"@id\":\"https:\\\/\\\/www.spmar.com.br\\\/web\\\/lacre-solidario-spmar-atinge-a-marca-de-75-cadeiras-de-rodas-doadas\\\/#breadcrumb\"},\"inLanguage\":\"pt-BR\",\"potentialAction\":[{\"@type\":\"ReadAction\",\"target\":[\"https:\\\/\\\/www.spmar.com.br\\\/web\\\/lacre-solidario-spmar-atinge-a-marca-de-75-cadeiras-de-rodas-doadas\\\/\"]}]},{\"@type\":\"ImageObject\",\"inLanguage\":\"pt-BR\",\"@id\":\"https:\\\/\\\/www.spmar.com.br\\\/web\\\/lacre-solidario-spmar-atinge-a-marca-de-75-cadeiras-de-rodas-doadas\\\/#primaryimage\",\"url\":\"https:\\\/\\\/www.spmar.com.br\\\/web\\\/wp-content\\\/uploads\\\/2025\\\/08\\\/Imagem-do-WhatsApp-de-2025-08-12-as-15.37.51_8ba0f8d2-e1755199727570.jpg\",\"contentUrl\":\"https:\\\/\\\/www.spmar.com.br\\\/web\\\/wp-content\\\/uploads\\\/2025\\\/08\\\/Imagem-do-WhatsApp-de-2025-08-12-as-15.37.51_8ba0f8d2-e1755199727570.jpg\",\"width\":1200,\"height\":792},{\"@type\":\"BreadcrumbList\",\"@id\":\"https:\\\/\\\/www.spmar.com.br\\\/web\\\/lacre-solidario-spmar-atinge-a-marca-de-75-cadeiras-de-rodas-doadas\\\/#breadcrumb\",\"itemListElement\":[{\"@type\":\"ListItem\",\"position\":1,\"name\":\"Home\",\"item\":\"https:\\\/\\\/www.spmar.com.br\\\/web\\\/\"},{\"@type\":\"ListItem\",\"position\":2,\"name\":\"Lacre Solid\u00e1rio: SPMar atinge a marca de 75 cadeiras de rodas doadas\"}]},{\"@type\":\"WebSite\",\"@id\":\"https:\\\/\\\/www.spmar.com.br\\\/web\\\/#website\",\"url\":\"https:\\\/\\\/www.spmar.com.br\\\/web\\\/\",\"name\":\"SPMAR\",\"description\":\"A Concession\u00e1ria SPMAR atua na administra\u00e7\u00e3o dos Trechos Sul e Leste do Rodoanel Mario Covas e, com isso,\u00e9 respons\u00e1vel pela gest\u00e3o de 76% do Rodoanel Metropolitano de S\u00e3o Paulo em opera\u00e7\u00e3o.\",\"publisher\":{\"@id\":\"https:\\\/\\\/www.spmar.com.br\\\/web\\\/#organization\"},\"potentialAction\":[{\"@type\":\"SearchAction\",\"target\":{\"@type\":\"EntryPoint\",\"urlTemplate\":\"https:\\\/\\\/www.spmar.com.br\\\/web\\\/?s={search_term_string}\"},\"query-input\":{\"@type\":\"PropertyValueSpecification\",\"valueRequired\":true,\"valueName\":\"search_term_string\"}}],\"inLanguage\":\"pt-BR\"},{\"@type\":\"Organization\",\"@id\":\"https:\\\/\\\/www.spmar.com.br\\\/web\\\/#organization\",\"name\":\"Concession\u00e1ria SPMAR\",\"url\":\"https:\\\/\\\/www.spmar.com.br\\\/web\\\/\",\"logo\":{\"@type\":\"ImageObject\",\"inLanguage\":\"pt-BR\",\"@id\":\"https:\\\/\\\/www.spmar.com.br\\\/web\\\/#\\\/schema\\\/logo\\\/image\\\/\",\"url\":\"https:\\\/\\\/www.spmar.com.br\\\/web\\\/wp-content\\\/uploads\\\/2017\\\/11\\\/logo_H.jpg\",\"contentUrl\":\"https:\\\/\\\/www.spmar.com.br\\\/web\\\/wp-content\\\/uploads\\\/2017\\\/11\\\/logo_H.jpg\",\"width\":448,\"height\":97,\"caption\":\"Concession\u00e1ria SPMAR\"},\"image\":{\"@id\":\"https:\\\/\\\/www.spmar.com.br\\\/web\\\/#\\\/schema\\\/logo\\\/image\\\/\"},\"sameAs\":[\"https:\\\/\\\/www.facebook.com\\\/spmar.rodoanel\",\"https:\\\/\\\/www.linkedin.com\\\/company\\\/spmarbr\\\/\",\"https:\\\/\\\/www.instagram.com\\\/spmarbr\\\/\"]},{\"@type\":\"Person\",\"@id\":\"https:\\\/\\\/www.spmar.com.br\\\/web\\\/#\\\/schema\\\/person\\\/45d773c3f651fd6a556df5f507adabd7\",\"name\":\"Gabriela Lopes\",\"image\":{\"@type\":\"ImageObject\",\"inLanguage\":\"pt-BR\",\"@id\":\"https:\\\/\\\/www.spmar.com.br\\\/web\\\/wp-content\\\/litespeed\\\/avatar\\\/0280229b2e4318152feaaf52b57f7e14.jpg?ver=1777045635\",\"url\":\"https:\\\/\\\/www.spmar.com.br\\\/web\\\/wp-content\\\/litespeed\\\/avatar\\\/0280229b2e4318152feaaf52b57f7e14.jpg?ver=1777045635\",\"contentUrl\":\"https:\\\/\\\/www.spmar.com.br\\\/web\\\/wp-content\\\/litespeed\\\/avatar\\\/0280229b2e4318152feaaf52b57f7e14.jpg?ver=1777045635\",\"caption\":\"Gabriela Lopes\"},\"url\":\"https:\\\/\\\/www.spmar.com.br\\\/web\\\/author\\\/gabriela\\\/\"}]}<\/script>\n<!-- \/ Yoast SEO plugin. -->","yoast_head_json":{"title":"Lacre Solid\u00e1rio: SPMar atinge a marca de 75 cadeiras de rodas doadas - Somos o caminho que te conecta ao que mais importa!","robots":{"index":"index","follow":"follow","max-snippet":"max-snippet:-1","max-image-preview":"max-image-preview:large","max-video-preview":"max-video-preview:-1"},"canonical":"https:\/\/www.spmar.com.br\/web\/lacre-solidario-spmar-atinge-a-marca-de-75-cadeiras-de-rodas-doadas\/","og_locale":"pt_BR","og_type":"article","og_title":"Lacre Solid\u00e1rio: SPMar atinge a marca de 75 cadeiras de rodas doadas - Somos o caminho que te conecta ao que mais importa!","og_description":"A\u00e7\u00e3o em Suzano marca a 22\u00aa entrega no munic\u00edpio e refor\u00e7a o impacto social da campanha A SPMar, concession\u00e1ria que administra o Trecho Leste do Rodoanel M\u00e1rio Covas, refor\u00e7ou seu compromisso social em Suzano ao realizar mais uma etapa da campanha Lacre Solid\u00e1rio. Quatro novas cadeiras de rodas foram entregues na cidade, elevando o total [&hellip;]","og_url":"https:\/\/www.spmar.com.br\/web\/lacre-solidario-spmar-atinge-a-marca-de-75-cadeiras-de-rodas-doadas\/","og_site_name":"Somos o caminho que te conecta ao que mais importa!","article_publisher":"https:\/\/www.facebook.com\/spmar.rodoanel","article_published_time":"2025-08-14T19:28:56+00:00","article_modified_time":"2025-08-14T19:31:19+00:00","og_image":[{"width":1200,"height":792,"url":"https:\/\/www.spmar.com.br\/web\/wp-content\/uploads\/2025\/08\/Imagem-do-WhatsApp-de-2025-08-12-as-15.37.51_8ba0f8d2-e1755199727570.jpg","type":"image\/jpeg"}],"author":"Gabriela Lopes","twitter_card":"summary_large_image","twitter_misc":{"Escrito por":"Gabriela Lopes","Est. tempo de leitura":"2 minutos"},"schema":{"@context":"https:\/\/schema.org","@graph":[{"@type":"Article","@id":"https:\/\/www.spmar.com.br\/web\/lacre-solidario-spmar-atinge-a-marca-de-75-cadeiras-de-rodas-doadas\/#article","isPartOf":{"@id":"https:\/\/www.spmar.com.br\/web\/lacre-solidario-spmar-atinge-a-marca-de-75-cadeiras-de-rodas-doadas\/"},"author":{"name":"Gabriela Lopes","@id":"https:\/\/www.spmar.com.br\/web\/#\/schema\/person\/45d773c3f651fd6a556df5f507adabd7"},"headline":"Lacre Solid\u00e1rio: SPMar atinge a marca de 75 cadeiras de rodas doadas","datePublished":"2025-08-14T19:28:56+00:00","dateModified":"2025-08-14T19:31:19+00:00","mainEntityOfPage":{"@id":"https:\/\/www.spmar.com.br\/web\/lacre-solidario-spmar-atinge-a-marca-de-75-cadeiras-de-rodas-doadas\/"},"wordCount":355,"commentCount":0,"publisher":{"@id":"https:\/\/www.spmar.com.br\/web\/#organization"},"image":{"@id":"https:\/\/www.spmar.com.br\/web\/lacre-solidario-spmar-atinge-a-marca-de-75-cadeiras-de-rodas-doadas\/#primaryimage"},"thumbnailUrl":"https:\/\/www.spmar.com.br\/web\/wp-content\/uploads\/2025\/08\/Imagem-do-WhatsApp-de-2025-08-12-as-15.37.51_8ba0f8d2-e1755199727570.jpg","inLanguage":"pt-BR","potentialAction":[{"@type":"CommentAction","name":"Comment","target":["https:\/\/www.spmar.com.br\/web\/lacre-solidario-spmar-atinge-a-marca-de-75-cadeiras-de-rodas-doadas\/#respond"]}]},{"@type":"WebPage","@id":"https:\/\/www.spmar.com.br\/web\/lacre-solidario-spmar-atinge-a-marca-de-75-cadeiras-de-rodas-doadas\/","url":"https:\/\/www.spmar.com.br\/web\/lacre-solidario-spmar-atinge-a-marca-de-75-cadeiras-de-rodas-doadas\/","name":"Lacre Solid\u00e1rio: SPMar atinge a marca de 75 cadeiras de rodas doadas - Somos o caminho que te conecta ao que mais importa!","isPartOf":{"@id":"https:\/\/www.spmar.com.br\/web\/#website"},"primaryImageOfPage":{"@id":"https:\/\/www.spmar.com.br\/web\/lacre-solidario-spmar-atinge-a-marca-de-75-cadeiras-de-rodas-doadas\/#primaryimage"},"image":{"@id":"https:\/\/www.spmar.com.br\/web\/lacre-solidario-spmar-atinge-a-marca-de-75-cadeiras-de-rodas-doadas\/#primaryimage"},"thumbnailUrl":"https:\/\/www.spmar.com.br\/web\/wp-content\/uploads\/2025\/08\/Imagem-do-WhatsApp-de-2025-08-12-as-15.37.51_8ba0f8d2-e1755199727570.jpg","datePublished":"2025-08-14T19:28:56+00:00","dateModified":"2025-08-14T19:31:19+00:00","breadcrumb":{"@id":"https:\/\/www.spmar.com.br\/web\/lacre-solidario-spmar-atinge-a-marca-de-75-cadeiras-de-rodas-doadas\/#breadcrumb"},"inLanguage":"pt-BR","potentialAction":[{"@type":"ReadAction","target":["https:\/\/www.spmar.com.br\/web\/lacre-solidario-spmar-atinge-a-marca-de-75-cadeiras-de-rodas-doadas\/"]}]},{"@type":"ImageObject","inLanguage":"pt-BR","@id":"https:\/\/www.spmar.com.br\/web\/lacre-solidario-spmar-atinge-a-marca-de-75-cadeiras-de-rodas-doadas\/#primaryimage","url":"https:\/\/www.spmar.com.br\/web\/wp-content\/uploads\/2025\/08\/Imagem-do-WhatsApp-de-2025-08-12-as-15.37.51_8ba0f8d2-e1755199727570.jpg","contentUrl":"https:\/\/www.spmar.com.br\/web\/wp-content\/uploads\/2025\/08\/Imagem-do-WhatsApp-de-2025-08-12-as-15.37.51_8ba0f8d2-e1755199727570.jpg","width":1200,"height":792},{"@type":"BreadcrumbList","@id":"https:\/\/www.spmar.com.br\/web\/lacre-solidario-spmar-atinge-a-marca-de-75-cadeiras-de-rodas-doadas\/#breadcrumb","itemListElement":[{"@type":"ListItem","position":1,"name":"Home","item":"https:\/\/www.spmar.com.br\/web\/"},{"@type":"ListItem","position":2,"name":"Lacre Solid\u00e1rio: SPMar atinge a marca de 75 cadeiras de rodas doadas"}]},{"@type":"WebSite","@id":"https:\/\/www.spmar.com.br\/web\/#website","url":"https:\/\/www.spmar.com.br\/web\/","name":"SPMAR","description":"A Concession\u00e1ria SPMAR atua na administra\u00e7\u00e3o dos Trechos Sul e Leste do Rodoanel Mario Covas e, com isso,\u00e9 respons\u00e1vel pela gest\u00e3o de 76% do Rodoanel Metropolitano de S\u00e3o Paulo em opera\u00e7\u00e3o.","publisher":{"@id":"https:\/\/www.spmar.com.br\/web\/#organization"},"potentialAction":[{"@type":"SearchAction","target":{"@type":"EntryPoint","urlTemplate":"https:\/\/www.spmar.com.br\/web\/?s={search_term_string}"},"query-input":{"@type":"PropertyValueSpecification","valueRequired":true,"valueName":"search_term_string"}}],"inLanguage":"pt-BR"},{"@type":"Organization","@id":"https:\/\/www.spmar.com.br\/web\/#organization","name":"Concession\u00e1ria SPMAR","url":"https:\/\/www.spmar.com.br\/web\/","logo":{"@type":"ImageObject","inLanguage":"pt-BR","@id":"https:\/\/www.spmar.com.br\/web\/#\/schema\/logo\/image\/","url":"https:\/\/www.spmar.com.br\/web\/wp-content\/uploads\/2017\/11\/logo_H.jpg","contentUrl":"https:\/\/www.spmar.com.br\/web\/wp-content\/uploads\/2017\/11\/logo_H.jpg","width":448,"height":97,"caption":"Concession\u00e1ria SPMAR"},"image":{"@id":"https:\/\/www.spmar.com.br\/web\/#\/schema\/logo\/image\/"},"sameAs":["https:\/\/www.facebook.com\/spmar.rodoanel","https:\/\/www.linkedin.com\/company\/spmarbr\/","https:\/\/www.instagram.com\/spmarbr\/"]},{"@type":"Person","@id":"https:\/\/www.spmar.com.br\/web\/#\/schema\/person\/45d773c3f651fd6a556df5f507adabd7","name":"Gabriela Lopes","image":{"@type":"ImageObject","inLanguage":"pt-BR","@id":"https:\/\/www.spmar.com.br\/web\/wp-content\/litespeed\/avatar\/0280229b2e4318152feaaf52b57f7e14.jpg?ver=1777045635","url":"https:\/\/www.spmar.com.br\/web\/wp-content\/litespeed\/avatar\/0280229b2e4318152feaaf52b57f7e14.jpg?ver=1777045635","contentUrl":"https:\/\/www.spmar.com.br\/web\/wp-content\/litespeed\/avatar\/0280229b2e4318152feaaf52b57f7e14.jpg?ver=1777045635","caption":"Gabriela Lopes"},"url":"https:\/\/www.spmar.com.br\/web\/author\/gabriela\/"}]}},"jetpack_featured_media_url":"https:\/\/www.spmar.com.br\/web\/wp-content\/uploads\/2025\/08\/Imagem-do-WhatsApp-de-2025-08-12-as-15.37.51_8ba0f8d2-e1755199727570.jpg","jetpack_sharing_enabled":true,"_links":{"self":[{"href":"https:\/\/www.spmar.com.br\/web\/wp-json\/wp\/v2\/posts\/5265","targetHints":{"allow":["GET"]}}],"collection":[{"href":"https:\/\/www.spmar.com.br\/web\/wp-json\/wp\/v2\/posts"}],"about":[{"href":"https:\/\/www.spmar.com.br\/web\/wp-json\/wp\/v2\/types\/post"}],"author":[{"embeddable":true,"href":"https:\/\/www.spmar.com.br\/web\/wp-json\/wp\/v2\/users\/7"}],"replies":[{"embeddable":true,"href":"https:\/\/www.spmar.com.br\/web\/wp-json\/wp\/v2\/comments?post=5265"}],"version-history":[{"count":1,"href":"https:\/\/www.spmar.com.br\/web\/wp-json\/wp\/v2\/posts\/5265\/revisions"}],"predecessor-version":[{"id":5267,"href":"https:\/\/www.spmar.com.br\/web\/wp-json\/wp\/v2\/posts\/5265\/revisions\/5267"}],"wp:featuredmedia":[{"embeddable":true,"href":"https:\/\/www.spmar.com.br\/web\/wp-json\/wp\/v2\/media\/5266"}],"wp:attachment":[{"href":"https:\/\/www.spmar.com.br\/web\/wp-json\/wp\/v2\/media?parent=5265"}],"wp:term":[{"taxonomy":"category","embeddable":true,"href":"https:\/\/www.spmar.com.br\/web\/wp-json\/wp\/v2\/categories?post=5265"},{"taxonomy":"post_tag","embeddable":true,"href":"https:\/\/www.spmar.com.br\/web\/wp-json\/wp\/v2\/tags?post=5265"}],"curies":[{"name":"wp","href":"https:\/\/api.w.org\/{rel}","templated":true}]}}