{"id":3477,"date":"2024-05-20T12:31:42","date_gmt":"2024-05-20T15:31:42","guid":{"rendered":"https:\/\/www.spmar.com.br\/web\/?p=3477"},"modified":"2024-05-20T12:33:26","modified_gmt":"2024-05-20T15:33:26","slug":"ultimo-episodio-do-especial-maio-amarelo-do-podcast-de-olho-na-estrada-teve-como-convidada-a-jornalista-vitoria-drehmer-da-auto-esporte","status":"publish","type":"post","link":"https:\/\/www.spmar.com.br\/web\/ultimo-episodio-do-especial-maio-amarelo-do-podcast-de-olho-na-estrada-teve-como-convidada-a-jornalista-vitoria-drehmer-da-auto-esporte\/","title":{"rendered":"\u00daltimo epis\u00f3dio do especial Maio Amarelo do podcast \u201cDe Olho na Estrada\u201d teve como convidada a jornalista Vit\u00f3ria Drehmer, da Auto Esporte"},"content":{"rendered":"\n<p><em>Terceiro epis\u00f3dio da s\u00e9rie especial trouxe curiosidades das reportagens e do dia a dia da jornalista, al\u00e9m de muita informa\u00e7\u00e3o sobre seguran\u00e7a vi\u00e1ria e o mundo dos autom\u00f3vei<\/em><\/p>\n\n\n\n<p>Entusiasta de karts, Vit\u00f3ria Drehmer, encontrou no jornalismo automobil\u00edstico a profissionaliza\u00e7\u00e3o da sua paix\u00e3o, que come\u00e7ou cedo, com a influ\u00eancia de seu pai, que tem um site de kart e \u00e9 assessor de imprensa de pilotos. \u201cDesde pequena eu trabalhava com meu pai e comecei a estudar jornalismo por causa dele, na verdade. Sempre achei o trabalho dele muito legal, resolvi seguir a carreira e encontrei na Auto Esporte a jun\u00e7\u00e3o desses dois mundos: jornalismo e autom\u00f3veis\u201d, afirma Vit\u00f3ria.<\/p>\n\n\n\n<p>A jornalista ainda contou um pouco sobre a cobertura de autom\u00f3veis na publica\u00e7\u00e3o da Editora Globo. \u201cCada vez mais, estamos cobrindo lan\u00e7amentos de ve\u00edculos. Por exemplo, recentemente estive em Pequim, na China, para o Sal\u00e3o do Autom\u00f3vel, e tem muita novidade chegando no Brasil, especialmente no mundo dos el\u00e9tricos. As pessoas t\u00eam curiosidade a respeito disso, s\u00e3o uma grande quantidade carros novos vendidos por m\u00eas, por ano, aqui. Ent\u00e3o, esse \u00e9 um tema que interessa aos leitores: que carro est\u00e1 chegando, quanto vai custar, como \u00e9, de fato, o carro. N\u00f3s testamos os carros e escrevemos mat\u00e9rias dos pr\u00f3prios testes, pontos positivos e negativos. Mas tamb\u00e9m cobrimos servi\u00e7os, como, por exemplo, multas, rodovias, entre outros\u201d, comenta Vit\u00f3ria.<\/p>\n\n\n\n<p>Fabio Loiola, coordenador de comunica\u00e7\u00e3o da Concession\u00e1ria SPMAR e host do Podcast \u201cDe Olho na Estrada\u201d, questionou a jornalista sobre qual \u00e9 a percep\u00e7\u00e3o dela quando o assunto \u00e9 seguran\u00e7a vi\u00e1ria nas viagens que s\u00e3o feitas para cobrir novos lan\u00e7amentos ou sal\u00f5es de autom\u00f3veis. \u201cEssa experi\u00eancia na China foi o auge. A cultura deles \u00e9 bem diferente e o tr\u00e2nsito, tamb\u00e9m. \u00c0s vezes a gente reclama aqui no Brasil, que o tr\u00e2nsito \u00e9 ruim, que as pessoas n\u00e3o sabem dirigir. Eu n\u00e3o cheguei a dirigir por l\u00e1, porque h\u00e1 uma grande burocracia para isso, mas andei bastante no passageiro, e \u00e9 muito doido o jeito que as pessoas dirigem. Seta, por exemplo, praticamente n\u00e3o existe, \u00e9 um opcional; eles, de fato n\u00e3o usam. Eu sou ga\u00facha, n\u00e9, e o tr\u00e2nsito aqui dentro do Brasil j\u00e1 \u00e9 bem diferente. Por exemplo, em S\u00e3o Paulo, de forma geral, as pessoas d\u00e3o passagem, s\u00e3o mais solid\u00e1rias, sabem dar seta, no Rio Grande do Sul j\u00e1 n\u00e3o \u00e9 assim. E na China, ent\u00e3o, \u00e9 ainda mais complexo. Mas um ponto bem interessante por l\u00e1 \u00e9 que as rodovias (e at\u00e9 ruas da cidade) s\u00e3o de alta qualidade, sem buracos\u201d, explica Vit\u00f3ria.<\/p>\n\n\n\n<p>Durante o papo foram exploradas outras curiosidades como a complexidade do processo de emplacamento de ve\u00edculos \u00e0 combust\u00e3o na China (<em>spoiler<\/em>: demora e \u00e9 caro!), al\u00e9m de perrengues que a pr\u00f3pria jornalista j\u00e1 passou nas estradas e pequenas indica\u00e7\u00f5esdo que os leitores ver\u00e3o nas pr\u00f3ximas edi\u00e7\u00f5es da revista Auto Esporte.<\/p>\n\n\n\n<p>Para conferir a entrevista completa com a jornalista Vit\u00f3ria Drehmer e saber dessas e outras curiosidades, basta acessar a plataforma de \u00e1udio do&nbsp;<a href=\"https:\/\/open.spotify.com\/episode\/1deHzwCNsd2IaGnWukFEts?si=6153800c06f74d34\">De Olho na Estrada<\/a>&nbsp;no Spotify.<\/p>\n\n\n\n<p>O podcast De Olho na Estrada \u00e9 um canal que re\u00fane especialistas para conversar sobre seguran\u00e7a vi\u00e1ria de uma forma descomplicada.<\/p>\n","protected":false},"excerpt":{"rendered":"<p>Terceiro epis\u00f3dio da s\u00e9rie especial trouxe curiosidades das reportagens e do dia a dia da jornalista, al\u00e9m de muita informa\u00e7\u00e3o sobre seguran\u00e7a vi\u00e1ria e o mundo dos autom\u00f3vei Entusiasta de karts, Vit\u00f3ria Drehmer, encontrou no jornalismo automobil\u00edstico a profissionaliza\u00e7\u00e3o da sua paix\u00e3o, que come\u00e7ou cedo, com a influ\u00eancia de seu pai, que tem um site [&hellip;]<\/p>\n","protected":false},"author":7,"featured_media":3478,"comment_status":"open","ping_status":"open","sticky":false,"template":"","format":"standard","meta":{"_acf_changed":false,"inline_featured_image":false,"_jetpack_memberships_contains_paid_content":false,"footnotes":""},"categories":[1],"tags":[],"class_list":["post-3477","post","type-post","status-publish","format-standard","has-post-thumbnail","hentry","category-sem-categoria"],"acf":[],"yoast_head":"<!-- This site is optimized with the Yoast SEO plugin v27.4 - https:\/\/yoast.com\/product\/yoast-seo-wordpress\/ -->\n<title>\u00daltimo epis\u00f3dio do especial Maio Amarelo do podcast \u201cDe Olho na Estrada\u201d teve como convidada a jornalista Vit\u00f3ria Drehmer, da Auto Esporte - Somos o caminho que te conecta ao que mais importa!<\/title>\n<meta name=\"robots\" content=\"index, follow, max-snippet:-1, max-image-preview:large, max-video-preview:-1\" \/>\n<link rel=\"canonical\" href=\"https:\/\/www.spmar.com.br\/web\/ultimo-episodio-do-especial-maio-amarelo-do-podcast-de-olho-na-estrada-teve-como-convidada-a-jornalista-vitoria-drehmer-da-auto-esporte\/\" \/>\n<meta property=\"og:locale\" content=\"pt_BR\" \/>\n<meta property=\"og:type\" content=\"article\" \/>\n<meta property=\"og:title\" content=\"\u00daltimo epis\u00f3dio do especial Maio Amarelo do podcast \u201cDe Olho na Estrada\u201d teve como convidada a jornalista Vit\u00f3ria Drehmer, da Auto Esporte - Somos o caminho que te conecta ao que mais importa!\" \/>\n<meta property=\"og:description\" content=\"Terceiro epis\u00f3dio da s\u00e9rie especial trouxe curiosidades das reportagens e do dia a dia da jornalista, al\u00e9m de muita informa\u00e7\u00e3o sobre seguran\u00e7a vi\u00e1ria e o mundo dos autom\u00f3vei Entusiasta de karts, Vit\u00f3ria Drehmer, encontrou no jornalismo automobil\u00edstico a profissionaliza\u00e7\u00e3o da sua paix\u00e3o, que come\u00e7ou cedo, com a influ\u00eancia de seu pai, que tem um site [&hellip;]\" \/>\n<meta property=\"og:url\" content=\"https:\/\/www.spmar.com.br\/web\/ultimo-episodio-do-especial-maio-amarelo-do-podcast-de-olho-na-estrada-teve-como-convidada-a-jornalista-vitoria-drehmer-da-auto-esporte\/\" \/>\n<meta property=\"og:site_name\" content=\"Somos o caminho que te conecta ao que mais importa!\" \/>\n<meta property=\"article:publisher\" content=\"https:\/\/www.facebook.com\/spmar.rodoanel\" \/>\n<meta property=\"article:published_time\" content=\"2024-05-20T15:31:42+00:00\" \/>\n<meta property=\"article:modified_time\" content=\"2024-05-20T15:33:26+00:00\" \/>\n<meta property=\"og:image\" content=\"https:\/\/www.spmar.com.br\/web\/wp-content\/uploads\/2024\/05\/De-olho-na-estrada-e1716219186472.png\" \/>\n\t<meta property=\"og:image:width\" content=\"1176\" \/>\n\t<meta property=\"og:image:height\" content=\"641\" \/>\n\t<meta property=\"og:image:type\" content=\"image\/png\" \/>\n<meta name=\"author\" content=\"Gabriela Lopes\" \/>\n<meta name=\"twitter:card\" content=\"summary_large_image\" \/>\n<meta name=\"twitter:label1\" content=\"Escrito por\" \/>\n\t<meta name=\"twitter:data1\" content=\"Gabriela Lopes\" \/>\n\t<meta name=\"twitter:label2\" content=\"Est. tempo de leitura\" \/>\n\t<meta name=\"twitter:data2\" content=\"3 minutos\" \/>\n<script type=\"application\/ld+json\" class=\"yoast-schema-graph\">{\"@context\":\"https:\\\/\\\/schema.org\",\"@graph\":[{\"@type\":\"Article\",\"@id\":\"https:\\\/\\\/www.spmar.com.br\\\/web\\\/ultimo-episodio-do-especial-maio-amarelo-do-podcast-de-olho-na-estrada-teve-como-convidada-a-jornalista-vitoria-drehmer-da-auto-esporte\\\/#article\",\"isPartOf\":{\"@id\":\"https:\\\/\\\/www.spmar.com.br\\\/web\\\/ultimo-episodio-do-especial-maio-amarelo-do-podcast-de-olho-na-estrada-teve-como-convidada-a-jornalista-vitoria-drehmer-da-auto-esporte\\\/\"},\"author\":{\"name\":\"Gabriela Lopes\",\"@id\":\"https:\\\/\\\/www.spmar.com.br\\\/web\\\/#\\\/schema\\\/person\\\/45d773c3f651fd6a556df5f507adabd7\"},\"headline\":\"\u00daltimo epis\u00f3dio do especial Maio Amarelo do podcast \u201cDe Olho na Estrada\u201d teve como convidada a jornalista Vit\u00f3ria Drehmer, da Auto Esporte\",\"datePublished\":\"2024-05-20T15:31:42+00:00\",\"dateModified\":\"2024-05-20T15:33:26+00:00\",\"mainEntityOfPage\":{\"@id\":\"https:\\\/\\\/www.spmar.com.br\\\/web\\\/ultimo-episodio-do-especial-maio-amarelo-do-podcast-de-olho-na-estrada-teve-como-convidada-a-jornalista-vitoria-drehmer-da-auto-esporte\\\/\"},\"wordCount\":603,\"commentCount\":0,\"publisher\":{\"@id\":\"https:\\\/\\\/www.spmar.com.br\\\/web\\\/#organization\"},\"image\":{\"@id\":\"https:\\\/\\\/www.spmar.com.br\\\/web\\\/ultimo-episodio-do-especial-maio-amarelo-do-podcast-de-olho-na-estrada-teve-como-convidada-a-jornalista-vitoria-drehmer-da-auto-esporte\\\/#primaryimage\"},\"thumbnailUrl\":\"https:\\\/\\\/www.spmar.com.br\\\/web\\\/wp-content\\\/uploads\\\/2024\\\/05\\\/De-olho-na-estrada-e1716219186472.png\",\"inLanguage\":\"pt-BR\",\"potentialAction\":[{\"@type\":\"CommentAction\",\"name\":\"Comment\",\"target\":[\"https:\\\/\\\/www.spmar.com.br\\\/web\\\/ultimo-episodio-do-especial-maio-amarelo-do-podcast-de-olho-na-estrada-teve-como-convidada-a-jornalista-vitoria-drehmer-da-auto-esporte\\\/#respond\"]}]},{\"@type\":\"WebPage\",\"@id\":\"https:\\\/\\\/www.spmar.com.br\\\/web\\\/ultimo-episodio-do-especial-maio-amarelo-do-podcast-de-olho-na-estrada-teve-como-convidada-a-jornalista-vitoria-drehmer-da-auto-esporte\\\/\",\"url\":\"https:\\\/\\\/www.spmar.com.br\\\/web\\\/ultimo-episodio-do-especial-maio-amarelo-do-podcast-de-olho-na-estrada-teve-como-convidada-a-jornalista-vitoria-drehmer-da-auto-esporte\\\/\",\"name\":\"\u00daltimo epis\u00f3dio do especial Maio Amarelo do podcast \u201cDe Olho na Estrada\u201d teve como convidada a jornalista Vit\u00f3ria Drehmer, da Auto Esporte - Somos o caminho que te conecta ao que mais importa!\",\"isPartOf\":{\"@id\":\"https:\\\/\\\/www.spmar.com.br\\\/web\\\/#website\"},\"primaryImageOfPage\":{\"@id\":\"https:\\\/\\\/www.spmar.com.br\\\/web\\\/ultimo-episodio-do-especial-maio-amarelo-do-podcast-de-olho-na-estrada-teve-como-convidada-a-jornalista-vitoria-drehmer-da-auto-esporte\\\/#primaryimage\"},\"image\":{\"@id\":\"https:\\\/\\\/www.spmar.com.br\\\/web\\\/ultimo-episodio-do-especial-maio-amarelo-do-podcast-de-olho-na-estrada-teve-como-convidada-a-jornalista-vitoria-drehmer-da-auto-esporte\\\/#primaryimage\"},\"thumbnailUrl\":\"https:\\\/\\\/www.spmar.com.br\\\/web\\\/wp-content\\\/uploads\\\/2024\\\/05\\\/De-olho-na-estrada-e1716219186472.png\",\"datePublished\":\"2024-05-20T15:31:42+00:00\",\"dateModified\":\"2024-05-20T15:33:26+00:00\",\"breadcrumb\":{\"@id\":\"https:\\\/\\\/www.spmar.com.br\\\/web\\\/ultimo-episodio-do-especial-maio-amarelo-do-podcast-de-olho-na-estrada-teve-como-convidada-a-jornalista-vitoria-drehmer-da-auto-esporte\\\/#breadcrumb\"},\"inLanguage\":\"pt-BR\",\"potentialAction\":[{\"@type\":\"ReadAction\",\"target\":[\"https:\\\/\\\/www.spmar.com.br\\\/web\\\/ultimo-episodio-do-especial-maio-amarelo-do-podcast-de-olho-na-estrada-teve-como-convidada-a-jornalista-vitoria-drehmer-da-auto-esporte\\\/\"]}]},{\"@type\":\"ImageObject\",\"inLanguage\":\"pt-BR\",\"@id\":\"https:\\\/\\\/www.spmar.com.br\\\/web\\\/ultimo-episodio-do-especial-maio-amarelo-do-podcast-de-olho-na-estrada-teve-como-convidada-a-jornalista-vitoria-drehmer-da-auto-esporte\\\/#primaryimage\",\"url\":\"https:\\\/\\\/www.spmar.com.br\\\/web\\\/wp-content\\\/uploads\\\/2024\\\/05\\\/De-olho-na-estrada-e1716219186472.png\",\"contentUrl\":\"https:\\\/\\\/www.spmar.com.br\\\/web\\\/wp-content\\\/uploads\\\/2024\\\/05\\\/De-olho-na-estrada-e1716219186472.png\",\"width\":1176,\"height\":641},{\"@type\":\"BreadcrumbList\",\"@id\":\"https:\\\/\\\/www.spmar.com.br\\\/web\\\/ultimo-episodio-do-especial-maio-amarelo-do-podcast-de-olho-na-estrada-teve-como-convidada-a-jornalista-vitoria-drehmer-da-auto-esporte\\\/#breadcrumb\",\"itemListElement\":[{\"@type\":\"ListItem\",\"position\":1,\"name\":\"Home\",\"item\":\"https:\\\/\\\/www.spmar.com.br\\\/web\\\/\"},{\"@type\":\"ListItem\",\"position\":2,\"name\":\"\u00daltimo epis\u00f3dio do especial Maio Amarelo do podcast \u201cDe Olho na Estrada\u201d teve como convidada a jornalista Vit\u00f3ria Drehmer, da Auto Esporte\"}]},{\"@type\":\"WebSite\",\"@id\":\"https:\\\/\\\/www.spmar.com.br\\\/web\\\/#website\",\"url\":\"https:\\\/\\\/www.spmar.com.br\\\/web\\\/\",\"name\":\"SPMAR\",\"description\":\"A Concession\u00e1ria SPMAR atua na administra\u00e7\u00e3o dos Trechos Sul e Leste do Rodoanel Mario Covas e, com isso,\u00e9 respons\u00e1vel pela gest\u00e3o de 76% do Rodoanel Metropolitano de S\u00e3o Paulo em opera\u00e7\u00e3o.\",\"publisher\":{\"@id\":\"https:\\\/\\\/www.spmar.com.br\\\/web\\\/#organization\"},\"potentialAction\":[{\"@type\":\"SearchAction\",\"target\":{\"@type\":\"EntryPoint\",\"urlTemplate\":\"https:\\\/\\\/www.spmar.com.br\\\/web\\\/?s={search_term_string}\"},\"query-input\":{\"@type\":\"PropertyValueSpecification\",\"valueRequired\":true,\"valueName\":\"search_term_string\"}}],\"inLanguage\":\"pt-BR\"},{\"@type\":\"Organization\",\"@id\":\"https:\\\/\\\/www.spmar.com.br\\\/web\\\/#organization\",\"name\":\"Concession\u00e1ria SPMAR\",\"url\":\"https:\\\/\\\/www.spmar.com.br\\\/web\\\/\",\"logo\":{\"@type\":\"ImageObject\",\"inLanguage\":\"pt-BR\",\"@id\":\"https:\\\/\\\/www.spmar.com.br\\\/web\\\/#\\\/schema\\\/logo\\\/image\\\/\",\"url\":\"https:\\\/\\\/www.spmar.com.br\\\/web\\\/wp-content\\\/uploads\\\/2017\\\/11\\\/logo_H.jpg\",\"contentUrl\":\"https:\\\/\\\/www.spmar.com.br\\\/web\\\/wp-content\\\/uploads\\\/2017\\\/11\\\/logo_H.jpg\",\"width\":448,\"height\":97,\"caption\":\"Concession\u00e1ria SPMAR\"},\"image\":{\"@id\":\"https:\\\/\\\/www.spmar.com.br\\\/web\\\/#\\\/schema\\\/logo\\\/image\\\/\"},\"sameAs\":[\"https:\\\/\\\/www.facebook.com\\\/spmar.rodoanel\",\"https:\\\/\\\/www.linkedin.com\\\/company\\\/spmarbr\\\/\",\"https:\\\/\\\/www.instagram.com\\\/spmarbr\\\/\"]},{\"@type\":\"Person\",\"@id\":\"https:\\\/\\\/www.spmar.com.br\\\/web\\\/#\\\/schema\\\/person\\\/45d773c3f651fd6a556df5f507adabd7\",\"name\":\"Gabriela Lopes\",\"image\":{\"@type\":\"ImageObject\",\"inLanguage\":\"pt-BR\",\"@id\":\"https:\\\/\\\/www.spmar.com.br\\\/web\\\/wp-content\\\/litespeed\\\/avatar\\\/0280229b2e4318152feaaf52b57f7e14.jpg?ver=1777045635\",\"url\":\"https:\\\/\\\/www.spmar.com.br\\\/web\\\/wp-content\\\/litespeed\\\/avatar\\\/0280229b2e4318152feaaf52b57f7e14.jpg?ver=1777045635\",\"contentUrl\":\"https:\\\/\\\/www.spmar.com.br\\\/web\\\/wp-content\\\/litespeed\\\/avatar\\\/0280229b2e4318152feaaf52b57f7e14.jpg?ver=1777045635\",\"caption\":\"Gabriela Lopes\"},\"url\":\"https:\\\/\\\/www.spmar.com.br\\\/web\\\/author\\\/gabriela\\\/\"}]}<\/script>\n<!-- \/ Yoast SEO plugin. -->","yoast_head_json":{"title":"\u00daltimo epis\u00f3dio do especial Maio Amarelo do podcast \u201cDe Olho na Estrada\u201d teve como convidada a jornalista Vit\u00f3ria Drehmer, da Auto Esporte - Somos o caminho que te conecta ao que mais importa!","robots":{"index":"index","follow":"follow","max-snippet":"max-snippet:-1","max-image-preview":"max-image-preview:large","max-video-preview":"max-video-preview:-1"},"canonical":"https:\/\/www.spmar.com.br\/web\/ultimo-episodio-do-especial-maio-amarelo-do-podcast-de-olho-na-estrada-teve-como-convidada-a-jornalista-vitoria-drehmer-da-auto-esporte\/","og_locale":"pt_BR","og_type":"article","og_title":"\u00daltimo epis\u00f3dio do especial Maio Amarelo do podcast \u201cDe Olho na Estrada\u201d teve como convidada a jornalista Vit\u00f3ria Drehmer, da Auto Esporte - Somos o caminho que te conecta ao que mais importa!","og_description":"Terceiro epis\u00f3dio da s\u00e9rie especial trouxe curiosidades das reportagens e do dia a dia da jornalista, al\u00e9m de muita informa\u00e7\u00e3o sobre seguran\u00e7a vi\u00e1ria e o mundo dos autom\u00f3vei Entusiasta de karts, Vit\u00f3ria Drehmer, encontrou no jornalismo automobil\u00edstico a profissionaliza\u00e7\u00e3o da sua paix\u00e3o, que come\u00e7ou cedo, com a influ\u00eancia de seu pai, que tem um site [&hellip;]","og_url":"https:\/\/www.spmar.com.br\/web\/ultimo-episodio-do-especial-maio-amarelo-do-podcast-de-olho-na-estrada-teve-como-convidada-a-jornalista-vitoria-drehmer-da-auto-esporte\/","og_site_name":"Somos o caminho que te conecta ao que mais importa!","article_publisher":"https:\/\/www.facebook.com\/spmar.rodoanel","article_published_time":"2024-05-20T15:31:42+00:00","article_modified_time":"2024-05-20T15:33:26+00:00","og_image":[{"width":1176,"height":641,"url":"https:\/\/www.spmar.com.br\/web\/wp-content\/uploads\/2024\/05\/De-olho-na-estrada-e1716219186472.png","type":"image\/png"}],"author":"Gabriela Lopes","twitter_card":"summary_large_image","twitter_misc":{"Escrito por":"Gabriela Lopes","Est. tempo de leitura":"3 minutos"},"schema":{"@context":"https:\/\/schema.org","@graph":[{"@type":"Article","@id":"https:\/\/www.spmar.com.br\/web\/ultimo-episodio-do-especial-maio-amarelo-do-podcast-de-olho-na-estrada-teve-como-convidada-a-jornalista-vitoria-drehmer-da-auto-esporte\/#article","isPartOf":{"@id":"https:\/\/www.spmar.com.br\/web\/ultimo-episodio-do-especial-maio-amarelo-do-podcast-de-olho-na-estrada-teve-como-convidada-a-jornalista-vitoria-drehmer-da-auto-esporte\/"},"author":{"name":"Gabriela Lopes","@id":"https:\/\/www.spmar.com.br\/web\/#\/schema\/person\/45d773c3f651fd6a556df5f507adabd7"},"headline":"\u00daltimo epis\u00f3dio do especial Maio Amarelo do podcast \u201cDe Olho na Estrada\u201d teve como convidada a jornalista Vit\u00f3ria Drehmer, da Auto Esporte","datePublished":"2024-05-20T15:31:42+00:00","dateModified":"2024-05-20T15:33:26+00:00","mainEntityOfPage":{"@id":"https:\/\/www.spmar.com.br\/web\/ultimo-episodio-do-especial-maio-amarelo-do-podcast-de-olho-na-estrada-teve-como-convidada-a-jornalista-vitoria-drehmer-da-auto-esporte\/"},"wordCount":603,"commentCount":0,"publisher":{"@id":"https:\/\/www.spmar.com.br\/web\/#organization"},"image":{"@id":"https:\/\/www.spmar.com.br\/web\/ultimo-episodio-do-especial-maio-amarelo-do-podcast-de-olho-na-estrada-teve-como-convidada-a-jornalista-vitoria-drehmer-da-auto-esporte\/#primaryimage"},"thumbnailUrl":"https:\/\/www.spmar.com.br\/web\/wp-content\/uploads\/2024\/05\/De-olho-na-estrada-e1716219186472.png","inLanguage":"pt-BR","potentialAction":[{"@type":"CommentAction","name":"Comment","target":["https:\/\/www.spmar.com.br\/web\/ultimo-episodio-do-especial-maio-amarelo-do-podcast-de-olho-na-estrada-teve-como-convidada-a-jornalista-vitoria-drehmer-da-auto-esporte\/#respond"]}]},{"@type":"WebPage","@id":"https:\/\/www.spmar.com.br\/web\/ultimo-episodio-do-especial-maio-amarelo-do-podcast-de-olho-na-estrada-teve-como-convidada-a-jornalista-vitoria-drehmer-da-auto-esporte\/","url":"https:\/\/www.spmar.com.br\/web\/ultimo-episodio-do-especial-maio-amarelo-do-podcast-de-olho-na-estrada-teve-como-convidada-a-jornalista-vitoria-drehmer-da-auto-esporte\/","name":"\u00daltimo epis\u00f3dio do especial Maio Amarelo do podcast \u201cDe Olho na Estrada\u201d teve como convidada a jornalista Vit\u00f3ria Drehmer, da Auto Esporte - Somos o caminho que te conecta ao que mais importa!","isPartOf":{"@id":"https:\/\/www.spmar.com.br\/web\/#website"},"primaryImageOfPage":{"@id":"https:\/\/www.spmar.com.br\/web\/ultimo-episodio-do-especial-maio-amarelo-do-podcast-de-olho-na-estrada-teve-como-convidada-a-jornalista-vitoria-drehmer-da-auto-esporte\/#primaryimage"},"image":{"@id":"https:\/\/www.spmar.com.br\/web\/ultimo-episodio-do-especial-maio-amarelo-do-podcast-de-olho-na-estrada-teve-como-convidada-a-jornalista-vitoria-drehmer-da-auto-esporte\/#primaryimage"},"thumbnailUrl":"https:\/\/www.spmar.com.br\/web\/wp-content\/uploads\/2024\/05\/De-olho-na-estrada-e1716219186472.png","datePublished":"2024-05-20T15:31:42+00:00","dateModified":"2024-05-20T15:33:26+00:00","breadcrumb":{"@id":"https:\/\/www.spmar.com.br\/web\/ultimo-episodio-do-especial-maio-amarelo-do-podcast-de-olho-na-estrada-teve-como-convidada-a-jornalista-vitoria-drehmer-da-auto-esporte\/#breadcrumb"},"inLanguage":"pt-BR","potentialAction":[{"@type":"ReadAction","target":["https:\/\/www.spmar.com.br\/web\/ultimo-episodio-do-especial-maio-amarelo-do-podcast-de-olho-na-estrada-teve-como-convidada-a-jornalista-vitoria-drehmer-da-auto-esporte\/"]}]},{"@type":"ImageObject","inLanguage":"pt-BR","@id":"https:\/\/www.spmar.com.br\/web\/ultimo-episodio-do-especial-maio-amarelo-do-podcast-de-olho-na-estrada-teve-como-convidada-a-jornalista-vitoria-drehmer-da-auto-esporte\/#primaryimage","url":"https:\/\/www.spmar.com.br\/web\/wp-content\/uploads\/2024\/05\/De-olho-na-estrada-e1716219186472.png","contentUrl":"https:\/\/www.spmar.com.br\/web\/wp-content\/uploads\/2024\/05\/De-olho-na-estrada-e1716219186472.png","width":1176,"height":641},{"@type":"BreadcrumbList","@id":"https:\/\/www.spmar.com.br\/web\/ultimo-episodio-do-especial-maio-amarelo-do-podcast-de-olho-na-estrada-teve-como-convidada-a-jornalista-vitoria-drehmer-da-auto-esporte\/#breadcrumb","itemListElement":[{"@type":"ListItem","position":1,"name":"Home","item":"https:\/\/www.spmar.com.br\/web\/"},{"@type":"ListItem","position":2,"name":"\u00daltimo epis\u00f3dio do especial Maio Amarelo do podcast \u201cDe Olho na Estrada\u201d teve como convidada a jornalista Vit\u00f3ria Drehmer, da Auto Esporte"}]},{"@type":"WebSite","@id":"https:\/\/www.spmar.com.br\/web\/#website","url":"https:\/\/www.spmar.com.br\/web\/","name":"SPMAR","description":"A Concession\u00e1ria SPMAR atua na administra\u00e7\u00e3o dos Trechos Sul e Leste do Rodoanel Mario Covas e, com isso,\u00e9 respons\u00e1vel pela gest\u00e3o de 76% do Rodoanel Metropolitano de S\u00e3o Paulo em opera\u00e7\u00e3o.","publisher":{"@id":"https:\/\/www.spmar.com.br\/web\/#organization"},"potentialAction":[{"@type":"SearchAction","target":{"@type":"EntryPoint","urlTemplate":"https:\/\/www.spmar.com.br\/web\/?s={search_term_string}"},"query-input":{"@type":"PropertyValueSpecification","valueRequired":true,"valueName":"search_term_string"}}],"inLanguage":"pt-BR"},{"@type":"Organization","@id":"https:\/\/www.spmar.com.br\/web\/#organization","name":"Concession\u00e1ria SPMAR","url":"https:\/\/www.spmar.com.br\/web\/","logo":{"@type":"ImageObject","inLanguage":"pt-BR","@id":"https:\/\/www.spmar.com.br\/web\/#\/schema\/logo\/image\/","url":"https:\/\/www.spmar.com.br\/web\/wp-content\/uploads\/2017\/11\/logo_H.jpg","contentUrl":"https:\/\/www.spmar.com.br\/web\/wp-content\/uploads\/2017\/11\/logo_H.jpg","width":448,"height":97,"caption":"Concession\u00e1ria SPMAR"},"image":{"@id":"https:\/\/www.spmar.com.br\/web\/#\/schema\/logo\/image\/"},"sameAs":["https:\/\/www.facebook.com\/spmar.rodoanel","https:\/\/www.linkedin.com\/company\/spmarbr\/","https:\/\/www.instagram.com\/spmarbr\/"]},{"@type":"Person","@id":"https:\/\/www.spmar.com.br\/web\/#\/schema\/person\/45d773c3f651fd6a556df5f507adabd7","name":"Gabriela Lopes","image":{"@type":"ImageObject","inLanguage":"pt-BR","@id":"https:\/\/www.spmar.com.br\/web\/wp-content\/litespeed\/avatar\/0280229b2e4318152feaaf52b57f7e14.jpg?ver=1777045635","url":"https:\/\/www.spmar.com.br\/web\/wp-content\/litespeed\/avatar\/0280229b2e4318152feaaf52b57f7e14.jpg?ver=1777045635","contentUrl":"https:\/\/www.spmar.com.br\/web\/wp-content\/litespeed\/avatar\/0280229b2e4318152feaaf52b57f7e14.jpg?ver=1777045635","caption":"Gabriela Lopes"},"url":"https:\/\/www.spmar.com.br\/web\/author\/gabriela\/"}]}},"jetpack_featured_media_url":"https:\/\/www.spmar.com.br\/web\/wp-content\/uploads\/2024\/05\/De-olho-na-estrada-e1716219186472.png","jetpack_sharing_enabled":true,"_links":{"self":[{"href":"https:\/\/www.spmar.com.br\/web\/wp-json\/wp\/v2\/posts\/3477","targetHints":{"allow":["GET"]}}],"collection":[{"href":"https:\/\/www.spmar.com.br\/web\/wp-json\/wp\/v2\/posts"}],"about":[{"href":"https:\/\/www.spmar.com.br\/web\/wp-json\/wp\/v2\/types\/post"}],"author":[{"embeddable":true,"href":"https:\/\/www.spmar.com.br\/web\/wp-json\/wp\/v2\/users\/7"}],"replies":[{"embeddable":true,"href":"https:\/\/www.spmar.com.br\/web\/wp-json\/wp\/v2\/comments?post=3477"}],"version-history":[{"count":1,"href":"https:\/\/www.spmar.com.br\/web\/wp-json\/wp\/v2\/posts\/3477\/revisions"}],"predecessor-version":[{"id":3479,"href":"https:\/\/www.spmar.com.br\/web\/wp-json\/wp\/v2\/posts\/3477\/revisions\/3479"}],"wp:featuredmedia":[{"embeddable":true,"href":"https:\/\/www.spmar.com.br\/web\/wp-json\/wp\/v2\/media\/3478"}],"wp:attachment":[{"href":"https:\/\/www.spmar.com.br\/web\/wp-json\/wp\/v2\/media?parent=3477"}],"wp:term":[{"taxonomy":"category","embeddable":true,"href":"https:\/\/www.spmar.com.br\/web\/wp-json\/wp\/v2\/categories?post=3477"},{"taxonomy":"post_tag","embeddable":true,"href":"https:\/\/www.spmar.com.br\/web\/wp-json\/wp\/v2\/tags?post=3477"}],"curies":[{"name":"wp","href":"https:\/\/api.w.org\/{rel}","templated":true}]}}