{"id":3461,"date":"2024-05-03T16:49:43","date_gmt":"2024-05-03T19:49:43","guid":{"rendered":"https:\/\/www.spmar.com.br\/web\/?p=3461"},"modified":"2024-05-03T17:49:12","modified_gmt":"2024-05-03T20:49:12","slug":"spmar-celebra-maio-amarelo-no-rodoanel","status":"publish","type":"post","link":"https:\/\/www.spmar.com.br\/web\/spmar-celebra-maio-amarelo-no-rodoanel\/","title":{"rendered":"SPMAR celebra Maio Amarelo no Rodoanel"},"content":{"rendered":"\n<p><strong><em>A\u00e7\u00f5es ocorrer\u00e3o at\u00e9 o final do m\u00eas com destaque para os simuladores voltados para conscientiza\u00e7\u00e3o de ciclistas e o de embriaguez para motoristas, al\u00e9m do especial do Podcast \u201cDe Olho na Estrada\u201d s\u00f3 com mulheres<\/em><\/strong><\/p>\n\n\n\n<p>Tradicional campanha para a redu\u00e7\u00e3o de acidentes e constru\u00e7\u00e3o de um tr\u00e2nsito mais seguro, Maio Amarelo chega em 2024 apostando na conscientiza\u00e7\u00e3o dos motoristas, com o lema \u201cA paz no Tr\u00e2nsito come\u00e7a por voc\u00ea\u201d. Para contribuir com a campanha, a concession\u00e1ria SPMAR preparou uma s\u00e9rie de a\u00e7\u00f5es nos trechos Sul e Leste do Rodoanel Mario Covas com intuito de refor\u00e7ar aos usu\u00e1rios o valor das atitudes respons\u00e1veis para construir um tr\u00e2nsito melhor.<\/p>\n\n\n\n<p>\u201cQueremos impactar as pessoas de forma pr\u00e1tica, para que percebam a import\u00e2ncia da dire\u00e7\u00e3o segura e do respeito \u00e0s leis de tr\u00e2nsito, independente do meio de transporte que utilizem, seja uma bicicleta, uma moto, um carro ou um caminh\u00e3o\u201d, alerta Andrew Aquino, gerente de tr\u00e1fego da concession\u00e1ria SPMAR.<\/p>\n\n\n\n<p><strong>Com a inten\u00e7\u00e3o de ampliar o alcance das mensagens,<\/strong><strong> <\/strong><strong>e<\/strong>sse ano a SPMAR prepara a\u00e7\u00f5es dentro e fora da rodovia. O destaque na rodovia fica por conta dos simuladores que ajudam ciclistas e motoristas a perceberem os perigos da estrada. Com a a\u00e7\u00e3o Ciclista #Seja Visto, os apaixonados por duas rodas s\u00e3o convidados a assumirem o papel de motorista para vivenciarem a situa\u00e7\u00e3o de como \u00e9 encontrar um ciclista sem refletivo circulando numa estrada. J\u00e1 o Simulador de Embriaguez coloca os participantes em uma experi\u00eancia de guiar um autom\u00f3vel sob o efeito de \u00e1lcool. Ambas a\u00e7\u00f5es contribuem para percep\u00e7\u00f5es pr\u00e1ticas de perigo e ajudam a conscientizar motoristas e ciclistas da import\u00e2ncia de seguir \u00e0s leis de tr\u00e2nsito.<\/p>\n\n\n\n<p>Fora da rodovia a educa\u00e7\u00e3o dos usu\u00e1rios acontecer\u00e1 de forma virtual.\u00a0 O Podcast de seguran\u00e7a vi\u00e1ria da concession\u00e1ria, o \u201cDe olho na Estrada\u201d trar\u00e1 uma edi\u00e7\u00e3o especial \u201cMaio Amarelo\u201d, no qual recebe mulheres envolvidas com a tem\u00e1tica do tr\u00e2nsito para bate papos descontra\u00eddos sobre seguran\u00e7a vi\u00e1ria, contando hist\u00f3rias e perrengues que j\u00e1 passaram nas estradas. As convidadas da temporada s\u00e3o: Amanda Pagliari (Canal Moto Play) que trata do mundo das duas rodas, Vitt\u00f3ria Gabriela\u00a0 (Dona do Meu Destino) que trar\u00e1 dicas de revis\u00e3o e mec\u00e2nica para mulheres e Vitoria Drehmer (Revista Autoesporte) jornalista especializada do setor automotivo que falar\u00e1 do dia a dia desse mundo dos ve\u00edculos. Os epis\u00f3dios ir\u00e3o ao ar sempre \u00e0s segundas-feiras, nos dias 6, 13 e 20 de maio.<\/p>\n\n\n\n<p>A programa\u00e7\u00e3o ainda incluir\u00e1 a\u00e7\u00e3o de sa\u00fade com caminhoneiros. As iniciativas contam com apoio da Policia Militar Rodovi\u00e1ria (PMRv) e da ARTESP.&nbsp;Veja a programa\u00e7\u00e3o completa do Maio Amarelo da SPMAR:<\/p>\n\n\n\n<p><strong><u>Programa\u00e7\u00e3o:<\/u><\/strong><\/p>\n\n\n\n<p>A\u00e7\u00e3o: Ciclista #Seja Visto e Simulador de Embriaguez (04,11,18, 21 e 25\/05)<\/p>\n\n\n\n<p>P\u00fablico: Motoristas e Ciclistas<\/p>\n\n\n\n<p>Simulador de Embriaguez<\/p>\n\n\n\n<p>Hor\u00e1rio: 10h \u00e0s 12h<\/p>\n\n\n\n<p><strong>04\/05 (SAU 1 &#8211;&nbsp; km41 &#8211;&nbsp; Itapecerica da Serra)<\/strong><\/p>\n\n\n\n<p><strong>11\/05 (SAU 2 &#8211;&nbsp; km68 &#8211;&nbsp; S\u00e3o Bernardo dos Santos)<\/strong><\/p>\n\n\n\n<p><strong>18\/05 (SAU 3 &#8211;&nbsp; km102 &#8211;&nbsp; Suzano)<\/strong><\/p>\n\n\n\n<p><strong>21\/05 &#8211;&nbsp; ARTESP<\/strong><\/p>\n\n\n\n<p><strong>25\/05 (SAU 4 &#8211;&nbsp; km121 &#8211;&nbsp; Itaquaquecetuba)<\/strong><\/p>\n\n\n\n<p>A\u00e7\u00e3o: Sa\u00fade&nbsp;nos Eixos (15\/05)<\/p>\n\n\n\n<p>P\u00fablico: motoristas e usu\u00e1rios do Rodoanel<\/p>\n\n\n\n<p>Triagem&nbsp;B\u00e1sica&nbsp;de&nbsp;Sa\u00fade<\/p>\n\n\n\n<p>Hor\u00e1rio: 10 \u00e0s 16h<\/p>\n\n\n\n<p>Local: SAU&nbsp;3&nbsp;\u2013&nbsp;KM102&nbsp;\u2013&nbsp;Suzano<\/p>\n\n\n\n<p>A\u00e7\u00e3o: Acorda Caminhoneiro (21\/05)<\/p>\n\n\n\n<p>P\u00fablico: Caminhoneiros<\/p>\n\n\n\n<p>Hor\u00e1rio: 05 \u00e0s 07h<\/p>\n\n\n\n<p>Local: SAU&nbsp;4&nbsp;\u2013&nbsp;KM112&nbsp;\u2013&nbsp;Itaquaquecetuba<\/p>\n\n\n\n<p>Podcast De Olho na Estrada &#8211; Especial Maio Amarelo<\/p>\n\n\n\n<p><a href=\"https:\/\/open.spotify.com\/show\/0hd8Vxhnk3xiEpJ2YPm9ER\">Spotify<\/a> <\/p>\n","protected":false},"excerpt":{"rendered":"<p>A\u00e7\u00f5es ocorrer\u00e3o at\u00e9 o final do m\u00eas com destaque para os simuladores voltados para conscientiza\u00e7\u00e3o de ciclistas e o de embriaguez para motoristas, al\u00e9m do especial do Podcast \u201cDe Olho na Estrada\u201d s\u00f3 com mulheres Tradicional campanha para a redu\u00e7\u00e3o de acidentes e constru\u00e7\u00e3o de um tr\u00e2nsito mais seguro, Maio Amarelo chega em 2024 apostando [&hellip;]<\/p>\n","protected":false},"author":7,"featured_media":3251,"comment_status":"open","ping_status":"open","sticky":false,"template":"","format":"standard","meta":{"_acf_changed":false,"inline_featured_image":false,"_jetpack_memberships_contains_paid_content":false,"footnotes":""},"categories":[1],"tags":[],"class_list":["post-3461","post","type-post","status-publish","format-standard","has-post-thumbnail","hentry","category-sem-categoria"],"acf":[],"yoast_head":"<!-- This site is optimized with the Yoast SEO plugin v27.4 - https:\/\/yoast.com\/product\/yoast-seo-wordpress\/ -->\n<title>SPMAR celebra Maio Amarelo no Rodoanel - Somos o caminho que te conecta ao que mais importa!<\/title>\n<meta name=\"robots\" content=\"index, follow, max-snippet:-1, max-image-preview:large, max-video-preview:-1\" \/>\n<link rel=\"canonical\" href=\"https:\/\/www.spmar.com.br\/web\/spmar-celebra-maio-amarelo-no-rodoanel\/\" \/>\n<meta property=\"og:locale\" content=\"pt_BR\" \/>\n<meta property=\"og:type\" content=\"article\" \/>\n<meta property=\"og:title\" content=\"SPMAR celebra Maio Amarelo no Rodoanel - Somos o caminho que te conecta ao que mais importa!\" \/>\n<meta property=\"og:description\" content=\"A\u00e7\u00f5es ocorrer\u00e3o at\u00e9 o final do m\u00eas com destaque para os simuladores voltados para conscientiza\u00e7\u00e3o de ciclistas e o de embriaguez para motoristas, al\u00e9m do especial do Podcast \u201cDe Olho na Estrada\u201d s\u00f3 com mulheres Tradicional campanha para a redu\u00e7\u00e3o de acidentes e constru\u00e7\u00e3o de um tr\u00e2nsito mais seguro, Maio Amarelo chega em 2024 apostando [&hellip;]\" \/>\n<meta property=\"og:url\" content=\"https:\/\/www.spmar.com.br\/web\/spmar-celebra-maio-amarelo-no-rodoanel\/\" \/>\n<meta property=\"og:site_name\" content=\"Somos o caminho que te conecta ao que mais importa!\" \/>\n<meta property=\"article:publisher\" content=\"https:\/\/www.facebook.com\/spmar.rodoanel\" \/>\n<meta property=\"article:published_time\" content=\"2024-05-03T19:49:43+00:00\" \/>\n<meta property=\"article:modified_time\" content=\"2024-05-03T20:49:12+00:00\" \/>\n<meta property=\"og:image\" content=\"https:\/\/www.spmar.com.br\/web\/wp-content\/uploads\/2023\/09\/IMG_20230919_123941-scaled-e1695761155307.jpg\" \/>\n\t<meta property=\"og:image:width\" content=\"2560\" \/>\n\t<meta property=\"og:image:height\" content=\"1337\" \/>\n\t<meta property=\"og:image:type\" content=\"image\/jpeg\" \/>\n<meta name=\"author\" content=\"Gabriela Lopes\" \/>\n<meta name=\"twitter:card\" content=\"summary_large_image\" \/>\n<meta name=\"twitter:label1\" content=\"Escrito por\" \/>\n\t<meta name=\"twitter:data1\" content=\"Gabriela Lopes\" \/>\n\t<meta name=\"twitter:label2\" content=\"Est. tempo de leitura\" \/>\n\t<meta name=\"twitter:data2\" content=\"3 minutos\" \/>\n<script type=\"application\/ld+json\" class=\"yoast-schema-graph\">{\"@context\":\"https:\\\/\\\/schema.org\",\"@graph\":[{\"@type\":\"Article\",\"@id\":\"https:\\\/\\\/www.spmar.com.br\\\/web\\\/spmar-celebra-maio-amarelo-no-rodoanel\\\/#article\",\"isPartOf\":{\"@id\":\"https:\\\/\\\/www.spmar.com.br\\\/web\\\/spmar-celebra-maio-amarelo-no-rodoanel\\\/\"},\"author\":{\"name\":\"Gabriela Lopes\",\"@id\":\"https:\\\/\\\/www.spmar.com.br\\\/web\\\/#\\\/schema\\\/person\\\/45d773c3f651fd6a556df5f507adabd7\"},\"headline\":\"SPMAR celebra Maio Amarelo no Rodoanel\",\"datePublished\":\"2024-05-03T19:49:43+00:00\",\"dateModified\":\"2024-05-03T20:49:12+00:00\",\"mainEntityOfPage\":{\"@id\":\"https:\\\/\\\/www.spmar.com.br\\\/web\\\/spmar-celebra-maio-amarelo-no-rodoanel\\\/\"},\"wordCount\":618,\"commentCount\":0,\"publisher\":{\"@id\":\"https:\\\/\\\/www.spmar.com.br\\\/web\\\/#organization\"},\"image\":{\"@id\":\"https:\\\/\\\/www.spmar.com.br\\\/web\\\/spmar-celebra-maio-amarelo-no-rodoanel\\\/#primaryimage\"},\"thumbnailUrl\":\"https:\\\/\\\/www.spmar.com.br\\\/web\\\/wp-content\\\/uploads\\\/2023\\\/09\\\/IMG_20230919_123941-scaled-e1695761155307.jpg\",\"inLanguage\":\"pt-BR\",\"potentialAction\":[{\"@type\":\"CommentAction\",\"name\":\"Comment\",\"target\":[\"https:\\\/\\\/www.spmar.com.br\\\/web\\\/spmar-celebra-maio-amarelo-no-rodoanel\\\/#respond\"]}]},{\"@type\":\"WebPage\",\"@id\":\"https:\\\/\\\/www.spmar.com.br\\\/web\\\/spmar-celebra-maio-amarelo-no-rodoanel\\\/\",\"url\":\"https:\\\/\\\/www.spmar.com.br\\\/web\\\/spmar-celebra-maio-amarelo-no-rodoanel\\\/\",\"name\":\"SPMAR celebra Maio Amarelo no Rodoanel - Somos o caminho que te conecta ao que mais importa!\",\"isPartOf\":{\"@id\":\"https:\\\/\\\/www.spmar.com.br\\\/web\\\/#website\"},\"primaryImageOfPage\":{\"@id\":\"https:\\\/\\\/www.spmar.com.br\\\/web\\\/spmar-celebra-maio-amarelo-no-rodoanel\\\/#primaryimage\"},\"image\":{\"@id\":\"https:\\\/\\\/www.spmar.com.br\\\/web\\\/spmar-celebra-maio-amarelo-no-rodoanel\\\/#primaryimage\"},\"thumbnailUrl\":\"https:\\\/\\\/www.spmar.com.br\\\/web\\\/wp-content\\\/uploads\\\/2023\\\/09\\\/IMG_20230919_123941-scaled-e1695761155307.jpg\",\"datePublished\":\"2024-05-03T19:49:43+00:00\",\"dateModified\":\"2024-05-03T20:49:12+00:00\",\"breadcrumb\":{\"@id\":\"https:\\\/\\\/www.spmar.com.br\\\/web\\\/spmar-celebra-maio-amarelo-no-rodoanel\\\/#breadcrumb\"},\"inLanguage\":\"pt-BR\",\"potentialAction\":[{\"@type\":\"ReadAction\",\"target\":[\"https:\\\/\\\/www.spmar.com.br\\\/web\\\/spmar-celebra-maio-amarelo-no-rodoanel\\\/\"]}]},{\"@type\":\"ImageObject\",\"inLanguage\":\"pt-BR\",\"@id\":\"https:\\\/\\\/www.spmar.com.br\\\/web\\\/spmar-celebra-maio-amarelo-no-rodoanel\\\/#primaryimage\",\"url\":\"https:\\\/\\\/www.spmar.com.br\\\/web\\\/wp-content\\\/uploads\\\/2023\\\/09\\\/IMG_20230919_123941-scaled-e1695761155307.jpg\",\"contentUrl\":\"https:\\\/\\\/www.spmar.com.br\\\/web\\\/wp-content\\\/uploads\\\/2023\\\/09\\\/IMG_20230919_123941-scaled-e1695761155307.jpg\",\"width\":2560,\"height\":1337},{\"@type\":\"BreadcrumbList\",\"@id\":\"https:\\\/\\\/www.spmar.com.br\\\/web\\\/spmar-celebra-maio-amarelo-no-rodoanel\\\/#breadcrumb\",\"itemListElement\":[{\"@type\":\"ListItem\",\"position\":1,\"name\":\"Home\",\"item\":\"https:\\\/\\\/www.spmar.com.br\\\/web\\\/\"},{\"@type\":\"ListItem\",\"position\":2,\"name\":\"SPMAR celebra Maio Amarelo no Rodoanel\"}]},{\"@type\":\"WebSite\",\"@id\":\"https:\\\/\\\/www.spmar.com.br\\\/web\\\/#website\",\"url\":\"https:\\\/\\\/www.spmar.com.br\\\/web\\\/\",\"name\":\"SPMAR\",\"description\":\"A Concession\u00e1ria SPMAR atua na administra\u00e7\u00e3o dos Trechos Sul e Leste do Rodoanel Mario Covas e, com isso,\u00e9 respons\u00e1vel pela gest\u00e3o de 76% do Rodoanel Metropolitano de S\u00e3o Paulo em opera\u00e7\u00e3o.\",\"publisher\":{\"@id\":\"https:\\\/\\\/www.spmar.com.br\\\/web\\\/#organization\"},\"potentialAction\":[{\"@type\":\"SearchAction\",\"target\":{\"@type\":\"EntryPoint\",\"urlTemplate\":\"https:\\\/\\\/www.spmar.com.br\\\/web\\\/?s={search_term_string}\"},\"query-input\":{\"@type\":\"PropertyValueSpecification\",\"valueRequired\":true,\"valueName\":\"search_term_string\"}}],\"inLanguage\":\"pt-BR\"},{\"@type\":\"Organization\",\"@id\":\"https:\\\/\\\/www.spmar.com.br\\\/web\\\/#organization\",\"name\":\"Concession\u00e1ria SPMAR\",\"url\":\"https:\\\/\\\/www.spmar.com.br\\\/web\\\/\",\"logo\":{\"@type\":\"ImageObject\",\"inLanguage\":\"pt-BR\",\"@id\":\"https:\\\/\\\/www.spmar.com.br\\\/web\\\/#\\\/schema\\\/logo\\\/image\\\/\",\"url\":\"https:\\\/\\\/www.spmar.com.br\\\/web\\\/wp-content\\\/uploads\\\/2017\\\/11\\\/logo_H.jpg\",\"contentUrl\":\"https:\\\/\\\/www.spmar.com.br\\\/web\\\/wp-content\\\/uploads\\\/2017\\\/11\\\/logo_H.jpg\",\"width\":448,\"height\":97,\"caption\":\"Concession\u00e1ria SPMAR\"},\"image\":{\"@id\":\"https:\\\/\\\/www.spmar.com.br\\\/web\\\/#\\\/schema\\\/logo\\\/image\\\/\"},\"sameAs\":[\"https:\\\/\\\/www.facebook.com\\\/spmar.rodoanel\",\"https:\\\/\\\/www.linkedin.com\\\/company\\\/spmarbr\\\/\",\"https:\\\/\\\/www.instagram.com\\\/spmarbr\\\/\"]},{\"@type\":\"Person\",\"@id\":\"https:\\\/\\\/www.spmar.com.br\\\/web\\\/#\\\/schema\\\/person\\\/45d773c3f651fd6a556df5f507adabd7\",\"name\":\"Gabriela Lopes\",\"image\":{\"@type\":\"ImageObject\",\"inLanguage\":\"pt-BR\",\"@id\":\"https:\\\/\\\/www.spmar.com.br\\\/web\\\/wp-content\\\/litespeed\\\/avatar\\\/0280229b2e4318152feaaf52b57f7e14.jpg?ver=1777045635\",\"url\":\"https:\\\/\\\/www.spmar.com.br\\\/web\\\/wp-content\\\/litespeed\\\/avatar\\\/0280229b2e4318152feaaf52b57f7e14.jpg?ver=1777045635\",\"contentUrl\":\"https:\\\/\\\/www.spmar.com.br\\\/web\\\/wp-content\\\/litespeed\\\/avatar\\\/0280229b2e4318152feaaf52b57f7e14.jpg?ver=1777045635\",\"caption\":\"Gabriela Lopes\"},\"url\":\"https:\\\/\\\/www.spmar.com.br\\\/web\\\/author\\\/gabriela\\\/\"}]}<\/script>\n<!-- \/ Yoast SEO plugin. -->","yoast_head_json":{"title":"SPMAR celebra Maio Amarelo no Rodoanel - Somos o caminho que te conecta ao que mais importa!","robots":{"index":"index","follow":"follow","max-snippet":"max-snippet:-1","max-image-preview":"max-image-preview:large","max-video-preview":"max-video-preview:-1"},"canonical":"https:\/\/www.spmar.com.br\/web\/spmar-celebra-maio-amarelo-no-rodoanel\/","og_locale":"pt_BR","og_type":"article","og_title":"SPMAR celebra Maio Amarelo no Rodoanel - Somos o caminho que te conecta ao que mais importa!","og_description":"A\u00e7\u00f5es ocorrer\u00e3o at\u00e9 o final do m\u00eas com destaque para os simuladores voltados para conscientiza\u00e7\u00e3o de ciclistas e o de embriaguez para motoristas, al\u00e9m do especial do Podcast \u201cDe Olho na Estrada\u201d s\u00f3 com mulheres Tradicional campanha para a redu\u00e7\u00e3o de acidentes e constru\u00e7\u00e3o de um tr\u00e2nsito mais seguro, Maio Amarelo chega em 2024 apostando [&hellip;]","og_url":"https:\/\/www.spmar.com.br\/web\/spmar-celebra-maio-amarelo-no-rodoanel\/","og_site_name":"Somos o caminho que te conecta ao que mais importa!","article_publisher":"https:\/\/www.facebook.com\/spmar.rodoanel","article_published_time":"2024-05-03T19:49:43+00:00","article_modified_time":"2024-05-03T20:49:12+00:00","og_image":[{"width":2560,"height":1337,"url":"https:\/\/www.spmar.com.br\/web\/wp-content\/uploads\/2023\/09\/IMG_20230919_123941-scaled-e1695761155307.jpg","type":"image\/jpeg"}],"author":"Gabriela Lopes","twitter_card":"summary_large_image","twitter_misc":{"Escrito por":"Gabriela Lopes","Est. tempo de leitura":"3 minutos"},"schema":{"@context":"https:\/\/schema.org","@graph":[{"@type":"Article","@id":"https:\/\/www.spmar.com.br\/web\/spmar-celebra-maio-amarelo-no-rodoanel\/#article","isPartOf":{"@id":"https:\/\/www.spmar.com.br\/web\/spmar-celebra-maio-amarelo-no-rodoanel\/"},"author":{"name":"Gabriela Lopes","@id":"https:\/\/www.spmar.com.br\/web\/#\/schema\/person\/45d773c3f651fd6a556df5f507adabd7"},"headline":"SPMAR celebra Maio Amarelo no Rodoanel","datePublished":"2024-05-03T19:49:43+00:00","dateModified":"2024-05-03T20:49:12+00:00","mainEntityOfPage":{"@id":"https:\/\/www.spmar.com.br\/web\/spmar-celebra-maio-amarelo-no-rodoanel\/"},"wordCount":618,"commentCount":0,"publisher":{"@id":"https:\/\/www.spmar.com.br\/web\/#organization"},"image":{"@id":"https:\/\/www.spmar.com.br\/web\/spmar-celebra-maio-amarelo-no-rodoanel\/#primaryimage"},"thumbnailUrl":"https:\/\/www.spmar.com.br\/web\/wp-content\/uploads\/2023\/09\/IMG_20230919_123941-scaled-e1695761155307.jpg","inLanguage":"pt-BR","potentialAction":[{"@type":"CommentAction","name":"Comment","target":["https:\/\/www.spmar.com.br\/web\/spmar-celebra-maio-amarelo-no-rodoanel\/#respond"]}]},{"@type":"WebPage","@id":"https:\/\/www.spmar.com.br\/web\/spmar-celebra-maio-amarelo-no-rodoanel\/","url":"https:\/\/www.spmar.com.br\/web\/spmar-celebra-maio-amarelo-no-rodoanel\/","name":"SPMAR celebra Maio Amarelo no Rodoanel - Somos o caminho que te conecta ao que mais importa!","isPartOf":{"@id":"https:\/\/www.spmar.com.br\/web\/#website"},"primaryImageOfPage":{"@id":"https:\/\/www.spmar.com.br\/web\/spmar-celebra-maio-amarelo-no-rodoanel\/#primaryimage"},"image":{"@id":"https:\/\/www.spmar.com.br\/web\/spmar-celebra-maio-amarelo-no-rodoanel\/#primaryimage"},"thumbnailUrl":"https:\/\/www.spmar.com.br\/web\/wp-content\/uploads\/2023\/09\/IMG_20230919_123941-scaled-e1695761155307.jpg","datePublished":"2024-05-03T19:49:43+00:00","dateModified":"2024-05-03T20:49:12+00:00","breadcrumb":{"@id":"https:\/\/www.spmar.com.br\/web\/spmar-celebra-maio-amarelo-no-rodoanel\/#breadcrumb"},"inLanguage":"pt-BR","potentialAction":[{"@type":"ReadAction","target":["https:\/\/www.spmar.com.br\/web\/spmar-celebra-maio-amarelo-no-rodoanel\/"]}]},{"@type":"ImageObject","inLanguage":"pt-BR","@id":"https:\/\/www.spmar.com.br\/web\/spmar-celebra-maio-amarelo-no-rodoanel\/#primaryimage","url":"https:\/\/www.spmar.com.br\/web\/wp-content\/uploads\/2023\/09\/IMG_20230919_123941-scaled-e1695761155307.jpg","contentUrl":"https:\/\/www.spmar.com.br\/web\/wp-content\/uploads\/2023\/09\/IMG_20230919_123941-scaled-e1695761155307.jpg","width":2560,"height":1337},{"@type":"BreadcrumbList","@id":"https:\/\/www.spmar.com.br\/web\/spmar-celebra-maio-amarelo-no-rodoanel\/#breadcrumb","itemListElement":[{"@type":"ListItem","position":1,"name":"Home","item":"https:\/\/www.spmar.com.br\/web\/"},{"@type":"ListItem","position":2,"name":"SPMAR celebra Maio Amarelo no Rodoanel"}]},{"@type":"WebSite","@id":"https:\/\/www.spmar.com.br\/web\/#website","url":"https:\/\/www.spmar.com.br\/web\/","name":"SPMAR","description":"A Concession\u00e1ria SPMAR atua na administra\u00e7\u00e3o dos Trechos Sul e Leste do Rodoanel Mario Covas e, com isso,\u00e9 respons\u00e1vel pela gest\u00e3o de 76% do Rodoanel Metropolitano de S\u00e3o Paulo em opera\u00e7\u00e3o.","publisher":{"@id":"https:\/\/www.spmar.com.br\/web\/#organization"},"potentialAction":[{"@type":"SearchAction","target":{"@type":"EntryPoint","urlTemplate":"https:\/\/www.spmar.com.br\/web\/?s={search_term_string}"},"query-input":{"@type":"PropertyValueSpecification","valueRequired":true,"valueName":"search_term_string"}}],"inLanguage":"pt-BR"},{"@type":"Organization","@id":"https:\/\/www.spmar.com.br\/web\/#organization","name":"Concession\u00e1ria SPMAR","url":"https:\/\/www.spmar.com.br\/web\/","logo":{"@type":"ImageObject","inLanguage":"pt-BR","@id":"https:\/\/www.spmar.com.br\/web\/#\/schema\/logo\/image\/","url":"https:\/\/www.spmar.com.br\/web\/wp-content\/uploads\/2017\/11\/logo_H.jpg","contentUrl":"https:\/\/www.spmar.com.br\/web\/wp-content\/uploads\/2017\/11\/logo_H.jpg","width":448,"height":97,"caption":"Concession\u00e1ria SPMAR"},"image":{"@id":"https:\/\/www.spmar.com.br\/web\/#\/schema\/logo\/image\/"},"sameAs":["https:\/\/www.facebook.com\/spmar.rodoanel","https:\/\/www.linkedin.com\/company\/spmarbr\/","https:\/\/www.instagram.com\/spmarbr\/"]},{"@type":"Person","@id":"https:\/\/www.spmar.com.br\/web\/#\/schema\/person\/45d773c3f651fd6a556df5f507adabd7","name":"Gabriela Lopes","image":{"@type":"ImageObject","inLanguage":"pt-BR","@id":"https:\/\/www.spmar.com.br\/web\/wp-content\/litespeed\/avatar\/0280229b2e4318152feaaf52b57f7e14.jpg?ver=1777045635","url":"https:\/\/www.spmar.com.br\/web\/wp-content\/litespeed\/avatar\/0280229b2e4318152feaaf52b57f7e14.jpg?ver=1777045635","contentUrl":"https:\/\/www.spmar.com.br\/web\/wp-content\/litespeed\/avatar\/0280229b2e4318152feaaf52b57f7e14.jpg?ver=1777045635","caption":"Gabriela Lopes"},"url":"https:\/\/www.spmar.com.br\/web\/author\/gabriela\/"}]}},"jetpack_featured_media_url":"https:\/\/www.spmar.com.br\/web\/wp-content\/uploads\/2023\/09\/IMG_20230919_123941-scaled-e1695761155307.jpg","jetpack_sharing_enabled":true,"_links":{"self":[{"href":"https:\/\/www.spmar.com.br\/web\/wp-json\/wp\/v2\/posts\/3461","targetHints":{"allow":["GET"]}}],"collection":[{"href":"https:\/\/www.spmar.com.br\/web\/wp-json\/wp\/v2\/posts"}],"about":[{"href":"https:\/\/www.spmar.com.br\/web\/wp-json\/wp\/v2\/types\/post"}],"author":[{"embeddable":true,"href":"https:\/\/www.spmar.com.br\/web\/wp-json\/wp\/v2\/users\/7"}],"replies":[{"embeddable":true,"href":"https:\/\/www.spmar.com.br\/web\/wp-json\/wp\/v2\/comments?post=3461"}],"version-history":[{"count":2,"href":"https:\/\/www.spmar.com.br\/web\/wp-json\/wp\/v2\/posts\/3461\/revisions"}],"predecessor-version":[{"id":3464,"href":"https:\/\/www.spmar.com.br\/web\/wp-json\/wp\/v2\/posts\/3461\/revisions\/3464"}],"wp:featuredmedia":[{"embeddable":true,"href":"https:\/\/www.spmar.com.br\/web\/wp-json\/wp\/v2\/media\/3251"}],"wp:attachment":[{"href":"https:\/\/www.spmar.com.br\/web\/wp-json\/wp\/v2\/media?parent=3461"}],"wp:term":[{"taxonomy":"category","embeddable":true,"href":"https:\/\/www.spmar.com.br\/web\/wp-json\/wp\/v2\/categories?post=3461"},{"taxonomy":"post_tag","embeddable":true,"href":"https:\/\/www.spmar.com.br\/web\/wp-json\/wp\/v2\/tags?post=3461"}],"curies":[{"name":"wp","href":"https:\/\/api.w.org\/{rel}","templated":true}]}}