{"id":295,"date":"2016-11-07T09:12:17","date_gmt":"2016-11-07T11:12:17","guid":{"rendered":"http:\/\/spmar.crpweb.com.br\/?p=295"},"modified":"2017-08-09T10:03:19","modified_gmt":"2017-08-09T13:03:19","slug":"spmar-realizara-5a-edicao-da-campanha-vida-nos-eixos","status":"publish","type":"post","link":"https:\/\/www.spmar.com.br\/web\/spmar-realizara-5a-edicao-da-campanha-vida-nos-eixos\/","title":{"rendered":"SPMAR realizar\u00e1 5\u00aa edi\u00e7\u00e3o da Campanha Vida nos Eixos"},"content":{"rendered":"<p>A\u00e7\u00e3o acontecer\u00e1 de 08 a 10 de novembro e oferecer\u00e1 triagem b\u00e1sica de sa\u00fade para os motoristas que transitam pelos trechos Sul e Leste do Rodoanel<\/p>\n<p>S\u00e3o Paulo, 07 de novembro de 2016 \u2013\u00a0A concession\u00e1ria SPMAR realizar\u00e1 entre os dias 08 e 10 de novembro, a quinta edi\u00e7\u00e3o da Campanha Vida nos Eixos. A a\u00e7\u00e3o direcionada \u00e0 qualidade de vida e ao bem estar dos motoristas, refor\u00e7ar\u00e1 a import\u00e2ncia de percorrer as rodovias com seguran\u00e7a.<\/p>\n<p>Direcionada principalmente para o caminhoneiro que muitas vezes n\u00e3o tem tempo para cuidar da sua sa\u00fade, a a\u00e7\u00e3o Vida nos Eixos permitir\u00e1 ao motorista passar pelo Pit Stop da Campanha e realizar gratuitamente exames de press\u00e3o arterial, \u00edndice de massa corp\u00f3rea, teste de acuidade visual e de glicemia. Al\u00e9m disso, especificamente na quarta (9) e quinta-feira (10), o profissional da estrada receber\u00e1 dicas importantes sobre a manuten\u00e7\u00e3o preventiva do seu ve\u00edculo e poder\u00e1 ainda passar pelo simulador de impacto desenvolvido pela Ag\u00eancia de Transporte do Estado de S\u00e3o Paulo (ARTESP) para alertar sobre a import\u00e2ncia do uso do cinto de seguran\u00e7a, inclusive no banco traseiro. O objetivo do equipamento \u00e9 fazer com que a pessoa tenha a no\u00e7\u00e3o do impacto a uma velocidade baixa e reflita sobre as consequ\u00eancias de uma batida em alta velocidade.<\/p>\n<p>A campanha ocorrer\u00e1 no Trecho Leste do Rodoanel, na baia do SAU (Servi\u00e7o de Apoio ao Usu\u00e1rio) localizada no km 102, na pista externa, sentido Rodovia Presidente Dutra.<em>\u00a0OS trechos Sul e Leste do Rodoanel s\u00e3o parte do Programa de Concess\u00f5es<\/em>\u00a0Rodovi\u00e1rias e fiscalizados pela Ag\u00eancia de Transporte do Estado de S\u00e3o Paulo (<em>Artesp<\/em>).<\/p>\n<p>Esta a\u00e7\u00e3o ter\u00e1 o apoio de uma equipe de especialistas da \u00e1rea da sa\u00fade da empresa Resgate S\u00e3o Francisco que j\u00e1 trabalha diariamente em parceria com a concession\u00e1ria na opera\u00e7\u00e3o dos Trechos Sul e Leste do Rodoanel. No local, a SPMAR tamb\u00e9m contar\u00e1 com a colabora\u00e7\u00e3o das empresas Porto Seguro \u2013 que oferecer\u00e1 aos motoristas que participarem da a\u00e7\u00e3o a cristaliza\u00e7\u00e3o de para-brisas -, Auto Sueco, Move Mais, Michelin, Mercedes-Benz, Grupo Fera, al\u00e9m do apoio da Pol\u00edcia Militar Rodovi\u00e1ria e da ARTESP.<\/p>\n<p>Quem parar no local ainda receber\u00e1 brindes e folhetos informativos sobre os temas abordados. O usu\u00e1rio que tiver alguma d\u00favida pode entrar em contato com a SPMAR pelo telefone 0800 774 88 77.<\/p>\n<p><em>SPMAR\u00a0<\/em><em>&#8211; A Concession\u00e1ria SPMAR atua na administra\u00e7\u00e3o dos Trechos Sul e Leste do Rodoanel Mario Covas, sendo respons\u00e1vel pela gest\u00e3o de 76% do Rodoanel Metropolitano de S\u00e3o Paulo em opera\u00e7\u00e3o.<\/em><\/p>\n<p><em>Trecho Sul<\/em><em>\u00a0&#8211; do km 30 ao km 86 do Rodoanel Mario Covas, liga os Trechos Leste e Oeste do Rodoanel. O Trecho Sul tem acesso pelas rodovias R\u00e9gis Bittencourt (entroncamento com o Trecho Oeste) no km 30; Imigrantes no km 70 e Anchieta no km 75, al\u00e9m da Av. Papa Jo\u00e3o XXIII, em Mau\u00e1, no km 86.<\/em><\/p>\n<p><em>Trecho Leste<\/em><em>\u00a0&#8211; do km 86 ao km 130 do Rodoanel Mario Covas, liga os Trecho Sul \u00e0 Rodovia Presidente Dutra. O Trecho Leste tem acesso pela via de liga\u00e7\u00e3o com a Av. Papa Jo\u00e3o XXIII, em Mau\u00e1, no km 86; pela Rodovia Henrique Er\u00f3les &#8211; SP066 (km 115, em Suzano); pela Rodovia Ayrton Senna &#8211; SP070 (km 124 em Itaquaquecetuba) e pela Rodovia Presidente Dutra &#8211; BR116 (km 130 em Aruj\u00e1).<\/em><\/p>\n<p><em>\u00a0<\/em><\/p>\n<p>Mais informa\u00e7\u00f5es:<\/p>\n<p>GWA Comunica\u00e7\u00e3o Integrada<\/p>\n<p>Victor Pereira \u2013\u00a0<u><a href=\"mailto:victor@gwa.com.br\">victor@gwa.com.br<\/a><\/u>\u00a0\u2013 (11) 96931-5884<\/p>\n<p>Luiz Ferreira &#8211;\u00a0<u><a href=\"mailto:luiz@gwa.com.br\">luiz@gwa.com.br<\/a><\/u>\u00a0\u2013 (11) 99289-9024<\/p>\n","protected":false},"excerpt":{"rendered":"<p>A\u00e7\u00e3o acontecer\u00e1 de 08 a 10 de novembro e oferecer\u00e1 triagem b\u00e1sica de sa\u00fade para os motoristas que transitam pelos trechos Sul e Leste do Rodoanel S\u00e3o Paulo, 07 de novembro de 2016 \u2013\u00a0A concession\u00e1ria SPMAR realizar\u00e1 entre os dias 08 e 10 de novembro, a quinta edi\u00e7\u00e3o da Campanha Vida nos Eixos. A a\u00e7\u00e3o [&hellip;]<\/p>\n","protected":false},"author":1,"featured_media":298,"comment_status":"open","ping_status":"open","sticky":false,"template":"","format":"standard","meta":{"_acf_changed":false,"inline_featured_image":false,"_jetpack_memberships_contains_paid_content":false,"footnotes":""},"categories":[1],"tags":[],"class_list":["post-295","post","type-post","status-publish","format-standard","has-post-thumbnail","hentry","category-sem-categoria"],"acf":[],"yoast_head":"<!-- This site is optimized with the Yoast SEO plugin v27.4 - https:\/\/yoast.com\/product\/yoast-seo-wordpress\/ -->\n<title>SPMAR realizar\u00e1 5\u00aa edi\u00e7\u00e3o da Campanha Vida nos Eixos - Somos o caminho que te conecta ao que mais importa!<\/title>\n<meta name=\"robots\" content=\"index, follow, max-snippet:-1, max-image-preview:large, max-video-preview:-1\" \/>\n<link rel=\"canonical\" href=\"https:\/\/www.spmar.com.br\/web\/spmar-realizara-5a-edicao-da-campanha-vida-nos-eixos\/\" \/>\n<meta property=\"og:locale\" content=\"pt_BR\" \/>\n<meta property=\"og:type\" content=\"article\" \/>\n<meta property=\"og:title\" content=\"SPMAR realizar\u00e1 5\u00aa edi\u00e7\u00e3o da Campanha Vida nos Eixos - Somos o caminho que te conecta ao que mais importa!\" \/>\n<meta property=\"og:description\" content=\"A\u00e7\u00e3o acontecer\u00e1 de 08 a 10 de novembro e oferecer\u00e1 triagem b\u00e1sica de sa\u00fade para os motoristas que transitam pelos trechos Sul e Leste do Rodoanel S\u00e3o Paulo, 07 de novembro de 2016 \u2013\u00a0A concession\u00e1ria SPMAR realizar\u00e1 entre os dias 08 e 10 de novembro, a quinta edi\u00e7\u00e3o da Campanha Vida nos Eixos. A a\u00e7\u00e3o [&hellip;]\" \/>\n<meta property=\"og:url\" content=\"https:\/\/www.spmar.com.br\/web\/spmar-realizara-5a-edicao-da-campanha-vida-nos-eixos\/\" \/>\n<meta property=\"og:site_name\" content=\"Somos o caminho que te conecta ao que mais importa!\" \/>\n<meta property=\"article:publisher\" content=\"https:\/\/www.facebook.com\/spmar.rodoanel\" \/>\n<meta property=\"article:published_time\" content=\"2016-11-07T11:12:17+00:00\" \/>\n<meta property=\"article:modified_time\" content=\"2017-08-09T13:03:19+00:00\" \/>\n<meta property=\"og:image\" content=\"https:\/\/www.spmar.com.br\/web\/wp-content\/uploads\/2016\/11\/thumb-noticia1-e1502283788847.jpg\" \/>\n\t<meta property=\"og:image:width\" content=\"300\" \/>\n\t<meta property=\"og:image:height\" content=\"162\" \/>\n\t<meta property=\"og:image:type\" content=\"image\/jpeg\" \/>\n<meta name=\"author\" content=\"uid_@spmar\" \/>\n<meta name=\"twitter:card\" content=\"summary_large_image\" \/>\n<meta name=\"twitter:label1\" content=\"Escrito por\" \/>\n\t<meta name=\"twitter:data1\" content=\"uid_@spmar\" \/>\n\t<meta name=\"twitter:label2\" content=\"Est. tempo de leitura\" \/>\n\t<meta name=\"twitter:data2\" content=\"3 minutos\" \/>\n<script type=\"application\/ld+json\" class=\"yoast-schema-graph\">{\"@context\":\"https:\\\/\\\/schema.org\",\"@graph\":[{\"@type\":\"Article\",\"@id\":\"https:\\\/\\\/www.spmar.com.br\\\/web\\\/spmar-realizara-5a-edicao-da-campanha-vida-nos-eixos\\\/#article\",\"isPartOf\":{\"@id\":\"https:\\\/\\\/www.spmar.com.br\\\/web\\\/spmar-realizara-5a-edicao-da-campanha-vida-nos-eixos\\\/\"},\"author\":{\"name\":\"uid_@spmar\",\"@id\":\"https:\\\/\\\/www.spmar.com.br\\\/web\\\/#\\\/schema\\\/person\\\/d197690c6bf9c79240a515310e6233b7\"},\"headline\":\"SPMAR realizar\u00e1 5\u00aa edi\u00e7\u00e3o da Campanha Vida nos Eixos\",\"datePublished\":\"2016-11-07T11:12:17+00:00\",\"dateModified\":\"2017-08-09T13:03:19+00:00\",\"mainEntityOfPage\":{\"@id\":\"https:\\\/\\\/www.spmar.com.br\\\/web\\\/spmar-realizara-5a-edicao-da-campanha-vida-nos-eixos\\\/\"},\"wordCount\":598,\"commentCount\":0,\"publisher\":{\"@id\":\"https:\\\/\\\/www.spmar.com.br\\\/web\\\/#organization\"},\"image\":{\"@id\":\"https:\\\/\\\/www.spmar.com.br\\\/web\\\/spmar-realizara-5a-edicao-da-campanha-vida-nos-eixos\\\/#primaryimage\"},\"thumbnailUrl\":\"https:\\\/\\\/www.spmar.com.br\\\/web\\\/wp-content\\\/uploads\\\/2016\\\/11\\\/thumb-noticia1-e1502283788847.jpg\",\"inLanguage\":\"pt-BR\",\"potentialAction\":[{\"@type\":\"CommentAction\",\"name\":\"Comment\",\"target\":[\"https:\\\/\\\/www.spmar.com.br\\\/web\\\/spmar-realizara-5a-edicao-da-campanha-vida-nos-eixos\\\/#respond\"]}]},{\"@type\":\"WebPage\",\"@id\":\"https:\\\/\\\/www.spmar.com.br\\\/web\\\/spmar-realizara-5a-edicao-da-campanha-vida-nos-eixos\\\/\",\"url\":\"https:\\\/\\\/www.spmar.com.br\\\/web\\\/spmar-realizara-5a-edicao-da-campanha-vida-nos-eixos\\\/\",\"name\":\"SPMAR realizar\u00e1 5\u00aa edi\u00e7\u00e3o da Campanha Vida nos Eixos - Somos o caminho que te conecta ao que mais importa!\",\"isPartOf\":{\"@id\":\"https:\\\/\\\/www.spmar.com.br\\\/web\\\/#website\"},\"primaryImageOfPage\":{\"@id\":\"https:\\\/\\\/www.spmar.com.br\\\/web\\\/spmar-realizara-5a-edicao-da-campanha-vida-nos-eixos\\\/#primaryimage\"},\"image\":{\"@id\":\"https:\\\/\\\/www.spmar.com.br\\\/web\\\/spmar-realizara-5a-edicao-da-campanha-vida-nos-eixos\\\/#primaryimage\"},\"thumbnailUrl\":\"https:\\\/\\\/www.spmar.com.br\\\/web\\\/wp-content\\\/uploads\\\/2016\\\/11\\\/thumb-noticia1-e1502283788847.jpg\",\"datePublished\":\"2016-11-07T11:12:17+00:00\",\"dateModified\":\"2017-08-09T13:03:19+00:00\",\"breadcrumb\":{\"@id\":\"https:\\\/\\\/www.spmar.com.br\\\/web\\\/spmar-realizara-5a-edicao-da-campanha-vida-nos-eixos\\\/#breadcrumb\"},\"inLanguage\":\"pt-BR\",\"potentialAction\":[{\"@type\":\"ReadAction\",\"target\":[\"https:\\\/\\\/www.spmar.com.br\\\/web\\\/spmar-realizara-5a-edicao-da-campanha-vida-nos-eixos\\\/\"]}]},{\"@type\":\"ImageObject\",\"inLanguage\":\"pt-BR\",\"@id\":\"https:\\\/\\\/www.spmar.com.br\\\/web\\\/spmar-realizara-5a-edicao-da-campanha-vida-nos-eixos\\\/#primaryimage\",\"url\":\"https:\\\/\\\/www.spmar.com.br\\\/web\\\/wp-content\\\/uploads\\\/2016\\\/11\\\/thumb-noticia1-e1502283788847.jpg\",\"contentUrl\":\"https:\\\/\\\/www.spmar.com.br\\\/web\\\/wp-content\\\/uploads\\\/2016\\\/11\\\/thumb-noticia1-e1502283788847.jpg\",\"width\":300,\"height\":162},{\"@type\":\"BreadcrumbList\",\"@id\":\"https:\\\/\\\/www.spmar.com.br\\\/web\\\/spmar-realizara-5a-edicao-da-campanha-vida-nos-eixos\\\/#breadcrumb\",\"itemListElement\":[{\"@type\":\"ListItem\",\"position\":1,\"name\":\"Home\",\"item\":\"https:\\\/\\\/www.spmar.com.br\\\/web\\\/\"},{\"@type\":\"ListItem\",\"position\":2,\"name\":\"SPMAR realizar\u00e1 5\u00aa edi\u00e7\u00e3o da Campanha Vida nos Eixos\"}]},{\"@type\":\"WebSite\",\"@id\":\"https:\\\/\\\/www.spmar.com.br\\\/web\\\/#website\",\"url\":\"https:\\\/\\\/www.spmar.com.br\\\/web\\\/\",\"name\":\"SPMAR\",\"description\":\"A Concession\u00e1ria SPMAR atua na administra\u00e7\u00e3o dos Trechos Sul e Leste do Rodoanel Mario Covas e, com isso,\u00e9 respons\u00e1vel pela gest\u00e3o de 76% do Rodoanel Metropolitano de S\u00e3o Paulo em opera\u00e7\u00e3o.\",\"publisher\":{\"@id\":\"https:\\\/\\\/www.spmar.com.br\\\/web\\\/#organization\"},\"potentialAction\":[{\"@type\":\"SearchAction\",\"target\":{\"@type\":\"EntryPoint\",\"urlTemplate\":\"https:\\\/\\\/www.spmar.com.br\\\/web\\\/?s={search_term_string}\"},\"query-input\":{\"@type\":\"PropertyValueSpecification\",\"valueRequired\":true,\"valueName\":\"search_term_string\"}}],\"inLanguage\":\"pt-BR\"},{\"@type\":\"Organization\",\"@id\":\"https:\\\/\\\/www.spmar.com.br\\\/web\\\/#organization\",\"name\":\"Concession\u00e1ria SPMAR\",\"url\":\"https:\\\/\\\/www.spmar.com.br\\\/web\\\/\",\"logo\":{\"@type\":\"ImageObject\",\"inLanguage\":\"pt-BR\",\"@id\":\"https:\\\/\\\/www.spmar.com.br\\\/web\\\/#\\\/schema\\\/logo\\\/image\\\/\",\"url\":\"https:\\\/\\\/www.spmar.com.br\\\/web\\\/wp-content\\\/uploads\\\/2017\\\/11\\\/logo_H.jpg\",\"contentUrl\":\"https:\\\/\\\/www.spmar.com.br\\\/web\\\/wp-content\\\/uploads\\\/2017\\\/11\\\/logo_H.jpg\",\"width\":448,\"height\":97,\"caption\":\"Concession\u00e1ria SPMAR\"},\"image\":{\"@id\":\"https:\\\/\\\/www.spmar.com.br\\\/web\\\/#\\\/schema\\\/logo\\\/image\\\/\"},\"sameAs\":[\"https:\\\/\\\/www.facebook.com\\\/spmar.rodoanel\",\"https:\\\/\\\/www.linkedin.com\\\/company\\\/spmarbr\\\/\",\"https:\\\/\\\/www.instagram.com\\\/spmarbr\\\/\"]},{\"@type\":\"Person\",\"@id\":\"https:\\\/\\\/www.spmar.com.br\\\/web\\\/#\\\/schema\\\/person\\\/d197690c6bf9c79240a515310e6233b7\",\"name\":\"uid_@spmar\",\"image\":{\"@type\":\"ImageObject\",\"inLanguage\":\"pt-BR\",\"@id\":\"https:\\\/\\\/www.spmar.com.br\\\/web\\\/wp-content\\\/litespeed\\\/avatar\\\/1d9f8aa10c469a2a6a9fbe6d3ba9a648.jpg?ver=1777045609\",\"url\":\"https:\\\/\\\/www.spmar.com.br\\\/web\\\/wp-content\\\/litespeed\\\/avatar\\\/1d9f8aa10c469a2a6a9fbe6d3ba9a648.jpg?ver=1777045609\",\"contentUrl\":\"https:\\\/\\\/www.spmar.com.br\\\/web\\\/wp-content\\\/litespeed\\\/avatar\\\/1d9f8aa10c469a2a6a9fbe6d3ba9a648.jpg?ver=1777045609\",\"caption\":\"uid_@spmar\"},\"url\":\"https:\\\/\\\/www.spmar.com.br\\\/web\\\/author\\\/uid_spmar\\\/\"}]}<\/script>\n<!-- \/ Yoast SEO plugin. -->","yoast_head_json":{"title":"SPMAR realizar\u00e1 5\u00aa edi\u00e7\u00e3o da Campanha Vida nos Eixos - Somos o caminho que te conecta ao que mais importa!","robots":{"index":"index","follow":"follow","max-snippet":"max-snippet:-1","max-image-preview":"max-image-preview:large","max-video-preview":"max-video-preview:-1"},"canonical":"https:\/\/www.spmar.com.br\/web\/spmar-realizara-5a-edicao-da-campanha-vida-nos-eixos\/","og_locale":"pt_BR","og_type":"article","og_title":"SPMAR realizar\u00e1 5\u00aa edi\u00e7\u00e3o da Campanha Vida nos Eixos - Somos o caminho que te conecta ao que mais importa!","og_description":"A\u00e7\u00e3o acontecer\u00e1 de 08 a 10 de novembro e oferecer\u00e1 triagem b\u00e1sica de sa\u00fade para os motoristas que transitam pelos trechos Sul e Leste do Rodoanel S\u00e3o Paulo, 07 de novembro de 2016 \u2013\u00a0A concession\u00e1ria SPMAR realizar\u00e1 entre os dias 08 e 10 de novembro, a quinta edi\u00e7\u00e3o da Campanha Vida nos Eixos. A a\u00e7\u00e3o [&hellip;]","og_url":"https:\/\/www.spmar.com.br\/web\/spmar-realizara-5a-edicao-da-campanha-vida-nos-eixos\/","og_site_name":"Somos o caminho que te conecta ao que mais importa!","article_publisher":"https:\/\/www.facebook.com\/spmar.rodoanel","article_published_time":"2016-11-07T11:12:17+00:00","article_modified_time":"2017-08-09T13:03:19+00:00","og_image":[{"width":300,"height":162,"url":"https:\/\/www.spmar.com.br\/web\/wp-content\/uploads\/2016\/11\/thumb-noticia1-e1502283788847.jpg","type":"image\/jpeg"}],"author":"uid_@spmar","twitter_card":"summary_large_image","twitter_misc":{"Escrito por":"uid_@spmar","Est. tempo de leitura":"3 minutos"},"schema":{"@context":"https:\/\/schema.org","@graph":[{"@type":"Article","@id":"https:\/\/www.spmar.com.br\/web\/spmar-realizara-5a-edicao-da-campanha-vida-nos-eixos\/#article","isPartOf":{"@id":"https:\/\/www.spmar.com.br\/web\/spmar-realizara-5a-edicao-da-campanha-vida-nos-eixos\/"},"author":{"name":"uid_@spmar","@id":"https:\/\/www.spmar.com.br\/web\/#\/schema\/person\/d197690c6bf9c79240a515310e6233b7"},"headline":"SPMAR realizar\u00e1 5\u00aa edi\u00e7\u00e3o da Campanha Vida nos Eixos","datePublished":"2016-11-07T11:12:17+00:00","dateModified":"2017-08-09T13:03:19+00:00","mainEntityOfPage":{"@id":"https:\/\/www.spmar.com.br\/web\/spmar-realizara-5a-edicao-da-campanha-vida-nos-eixos\/"},"wordCount":598,"commentCount":0,"publisher":{"@id":"https:\/\/www.spmar.com.br\/web\/#organization"},"image":{"@id":"https:\/\/www.spmar.com.br\/web\/spmar-realizara-5a-edicao-da-campanha-vida-nos-eixos\/#primaryimage"},"thumbnailUrl":"https:\/\/www.spmar.com.br\/web\/wp-content\/uploads\/2016\/11\/thumb-noticia1-e1502283788847.jpg","inLanguage":"pt-BR","potentialAction":[{"@type":"CommentAction","name":"Comment","target":["https:\/\/www.spmar.com.br\/web\/spmar-realizara-5a-edicao-da-campanha-vida-nos-eixos\/#respond"]}]},{"@type":"WebPage","@id":"https:\/\/www.spmar.com.br\/web\/spmar-realizara-5a-edicao-da-campanha-vida-nos-eixos\/","url":"https:\/\/www.spmar.com.br\/web\/spmar-realizara-5a-edicao-da-campanha-vida-nos-eixos\/","name":"SPMAR realizar\u00e1 5\u00aa edi\u00e7\u00e3o da Campanha Vida nos Eixos - Somos o caminho que te conecta ao que mais importa!","isPartOf":{"@id":"https:\/\/www.spmar.com.br\/web\/#website"},"primaryImageOfPage":{"@id":"https:\/\/www.spmar.com.br\/web\/spmar-realizara-5a-edicao-da-campanha-vida-nos-eixos\/#primaryimage"},"image":{"@id":"https:\/\/www.spmar.com.br\/web\/spmar-realizara-5a-edicao-da-campanha-vida-nos-eixos\/#primaryimage"},"thumbnailUrl":"https:\/\/www.spmar.com.br\/web\/wp-content\/uploads\/2016\/11\/thumb-noticia1-e1502283788847.jpg","datePublished":"2016-11-07T11:12:17+00:00","dateModified":"2017-08-09T13:03:19+00:00","breadcrumb":{"@id":"https:\/\/www.spmar.com.br\/web\/spmar-realizara-5a-edicao-da-campanha-vida-nos-eixos\/#breadcrumb"},"inLanguage":"pt-BR","potentialAction":[{"@type":"ReadAction","target":["https:\/\/www.spmar.com.br\/web\/spmar-realizara-5a-edicao-da-campanha-vida-nos-eixos\/"]}]},{"@type":"ImageObject","inLanguage":"pt-BR","@id":"https:\/\/www.spmar.com.br\/web\/spmar-realizara-5a-edicao-da-campanha-vida-nos-eixos\/#primaryimage","url":"https:\/\/www.spmar.com.br\/web\/wp-content\/uploads\/2016\/11\/thumb-noticia1-e1502283788847.jpg","contentUrl":"https:\/\/www.spmar.com.br\/web\/wp-content\/uploads\/2016\/11\/thumb-noticia1-e1502283788847.jpg","width":300,"height":162},{"@type":"BreadcrumbList","@id":"https:\/\/www.spmar.com.br\/web\/spmar-realizara-5a-edicao-da-campanha-vida-nos-eixos\/#breadcrumb","itemListElement":[{"@type":"ListItem","position":1,"name":"Home","item":"https:\/\/www.spmar.com.br\/web\/"},{"@type":"ListItem","position":2,"name":"SPMAR realizar\u00e1 5\u00aa edi\u00e7\u00e3o da Campanha Vida nos Eixos"}]},{"@type":"WebSite","@id":"https:\/\/www.spmar.com.br\/web\/#website","url":"https:\/\/www.spmar.com.br\/web\/","name":"SPMAR","description":"A Concession\u00e1ria SPMAR atua na administra\u00e7\u00e3o dos Trechos Sul e Leste do Rodoanel Mario Covas e, com isso,\u00e9 respons\u00e1vel pela gest\u00e3o de 76% do Rodoanel Metropolitano de S\u00e3o Paulo em opera\u00e7\u00e3o.","publisher":{"@id":"https:\/\/www.spmar.com.br\/web\/#organization"},"potentialAction":[{"@type":"SearchAction","target":{"@type":"EntryPoint","urlTemplate":"https:\/\/www.spmar.com.br\/web\/?s={search_term_string}"},"query-input":{"@type":"PropertyValueSpecification","valueRequired":true,"valueName":"search_term_string"}}],"inLanguage":"pt-BR"},{"@type":"Organization","@id":"https:\/\/www.spmar.com.br\/web\/#organization","name":"Concession\u00e1ria SPMAR","url":"https:\/\/www.spmar.com.br\/web\/","logo":{"@type":"ImageObject","inLanguage":"pt-BR","@id":"https:\/\/www.spmar.com.br\/web\/#\/schema\/logo\/image\/","url":"https:\/\/www.spmar.com.br\/web\/wp-content\/uploads\/2017\/11\/logo_H.jpg","contentUrl":"https:\/\/www.spmar.com.br\/web\/wp-content\/uploads\/2017\/11\/logo_H.jpg","width":448,"height":97,"caption":"Concession\u00e1ria SPMAR"},"image":{"@id":"https:\/\/www.spmar.com.br\/web\/#\/schema\/logo\/image\/"},"sameAs":["https:\/\/www.facebook.com\/spmar.rodoanel","https:\/\/www.linkedin.com\/company\/spmarbr\/","https:\/\/www.instagram.com\/spmarbr\/"]},{"@type":"Person","@id":"https:\/\/www.spmar.com.br\/web\/#\/schema\/person\/d197690c6bf9c79240a515310e6233b7","name":"uid_@spmar","image":{"@type":"ImageObject","inLanguage":"pt-BR","@id":"https:\/\/www.spmar.com.br\/web\/wp-content\/litespeed\/avatar\/1d9f8aa10c469a2a6a9fbe6d3ba9a648.jpg?ver=1777045609","url":"https:\/\/www.spmar.com.br\/web\/wp-content\/litespeed\/avatar\/1d9f8aa10c469a2a6a9fbe6d3ba9a648.jpg?ver=1777045609","contentUrl":"https:\/\/www.spmar.com.br\/web\/wp-content\/litespeed\/avatar\/1d9f8aa10c469a2a6a9fbe6d3ba9a648.jpg?ver=1777045609","caption":"uid_@spmar"},"url":"https:\/\/www.spmar.com.br\/web\/author\/uid_spmar\/"}]}},"jetpack_featured_media_url":"https:\/\/www.spmar.com.br\/web\/wp-content\/uploads\/2016\/11\/thumb-noticia1-e1502283788847.jpg","jetpack_sharing_enabled":true,"_links":{"self":[{"href":"https:\/\/www.spmar.com.br\/web\/wp-json\/wp\/v2\/posts\/295","targetHints":{"allow":["GET"]}}],"collection":[{"href":"https:\/\/www.spmar.com.br\/web\/wp-json\/wp\/v2\/posts"}],"about":[{"href":"https:\/\/www.spmar.com.br\/web\/wp-json\/wp\/v2\/types\/post"}],"author":[{"embeddable":true,"href":"https:\/\/www.spmar.com.br\/web\/wp-json\/wp\/v2\/users\/1"}],"replies":[{"embeddable":true,"href":"https:\/\/www.spmar.com.br\/web\/wp-json\/wp\/v2\/comments?post=295"}],"version-history":[{"count":1,"href":"https:\/\/www.spmar.com.br\/web\/wp-json\/wp\/v2\/posts\/295\/revisions"}],"predecessor-version":[{"id":297,"href":"https:\/\/www.spmar.com.br\/web\/wp-json\/wp\/v2\/posts\/295\/revisions\/297"}],"wp:featuredmedia":[{"embeddable":true,"href":"https:\/\/www.spmar.com.br\/web\/wp-json\/wp\/v2\/media\/298"}],"wp:attachment":[{"href":"https:\/\/www.spmar.com.br\/web\/wp-json\/wp\/v2\/media?parent=295"}],"wp:term":[{"taxonomy":"category","embeddable":true,"href":"https:\/\/www.spmar.com.br\/web\/wp-json\/wp\/v2\/categories?post=295"},{"taxonomy":"post_tag","embeddable":true,"href":"https:\/\/www.spmar.com.br\/web\/wp-json\/wp\/v2\/tags?post=295"}],"curies":[{"name":"wp","href":"https:\/\/api.w.org\/{rel}","templated":true}]}}