{"id":2307,"date":"2020-09-17T14:27:50","date_gmt":"2020-09-17T17:27:50","guid":{"rendered":"https:\/\/www.spmar.com.br\/web\/?p=2307"},"modified":"2020-09-16T18:02:26","modified_gmt":"2020-09-16T21:02:26","slug":"rodoanel-tera-acoes-durante-semana-nacional-do-transito","status":"publish","type":"post","link":"https:\/\/www.spmar.com.br\/web\/rodoanel-tera-acoes-durante-semana-nacional-do-transito\/","title":{"rendered":"Rodoanel ter\u00e1 a\u00e7\u00f5es durante Semana Nacional do Tr\u00e2nsito"},"content":{"rendered":"<p style=\"text-align: justify; margin: 0cm 0cm 10.0pt 0cm;\"><em><span style=\"font-size: 14.0pt; font-family: 'Calibri','sans-serif';\">As atividades ao longo da via ter\u00e3o como foco do pedestre ao caminhoneiro, passando pelo ciclista, motociclista e motorista de veiculo de passeio<\/span><\/em><\/p>\n<p style=\"text-align: justify; margin: 0cm 0cm 10.0pt 0cm;\"><span style=\"font-size: 14.0pt; font-family: 'Calibri','sans-serif';\">Entre os dias 18 a 25 de setembro ser\u00e1 comemorada a Semana Nacional do Tr\u00e2nsito 2020, com o lema: \u201cPerceba o risco. Proteja a vida\u201d. A SPMAR participar\u00e1 com a\u00e7\u00f5es de conscientiza\u00e7\u00e3o voltadas aos usu\u00e1rios nos trechos Sul e Leste do Rodoanel Mario Covas durante todo o per\u00edodo da campanha. <\/span><\/p>\n<p style=\"text-align: justify; margin: 0cm 0cm 10.0pt 0cm;\"><span style=\"font-size: 14.0pt; font-family: 'Calibri','sans-serif';\">Ser\u00e1 uma semana repleta de atividades que envolver\u00e3o desde o pedestre, at\u00e9 o caminhoneiro, passando pelo ciclista, o motorista de veiculo leve e o motociclista. As a\u00e7\u00f5es ocorreram tanto no rodoanel, nas bases dos SAUs (Servi\u00e7os de Apoio ao Usu\u00e1rio) e nas pra\u00e7as de ped\u00e1gio, quanto em locais pr\u00f3ximos, como no Parque Rizzo, em Embu das Artes,\u00a0uma forma a abranger a popula\u00e7\u00e3o do entorno da via.<\/span><\/p>\n<p style=\"text-align: justify; margin: 0cm 0cm 10.0pt 0cm;\"><span style=\"font-size: 14.0pt; font-family: 'Calibri','sans-serif';\">Para Marcos Fonseca, diretor executivo da concession\u00e1ria SPMAR a abrang\u00eancia de publico impactado \u00e9 fundamental para o sucesso da iniciativa: \u201cA seguran\u00e7a vi\u00e1ria \u00e9 um elemento primordial, por isso, nosso trabalho educacional foca muito al\u00e9m do momento em que usu\u00e1rio est\u00e1 no nosso trecho. Consiste em ajudar a conscientizar sobre suas responsabilidades todos os atores que comp\u00f5e o tr\u00e2nsito: pedestre, ciclistas, motociclistas e motoristas de autom\u00f3veis e caminh\u00f5es. Apenas dessa forma conseguiremos diminuir os casos de imprud\u00eancia e abuso no tr\u00e2nsito\u201d.<\/span><\/p>\n<p style=\"text-align: justify; margin: 0cm 0cm 10.0pt 0cm;\"><span style=\"font-size: 14.0pt; font-family: 'Calibri','sans-serif';\">A abertura (18) e o encerramento (24) ser\u00e3o focados nos motoristas de ve\u00edculos leves. Durante o dia todo haver\u00e1 abordagem educacional em diferentes SAUs. J\u00e1 no fim de semana (19 e 20) os p\u00fablicos-alvo ser\u00e3o os motociclistas e os ciclistas .<\/span><\/p>\n<p style=\"text-align: justify; margin: 0cm 0cm 10.0pt 0cm;\"><span style=\"font-size: 14.0pt; font-family: 'Calibri','sans-serif';\">A abordagem ao pedestre ocorrer\u00e1 no Parque Rizzo (22). Enquanto as a\u00e7\u00f5es com os caminhoneiros ocorrer\u00e3o fora do trecho (21), em palestras sobre seguran\u00e7a vi\u00e1ria, e tamb\u00e9m dentro da rodovia, com a\u00e7\u00f5es de preven\u00e7\u00e3o \u00e0 sa\u00fade e cidadania realizada em parceria com o SEST SENAT (23) e com a S\u00e3o Francisco Resgate (21 e 24).<\/span><\/p>\n<p style=\"text-align: justify; margin: 0cm 0cm 10.0pt 0cm;\"><span style=\"font-size: 14.0pt; font-family: 'Calibri','sans-serif';\">A Semana Nacional do Tr\u00e2nsito \u00e9 parte do Programa de Redu\u00e7\u00e3o de Acidentes da concession\u00e1ria, sendo desenvolvido em parceria com a Artesp ( Ag\u00eancia de Transporte do Estado de S\u00e3o Paulo) e a Pol\u00edcia Militar Rodovi\u00e1ria (PMRV). Todas as a\u00e7\u00f5es respeitaram as normas de seguran\u00e7a e distanciamento devido a Covid-19.\u00a0<\/span><\/p>\n<p>&nbsp;<\/p>\n<p style=\"margin: 0cm 0cm 10.0pt 0cm;\"><span style=\"font-size: 14.0pt; font-family: 'Calibri','sans-serif';\">Semana Nacional do Tr\u00e2nsito\u00a0 \/\u00a0\u00a0<\/span><span style=\"font-size: 14.0pt; font-family: 'Calibri','sans-serif';\">Programa\u00e7\u00e3o SPMAR<\/span><\/p>\n<p>&nbsp;<\/p>\n<p style=\"margin: 0cm 0cm 10.0pt 0cm;\"><strong><span style=\"font-size: 11.0pt; font-family: 'Calibri','sans-serif';\">Dia 18\/09 (sexta-feira): a\u00e7\u00e3o com motoristas de ve\u00edculos leves<\/span><\/strong><\/p>\n<p style=\"margin: 0cm 0cm 10.0pt 0cm;\"><span style=\"font-size: 11.0pt; font-family: 'Calibri','sans-serif';\">Equipe: SAU<\/span><\/p>\n<p style=\"margin: 0cm 0cm 10.0pt 0cm;\"><span style=\"font-size: 11.0pt; font-family: 'Calibri','sans-serif';\">Local: SAU 3 \u2013 km 102 Itaquaquecetuba| Hor\u00e1rio: 10 \u00e0s 12h;<\/span><\/p>\n<p style=\"margin: 0cm 0cm 10.0pt 0cm;\"><span style=\"font-size: 11.0pt; font-family: 'Calibri','sans-serif';\">SAU 4- km 212 Itaquaquecetuba | Hor\u00e1rio: 14 \u00e0s 16h;<\/span><\/p>\n<p style=\"margin: 0cm 0cm 10.0pt 0cm;\"><span style=\"font-size: 11.0pt; font-family: 'Calibri','sans-serif';\">Realiza\u00e7\u00e3o de abordagem educativa com entrega de kit informativo<\/span><\/p>\n<p>&nbsp;<\/p>\n<p style=\"margin: 0cm 0cm 10.0pt 0cm;\"><strong><span style=\"font-size: 11.0pt; font-family: 'Calibri','sans-serif';\">Dia 19\/09 (s\u00e1bado): A\u00e7\u00e3o com motociclistas<\/span><\/strong><\/p>\n<p style=\"margin: 0cm 0cm 10.0pt 0cm;\"><span style=\"font-size: 11.0pt; font-family: 'Calibri','sans-serif';\">Equipe: PMRV e Trafego<\/span><\/p>\n<p style=\"margin: 0cm 0cm 10.0pt 0cm;\"><span style=\"font-size: 11.0pt; font-family: 'Calibri','sans-serif';\">Local: P6 &#8211; Mau\u00e1 | Hor\u00e1rio: 09 \u00e0s 12h;<\/span><\/p>\n<p style=\"margin: 0cm 0cm 10.0pt 0cm;\"><span style=\"font-size: 11.0pt; font-family: 'Calibri','sans-serif';\">Realiza\u00e7\u00e3o da a\u00e7\u00e3o Cavalo de A\u00e7o com entrega do KIT<\/span><\/p>\n<p>&nbsp;<\/p>\n<p style=\"margin: 0cm 0cm 10.0pt 0cm;\"><strong><span style=\"font-size: 11.0pt; font-family: 'Calibri','sans-serif';\">Dia 19\/09 (s\u00e1bado): A\u00e7\u00e3o com ciclistas<\/span><\/strong><\/p>\n<p style=\"margin: 0cm 0cm 10.0pt 0cm;\"><span style=\"font-size: 11.0pt; font-family: 'Calibri','sans-serif';\">Equipe: SAU<\/span><\/p>\n<p style=\"margin: 0cm 0cm 10.0pt 0cm;\"><span style=\"font-size: 11.0pt; font-family: 'Calibri','sans-serif';\">Local: SAU 2 \u2013 km68 S\u00e3o Bernardo do Campo | Hor\u00e1rio: 08 \u00e0s 12h;<\/span><\/p>\n<p style=\"margin: 0cm 0cm 10.0pt 0cm;\"><span style=\"font-size: 11.0pt; font-family: 'Calibri','sans-serif';\">SAU 4- km 212 Itaquaquecetuba | Hor\u00e1rio: 14 \u00e0s 16h;<\/span><\/p>\n<p style=\"margin: 0cm 0cm 10.0pt 0cm;\"><span style=\"font-size: 11.0pt; font-family: 'Calibri','sans-serif';\">Realiza\u00e7\u00e3o de abordagem educativa com entrega de kit informativo<\/span><\/p>\n<p>&nbsp;<\/p>\n<p style=\"margin: 0cm 0cm 10.0pt 0cm;\"><strong><span style=\"font-size: 11.0pt; font-family: 'Calibri','sans-serif';\">Dia 20\/09 (domingo): A\u00e7\u00e3o com motociclistas<\/span><\/strong><\/p>\n<p style=\"margin: 0cm 0cm 10.0pt 0cm;\"><span style=\"font-size: 11.0pt; font-family: 'Calibri','sans-serif';\">Equipe: PMRV e Trafego<\/span><\/p>\n<p style=\"margin: 0cm 0cm 10.0pt 0cm;\"><span style=\"font-size: 11.0pt; font-family: 'Calibri','sans-serif';\">Local: P2 \u2013 S\u00e3o Bernardo do Campo | Hor\u00e1rio: 09 \u00e0s 12h;<\/span><\/p>\n<p style=\"margin: 0cm 0cm 10.0pt 0cm;\"><span style=\"font-size: 11.0pt; font-family: 'Calibri','sans-serif';\">Realiza\u00e7\u00e3o da a\u00e7\u00e3o com entrega de kit informativo<\/span><\/p>\n<p>&nbsp;<\/p>\n<p style=\"margin: 0cm 0cm 10.0pt 0cm;\"><strong><span style=\"font-size: 11.0pt; font-family: 'Calibri','sans-serif';\">Dia 20\/09 (domingo): A\u00e7\u00e3o com ciclistas<\/span><\/strong><\/p>\n<p style=\"margin: 0cm 0cm 10.0pt 0cm;\"><span style=\"font-size: 11.0pt; font-family: 'Calibri','sans-serif';\">Equipe: SAU<\/span><\/p>\n<p style=\"margin: 0cm 0cm 10.0pt 0cm;\"><span style=\"font-size: 11.0pt; font-family: 'Calibri','sans-serif';\">Local: SAU 3 \u2013 km 102 Itaquaquecetuba| Hor\u00e1rio: 10 \u00e0s 12h;<\/span><\/p>\n<p style=\"margin: 0cm 0cm 10.0pt 0cm;\"><span style=\"font-size: 11.0pt; font-family: 'Calibri','sans-serif';\">SAU 4- km 212 Itaquaquecetuba | Hor\u00e1rio: 14 \u00e0s 16h<\/span><\/p>\n<p style=\"margin: 0cm 0cm 10.0pt 0cm;\"><span style=\"font-size: 11.0pt; font-family: 'Calibri','sans-serif';\">Realiza\u00e7\u00e3o de abordagem educativa com entrega de kit informativo<\/span><\/p>\n<p>&nbsp;<\/p>\n<p style=\"margin: 0cm 0cm 10.0pt 0cm;\"><strong><span style=\"font-size: 11.0pt; font-family: 'Calibri','sans-serif';\">Dia 21\/09 (segunda-feira): A\u00e7\u00e3o com caminhoneiros<\/span><\/strong><\/p>\n<p style=\"margin: 0cm 0cm 10.0pt 0cm;\"><span style=\"font-size: 11.0pt; font-family: 'Calibri','sans-serif';\">Equipe: Comunica\u00e7\u00e3o e S\u00e3o Francisco Resgate<\/span><\/p>\n<p style=\"margin: 0cm 0cm 10.0pt 0cm;\"><span style=\"font-size: 11.0pt; font-family: 'Calibri','sans-serif';\">Local: Transportadora Videiras \u2013 S\u00e3o Bernardo do Campo<\/span><\/p>\n<p style=\"margin: 0cm 0cm 10.0pt 0cm;\"><span style=\"font-size: 11.0pt; font-family: 'Calibri','sans-serif';\">Realiza\u00e7\u00e3o de abordagem educativa com entrega de kit informativo<\/span><\/p>\n<p>&nbsp;<\/p>\n<p style=\"margin: 0cm 0cm 10.0pt 0cm;\"><strong><span style=\"font-size: 11.0pt; font-family: 'Calibri','sans-serif';\">Dia 22\/09 (ter\u00e7a-feira): A\u00e7\u00e3o com pedestres lindeiros<\/span><\/strong><\/p>\n<p style=\"margin: 0cm 0cm 10.0pt 0cm;\"><span style=\"font-size: 11.0pt; font-family: 'Calibri','sans-serif';\">Equipe: Comunica\u00e7\u00e3o<\/span><\/p>\n<p style=\"margin: 0cm 0cm 10.0pt 0cm;\"><span style=\"font-size: 11.0pt; font-family: 'Calibri','sans-serif';\">Local: Parque do Rizzo<\/span><\/p>\n<p style=\"margin: 0cm 0cm 10.0pt 0cm;\"><span style=\"font-size: 11.0pt; font-family: 'Calibri','sans-serif';\">Realiza\u00e7\u00e3o de abordagem educativa com entrega de kit informativo<\/span><\/p>\n<p>&nbsp;<\/p>\n<p style=\"margin: 0cm 0cm 10.0pt 0cm;\"><strong><span style=\"font-size: 11.0pt; font-family: 'Calibri','sans-serif';\">Dia 23\/09 (quarta-feira): A\u00e7\u00e3o com caminhoneiros<\/span><\/strong><\/p>\n<p style=\"margin: 0cm 0cm 10.0pt 0cm;\"><span style=\"font-size: 11.0pt; font-family: 'Calibri','sans-serif';\">Equipe:\u00a0S\u00e3o Francisco Resgate e Sest Senat<\/span><\/p>\n<p style=\"margin: 0cm 0cm 10.0pt 0cm;\"><span style=\"font-size: 11.0pt; font-family: 'Calibri','sans-serif';\">Local: SAU 3 \u2013 km 102 Itaquaquecetuba| Hor\u00e1rio: 10 \u00e0s 16h;<\/span><\/p>\n<p style=\"margin: 0cm 0cm 10.0pt 0cm;\"><span style=\"font-size: 11.0pt; font-family: 'Calibri','sans-serif';\">Realiza\u00e7\u00e3o de abordagem educativa do SEST SENAT seguida por atendimento da equipe APH com aferi\u00e7\u00e3o de press\u00e3o, temperatura e oximetro<\/span><\/p>\n<p>&nbsp;<\/p>\n<p style=\"margin: 0cm 0cm 10.0pt 0cm;\"><strong><span style=\"font-size: 11.0pt; font-family: 'Calibri','sans-serif';\">Dia 24\/09 (quinta-feira): A\u00e7\u00e3o com caminhoneiros lindeiros<\/span><\/strong><\/p>\n<p style=\"margin: 0cm 0cm 10.0pt 0cm;\"><span style=\"font-size: 11.0pt; font-family: 'Calibri','sans-serif';\">Equipe: S\u00e3o Francisco Resgate e SAU<\/span><\/p>\n<p style=\"margin: 0cm 0cm 10.0pt 0cm;\"><span style=\"font-size: 11.0pt; font-family: 'Calibri','sans-serif';\">Local: SAU 1- km 41 Itapecerica da Serra | Hor\u00e1rio: 10 \u00e0s 16h;<\/span><\/p>\n<p style=\"margin: 0cm 0cm 10.0pt 0cm;\"><span style=\"font-size: 11.0pt; font-family: 'Calibri','sans-serif';\">Realiza\u00e7\u00e3o de abordagem educativa do SEST SENAT seguida por atendimento da equipe APH com aferi\u00e7\u00e3o de press\u00e3o, temperatura e oximetro<\/span><\/p>\n<p>&nbsp;<\/p>\n<p style=\"margin: 0cm 0cm 10.0pt 0cm;\"><strong><span style=\"font-size: 11.0pt; font-family: 'Calibri','sans-serif';\">Dia 25\/09 (sexta-feira): A\u00e7\u00e3o com motoristas de ve\u00edculos leves<\/span><\/strong><\/p>\n<p style=\"margin: 0cm 0cm 10.0pt 0cm;\"><span style=\"font-size: 11.0pt; font-family: 'Calibri','sans-serif';\">Equipe: SAU<\/span><\/p>\n<p style=\"margin: 0cm 0cm 10.0pt 0cm;\"><span style=\"font-size: 11.0pt; font-family: 'Calibri','sans-serif';\">Local: SAU 2 \u2013 km68 S\u00e3o Bernardo do Campo | Hor\u00e1rio: 10h \u00e0s 12h;<\/span><\/p>\n<p style=\"margin: 0cm 0cm 10.0pt 0cm;\"><span style=\"font-size: 11.0pt; font-family: 'Calibri','sans-serif';\">SAU 1- km 41 Itapecerica da Serra| Hor\u00e1rio: 14h \u00e0s 16h;<\/span><\/p>\n<p style=\"margin: 0cm 0cm 10.0pt 0cm;\"><span style=\"font-size: 11.0pt; font-family: 'Calibri','sans-serif';\">Realiza\u00e7\u00e3o de abordagem educativa com entrega de kit informativo<\/span><\/p>\n","protected":false},"excerpt":{"rendered":"<p>As atividades ao longo da via ter\u00e3o como foco do pedestre ao caminhoneiro, passando pelo ciclista, motociclista e motorista de veiculo de passeio Entre os dias 18 a 25 de setembro ser\u00e1 comemorada a Semana Nacional do Tr\u00e2nsito 2020, com o lema: \u201cPerceba o risco. Proteja a vida\u201d. A SPMAR participar\u00e1 com a\u00e7\u00f5es de conscientiza\u00e7\u00e3o [&hellip;]<\/p>\n","protected":false},"author":1,"featured_media":2309,"comment_status":"open","ping_status":"open","sticky":false,"template":"","format":"standard","meta":{"_acf_changed":false,"inline_featured_image":false,"_jetpack_memberships_contains_paid_content":false,"footnotes":""},"categories":[1],"tags":[],"class_list":["post-2307","post","type-post","status-publish","format-standard","has-post-thumbnail","hentry","category-sem-categoria"],"acf":[],"yoast_head":"<!-- This site is optimized with the Yoast SEO plugin v27.4 - https:\/\/yoast.com\/product\/yoast-seo-wordpress\/ -->\n<title>Rodoanel ter\u00e1 a\u00e7\u00f5es durante Semana Nacional do Tr\u00e2nsito - Somos o caminho que te conecta ao que mais importa!<\/title>\n<meta name=\"robots\" content=\"index, follow, max-snippet:-1, max-image-preview:large, max-video-preview:-1\" \/>\n<link rel=\"canonical\" href=\"https:\/\/www.spmar.com.br\/web\/rodoanel-tera-acoes-durante-semana-nacional-do-transito\/\" \/>\n<meta property=\"og:locale\" content=\"pt_BR\" \/>\n<meta property=\"og:type\" content=\"article\" \/>\n<meta property=\"og:title\" content=\"Rodoanel ter\u00e1 a\u00e7\u00f5es durante Semana Nacional do Tr\u00e2nsito - Somos o caminho que te conecta ao que mais importa!\" \/>\n<meta property=\"og:description\" content=\"As atividades ao longo da via ter\u00e3o como foco do pedestre ao caminhoneiro, passando pelo ciclista, motociclista e motorista de veiculo de passeio Entre os dias 18 a 25 de setembro ser\u00e1 comemorada a Semana Nacional do Tr\u00e2nsito 2020, com o lema: \u201cPerceba o risco. Proteja a vida\u201d. A SPMAR participar\u00e1 com a\u00e7\u00f5es de conscientiza\u00e7\u00e3o [&hellip;]\" \/>\n<meta property=\"og:url\" content=\"https:\/\/www.spmar.com.br\/web\/rodoanel-tera-acoes-durante-semana-nacional-do-transito\/\" \/>\n<meta property=\"og:site_name\" content=\"Somos o caminho que te conecta ao que mais importa!\" \/>\n<meta property=\"article:publisher\" content=\"https:\/\/www.facebook.com\/spmar.rodoanel\" \/>\n<meta property=\"article:published_time\" content=\"2020-09-17T17:27:50+00:00\" \/>\n<meta property=\"og:image\" content=\"https:\/\/www.spmar.com.br\/web\/wp-content\/uploads\/2020\/09\/SEMANA-NACIONAL-DO-TR\u00c2NSITO-768x476.png\" \/>\n\t<meta property=\"og:image:width\" content=\"768\" \/>\n\t<meta property=\"og:image:height\" content=\"476\" \/>\n\t<meta property=\"og:image:type\" content=\"image\/png\" \/>\n<meta name=\"author\" content=\"uid_@spmar\" \/>\n<meta name=\"twitter:card\" content=\"summary_large_image\" \/>\n<meta name=\"twitter:label1\" content=\"Escrito por\" \/>\n\t<meta name=\"twitter:data1\" content=\"uid_@spmar\" \/>\n\t<meta name=\"twitter:label2\" content=\"Est. tempo de leitura\" \/>\n\t<meta name=\"twitter:data2\" content=\"4 minutos\" \/>\n<script type=\"application\/ld+json\" class=\"yoast-schema-graph\">{\"@context\":\"https:\\\/\\\/schema.org\",\"@graph\":[{\"@type\":\"Article\",\"@id\":\"https:\\\/\\\/www.spmar.com.br\\\/web\\\/rodoanel-tera-acoes-durante-semana-nacional-do-transito\\\/#article\",\"isPartOf\":{\"@id\":\"https:\\\/\\\/www.spmar.com.br\\\/web\\\/rodoanel-tera-acoes-durante-semana-nacional-do-transito\\\/\"},\"author\":{\"name\":\"uid_@spmar\",\"@id\":\"https:\\\/\\\/www.spmar.com.br\\\/web\\\/#\\\/schema\\\/person\\\/d197690c6bf9c79240a515310e6233b7\"},\"headline\":\"Rodoanel ter\u00e1 a\u00e7\u00f5es durante Semana Nacional do Tr\u00e2nsito\",\"datePublished\":\"2020-09-17T17:27:50+00:00\",\"mainEntityOfPage\":{\"@id\":\"https:\\\/\\\/www.spmar.com.br\\\/web\\\/rodoanel-tera-acoes-durante-semana-nacional-do-transito\\\/\"},\"wordCount\":796,\"commentCount\":0,\"publisher\":{\"@id\":\"https:\\\/\\\/www.spmar.com.br\\\/web\\\/#organization\"},\"image\":{\"@id\":\"https:\\\/\\\/www.spmar.com.br\\\/web\\\/rodoanel-tera-acoes-durante-semana-nacional-do-transito\\\/#primaryimage\"},\"thumbnailUrl\":\"https:\\\/\\\/www.spmar.com.br\\\/web\\\/wp-content\\\/uploads\\\/2020\\\/09\\\/SEMANA-NACIONAL-DO-TR\u00c2NSITO-768x476.png\",\"inLanguage\":\"pt-BR\",\"potentialAction\":[{\"@type\":\"CommentAction\",\"name\":\"Comment\",\"target\":[\"https:\\\/\\\/www.spmar.com.br\\\/web\\\/rodoanel-tera-acoes-durante-semana-nacional-do-transito\\\/#respond\"]}]},{\"@type\":\"WebPage\",\"@id\":\"https:\\\/\\\/www.spmar.com.br\\\/web\\\/rodoanel-tera-acoes-durante-semana-nacional-do-transito\\\/\",\"url\":\"https:\\\/\\\/www.spmar.com.br\\\/web\\\/rodoanel-tera-acoes-durante-semana-nacional-do-transito\\\/\",\"name\":\"Rodoanel ter\u00e1 a\u00e7\u00f5es durante Semana Nacional do Tr\u00e2nsito - Somos o caminho que te conecta ao que mais importa!\",\"isPartOf\":{\"@id\":\"https:\\\/\\\/www.spmar.com.br\\\/web\\\/#website\"},\"primaryImageOfPage\":{\"@id\":\"https:\\\/\\\/www.spmar.com.br\\\/web\\\/rodoanel-tera-acoes-durante-semana-nacional-do-transito\\\/#primaryimage\"},\"image\":{\"@id\":\"https:\\\/\\\/www.spmar.com.br\\\/web\\\/rodoanel-tera-acoes-durante-semana-nacional-do-transito\\\/#primaryimage\"},\"thumbnailUrl\":\"https:\\\/\\\/www.spmar.com.br\\\/web\\\/wp-content\\\/uploads\\\/2020\\\/09\\\/SEMANA-NACIONAL-DO-TR\u00c2NSITO-768x476.png\",\"datePublished\":\"2020-09-17T17:27:50+00:00\",\"breadcrumb\":{\"@id\":\"https:\\\/\\\/www.spmar.com.br\\\/web\\\/rodoanel-tera-acoes-durante-semana-nacional-do-transito\\\/#breadcrumb\"},\"inLanguage\":\"pt-BR\",\"potentialAction\":[{\"@type\":\"ReadAction\",\"target\":[\"https:\\\/\\\/www.spmar.com.br\\\/web\\\/rodoanel-tera-acoes-durante-semana-nacional-do-transito\\\/\"]}]},{\"@type\":\"ImageObject\",\"inLanguage\":\"pt-BR\",\"@id\":\"https:\\\/\\\/www.spmar.com.br\\\/web\\\/rodoanel-tera-acoes-durante-semana-nacional-do-transito\\\/#primaryimage\",\"url\":\"https:\\\/\\\/www.spmar.com.br\\\/web\\\/wp-content\\\/uploads\\\/2020\\\/09\\\/SEMANA-NACIONAL-DO-TR\u00c2NSITO-768x476.png\",\"contentUrl\":\"https:\\\/\\\/www.spmar.com.br\\\/web\\\/wp-content\\\/uploads\\\/2020\\\/09\\\/SEMANA-NACIONAL-DO-TR\u00c2NSITO-768x476.png\",\"width\":768,\"height\":476},{\"@type\":\"BreadcrumbList\",\"@id\":\"https:\\\/\\\/www.spmar.com.br\\\/web\\\/rodoanel-tera-acoes-durante-semana-nacional-do-transito\\\/#breadcrumb\",\"itemListElement\":[{\"@type\":\"ListItem\",\"position\":1,\"name\":\"Home\",\"item\":\"https:\\\/\\\/www.spmar.com.br\\\/web\\\/\"},{\"@type\":\"ListItem\",\"position\":2,\"name\":\"Rodoanel ter\u00e1 a\u00e7\u00f5es durante Semana Nacional do Tr\u00e2nsito\"}]},{\"@type\":\"WebSite\",\"@id\":\"https:\\\/\\\/www.spmar.com.br\\\/web\\\/#website\",\"url\":\"https:\\\/\\\/www.spmar.com.br\\\/web\\\/\",\"name\":\"SPMAR\",\"description\":\"A Concession\u00e1ria SPMAR atua na administra\u00e7\u00e3o dos Trechos Sul e Leste do Rodoanel Mario Covas e, com isso,\u00e9 respons\u00e1vel pela gest\u00e3o de 76% do Rodoanel Metropolitano de S\u00e3o Paulo em opera\u00e7\u00e3o.\",\"publisher\":{\"@id\":\"https:\\\/\\\/www.spmar.com.br\\\/web\\\/#organization\"},\"potentialAction\":[{\"@type\":\"SearchAction\",\"target\":{\"@type\":\"EntryPoint\",\"urlTemplate\":\"https:\\\/\\\/www.spmar.com.br\\\/web\\\/?s={search_term_string}\"},\"query-input\":{\"@type\":\"PropertyValueSpecification\",\"valueRequired\":true,\"valueName\":\"search_term_string\"}}],\"inLanguage\":\"pt-BR\"},{\"@type\":\"Organization\",\"@id\":\"https:\\\/\\\/www.spmar.com.br\\\/web\\\/#organization\",\"name\":\"Concession\u00e1ria SPMAR\",\"url\":\"https:\\\/\\\/www.spmar.com.br\\\/web\\\/\",\"logo\":{\"@type\":\"ImageObject\",\"inLanguage\":\"pt-BR\",\"@id\":\"https:\\\/\\\/www.spmar.com.br\\\/web\\\/#\\\/schema\\\/logo\\\/image\\\/\",\"url\":\"https:\\\/\\\/www.spmar.com.br\\\/web\\\/wp-content\\\/uploads\\\/2017\\\/11\\\/logo_H.jpg\",\"contentUrl\":\"https:\\\/\\\/www.spmar.com.br\\\/web\\\/wp-content\\\/uploads\\\/2017\\\/11\\\/logo_H.jpg\",\"width\":448,\"height\":97,\"caption\":\"Concession\u00e1ria SPMAR\"},\"image\":{\"@id\":\"https:\\\/\\\/www.spmar.com.br\\\/web\\\/#\\\/schema\\\/logo\\\/image\\\/\"},\"sameAs\":[\"https:\\\/\\\/www.facebook.com\\\/spmar.rodoanel\",\"https:\\\/\\\/www.linkedin.com\\\/company\\\/spmarbr\\\/\",\"https:\\\/\\\/www.instagram.com\\\/spmarbr\\\/\"]},{\"@type\":\"Person\",\"@id\":\"https:\\\/\\\/www.spmar.com.br\\\/web\\\/#\\\/schema\\\/person\\\/d197690c6bf9c79240a515310e6233b7\",\"name\":\"uid_@spmar\",\"image\":{\"@type\":\"ImageObject\",\"inLanguage\":\"pt-BR\",\"@id\":\"https:\\\/\\\/www.spmar.com.br\\\/web\\\/wp-content\\\/litespeed\\\/avatar\\\/1d9f8aa10c469a2a6a9fbe6d3ba9a648.jpg?ver=1777045609\",\"url\":\"https:\\\/\\\/www.spmar.com.br\\\/web\\\/wp-content\\\/litespeed\\\/avatar\\\/1d9f8aa10c469a2a6a9fbe6d3ba9a648.jpg?ver=1777045609\",\"contentUrl\":\"https:\\\/\\\/www.spmar.com.br\\\/web\\\/wp-content\\\/litespeed\\\/avatar\\\/1d9f8aa10c469a2a6a9fbe6d3ba9a648.jpg?ver=1777045609\",\"caption\":\"uid_@spmar\"},\"url\":\"https:\\\/\\\/www.spmar.com.br\\\/web\\\/author\\\/uid_spmar\\\/\"}]}<\/script>\n<!-- \/ Yoast SEO plugin. -->","yoast_head_json":{"title":"Rodoanel ter\u00e1 a\u00e7\u00f5es durante Semana Nacional do Tr\u00e2nsito - Somos o caminho que te conecta ao que mais importa!","robots":{"index":"index","follow":"follow","max-snippet":"max-snippet:-1","max-image-preview":"max-image-preview:large","max-video-preview":"max-video-preview:-1"},"canonical":"https:\/\/www.spmar.com.br\/web\/rodoanel-tera-acoes-durante-semana-nacional-do-transito\/","og_locale":"pt_BR","og_type":"article","og_title":"Rodoanel ter\u00e1 a\u00e7\u00f5es durante Semana Nacional do Tr\u00e2nsito - Somos o caminho que te conecta ao que mais importa!","og_description":"As atividades ao longo da via ter\u00e3o como foco do pedestre ao caminhoneiro, passando pelo ciclista, motociclista e motorista de veiculo de passeio Entre os dias 18 a 25 de setembro ser\u00e1 comemorada a Semana Nacional do Tr\u00e2nsito 2020, com o lema: \u201cPerceba o risco. Proteja a vida\u201d. A SPMAR participar\u00e1 com a\u00e7\u00f5es de conscientiza\u00e7\u00e3o [&hellip;]","og_url":"https:\/\/www.spmar.com.br\/web\/rodoanel-tera-acoes-durante-semana-nacional-do-transito\/","og_site_name":"Somos o caminho que te conecta ao que mais importa!","article_publisher":"https:\/\/www.facebook.com\/spmar.rodoanel","article_published_time":"2020-09-17T17:27:50+00:00","og_image":[{"width":768,"height":476,"url":"https:\/\/www.spmar.com.br\/web\/wp-content\/uploads\/2020\/09\/SEMANA-NACIONAL-DO-TR\u00c2NSITO-768x476.png","type":"image\/png"}],"author":"uid_@spmar","twitter_card":"summary_large_image","twitter_misc":{"Escrito por":"uid_@spmar","Est. tempo de leitura":"4 minutos"},"schema":{"@context":"https:\/\/schema.org","@graph":[{"@type":"Article","@id":"https:\/\/www.spmar.com.br\/web\/rodoanel-tera-acoes-durante-semana-nacional-do-transito\/#article","isPartOf":{"@id":"https:\/\/www.spmar.com.br\/web\/rodoanel-tera-acoes-durante-semana-nacional-do-transito\/"},"author":{"name":"uid_@spmar","@id":"https:\/\/www.spmar.com.br\/web\/#\/schema\/person\/d197690c6bf9c79240a515310e6233b7"},"headline":"Rodoanel ter\u00e1 a\u00e7\u00f5es durante Semana Nacional do Tr\u00e2nsito","datePublished":"2020-09-17T17:27:50+00:00","mainEntityOfPage":{"@id":"https:\/\/www.spmar.com.br\/web\/rodoanel-tera-acoes-durante-semana-nacional-do-transito\/"},"wordCount":796,"commentCount":0,"publisher":{"@id":"https:\/\/www.spmar.com.br\/web\/#organization"},"image":{"@id":"https:\/\/www.spmar.com.br\/web\/rodoanel-tera-acoes-durante-semana-nacional-do-transito\/#primaryimage"},"thumbnailUrl":"https:\/\/www.spmar.com.br\/web\/wp-content\/uploads\/2020\/09\/SEMANA-NACIONAL-DO-TR\u00c2NSITO-768x476.png","inLanguage":"pt-BR","potentialAction":[{"@type":"CommentAction","name":"Comment","target":["https:\/\/www.spmar.com.br\/web\/rodoanel-tera-acoes-durante-semana-nacional-do-transito\/#respond"]}]},{"@type":"WebPage","@id":"https:\/\/www.spmar.com.br\/web\/rodoanel-tera-acoes-durante-semana-nacional-do-transito\/","url":"https:\/\/www.spmar.com.br\/web\/rodoanel-tera-acoes-durante-semana-nacional-do-transito\/","name":"Rodoanel ter\u00e1 a\u00e7\u00f5es durante Semana Nacional do Tr\u00e2nsito - Somos o caminho que te conecta ao que mais importa!","isPartOf":{"@id":"https:\/\/www.spmar.com.br\/web\/#website"},"primaryImageOfPage":{"@id":"https:\/\/www.spmar.com.br\/web\/rodoanel-tera-acoes-durante-semana-nacional-do-transito\/#primaryimage"},"image":{"@id":"https:\/\/www.spmar.com.br\/web\/rodoanel-tera-acoes-durante-semana-nacional-do-transito\/#primaryimage"},"thumbnailUrl":"https:\/\/www.spmar.com.br\/web\/wp-content\/uploads\/2020\/09\/SEMANA-NACIONAL-DO-TR\u00c2NSITO-768x476.png","datePublished":"2020-09-17T17:27:50+00:00","breadcrumb":{"@id":"https:\/\/www.spmar.com.br\/web\/rodoanel-tera-acoes-durante-semana-nacional-do-transito\/#breadcrumb"},"inLanguage":"pt-BR","potentialAction":[{"@type":"ReadAction","target":["https:\/\/www.spmar.com.br\/web\/rodoanel-tera-acoes-durante-semana-nacional-do-transito\/"]}]},{"@type":"ImageObject","inLanguage":"pt-BR","@id":"https:\/\/www.spmar.com.br\/web\/rodoanel-tera-acoes-durante-semana-nacional-do-transito\/#primaryimage","url":"https:\/\/www.spmar.com.br\/web\/wp-content\/uploads\/2020\/09\/SEMANA-NACIONAL-DO-TR\u00c2NSITO-768x476.png","contentUrl":"https:\/\/www.spmar.com.br\/web\/wp-content\/uploads\/2020\/09\/SEMANA-NACIONAL-DO-TR\u00c2NSITO-768x476.png","width":768,"height":476},{"@type":"BreadcrumbList","@id":"https:\/\/www.spmar.com.br\/web\/rodoanel-tera-acoes-durante-semana-nacional-do-transito\/#breadcrumb","itemListElement":[{"@type":"ListItem","position":1,"name":"Home","item":"https:\/\/www.spmar.com.br\/web\/"},{"@type":"ListItem","position":2,"name":"Rodoanel ter\u00e1 a\u00e7\u00f5es durante Semana Nacional do Tr\u00e2nsito"}]},{"@type":"WebSite","@id":"https:\/\/www.spmar.com.br\/web\/#website","url":"https:\/\/www.spmar.com.br\/web\/","name":"SPMAR","description":"A Concession\u00e1ria SPMAR atua na administra\u00e7\u00e3o dos Trechos Sul e Leste do Rodoanel Mario Covas e, com isso,\u00e9 respons\u00e1vel pela gest\u00e3o de 76% do Rodoanel Metropolitano de S\u00e3o Paulo em opera\u00e7\u00e3o.","publisher":{"@id":"https:\/\/www.spmar.com.br\/web\/#organization"},"potentialAction":[{"@type":"SearchAction","target":{"@type":"EntryPoint","urlTemplate":"https:\/\/www.spmar.com.br\/web\/?s={search_term_string}"},"query-input":{"@type":"PropertyValueSpecification","valueRequired":true,"valueName":"search_term_string"}}],"inLanguage":"pt-BR"},{"@type":"Organization","@id":"https:\/\/www.spmar.com.br\/web\/#organization","name":"Concession\u00e1ria SPMAR","url":"https:\/\/www.spmar.com.br\/web\/","logo":{"@type":"ImageObject","inLanguage":"pt-BR","@id":"https:\/\/www.spmar.com.br\/web\/#\/schema\/logo\/image\/","url":"https:\/\/www.spmar.com.br\/web\/wp-content\/uploads\/2017\/11\/logo_H.jpg","contentUrl":"https:\/\/www.spmar.com.br\/web\/wp-content\/uploads\/2017\/11\/logo_H.jpg","width":448,"height":97,"caption":"Concession\u00e1ria SPMAR"},"image":{"@id":"https:\/\/www.spmar.com.br\/web\/#\/schema\/logo\/image\/"},"sameAs":["https:\/\/www.facebook.com\/spmar.rodoanel","https:\/\/www.linkedin.com\/company\/spmarbr\/","https:\/\/www.instagram.com\/spmarbr\/"]},{"@type":"Person","@id":"https:\/\/www.spmar.com.br\/web\/#\/schema\/person\/d197690c6bf9c79240a515310e6233b7","name":"uid_@spmar","image":{"@type":"ImageObject","inLanguage":"pt-BR","@id":"https:\/\/www.spmar.com.br\/web\/wp-content\/litespeed\/avatar\/1d9f8aa10c469a2a6a9fbe6d3ba9a648.jpg?ver=1777045609","url":"https:\/\/www.spmar.com.br\/web\/wp-content\/litespeed\/avatar\/1d9f8aa10c469a2a6a9fbe6d3ba9a648.jpg?ver=1777045609","contentUrl":"https:\/\/www.spmar.com.br\/web\/wp-content\/litespeed\/avatar\/1d9f8aa10c469a2a6a9fbe6d3ba9a648.jpg?ver=1777045609","caption":"uid_@spmar"},"url":"https:\/\/www.spmar.com.br\/web\/author\/uid_spmar\/"}]}},"jetpack_featured_media_url":"https:\/\/www.spmar.com.br\/web\/wp-content\/uploads\/2020\/09\/SEMANA-NACIONAL-DO-TR\u00c2NSITO-768x476.png","jetpack_sharing_enabled":true,"_links":{"self":[{"href":"https:\/\/www.spmar.com.br\/web\/wp-json\/wp\/v2\/posts\/2307","targetHints":{"allow":["GET"]}}],"collection":[{"href":"https:\/\/www.spmar.com.br\/web\/wp-json\/wp\/v2\/posts"}],"about":[{"href":"https:\/\/www.spmar.com.br\/web\/wp-json\/wp\/v2\/types\/post"}],"author":[{"embeddable":true,"href":"https:\/\/www.spmar.com.br\/web\/wp-json\/wp\/v2\/users\/1"}],"replies":[{"embeddable":true,"href":"https:\/\/www.spmar.com.br\/web\/wp-json\/wp\/v2\/comments?post=2307"}],"version-history":[{"count":6,"href":"https:\/\/www.spmar.com.br\/web\/wp-json\/wp\/v2\/posts\/2307\/revisions"}],"predecessor-version":[{"id":2317,"href":"https:\/\/www.spmar.com.br\/web\/wp-json\/wp\/v2\/posts\/2307\/revisions\/2317"}],"wp:featuredmedia":[{"embeddable":true,"href":"https:\/\/www.spmar.com.br\/web\/wp-json\/wp\/v2\/media\/2309"}],"wp:attachment":[{"href":"https:\/\/www.spmar.com.br\/web\/wp-json\/wp\/v2\/media?parent=2307"}],"wp:term":[{"taxonomy":"category","embeddable":true,"href":"https:\/\/www.spmar.com.br\/web\/wp-json\/wp\/v2\/categories?post=2307"},{"taxonomy":"post_tag","embeddable":true,"href":"https:\/\/www.spmar.com.br\/web\/wp-json\/wp\/v2\/tags?post=2307"}],"curies":[{"name":"wp","href":"https:\/\/api.w.org\/{rel}","templated":true}]}}