{"id":2152,"date":"2020-07-24T14:27:32","date_gmt":"2020-07-24T17:27:32","guid":{"rendered":"https:\/\/www.spmar.com.br\/web\/?p=2152"},"modified":"2020-07-24T14:29:35","modified_gmt":"2020-07-24T17:29:35","slug":"dia-do-motorista-rodoanel-comemora-com-acao-de-prevencao-saude","status":"publish","type":"post","link":"https:\/\/www.spmar.com.br\/web\/dia-do-motorista-rodoanel-comemora-com-acao-de-prevencao-saude\/","title":{"rendered":"Dia do Motorista: Rodoanel comemora com a\u00e7\u00e3o de preven\u00e7\u00e3o \u00e0 sa\u00fade"},"content":{"rendered":"<p>Em comemora\u00e7\u00e3o ao Dia Nacional do Motorista, a SPMAR prepara uma a\u00e7\u00e3o especial de sa\u00fade nos trechos Sul e Leste do Rodoanel Mario Covas para o pr\u00f3ximo s\u00e1bado (25). E para celebrar a data criada em homenagem a S\u00e3o Crist\u00f3v\u00e3o, considerado o padroeiro dos motoristas, a concession\u00e1ria vai oferecer exames gratuitos, atendimento m\u00e9dico e muita informa\u00e7\u00e3o sobre cuidados b\u00e1sicos para uma vida saud\u00e1vel.<\/p>\n<p>Para Marcos Fonseca, diretor executivo da concession\u00e1ria SPMAR, ajudar esses motoristas na preven\u00e7\u00e3o de doen\u00e7as \u00e9 a melhor forma de homenage\u00e1-los &#8220;Muitas vezes esses profissionais n\u00e3o t\u00eam tempo de parar e ir ao m\u00e9dico, tamanha a correria do dia a dia. Queremos dessa forma permitir que eles tenham a oportunidade de serem consultados e orientados de forma correta. E nada melhor que oferecer isso na rodovia&#8221; explica Marcos Fonseca,<\/p>\n<p>Os atendimentos ocorrer\u00e3o simultaneamente nas bases dos SAU (Servi\u00e7o de Apoio ao Usu\u00e1rio) localizadas nos quil\u00f4metros 41 (trecho Sul) e 121 (trecho Leste) . Em cada local, uma equipe de sa\u00fade realizar\u00e1 diagn\u00f3stico b\u00e1sico preventivo &#8211; aferi\u00e7\u00e3o de temperatura, press\u00e3o e testes visuais. Os motoristas ainda receber\u00e3o informa\u00e7\u00f5es sobre preven\u00e7\u00e3o ao coronav\u00edrus e tamb\u00e9m a respeito dos sintomas de fadiga e estresse mais comuns para quem dirige por longas jornadas.<\/p>\n<p>A a\u00e7\u00e3o conta com apoio da S\u00e3o Francisco Resgates e da Ag\u00eancia de Transporte Rodovi\u00e1rio do Estado de S\u00e3o Paulo (ARTESP).<\/p>\n<p>O Brasil possui uma frota de 3 milh\u00f5es e 300 caminh\u00f5es trafegando por suas vias &#8211; menos de 3% da frota nacional de ve\u00edculos &#8211; sendo esse contingente respons\u00e1vel por 70% do transporte total de cargas que circulam pelas rodovias.<\/p>\n<p>Desde o in\u00edcio da quarentena, a SPMAR tem atuado para que o Rodoanel seja um importante ponto de apoio a esses profissionais. Nesse per\u00edodo, al\u00e9m da distribui\u00e7\u00e3o de lanches, a\u00e7\u00f5es de monitoramento da sa\u00fade e dica de higiene pessoal, a concession\u00e1ria implantou na rodovia campanhas de vacina\u00e7\u00e3o contra a gripe, de higieniza\u00e7\u00e3o de ve\u00edculos e de testes de Covid -19, todas voltadas aos caminhoneiros.<\/p>\n","protected":false},"excerpt":{"rendered":"<p>Em comemora\u00e7\u00e3o ao Dia Nacional do Motorista, a SPMAR prepara uma a\u00e7\u00e3o especial de sa\u00fade nos trechos Sul e Leste do Rodoanel Mario Covas para o pr\u00f3ximo s\u00e1bado (25). E para celebrar a data criada em homenagem a S\u00e3o Crist\u00f3v\u00e3o, considerado o padroeiro dos motoristas, a concession\u00e1ria vai oferecer exames gratuitos, atendimento m\u00e9dico e muita [&hellip;]<\/p>\n","protected":false},"author":1,"featured_media":2153,"comment_status":"open","ping_status":"open","sticky":false,"template":"","format":"standard","meta":{"_acf_changed":false,"inline_featured_image":false,"_jetpack_memberships_contains_paid_content":false,"footnotes":""},"categories":[1],"tags":[],"class_list":["post-2152","post","type-post","status-publish","format-standard","has-post-thumbnail","hentry","category-sem-categoria"],"acf":[],"yoast_head":"<!-- This site is optimized with the Yoast SEO plugin v27.4 - https:\/\/yoast.com\/product\/yoast-seo-wordpress\/ -->\n<title>Dia do Motorista: Rodoanel comemora com a\u00e7\u00e3o de preven\u00e7\u00e3o \u00e0 sa\u00fade - Somos o caminho que te conecta ao que mais importa!<\/title>\n<meta name=\"robots\" content=\"index, follow, max-snippet:-1, max-image-preview:large, max-video-preview:-1\" \/>\n<link rel=\"canonical\" href=\"https:\/\/www.spmar.com.br\/web\/dia-do-motorista-rodoanel-comemora-com-acao-de-prevencao-saude\/\" \/>\n<meta property=\"og:locale\" content=\"pt_BR\" \/>\n<meta property=\"og:type\" content=\"article\" \/>\n<meta property=\"og:title\" content=\"Dia do Motorista: Rodoanel comemora com a\u00e7\u00e3o de preven\u00e7\u00e3o \u00e0 sa\u00fade - Somos o caminho que te conecta ao que mais importa!\" \/>\n<meta property=\"og:description\" content=\"Em comemora\u00e7\u00e3o ao Dia Nacional do Motorista, a SPMAR prepara uma a\u00e7\u00e3o especial de sa\u00fade nos trechos Sul e Leste do Rodoanel Mario Covas para o pr\u00f3ximo s\u00e1bado (25). E para celebrar a data criada em homenagem a S\u00e3o Crist\u00f3v\u00e3o, considerado o padroeiro dos motoristas, a concession\u00e1ria vai oferecer exames gratuitos, atendimento m\u00e9dico e muita [&hellip;]\" \/>\n<meta property=\"og:url\" content=\"https:\/\/www.spmar.com.br\/web\/dia-do-motorista-rodoanel-comemora-com-acao-de-prevencao-saude\/\" \/>\n<meta property=\"og:site_name\" content=\"Somos o caminho que te conecta ao que mais importa!\" \/>\n<meta property=\"article:publisher\" content=\"https:\/\/www.facebook.com\/spmar.rodoanel\" \/>\n<meta property=\"article:published_time\" content=\"2020-07-24T17:27:32+00:00\" \/>\n<meta property=\"article:modified_time\" content=\"2020-07-24T17:29:35+00:00\" \/>\n<meta property=\"og:image\" content=\"https:\/\/www.spmar.com.br\/web\/wp-content\/uploads\/2020\/07\/IMG-20200630-WA0025-e1595611763440.jpg\" \/>\n\t<meta property=\"og:image:width\" content=\"4000\" \/>\n\t<meta property=\"og:image:height\" content=\"2250\" \/>\n\t<meta property=\"og:image:type\" content=\"image\/jpeg\" \/>\n<meta name=\"author\" content=\"uid_@spmar\" \/>\n<meta name=\"twitter:card\" content=\"summary_large_image\" \/>\n<meta name=\"twitter:label1\" content=\"Escrito por\" \/>\n\t<meta name=\"twitter:data1\" content=\"uid_@spmar\" \/>\n\t<meta name=\"twitter:label2\" content=\"Est. tempo de leitura\" \/>\n\t<meta name=\"twitter:data2\" content=\"2 minutos\" \/>\n<script type=\"application\/ld+json\" class=\"yoast-schema-graph\">{\"@context\":\"https:\\\/\\\/schema.org\",\"@graph\":[{\"@type\":\"Article\",\"@id\":\"https:\\\/\\\/www.spmar.com.br\\\/web\\\/dia-do-motorista-rodoanel-comemora-com-acao-de-prevencao-saude\\\/#article\",\"isPartOf\":{\"@id\":\"https:\\\/\\\/www.spmar.com.br\\\/web\\\/dia-do-motorista-rodoanel-comemora-com-acao-de-prevencao-saude\\\/\"},\"author\":{\"name\":\"uid_@spmar\",\"@id\":\"https:\\\/\\\/www.spmar.com.br\\\/web\\\/#\\\/schema\\\/person\\\/d197690c6bf9c79240a515310e6233b7\"},\"headline\":\"Dia do Motorista: Rodoanel comemora com a\u00e7\u00e3o de preven\u00e7\u00e3o \u00e0 sa\u00fade\",\"datePublished\":\"2020-07-24T17:27:32+00:00\",\"dateModified\":\"2020-07-24T17:29:35+00:00\",\"mainEntityOfPage\":{\"@id\":\"https:\\\/\\\/www.spmar.com.br\\\/web\\\/dia-do-motorista-rodoanel-comemora-com-acao-de-prevencao-saude\\\/\"},\"wordCount\":384,\"commentCount\":0,\"publisher\":{\"@id\":\"https:\\\/\\\/www.spmar.com.br\\\/web\\\/#organization\"},\"image\":{\"@id\":\"https:\\\/\\\/www.spmar.com.br\\\/web\\\/dia-do-motorista-rodoanel-comemora-com-acao-de-prevencao-saude\\\/#primaryimage\"},\"thumbnailUrl\":\"https:\\\/\\\/www.spmar.com.br\\\/web\\\/wp-content\\\/uploads\\\/2020\\\/07\\\/IMG-20200630-WA0025-e1595611763440.jpg\",\"inLanguage\":\"pt-BR\",\"potentialAction\":[{\"@type\":\"CommentAction\",\"name\":\"Comment\",\"target\":[\"https:\\\/\\\/www.spmar.com.br\\\/web\\\/dia-do-motorista-rodoanel-comemora-com-acao-de-prevencao-saude\\\/#respond\"]}]},{\"@type\":\"WebPage\",\"@id\":\"https:\\\/\\\/www.spmar.com.br\\\/web\\\/dia-do-motorista-rodoanel-comemora-com-acao-de-prevencao-saude\\\/\",\"url\":\"https:\\\/\\\/www.spmar.com.br\\\/web\\\/dia-do-motorista-rodoanel-comemora-com-acao-de-prevencao-saude\\\/\",\"name\":\"Dia do Motorista: Rodoanel comemora com a\u00e7\u00e3o de preven\u00e7\u00e3o \u00e0 sa\u00fade - Somos o caminho que te conecta ao que mais importa!\",\"isPartOf\":{\"@id\":\"https:\\\/\\\/www.spmar.com.br\\\/web\\\/#website\"},\"primaryImageOfPage\":{\"@id\":\"https:\\\/\\\/www.spmar.com.br\\\/web\\\/dia-do-motorista-rodoanel-comemora-com-acao-de-prevencao-saude\\\/#primaryimage\"},\"image\":{\"@id\":\"https:\\\/\\\/www.spmar.com.br\\\/web\\\/dia-do-motorista-rodoanel-comemora-com-acao-de-prevencao-saude\\\/#primaryimage\"},\"thumbnailUrl\":\"https:\\\/\\\/www.spmar.com.br\\\/web\\\/wp-content\\\/uploads\\\/2020\\\/07\\\/IMG-20200630-WA0025-e1595611763440.jpg\",\"datePublished\":\"2020-07-24T17:27:32+00:00\",\"dateModified\":\"2020-07-24T17:29:35+00:00\",\"breadcrumb\":{\"@id\":\"https:\\\/\\\/www.spmar.com.br\\\/web\\\/dia-do-motorista-rodoanel-comemora-com-acao-de-prevencao-saude\\\/#breadcrumb\"},\"inLanguage\":\"pt-BR\",\"potentialAction\":[{\"@type\":\"ReadAction\",\"target\":[\"https:\\\/\\\/www.spmar.com.br\\\/web\\\/dia-do-motorista-rodoanel-comemora-com-acao-de-prevencao-saude\\\/\"]}]},{\"@type\":\"ImageObject\",\"inLanguage\":\"pt-BR\",\"@id\":\"https:\\\/\\\/www.spmar.com.br\\\/web\\\/dia-do-motorista-rodoanel-comemora-com-acao-de-prevencao-saude\\\/#primaryimage\",\"url\":\"https:\\\/\\\/www.spmar.com.br\\\/web\\\/wp-content\\\/uploads\\\/2020\\\/07\\\/IMG-20200630-WA0025-e1595611763440.jpg\",\"contentUrl\":\"https:\\\/\\\/www.spmar.com.br\\\/web\\\/wp-content\\\/uploads\\\/2020\\\/07\\\/IMG-20200630-WA0025-e1595611763440.jpg\",\"width\":4000,\"height\":2250},{\"@type\":\"BreadcrumbList\",\"@id\":\"https:\\\/\\\/www.spmar.com.br\\\/web\\\/dia-do-motorista-rodoanel-comemora-com-acao-de-prevencao-saude\\\/#breadcrumb\",\"itemListElement\":[{\"@type\":\"ListItem\",\"position\":1,\"name\":\"Home\",\"item\":\"https:\\\/\\\/www.spmar.com.br\\\/web\\\/\"},{\"@type\":\"ListItem\",\"position\":2,\"name\":\"Dia do Motorista: Rodoanel comemora com a\u00e7\u00e3o de preven\u00e7\u00e3o \u00e0 sa\u00fade\"}]},{\"@type\":\"WebSite\",\"@id\":\"https:\\\/\\\/www.spmar.com.br\\\/web\\\/#website\",\"url\":\"https:\\\/\\\/www.spmar.com.br\\\/web\\\/\",\"name\":\"SPMAR\",\"description\":\"A Concession\u00e1ria SPMAR atua na administra\u00e7\u00e3o dos Trechos Sul e Leste do Rodoanel Mario Covas e, com isso,\u00e9 respons\u00e1vel pela gest\u00e3o de 76% do Rodoanel Metropolitano de S\u00e3o Paulo em opera\u00e7\u00e3o.\",\"publisher\":{\"@id\":\"https:\\\/\\\/www.spmar.com.br\\\/web\\\/#organization\"},\"potentialAction\":[{\"@type\":\"SearchAction\",\"target\":{\"@type\":\"EntryPoint\",\"urlTemplate\":\"https:\\\/\\\/www.spmar.com.br\\\/web\\\/?s={search_term_string}\"},\"query-input\":{\"@type\":\"PropertyValueSpecification\",\"valueRequired\":true,\"valueName\":\"search_term_string\"}}],\"inLanguage\":\"pt-BR\"},{\"@type\":\"Organization\",\"@id\":\"https:\\\/\\\/www.spmar.com.br\\\/web\\\/#organization\",\"name\":\"Concession\u00e1ria SPMAR\",\"url\":\"https:\\\/\\\/www.spmar.com.br\\\/web\\\/\",\"logo\":{\"@type\":\"ImageObject\",\"inLanguage\":\"pt-BR\",\"@id\":\"https:\\\/\\\/www.spmar.com.br\\\/web\\\/#\\\/schema\\\/logo\\\/image\\\/\",\"url\":\"https:\\\/\\\/www.spmar.com.br\\\/web\\\/wp-content\\\/uploads\\\/2017\\\/11\\\/logo_H.jpg\",\"contentUrl\":\"https:\\\/\\\/www.spmar.com.br\\\/web\\\/wp-content\\\/uploads\\\/2017\\\/11\\\/logo_H.jpg\",\"width\":448,\"height\":97,\"caption\":\"Concession\u00e1ria SPMAR\"},\"image\":{\"@id\":\"https:\\\/\\\/www.spmar.com.br\\\/web\\\/#\\\/schema\\\/logo\\\/image\\\/\"},\"sameAs\":[\"https:\\\/\\\/www.facebook.com\\\/spmar.rodoanel\",\"https:\\\/\\\/www.linkedin.com\\\/company\\\/spmarbr\\\/\",\"https:\\\/\\\/www.instagram.com\\\/spmarbr\\\/\"]},{\"@type\":\"Person\",\"@id\":\"https:\\\/\\\/www.spmar.com.br\\\/web\\\/#\\\/schema\\\/person\\\/d197690c6bf9c79240a515310e6233b7\",\"name\":\"uid_@spmar\",\"image\":{\"@type\":\"ImageObject\",\"inLanguage\":\"pt-BR\",\"@id\":\"https:\\\/\\\/www.spmar.com.br\\\/web\\\/wp-content\\\/litespeed\\\/avatar\\\/1d9f8aa10c469a2a6a9fbe6d3ba9a648.jpg?ver=1777045609\",\"url\":\"https:\\\/\\\/www.spmar.com.br\\\/web\\\/wp-content\\\/litespeed\\\/avatar\\\/1d9f8aa10c469a2a6a9fbe6d3ba9a648.jpg?ver=1777045609\",\"contentUrl\":\"https:\\\/\\\/www.spmar.com.br\\\/web\\\/wp-content\\\/litespeed\\\/avatar\\\/1d9f8aa10c469a2a6a9fbe6d3ba9a648.jpg?ver=1777045609\",\"caption\":\"uid_@spmar\"},\"url\":\"https:\\\/\\\/www.spmar.com.br\\\/web\\\/author\\\/uid_spmar\\\/\"}]}<\/script>\n<!-- \/ Yoast SEO plugin. -->","yoast_head_json":{"title":"Dia do Motorista: Rodoanel comemora com a\u00e7\u00e3o de preven\u00e7\u00e3o \u00e0 sa\u00fade - Somos o caminho que te conecta ao que mais importa!","robots":{"index":"index","follow":"follow","max-snippet":"max-snippet:-1","max-image-preview":"max-image-preview:large","max-video-preview":"max-video-preview:-1"},"canonical":"https:\/\/www.spmar.com.br\/web\/dia-do-motorista-rodoanel-comemora-com-acao-de-prevencao-saude\/","og_locale":"pt_BR","og_type":"article","og_title":"Dia do Motorista: Rodoanel comemora com a\u00e7\u00e3o de preven\u00e7\u00e3o \u00e0 sa\u00fade - Somos o caminho que te conecta ao que mais importa!","og_description":"Em comemora\u00e7\u00e3o ao Dia Nacional do Motorista, a SPMAR prepara uma a\u00e7\u00e3o especial de sa\u00fade nos trechos Sul e Leste do Rodoanel Mario Covas para o pr\u00f3ximo s\u00e1bado (25). E para celebrar a data criada em homenagem a S\u00e3o Crist\u00f3v\u00e3o, considerado o padroeiro dos motoristas, a concession\u00e1ria vai oferecer exames gratuitos, atendimento m\u00e9dico e muita [&hellip;]","og_url":"https:\/\/www.spmar.com.br\/web\/dia-do-motorista-rodoanel-comemora-com-acao-de-prevencao-saude\/","og_site_name":"Somos o caminho que te conecta ao que mais importa!","article_publisher":"https:\/\/www.facebook.com\/spmar.rodoanel","article_published_time":"2020-07-24T17:27:32+00:00","article_modified_time":"2020-07-24T17:29:35+00:00","og_image":[{"width":4000,"height":2250,"url":"https:\/\/www.spmar.com.br\/web\/wp-content\/uploads\/2020\/07\/IMG-20200630-WA0025-e1595611763440.jpg","type":"image\/jpeg"}],"author":"uid_@spmar","twitter_card":"summary_large_image","twitter_misc":{"Escrito por":"uid_@spmar","Est. tempo de leitura":"2 minutos"},"schema":{"@context":"https:\/\/schema.org","@graph":[{"@type":"Article","@id":"https:\/\/www.spmar.com.br\/web\/dia-do-motorista-rodoanel-comemora-com-acao-de-prevencao-saude\/#article","isPartOf":{"@id":"https:\/\/www.spmar.com.br\/web\/dia-do-motorista-rodoanel-comemora-com-acao-de-prevencao-saude\/"},"author":{"name":"uid_@spmar","@id":"https:\/\/www.spmar.com.br\/web\/#\/schema\/person\/d197690c6bf9c79240a515310e6233b7"},"headline":"Dia do Motorista: Rodoanel comemora com a\u00e7\u00e3o de preven\u00e7\u00e3o \u00e0 sa\u00fade","datePublished":"2020-07-24T17:27:32+00:00","dateModified":"2020-07-24T17:29:35+00:00","mainEntityOfPage":{"@id":"https:\/\/www.spmar.com.br\/web\/dia-do-motorista-rodoanel-comemora-com-acao-de-prevencao-saude\/"},"wordCount":384,"commentCount":0,"publisher":{"@id":"https:\/\/www.spmar.com.br\/web\/#organization"},"image":{"@id":"https:\/\/www.spmar.com.br\/web\/dia-do-motorista-rodoanel-comemora-com-acao-de-prevencao-saude\/#primaryimage"},"thumbnailUrl":"https:\/\/www.spmar.com.br\/web\/wp-content\/uploads\/2020\/07\/IMG-20200630-WA0025-e1595611763440.jpg","inLanguage":"pt-BR","potentialAction":[{"@type":"CommentAction","name":"Comment","target":["https:\/\/www.spmar.com.br\/web\/dia-do-motorista-rodoanel-comemora-com-acao-de-prevencao-saude\/#respond"]}]},{"@type":"WebPage","@id":"https:\/\/www.spmar.com.br\/web\/dia-do-motorista-rodoanel-comemora-com-acao-de-prevencao-saude\/","url":"https:\/\/www.spmar.com.br\/web\/dia-do-motorista-rodoanel-comemora-com-acao-de-prevencao-saude\/","name":"Dia do Motorista: Rodoanel comemora com a\u00e7\u00e3o de preven\u00e7\u00e3o \u00e0 sa\u00fade - Somos o caminho que te conecta ao que mais importa!","isPartOf":{"@id":"https:\/\/www.spmar.com.br\/web\/#website"},"primaryImageOfPage":{"@id":"https:\/\/www.spmar.com.br\/web\/dia-do-motorista-rodoanel-comemora-com-acao-de-prevencao-saude\/#primaryimage"},"image":{"@id":"https:\/\/www.spmar.com.br\/web\/dia-do-motorista-rodoanel-comemora-com-acao-de-prevencao-saude\/#primaryimage"},"thumbnailUrl":"https:\/\/www.spmar.com.br\/web\/wp-content\/uploads\/2020\/07\/IMG-20200630-WA0025-e1595611763440.jpg","datePublished":"2020-07-24T17:27:32+00:00","dateModified":"2020-07-24T17:29:35+00:00","breadcrumb":{"@id":"https:\/\/www.spmar.com.br\/web\/dia-do-motorista-rodoanel-comemora-com-acao-de-prevencao-saude\/#breadcrumb"},"inLanguage":"pt-BR","potentialAction":[{"@type":"ReadAction","target":["https:\/\/www.spmar.com.br\/web\/dia-do-motorista-rodoanel-comemora-com-acao-de-prevencao-saude\/"]}]},{"@type":"ImageObject","inLanguage":"pt-BR","@id":"https:\/\/www.spmar.com.br\/web\/dia-do-motorista-rodoanel-comemora-com-acao-de-prevencao-saude\/#primaryimage","url":"https:\/\/www.spmar.com.br\/web\/wp-content\/uploads\/2020\/07\/IMG-20200630-WA0025-e1595611763440.jpg","contentUrl":"https:\/\/www.spmar.com.br\/web\/wp-content\/uploads\/2020\/07\/IMG-20200630-WA0025-e1595611763440.jpg","width":4000,"height":2250},{"@type":"BreadcrumbList","@id":"https:\/\/www.spmar.com.br\/web\/dia-do-motorista-rodoanel-comemora-com-acao-de-prevencao-saude\/#breadcrumb","itemListElement":[{"@type":"ListItem","position":1,"name":"Home","item":"https:\/\/www.spmar.com.br\/web\/"},{"@type":"ListItem","position":2,"name":"Dia do Motorista: Rodoanel comemora com a\u00e7\u00e3o de preven\u00e7\u00e3o \u00e0 sa\u00fade"}]},{"@type":"WebSite","@id":"https:\/\/www.spmar.com.br\/web\/#website","url":"https:\/\/www.spmar.com.br\/web\/","name":"SPMAR","description":"A Concession\u00e1ria SPMAR atua na administra\u00e7\u00e3o dos Trechos Sul e Leste do Rodoanel Mario Covas e, com isso,\u00e9 respons\u00e1vel pela gest\u00e3o de 76% do Rodoanel Metropolitano de S\u00e3o Paulo em opera\u00e7\u00e3o.","publisher":{"@id":"https:\/\/www.spmar.com.br\/web\/#organization"},"potentialAction":[{"@type":"SearchAction","target":{"@type":"EntryPoint","urlTemplate":"https:\/\/www.spmar.com.br\/web\/?s={search_term_string}"},"query-input":{"@type":"PropertyValueSpecification","valueRequired":true,"valueName":"search_term_string"}}],"inLanguage":"pt-BR"},{"@type":"Organization","@id":"https:\/\/www.spmar.com.br\/web\/#organization","name":"Concession\u00e1ria SPMAR","url":"https:\/\/www.spmar.com.br\/web\/","logo":{"@type":"ImageObject","inLanguage":"pt-BR","@id":"https:\/\/www.spmar.com.br\/web\/#\/schema\/logo\/image\/","url":"https:\/\/www.spmar.com.br\/web\/wp-content\/uploads\/2017\/11\/logo_H.jpg","contentUrl":"https:\/\/www.spmar.com.br\/web\/wp-content\/uploads\/2017\/11\/logo_H.jpg","width":448,"height":97,"caption":"Concession\u00e1ria SPMAR"},"image":{"@id":"https:\/\/www.spmar.com.br\/web\/#\/schema\/logo\/image\/"},"sameAs":["https:\/\/www.facebook.com\/spmar.rodoanel","https:\/\/www.linkedin.com\/company\/spmarbr\/","https:\/\/www.instagram.com\/spmarbr\/"]},{"@type":"Person","@id":"https:\/\/www.spmar.com.br\/web\/#\/schema\/person\/d197690c6bf9c79240a515310e6233b7","name":"uid_@spmar","image":{"@type":"ImageObject","inLanguage":"pt-BR","@id":"https:\/\/www.spmar.com.br\/web\/wp-content\/litespeed\/avatar\/1d9f8aa10c469a2a6a9fbe6d3ba9a648.jpg?ver=1777045609","url":"https:\/\/www.spmar.com.br\/web\/wp-content\/litespeed\/avatar\/1d9f8aa10c469a2a6a9fbe6d3ba9a648.jpg?ver=1777045609","contentUrl":"https:\/\/www.spmar.com.br\/web\/wp-content\/litespeed\/avatar\/1d9f8aa10c469a2a6a9fbe6d3ba9a648.jpg?ver=1777045609","caption":"uid_@spmar"},"url":"https:\/\/www.spmar.com.br\/web\/author\/uid_spmar\/"}]}},"jetpack_featured_media_url":"https:\/\/www.spmar.com.br\/web\/wp-content\/uploads\/2020\/07\/IMG-20200630-WA0025-e1595611763440.jpg","jetpack_sharing_enabled":true,"_links":{"self":[{"href":"https:\/\/www.spmar.com.br\/web\/wp-json\/wp\/v2\/posts\/2152","targetHints":{"allow":["GET"]}}],"collection":[{"href":"https:\/\/www.spmar.com.br\/web\/wp-json\/wp\/v2\/posts"}],"about":[{"href":"https:\/\/www.spmar.com.br\/web\/wp-json\/wp\/v2\/types\/post"}],"author":[{"embeddable":true,"href":"https:\/\/www.spmar.com.br\/web\/wp-json\/wp\/v2\/users\/1"}],"replies":[{"embeddable":true,"href":"https:\/\/www.spmar.com.br\/web\/wp-json\/wp\/v2\/comments?post=2152"}],"version-history":[{"count":1,"href":"https:\/\/www.spmar.com.br\/web\/wp-json\/wp\/v2\/posts\/2152\/revisions"}],"predecessor-version":[{"id":2154,"href":"https:\/\/www.spmar.com.br\/web\/wp-json\/wp\/v2\/posts\/2152\/revisions\/2154"}],"wp:featuredmedia":[{"embeddable":true,"href":"https:\/\/www.spmar.com.br\/web\/wp-json\/wp\/v2\/media\/2153"}],"wp:attachment":[{"href":"https:\/\/www.spmar.com.br\/web\/wp-json\/wp\/v2\/media?parent=2152"}],"wp:term":[{"taxonomy":"category","embeddable":true,"href":"https:\/\/www.spmar.com.br\/web\/wp-json\/wp\/v2\/categories?post=2152"},{"taxonomy":"post_tag","embeddable":true,"href":"https:\/\/www.spmar.com.br\/web\/wp-json\/wp\/v2\/tags?post=2152"}],"curies":[{"name":"wp","href":"https:\/\/api.w.org\/{rel}","templated":true}]}}