{"id":2074,"date":"2020-06-01T17:46:51","date_gmt":"2020-06-01T20:46:51","guid":{"rendered":"https:\/\/www.spmar.com.br\/web\/?p=2074"},"modified":"2020-06-02T10:02:04","modified_gmt":"2020-06-02T13:02:04","slug":"spmar-inicia-acao-de-combate-as-queimadas","status":"publish","type":"post","link":"https:\/\/www.spmar.com.br\/web\/spmar-inicia-acao-de-combate-as-queimadas\/","title":{"rendered":"SPMAR inicia a\u00e7\u00e3o de combate \u00e0s queimadas"},"content":{"rendered":"<p style=\"margin: 0cm 0cm 10.0pt 0cm;\"><em>Opera\u00e7\u00e3o Corta-Fogo \u00e9 implantada para conscientizar os motoristas dos perigos de inc\u00eandio \u00e0 beira da rodovia. Per\u00edodo cr\u00edtico se estende de junho a outubro<\/em><\/p>\n<p>O inicio do m\u00eas de junho marca o per\u00edodo de seca e, consequentemente, da maior incid\u00eancia de queimadas ao longo das Rodovias. E a invas\u00e3o da fuma\u00e7a na pista, al\u00e9m de t\u00f3xica, \u00e9 um fator de alto risco \u00e0 visibilidade dos motoristas.<\/p>\n<p>No intuito de combater esse problema ter\u00e1 inicio nos trechos Sul e Leste do Rodoanel Mario Covas a Opera\u00e7\u00e3o Corta-Fogo, a\u00e7\u00e3o implantada pela ARTESP (Ag\u00eancia de Transporte do Estado de S\u00e3o Paulo) em todas as rodovias do Estado de S\u00e3o Paulo.<\/p>\n<p>Apenas no \u00faltimo ano, a concession\u00e1ria SPMAR contabilizou nos trechos Sul e Leste um total de 314 focos de queimadas, sendo 40% deles concentrados apenas no per\u00edodo de junho e julho.<\/p>\n<p>Para Marcos Fonseca, diretor executivo da Concession\u00e1ria SPMAR, esse \u00e9 um momento do ano cr\u00edtico para as concession\u00e1rias, principalmente pelo aumento dos n\u00fameros de queimadas: &#8220;As equipes de monitoramento ficam a postos e ao m\u00ednimo sinal de fuma\u00e7a acionam a brigada de combate a inc\u00eandio. A resposta imediata \u00e9 importante para evitar que esse foco cres\u00e7a, a fuma\u00e7a invada a pista e comprometa a visibilidade do usu\u00e1rio, podendo at\u00e9 causar um grave acidente&#8221;.<\/p>\n<p>Os Pain\u00e9is de Mensagens Vari\u00e1veis (PMVs) espalhados ao longo da rodovia trar\u00e3o frases alertando dos perigos das queimadas: &#8220;Opera\u00e7\u00e3o Corta Fogo: Prevenir \u00e9 melhor do que apagar&#8221; e &#8220;Opera\u00e7\u00e3o Corta Fogo: Soltar bal\u00e3o \u00e9 crime ambiental&#8221;.<\/p>\n<p><strong>Combate a bal\u00f5es e bitucas<\/strong> &#8211; Protagonistas de grande parte desses inc\u00eandios, as bitucas de cigarro e os bal\u00f5es s\u00e3o dois pontos focais na campanha das concession\u00e1rias.<\/p>\n<p>No caso das bitucas, elas s\u00e3o jogadas ao longo das rodovias pelos pr\u00f3prios motoristas, que muitas vezes desconhecem o risco de iniciarem uma queimada e, ainda, de serem acusados de crime ambiental, que prev\u00ea inc\u00eandio por irresponsabilidade como pass\u00edvel de multa e at\u00e9 pris\u00e3o.<\/p>\n<p>Outro causador de inc\u00eandios s\u00e3o bal\u00f5es lan\u00e7ados ilegalmente nesse per\u00edodo de Festas Juninas e que muitas vezes terminam por cair na \u00e1rea vegetal ao redor da rodovia. Nesse caso, a lei prev\u00ea multa \u00e0 deten\u00e7\u00e3o de at\u00e9 tr\u00eas anos, tanto para quem solta, como para quem fabrica, vende ou os transporta .<\/p>\n<p>O per\u00edodo de junho a outubro \u00e9 considerada fase vermelha da Opera\u00e7\u00e3o Corta-Fogo, por concentrar o maior n\u00famero de registro de queimadas.<\/p>\n<p><img fetchpriority=\"high\" decoding=\"async\" class=\"aligncenter wp-image-2075\" src=\"https:\/\/www.spmar.com.br\/web\/wp-content\/uploads\/2020\/06\/linkedin_cortafogo1-1024x1024.jpg\" alt=\"\" width=\"600\" height=\"600\" srcset=\"https:\/\/www.spmar.com.br\/web\/wp-content\/uploads\/2020\/06\/linkedin_cortafogo1-1024x1024.jpg 1024w, https:\/\/www.spmar.com.br\/web\/wp-content\/uploads\/2020\/06\/linkedin_cortafogo1-300x300.jpg 300w, https:\/\/www.spmar.com.br\/web\/wp-content\/uploads\/2020\/06\/linkedin_cortafogo1-768x768.jpg 768w, https:\/\/www.spmar.com.br\/web\/wp-content\/uploads\/2020\/06\/linkedin_cortafogo1-211x211.jpg 211w, https:\/\/www.spmar.com.br\/web\/wp-content\/uploads\/2020\/06\/linkedin_cortafogo1.jpg 1650w\" sizes=\"(max-width: 600px) 100vw, 600px\" \/><\/p>\n","protected":false},"excerpt":{"rendered":"<p>Opera\u00e7\u00e3o Corta-Fogo \u00e9 implantada para conscientizar os motoristas dos perigos de inc\u00eandio \u00e0 beira da rodovia. Per\u00edodo cr\u00edtico se estende de junho a outubro O inicio do m\u00eas de junho marca o per\u00edodo de seca e, consequentemente, da maior incid\u00eancia de queimadas ao longo das Rodovias. E a invas\u00e3o da fuma\u00e7a na pista, al\u00e9m de [&hellip;]<\/p>\n","protected":false},"author":1,"featured_media":2076,"comment_status":"open","ping_status":"open","sticky":false,"template":"","format":"standard","meta":{"_acf_changed":false,"inline_featured_image":false,"_jetpack_memberships_contains_paid_content":false,"footnotes":""},"categories":[1],"tags":[],"class_list":["post-2074","post","type-post","status-publish","format-standard","has-post-thumbnail","hentry","category-sem-categoria"],"acf":[],"yoast_head":"<!-- This site is optimized with the Yoast SEO plugin v27.4 - https:\/\/yoast.com\/product\/yoast-seo-wordpress\/ -->\n<title>SPMAR inicia a\u00e7\u00e3o de combate \u00e0s queimadas - Somos o caminho que te conecta ao que mais importa!<\/title>\n<meta name=\"robots\" content=\"index, follow, max-snippet:-1, max-image-preview:large, max-video-preview:-1\" \/>\n<link rel=\"canonical\" href=\"https:\/\/www.spmar.com.br\/web\/spmar-inicia-acao-de-combate-as-queimadas\/\" \/>\n<meta property=\"og:locale\" content=\"pt_BR\" \/>\n<meta property=\"og:type\" content=\"article\" \/>\n<meta property=\"og:title\" content=\"SPMAR inicia a\u00e7\u00e3o de combate \u00e0s queimadas - Somos o caminho que te conecta ao que mais importa!\" \/>\n<meta property=\"og:description\" content=\"Opera\u00e7\u00e3o Corta-Fogo \u00e9 implantada para conscientizar os motoristas dos perigos de inc\u00eandio \u00e0 beira da rodovia. Per\u00edodo cr\u00edtico se estende de junho a outubro O inicio do m\u00eas de junho marca o per\u00edodo de seca e, consequentemente, da maior incid\u00eancia de queimadas ao longo das Rodovias. E a invas\u00e3o da fuma\u00e7a na pista, al\u00e9m de [&hellip;]\" \/>\n<meta property=\"og:url\" content=\"https:\/\/www.spmar.com.br\/web\/spmar-inicia-acao-de-combate-as-queimadas\/\" \/>\n<meta property=\"og:site_name\" content=\"Somos o caminho que te conecta ao que mais importa!\" \/>\n<meta property=\"article:publisher\" content=\"https:\/\/www.facebook.com\/spmar.rodoanel\" \/>\n<meta property=\"article:published_time\" content=\"2020-06-01T20:46:51+00:00\" \/>\n<meta property=\"article:modified_time\" content=\"2020-06-02T13:02:04+00:00\" \/>\n<meta property=\"og:image\" content=\"https:\/\/www.spmar.com.br\/web\/wp-content\/uploads\/2020\/06\/1.jpg\" \/>\n\t<meta property=\"og:image:width\" content=\"2472\" \/>\n\t<meta property=\"og:image:height\" content=\"1653\" \/>\n\t<meta property=\"og:image:type\" content=\"image\/jpeg\" \/>\n<meta name=\"author\" content=\"uid_@spmar\" \/>\n<meta name=\"twitter:card\" content=\"summary_large_image\" \/>\n<meta name=\"twitter:label1\" content=\"Escrito por\" \/>\n\t<meta name=\"twitter:data1\" content=\"uid_@spmar\" \/>\n\t<meta name=\"twitter:label2\" content=\"Est. tempo de leitura\" \/>\n\t<meta name=\"twitter:data2\" content=\"2 minutos\" \/>\n<script type=\"application\/ld+json\" class=\"yoast-schema-graph\">{\"@context\":\"https:\\\/\\\/schema.org\",\"@graph\":[{\"@type\":\"Article\",\"@id\":\"https:\\\/\\\/www.spmar.com.br\\\/web\\\/spmar-inicia-acao-de-combate-as-queimadas\\\/#article\",\"isPartOf\":{\"@id\":\"https:\\\/\\\/www.spmar.com.br\\\/web\\\/spmar-inicia-acao-de-combate-as-queimadas\\\/\"},\"author\":{\"name\":\"uid_@spmar\",\"@id\":\"https:\\\/\\\/www.spmar.com.br\\\/web\\\/#\\\/schema\\\/person\\\/d197690c6bf9c79240a515310e6233b7\"},\"headline\":\"SPMAR inicia a\u00e7\u00e3o de combate \u00e0s queimadas\",\"datePublished\":\"2020-06-01T20:46:51+00:00\",\"dateModified\":\"2020-06-02T13:02:04+00:00\",\"mainEntityOfPage\":{\"@id\":\"https:\\\/\\\/www.spmar.com.br\\\/web\\\/spmar-inicia-acao-de-combate-as-queimadas\\\/\"},\"wordCount\":441,\"commentCount\":0,\"publisher\":{\"@id\":\"https:\\\/\\\/www.spmar.com.br\\\/web\\\/#organization\"},\"image\":{\"@id\":\"https:\\\/\\\/www.spmar.com.br\\\/web\\\/spmar-inicia-acao-de-combate-as-queimadas\\\/#primaryimage\"},\"thumbnailUrl\":\"https:\\\/\\\/www.spmar.com.br\\\/web\\\/wp-content\\\/uploads\\\/2020\\\/06\\\/1.jpg\",\"inLanguage\":\"pt-BR\",\"potentialAction\":[{\"@type\":\"CommentAction\",\"name\":\"Comment\",\"target\":[\"https:\\\/\\\/www.spmar.com.br\\\/web\\\/spmar-inicia-acao-de-combate-as-queimadas\\\/#respond\"]}]},{\"@type\":\"WebPage\",\"@id\":\"https:\\\/\\\/www.spmar.com.br\\\/web\\\/spmar-inicia-acao-de-combate-as-queimadas\\\/\",\"url\":\"https:\\\/\\\/www.spmar.com.br\\\/web\\\/spmar-inicia-acao-de-combate-as-queimadas\\\/\",\"name\":\"SPMAR inicia a\u00e7\u00e3o de combate \u00e0s queimadas - Somos o caminho que te conecta ao que mais importa!\",\"isPartOf\":{\"@id\":\"https:\\\/\\\/www.spmar.com.br\\\/web\\\/#website\"},\"primaryImageOfPage\":{\"@id\":\"https:\\\/\\\/www.spmar.com.br\\\/web\\\/spmar-inicia-acao-de-combate-as-queimadas\\\/#primaryimage\"},\"image\":{\"@id\":\"https:\\\/\\\/www.spmar.com.br\\\/web\\\/spmar-inicia-acao-de-combate-as-queimadas\\\/#primaryimage\"},\"thumbnailUrl\":\"https:\\\/\\\/www.spmar.com.br\\\/web\\\/wp-content\\\/uploads\\\/2020\\\/06\\\/1.jpg\",\"datePublished\":\"2020-06-01T20:46:51+00:00\",\"dateModified\":\"2020-06-02T13:02:04+00:00\",\"breadcrumb\":{\"@id\":\"https:\\\/\\\/www.spmar.com.br\\\/web\\\/spmar-inicia-acao-de-combate-as-queimadas\\\/#breadcrumb\"},\"inLanguage\":\"pt-BR\",\"potentialAction\":[{\"@type\":\"ReadAction\",\"target\":[\"https:\\\/\\\/www.spmar.com.br\\\/web\\\/spmar-inicia-acao-de-combate-as-queimadas\\\/\"]}]},{\"@type\":\"ImageObject\",\"inLanguage\":\"pt-BR\",\"@id\":\"https:\\\/\\\/www.spmar.com.br\\\/web\\\/spmar-inicia-acao-de-combate-as-queimadas\\\/#primaryimage\",\"url\":\"https:\\\/\\\/www.spmar.com.br\\\/web\\\/wp-content\\\/uploads\\\/2020\\\/06\\\/1.jpg\",\"contentUrl\":\"https:\\\/\\\/www.spmar.com.br\\\/web\\\/wp-content\\\/uploads\\\/2020\\\/06\\\/1.jpg\",\"width\":2472,\"height\":1653},{\"@type\":\"BreadcrumbList\",\"@id\":\"https:\\\/\\\/www.spmar.com.br\\\/web\\\/spmar-inicia-acao-de-combate-as-queimadas\\\/#breadcrumb\",\"itemListElement\":[{\"@type\":\"ListItem\",\"position\":1,\"name\":\"Home\",\"item\":\"https:\\\/\\\/www.spmar.com.br\\\/web\\\/\"},{\"@type\":\"ListItem\",\"position\":2,\"name\":\"SPMAR inicia a\u00e7\u00e3o de combate \u00e0s queimadas\"}]},{\"@type\":\"WebSite\",\"@id\":\"https:\\\/\\\/www.spmar.com.br\\\/web\\\/#website\",\"url\":\"https:\\\/\\\/www.spmar.com.br\\\/web\\\/\",\"name\":\"SPMAR\",\"description\":\"A Concession\u00e1ria SPMAR atua na administra\u00e7\u00e3o dos Trechos Sul e Leste do Rodoanel Mario Covas e, com isso,\u00e9 respons\u00e1vel pela gest\u00e3o de 76% do Rodoanel Metropolitano de S\u00e3o Paulo em opera\u00e7\u00e3o.\",\"publisher\":{\"@id\":\"https:\\\/\\\/www.spmar.com.br\\\/web\\\/#organization\"},\"potentialAction\":[{\"@type\":\"SearchAction\",\"target\":{\"@type\":\"EntryPoint\",\"urlTemplate\":\"https:\\\/\\\/www.spmar.com.br\\\/web\\\/?s={search_term_string}\"},\"query-input\":{\"@type\":\"PropertyValueSpecification\",\"valueRequired\":true,\"valueName\":\"search_term_string\"}}],\"inLanguage\":\"pt-BR\"},{\"@type\":\"Organization\",\"@id\":\"https:\\\/\\\/www.spmar.com.br\\\/web\\\/#organization\",\"name\":\"Concession\u00e1ria SPMAR\",\"url\":\"https:\\\/\\\/www.spmar.com.br\\\/web\\\/\",\"logo\":{\"@type\":\"ImageObject\",\"inLanguage\":\"pt-BR\",\"@id\":\"https:\\\/\\\/www.spmar.com.br\\\/web\\\/#\\\/schema\\\/logo\\\/image\\\/\",\"url\":\"https:\\\/\\\/www.spmar.com.br\\\/web\\\/wp-content\\\/uploads\\\/2017\\\/11\\\/logo_H.jpg\",\"contentUrl\":\"https:\\\/\\\/www.spmar.com.br\\\/web\\\/wp-content\\\/uploads\\\/2017\\\/11\\\/logo_H.jpg\",\"width\":448,\"height\":97,\"caption\":\"Concession\u00e1ria SPMAR\"},\"image\":{\"@id\":\"https:\\\/\\\/www.spmar.com.br\\\/web\\\/#\\\/schema\\\/logo\\\/image\\\/\"},\"sameAs\":[\"https:\\\/\\\/www.facebook.com\\\/spmar.rodoanel\",\"https:\\\/\\\/www.linkedin.com\\\/company\\\/spmarbr\\\/\",\"https:\\\/\\\/www.instagram.com\\\/spmarbr\\\/\"]},{\"@type\":\"Person\",\"@id\":\"https:\\\/\\\/www.spmar.com.br\\\/web\\\/#\\\/schema\\\/person\\\/d197690c6bf9c79240a515310e6233b7\",\"name\":\"uid_@spmar\",\"image\":{\"@type\":\"ImageObject\",\"inLanguage\":\"pt-BR\",\"@id\":\"https:\\\/\\\/www.spmar.com.br\\\/web\\\/wp-content\\\/litespeed\\\/avatar\\\/1d9f8aa10c469a2a6a9fbe6d3ba9a648.jpg?ver=1777045609\",\"url\":\"https:\\\/\\\/www.spmar.com.br\\\/web\\\/wp-content\\\/litespeed\\\/avatar\\\/1d9f8aa10c469a2a6a9fbe6d3ba9a648.jpg?ver=1777045609\",\"contentUrl\":\"https:\\\/\\\/www.spmar.com.br\\\/web\\\/wp-content\\\/litespeed\\\/avatar\\\/1d9f8aa10c469a2a6a9fbe6d3ba9a648.jpg?ver=1777045609\",\"caption\":\"uid_@spmar\"},\"url\":\"https:\\\/\\\/www.spmar.com.br\\\/web\\\/author\\\/uid_spmar\\\/\"}]}<\/script>\n<!-- \/ Yoast SEO plugin. -->","yoast_head_json":{"title":"SPMAR inicia a\u00e7\u00e3o de combate \u00e0s queimadas - Somos o caminho que te conecta ao que mais importa!","robots":{"index":"index","follow":"follow","max-snippet":"max-snippet:-1","max-image-preview":"max-image-preview:large","max-video-preview":"max-video-preview:-1"},"canonical":"https:\/\/www.spmar.com.br\/web\/spmar-inicia-acao-de-combate-as-queimadas\/","og_locale":"pt_BR","og_type":"article","og_title":"SPMAR inicia a\u00e7\u00e3o de combate \u00e0s queimadas - Somos o caminho que te conecta ao que mais importa!","og_description":"Opera\u00e7\u00e3o Corta-Fogo \u00e9 implantada para conscientizar os motoristas dos perigos de inc\u00eandio \u00e0 beira da rodovia. Per\u00edodo cr\u00edtico se estende de junho a outubro O inicio do m\u00eas de junho marca o per\u00edodo de seca e, consequentemente, da maior incid\u00eancia de queimadas ao longo das Rodovias. E a invas\u00e3o da fuma\u00e7a na pista, al\u00e9m de [&hellip;]","og_url":"https:\/\/www.spmar.com.br\/web\/spmar-inicia-acao-de-combate-as-queimadas\/","og_site_name":"Somos o caminho que te conecta ao que mais importa!","article_publisher":"https:\/\/www.facebook.com\/spmar.rodoanel","article_published_time":"2020-06-01T20:46:51+00:00","article_modified_time":"2020-06-02T13:02:04+00:00","og_image":[{"width":2472,"height":1653,"url":"https:\/\/www.spmar.com.br\/web\/wp-content\/uploads\/2020\/06\/1.jpg","type":"image\/jpeg"}],"author":"uid_@spmar","twitter_card":"summary_large_image","twitter_misc":{"Escrito por":"uid_@spmar","Est. tempo de leitura":"2 minutos"},"schema":{"@context":"https:\/\/schema.org","@graph":[{"@type":"Article","@id":"https:\/\/www.spmar.com.br\/web\/spmar-inicia-acao-de-combate-as-queimadas\/#article","isPartOf":{"@id":"https:\/\/www.spmar.com.br\/web\/spmar-inicia-acao-de-combate-as-queimadas\/"},"author":{"name":"uid_@spmar","@id":"https:\/\/www.spmar.com.br\/web\/#\/schema\/person\/d197690c6bf9c79240a515310e6233b7"},"headline":"SPMAR inicia a\u00e7\u00e3o de combate \u00e0s queimadas","datePublished":"2020-06-01T20:46:51+00:00","dateModified":"2020-06-02T13:02:04+00:00","mainEntityOfPage":{"@id":"https:\/\/www.spmar.com.br\/web\/spmar-inicia-acao-de-combate-as-queimadas\/"},"wordCount":441,"commentCount":0,"publisher":{"@id":"https:\/\/www.spmar.com.br\/web\/#organization"},"image":{"@id":"https:\/\/www.spmar.com.br\/web\/spmar-inicia-acao-de-combate-as-queimadas\/#primaryimage"},"thumbnailUrl":"https:\/\/www.spmar.com.br\/web\/wp-content\/uploads\/2020\/06\/1.jpg","inLanguage":"pt-BR","potentialAction":[{"@type":"CommentAction","name":"Comment","target":["https:\/\/www.spmar.com.br\/web\/spmar-inicia-acao-de-combate-as-queimadas\/#respond"]}]},{"@type":"WebPage","@id":"https:\/\/www.spmar.com.br\/web\/spmar-inicia-acao-de-combate-as-queimadas\/","url":"https:\/\/www.spmar.com.br\/web\/spmar-inicia-acao-de-combate-as-queimadas\/","name":"SPMAR inicia a\u00e7\u00e3o de combate \u00e0s queimadas - Somos o caminho que te conecta ao que mais importa!","isPartOf":{"@id":"https:\/\/www.spmar.com.br\/web\/#website"},"primaryImageOfPage":{"@id":"https:\/\/www.spmar.com.br\/web\/spmar-inicia-acao-de-combate-as-queimadas\/#primaryimage"},"image":{"@id":"https:\/\/www.spmar.com.br\/web\/spmar-inicia-acao-de-combate-as-queimadas\/#primaryimage"},"thumbnailUrl":"https:\/\/www.spmar.com.br\/web\/wp-content\/uploads\/2020\/06\/1.jpg","datePublished":"2020-06-01T20:46:51+00:00","dateModified":"2020-06-02T13:02:04+00:00","breadcrumb":{"@id":"https:\/\/www.spmar.com.br\/web\/spmar-inicia-acao-de-combate-as-queimadas\/#breadcrumb"},"inLanguage":"pt-BR","potentialAction":[{"@type":"ReadAction","target":["https:\/\/www.spmar.com.br\/web\/spmar-inicia-acao-de-combate-as-queimadas\/"]}]},{"@type":"ImageObject","inLanguage":"pt-BR","@id":"https:\/\/www.spmar.com.br\/web\/spmar-inicia-acao-de-combate-as-queimadas\/#primaryimage","url":"https:\/\/www.spmar.com.br\/web\/wp-content\/uploads\/2020\/06\/1.jpg","contentUrl":"https:\/\/www.spmar.com.br\/web\/wp-content\/uploads\/2020\/06\/1.jpg","width":2472,"height":1653},{"@type":"BreadcrumbList","@id":"https:\/\/www.spmar.com.br\/web\/spmar-inicia-acao-de-combate-as-queimadas\/#breadcrumb","itemListElement":[{"@type":"ListItem","position":1,"name":"Home","item":"https:\/\/www.spmar.com.br\/web\/"},{"@type":"ListItem","position":2,"name":"SPMAR inicia a\u00e7\u00e3o de combate \u00e0s queimadas"}]},{"@type":"WebSite","@id":"https:\/\/www.spmar.com.br\/web\/#website","url":"https:\/\/www.spmar.com.br\/web\/","name":"SPMAR","description":"A Concession\u00e1ria SPMAR atua na administra\u00e7\u00e3o dos Trechos Sul e Leste do Rodoanel Mario Covas e, com isso,\u00e9 respons\u00e1vel pela gest\u00e3o de 76% do Rodoanel Metropolitano de S\u00e3o Paulo em opera\u00e7\u00e3o.","publisher":{"@id":"https:\/\/www.spmar.com.br\/web\/#organization"},"potentialAction":[{"@type":"SearchAction","target":{"@type":"EntryPoint","urlTemplate":"https:\/\/www.spmar.com.br\/web\/?s={search_term_string}"},"query-input":{"@type":"PropertyValueSpecification","valueRequired":true,"valueName":"search_term_string"}}],"inLanguage":"pt-BR"},{"@type":"Organization","@id":"https:\/\/www.spmar.com.br\/web\/#organization","name":"Concession\u00e1ria SPMAR","url":"https:\/\/www.spmar.com.br\/web\/","logo":{"@type":"ImageObject","inLanguage":"pt-BR","@id":"https:\/\/www.spmar.com.br\/web\/#\/schema\/logo\/image\/","url":"https:\/\/www.spmar.com.br\/web\/wp-content\/uploads\/2017\/11\/logo_H.jpg","contentUrl":"https:\/\/www.spmar.com.br\/web\/wp-content\/uploads\/2017\/11\/logo_H.jpg","width":448,"height":97,"caption":"Concession\u00e1ria SPMAR"},"image":{"@id":"https:\/\/www.spmar.com.br\/web\/#\/schema\/logo\/image\/"},"sameAs":["https:\/\/www.facebook.com\/spmar.rodoanel","https:\/\/www.linkedin.com\/company\/spmarbr\/","https:\/\/www.instagram.com\/spmarbr\/"]},{"@type":"Person","@id":"https:\/\/www.spmar.com.br\/web\/#\/schema\/person\/d197690c6bf9c79240a515310e6233b7","name":"uid_@spmar","image":{"@type":"ImageObject","inLanguage":"pt-BR","@id":"https:\/\/www.spmar.com.br\/web\/wp-content\/litespeed\/avatar\/1d9f8aa10c469a2a6a9fbe6d3ba9a648.jpg?ver=1777045609","url":"https:\/\/www.spmar.com.br\/web\/wp-content\/litespeed\/avatar\/1d9f8aa10c469a2a6a9fbe6d3ba9a648.jpg?ver=1777045609","contentUrl":"https:\/\/www.spmar.com.br\/web\/wp-content\/litespeed\/avatar\/1d9f8aa10c469a2a6a9fbe6d3ba9a648.jpg?ver=1777045609","caption":"uid_@spmar"},"url":"https:\/\/www.spmar.com.br\/web\/author\/uid_spmar\/"}]}},"jetpack_featured_media_url":"https:\/\/www.spmar.com.br\/web\/wp-content\/uploads\/2020\/06\/1.jpg","jetpack_sharing_enabled":true,"_links":{"self":[{"href":"https:\/\/www.spmar.com.br\/web\/wp-json\/wp\/v2\/posts\/2074","targetHints":{"allow":["GET"]}}],"collection":[{"href":"https:\/\/www.spmar.com.br\/web\/wp-json\/wp\/v2\/posts"}],"about":[{"href":"https:\/\/www.spmar.com.br\/web\/wp-json\/wp\/v2\/types\/post"}],"author":[{"embeddable":true,"href":"https:\/\/www.spmar.com.br\/web\/wp-json\/wp\/v2\/users\/1"}],"replies":[{"embeddable":true,"href":"https:\/\/www.spmar.com.br\/web\/wp-json\/wp\/v2\/comments?post=2074"}],"version-history":[{"count":2,"href":"https:\/\/www.spmar.com.br\/web\/wp-json\/wp\/v2\/posts\/2074\/revisions"}],"predecessor-version":[{"id":2079,"href":"https:\/\/www.spmar.com.br\/web\/wp-json\/wp\/v2\/posts\/2074\/revisions\/2079"}],"wp:featuredmedia":[{"embeddable":true,"href":"https:\/\/www.spmar.com.br\/web\/wp-json\/wp\/v2\/media\/2076"}],"wp:attachment":[{"href":"https:\/\/www.spmar.com.br\/web\/wp-json\/wp\/v2\/media?parent=2074"}],"wp:term":[{"taxonomy":"category","embeddable":true,"href":"https:\/\/www.spmar.com.br\/web\/wp-json\/wp\/v2\/categories?post=2074"},{"taxonomy":"post_tag","embeddable":true,"href":"https:\/\/www.spmar.com.br\/web\/wp-json\/wp\/v2\/tags?post=2074"}],"curies":[{"name":"wp","href":"https:\/\/api.w.org\/{rel}","templated":true}]}}