{"id":2015,"date":"2020-03-10T17:08:36","date_gmt":"2020-03-10T20:08:36","guid":{"rendered":"https:\/\/www.spmar.com.br\/web\/?p=2015"},"modified":"2020-03-10T17:11:19","modified_gmt":"2020-03-10T20:11:19","slug":"spmar-comemora-9-anos-de-trecho-sul","status":"publish","type":"post","link":"https:\/\/www.spmar.com.br\/web\/spmar-comemora-9-anos-de-trecho-sul\/","title":{"rendered":"SPMAR comemora 9 anos de trecho Sul"},"content":{"rendered":"<p>Com 61.4km, o trecho Sul do Rodoanel Mario Covas completa 9 anos sob gest\u00e3o da SPMAR interligando as Rodovias R\u00e9gis Bittencourt, Anchieta, Imigrantes ao maior anel vi\u00e1rio do Pa\u00eds.<\/p>\n<p>Em pouco tempo, o trecho ganhou espa\u00e7o na vida das pessoas e tornou-se trajeto di\u00e1rio para mais de 111 mil ve\u00edculos, que passaram a contar com uma equipe de atendimento exclusiva, com mais de 97 profissionais cuidando diariamente da opera\u00e7\u00e3o da rodovia, a fim de garantir que os motoristas tenham a melhor viagem poss\u00edvel.<\/p>\n<p><strong>Trecho Sul em n\u00fameros<\/strong><\/p>\n<p>A evolu\u00e7\u00e3o n\u00edtida do trecho, durante esse per\u00edodo, \u00e9 refletida pelo crescimento de 177% no n\u00famero de usu\u00e1rios\/dia. Saindo de um fluxo di\u00e1rio m\u00e9dio de 40 mil ve\u00edculos em abril de 2010 para uma m\u00e9dia de 111 mil ve\u00edculos no mesmo per\u00edodo de 2019.<\/p>\n<p>Em compensa\u00e7\u00e3o, houve uma queda de 5% na ocupa\u00e7\u00e3o de caminh\u00f5es na rodovia. Antes ve\u00edculos pesados representavam 30,68% da ocupa\u00e7\u00e3o total, frente aos 25% do contingente atual.<\/p>\n<p><strong>Melhor caminh\u00e3o ao Porto<\/strong><\/p>\n<p>A queda no fluxo de ve\u00edculo pesados, ainda reflete a baixa percep\u00e7\u00e3o dos caminh\u00f5es das reais vantagens de se utilizar o trecho Sul, principalmente como corredor log\u00edstico em dire\u00e7\u00e3o ao Porto de Santos.\u00a0\u00a0 Ainda muitos motoristas vindos das regi\u00f5es Norte e Sul do Pa\u00eds, embutem no c\u00e1lculo do planejamento log\u00edstico apenas o valor de ped\u00e1gio e os 20 quil\u00f4metros a mais que percorrer\u00e3o ao tra\u00e7ar uma rota pelo Rodoanel, como alternativa as marginais e utiliza\u00e7\u00e3o da cidade de\u00a0 S\u00e3o Paulo como rota de passagem.<\/p>\n<p>Ledo engano. Um teste pr\u00e1tico mostra justamente o contr\u00e1rio. A m\u00e9dia de velocidade num trecho do Rodoanel \u00e9 de\u00a0 57 km\/h, o trajeto por dentro da cidade fica em torno de 24km\/h, principalmente devido as interven\u00e7\u00f5es de sem\u00e1foros e congestionamento. E o famoso \u201canda e para\u201d da cidade impacta mais do que um c\u00e1lculo simples pode sugerir. \u00c9 necess\u00e1rio considerar o maior consumo de combust\u00edvel, o desgaste dos pneus, de freios e dos flu\u00eddos, que ao final das contas pensam muito mais no bolso do que a utiliza\u00e7\u00e3o dos 20 quil\u00f4metros em velocidade constante.\u00a0 Sem contar, o impacto que os caminh\u00f5es pesados geram quando percorrem as ruas das grandes cidades.<\/p>\n<p><strong>Queda de acidentes<\/strong><\/p>\n<p>Desde o inicio da opera\u00e7\u00e3o sob gest\u00e3o da SPMAR houve uma queda de 39 % na media de acidentes registrados a cada 100 mil ve\u00edculos.<\/p>\n<p>Em 2010, data da abertura da via, havia um registro de 4,29 acidentes. Ap\u00f3s seis meses da gest\u00e3o da concession\u00e1ria foi detectada uma queda para 3,34%, sendo hoje registrado 3,07acidentes a cada 100 mil ve\u00edculos.<\/p>\n<p><strong>Atendimentos<\/strong><\/p>\n<p>A equipe o Centro de Controle Operacional (CCO) <em>e viaturas <\/em>s\u00e3o respons\u00e1veis pelo monitoramento 24 horas da via e pelo apoio ao atendimento ao usu\u00e1rio.<\/p>\n<p>O reflexo disso pode ser verificado em n\u00fameros. No \u00faltimo ano a concession\u00e1ria atendeu:<\/p>\n<ul>\n<li><strong>32.026<\/strong> socorros mec\u00e2nicos;<\/li>\n<li><strong>1024<\/strong> atendimentos de cargas especiais;<\/li>\n<li><strong>Realizou<\/strong> captura de 123 animais da rodovia;<\/li>\n<li>Atendimento de <strong>707 <\/strong>usu\u00e1rios envolvidos em acidentes e cerca de <strong>296<\/strong> removidos pela ambul\u00e2ncia aos hospital;<\/li>\n<li>411 atendimentos m\u00e9dicos a usu\u00e1rios;<\/li>\n<li>774 ocorr\u00eancias de detritos retirados da rodovia sendo 10.6992\u00a0 retirados sobre faixa de rolamento. M\u00e9dia de 1.341 detritos por m\u00eas e 486objetos retiradas sobre a faixa de rolamento m\u00eas, sendo que a maioria desses objetos eram ressolagem de pneus.<\/li>\n<\/ul>\n","protected":false},"excerpt":{"rendered":"<p>Com 61.4km, o trecho Sul do Rodoanel Mario Covas completa 9 anos sob gest\u00e3o da SPMAR interligando as Rodovias R\u00e9gis Bittencourt, Anchieta, Imigrantes ao maior anel vi\u00e1rio do Pa\u00eds. Em pouco tempo, o trecho ganhou espa\u00e7o na vida das pessoas e tornou-se trajeto di\u00e1rio para mais de 111 mil ve\u00edculos, que passaram a contar com [&hellip;]<\/p>\n","protected":false},"author":1,"featured_media":715,"comment_status":"open","ping_status":"open","sticky":false,"template":"","format":"standard","meta":{"_acf_changed":false,"inline_featured_image":false,"_jetpack_memberships_contains_paid_content":false,"footnotes":""},"categories":[1],"tags":[],"class_list":["post-2015","post","type-post","status-publish","format-standard","has-post-thumbnail","hentry","category-sem-categoria"],"acf":[],"yoast_head":"<!-- This site is optimized with the Yoast SEO plugin v27.4 - https:\/\/yoast.com\/product\/yoast-seo-wordpress\/ -->\n<title>SPMAR comemora 9 anos de trecho Sul - Somos o caminho que te conecta ao que mais importa!<\/title>\n<meta name=\"robots\" content=\"index, follow, max-snippet:-1, max-image-preview:large, max-video-preview:-1\" \/>\n<link rel=\"canonical\" href=\"https:\/\/www.spmar.com.br\/web\/spmar-comemora-9-anos-de-trecho-sul\/\" \/>\n<meta property=\"og:locale\" content=\"pt_BR\" \/>\n<meta property=\"og:type\" content=\"article\" \/>\n<meta property=\"og:title\" content=\"SPMAR comemora 9 anos de trecho Sul - Somos o caminho que te conecta ao que mais importa!\" \/>\n<meta property=\"og:description\" content=\"Com 61.4km, o trecho Sul do Rodoanel Mario Covas completa 9 anos sob gest\u00e3o da SPMAR interligando as Rodovias R\u00e9gis Bittencourt, Anchieta, Imigrantes ao maior anel vi\u00e1rio do Pa\u00eds. Em pouco tempo, o trecho ganhou espa\u00e7o na vida das pessoas e tornou-se trajeto di\u00e1rio para mais de 111 mil ve\u00edculos, que passaram a contar com [&hellip;]\" \/>\n<meta property=\"og:url\" content=\"https:\/\/www.spmar.com.br\/web\/spmar-comemora-9-anos-de-trecho-sul\/\" \/>\n<meta property=\"og:site_name\" content=\"Somos o caminho que te conecta ao que mais importa!\" \/>\n<meta property=\"article:publisher\" content=\"https:\/\/www.facebook.com\/spmar.rodoanel\" \/>\n<meta property=\"article:published_time\" content=\"2020-03-10T20:08:36+00:00\" \/>\n<meta property=\"article:modified_time\" content=\"2020-03-10T20:11:19+00:00\" \/>\n<meta property=\"og:image\" content=\"https:\/\/www.spmar.com.br\/web\/wp-content\/uploads\/2017\/08\/Represa_2.jpg\" \/>\n\t<meta property=\"og:image:width\" content=\"1441\" \/>\n\t<meta property=\"og:image:height\" content=\"550\" \/>\n\t<meta property=\"og:image:type\" content=\"image\/jpeg\" \/>\n<meta name=\"author\" content=\"uid_@spmar\" \/>\n<meta name=\"twitter:card\" content=\"summary_large_image\" \/>\n<meta name=\"twitter:label1\" content=\"Escrito por\" \/>\n\t<meta name=\"twitter:data1\" content=\"uid_@spmar\" \/>\n\t<meta name=\"twitter:label2\" content=\"Est. tempo de leitura\" \/>\n\t<meta name=\"twitter:data2\" content=\"3 minutos\" \/>\n<script type=\"application\/ld+json\" class=\"yoast-schema-graph\">{\"@context\":\"https:\\\/\\\/schema.org\",\"@graph\":[{\"@type\":\"Article\",\"@id\":\"https:\\\/\\\/www.spmar.com.br\\\/web\\\/spmar-comemora-9-anos-de-trecho-sul\\\/#article\",\"isPartOf\":{\"@id\":\"https:\\\/\\\/www.spmar.com.br\\\/web\\\/spmar-comemora-9-anos-de-trecho-sul\\\/\"},\"author\":{\"name\":\"uid_@spmar\",\"@id\":\"https:\\\/\\\/www.spmar.com.br\\\/web\\\/#\\\/schema\\\/person\\\/d197690c6bf9c79240a515310e6233b7\"},\"headline\":\"SPMAR comemora 9 anos de trecho Sul\",\"datePublished\":\"2020-03-10T20:08:36+00:00\",\"dateModified\":\"2020-03-10T20:11:19+00:00\",\"mainEntityOfPage\":{\"@id\":\"https:\\\/\\\/www.spmar.com.br\\\/web\\\/spmar-comemora-9-anos-de-trecho-sul\\\/\"},\"wordCount\":584,\"commentCount\":0,\"publisher\":{\"@id\":\"https:\\\/\\\/www.spmar.com.br\\\/web\\\/#organization\"},\"image\":{\"@id\":\"https:\\\/\\\/www.spmar.com.br\\\/web\\\/spmar-comemora-9-anos-de-trecho-sul\\\/#primaryimage\"},\"thumbnailUrl\":\"https:\\\/\\\/www.spmar.com.br\\\/web\\\/wp-content\\\/uploads\\\/2017\\\/08\\\/Represa_2.jpg\",\"inLanguage\":\"pt-BR\",\"potentialAction\":[{\"@type\":\"CommentAction\",\"name\":\"Comment\",\"target\":[\"https:\\\/\\\/www.spmar.com.br\\\/web\\\/spmar-comemora-9-anos-de-trecho-sul\\\/#respond\"]}]},{\"@type\":\"WebPage\",\"@id\":\"https:\\\/\\\/www.spmar.com.br\\\/web\\\/spmar-comemora-9-anos-de-trecho-sul\\\/\",\"url\":\"https:\\\/\\\/www.spmar.com.br\\\/web\\\/spmar-comemora-9-anos-de-trecho-sul\\\/\",\"name\":\"SPMAR comemora 9 anos de trecho Sul - Somos o caminho que te conecta ao que mais importa!\",\"isPartOf\":{\"@id\":\"https:\\\/\\\/www.spmar.com.br\\\/web\\\/#website\"},\"primaryImageOfPage\":{\"@id\":\"https:\\\/\\\/www.spmar.com.br\\\/web\\\/spmar-comemora-9-anos-de-trecho-sul\\\/#primaryimage\"},\"image\":{\"@id\":\"https:\\\/\\\/www.spmar.com.br\\\/web\\\/spmar-comemora-9-anos-de-trecho-sul\\\/#primaryimage\"},\"thumbnailUrl\":\"https:\\\/\\\/www.spmar.com.br\\\/web\\\/wp-content\\\/uploads\\\/2017\\\/08\\\/Represa_2.jpg\",\"datePublished\":\"2020-03-10T20:08:36+00:00\",\"dateModified\":\"2020-03-10T20:11:19+00:00\",\"breadcrumb\":{\"@id\":\"https:\\\/\\\/www.spmar.com.br\\\/web\\\/spmar-comemora-9-anos-de-trecho-sul\\\/#breadcrumb\"},\"inLanguage\":\"pt-BR\",\"potentialAction\":[{\"@type\":\"ReadAction\",\"target\":[\"https:\\\/\\\/www.spmar.com.br\\\/web\\\/spmar-comemora-9-anos-de-trecho-sul\\\/\"]}]},{\"@type\":\"ImageObject\",\"inLanguage\":\"pt-BR\",\"@id\":\"https:\\\/\\\/www.spmar.com.br\\\/web\\\/spmar-comemora-9-anos-de-trecho-sul\\\/#primaryimage\",\"url\":\"https:\\\/\\\/www.spmar.com.br\\\/web\\\/wp-content\\\/uploads\\\/2017\\\/08\\\/Represa_2.jpg\",\"contentUrl\":\"https:\\\/\\\/www.spmar.com.br\\\/web\\\/wp-content\\\/uploads\\\/2017\\\/08\\\/Represa_2.jpg\",\"width\":1441,\"height\":550},{\"@type\":\"BreadcrumbList\",\"@id\":\"https:\\\/\\\/www.spmar.com.br\\\/web\\\/spmar-comemora-9-anos-de-trecho-sul\\\/#breadcrumb\",\"itemListElement\":[{\"@type\":\"ListItem\",\"position\":1,\"name\":\"Home\",\"item\":\"https:\\\/\\\/www.spmar.com.br\\\/web\\\/\"},{\"@type\":\"ListItem\",\"position\":2,\"name\":\"SPMAR comemora 9 anos de trecho Sul\"}]},{\"@type\":\"WebSite\",\"@id\":\"https:\\\/\\\/www.spmar.com.br\\\/web\\\/#website\",\"url\":\"https:\\\/\\\/www.spmar.com.br\\\/web\\\/\",\"name\":\"SPMAR\",\"description\":\"A Concession\u00e1ria SPMAR atua na administra\u00e7\u00e3o dos Trechos Sul e Leste do Rodoanel Mario Covas e, com isso,\u00e9 respons\u00e1vel pela gest\u00e3o de 76% do Rodoanel Metropolitano de S\u00e3o Paulo em opera\u00e7\u00e3o.\",\"publisher\":{\"@id\":\"https:\\\/\\\/www.spmar.com.br\\\/web\\\/#organization\"},\"potentialAction\":[{\"@type\":\"SearchAction\",\"target\":{\"@type\":\"EntryPoint\",\"urlTemplate\":\"https:\\\/\\\/www.spmar.com.br\\\/web\\\/?s={search_term_string}\"},\"query-input\":{\"@type\":\"PropertyValueSpecification\",\"valueRequired\":true,\"valueName\":\"search_term_string\"}}],\"inLanguage\":\"pt-BR\"},{\"@type\":\"Organization\",\"@id\":\"https:\\\/\\\/www.spmar.com.br\\\/web\\\/#organization\",\"name\":\"Concession\u00e1ria SPMAR\",\"url\":\"https:\\\/\\\/www.spmar.com.br\\\/web\\\/\",\"logo\":{\"@type\":\"ImageObject\",\"inLanguage\":\"pt-BR\",\"@id\":\"https:\\\/\\\/www.spmar.com.br\\\/web\\\/#\\\/schema\\\/logo\\\/image\\\/\",\"url\":\"https:\\\/\\\/www.spmar.com.br\\\/web\\\/wp-content\\\/uploads\\\/2017\\\/11\\\/logo_H.jpg\",\"contentUrl\":\"https:\\\/\\\/www.spmar.com.br\\\/web\\\/wp-content\\\/uploads\\\/2017\\\/11\\\/logo_H.jpg\",\"width\":448,\"height\":97,\"caption\":\"Concession\u00e1ria SPMAR\"},\"image\":{\"@id\":\"https:\\\/\\\/www.spmar.com.br\\\/web\\\/#\\\/schema\\\/logo\\\/image\\\/\"},\"sameAs\":[\"https:\\\/\\\/www.facebook.com\\\/spmar.rodoanel\",\"https:\\\/\\\/www.linkedin.com\\\/company\\\/spmarbr\\\/\",\"https:\\\/\\\/www.instagram.com\\\/spmarbr\\\/\"]},{\"@type\":\"Person\",\"@id\":\"https:\\\/\\\/www.spmar.com.br\\\/web\\\/#\\\/schema\\\/person\\\/d197690c6bf9c79240a515310e6233b7\",\"name\":\"uid_@spmar\",\"image\":{\"@type\":\"ImageObject\",\"inLanguage\":\"pt-BR\",\"@id\":\"https:\\\/\\\/www.spmar.com.br\\\/web\\\/wp-content\\\/litespeed\\\/avatar\\\/1d9f8aa10c469a2a6a9fbe6d3ba9a648.jpg?ver=1777045609\",\"url\":\"https:\\\/\\\/www.spmar.com.br\\\/web\\\/wp-content\\\/litespeed\\\/avatar\\\/1d9f8aa10c469a2a6a9fbe6d3ba9a648.jpg?ver=1777045609\",\"contentUrl\":\"https:\\\/\\\/www.spmar.com.br\\\/web\\\/wp-content\\\/litespeed\\\/avatar\\\/1d9f8aa10c469a2a6a9fbe6d3ba9a648.jpg?ver=1777045609\",\"caption\":\"uid_@spmar\"},\"url\":\"https:\\\/\\\/www.spmar.com.br\\\/web\\\/author\\\/uid_spmar\\\/\"}]}<\/script>\n<!-- \/ Yoast SEO plugin. -->","yoast_head_json":{"title":"SPMAR comemora 9 anos de trecho Sul - Somos o caminho que te conecta ao que mais importa!","robots":{"index":"index","follow":"follow","max-snippet":"max-snippet:-1","max-image-preview":"max-image-preview:large","max-video-preview":"max-video-preview:-1"},"canonical":"https:\/\/www.spmar.com.br\/web\/spmar-comemora-9-anos-de-trecho-sul\/","og_locale":"pt_BR","og_type":"article","og_title":"SPMAR comemora 9 anos de trecho Sul - Somos o caminho que te conecta ao que mais importa!","og_description":"Com 61.4km, o trecho Sul do Rodoanel Mario Covas completa 9 anos sob gest\u00e3o da SPMAR interligando as Rodovias R\u00e9gis Bittencourt, Anchieta, Imigrantes ao maior anel vi\u00e1rio do Pa\u00eds. Em pouco tempo, o trecho ganhou espa\u00e7o na vida das pessoas e tornou-se trajeto di\u00e1rio para mais de 111 mil ve\u00edculos, que passaram a contar com [&hellip;]","og_url":"https:\/\/www.spmar.com.br\/web\/spmar-comemora-9-anos-de-trecho-sul\/","og_site_name":"Somos o caminho que te conecta ao que mais importa!","article_publisher":"https:\/\/www.facebook.com\/spmar.rodoanel","article_published_time":"2020-03-10T20:08:36+00:00","article_modified_time":"2020-03-10T20:11:19+00:00","og_image":[{"width":1441,"height":550,"url":"https:\/\/www.spmar.com.br\/web\/wp-content\/uploads\/2017\/08\/Represa_2.jpg","type":"image\/jpeg"}],"author":"uid_@spmar","twitter_card":"summary_large_image","twitter_misc":{"Escrito por":"uid_@spmar","Est. tempo de leitura":"3 minutos"},"schema":{"@context":"https:\/\/schema.org","@graph":[{"@type":"Article","@id":"https:\/\/www.spmar.com.br\/web\/spmar-comemora-9-anos-de-trecho-sul\/#article","isPartOf":{"@id":"https:\/\/www.spmar.com.br\/web\/spmar-comemora-9-anos-de-trecho-sul\/"},"author":{"name":"uid_@spmar","@id":"https:\/\/www.spmar.com.br\/web\/#\/schema\/person\/d197690c6bf9c79240a515310e6233b7"},"headline":"SPMAR comemora 9 anos de trecho Sul","datePublished":"2020-03-10T20:08:36+00:00","dateModified":"2020-03-10T20:11:19+00:00","mainEntityOfPage":{"@id":"https:\/\/www.spmar.com.br\/web\/spmar-comemora-9-anos-de-trecho-sul\/"},"wordCount":584,"commentCount":0,"publisher":{"@id":"https:\/\/www.spmar.com.br\/web\/#organization"},"image":{"@id":"https:\/\/www.spmar.com.br\/web\/spmar-comemora-9-anos-de-trecho-sul\/#primaryimage"},"thumbnailUrl":"https:\/\/www.spmar.com.br\/web\/wp-content\/uploads\/2017\/08\/Represa_2.jpg","inLanguage":"pt-BR","potentialAction":[{"@type":"CommentAction","name":"Comment","target":["https:\/\/www.spmar.com.br\/web\/spmar-comemora-9-anos-de-trecho-sul\/#respond"]}]},{"@type":"WebPage","@id":"https:\/\/www.spmar.com.br\/web\/spmar-comemora-9-anos-de-trecho-sul\/","url":"https:\/\/www.spmar.com.br\/web\/spmar-comemora-9-anos-de-trecho-sul\/","name":"SPMAR comemora 9 anos de trecho Sul - Somos o caminho que te conecta ao que mais importa!","isPartOf":{"@id":"https:\/\/www.spmar.com.br\/web\/#website"},"primaryImageOfPage":{"@id":"https:\/\/www.spmar.com.br\/web\/spmar-comemora-9-anos-de-trecho-sul\/#primaryimage"},"image":{"@id":"https:\/\/www.spmar.com.br\/web\/spmar-comemora-9-anos-de-trecho-sul\/#primaryimage"},"thumbnailUrl":"https:\/\/www.spmar.com.br\/web\/wp-content\/uploads\/2017\/08\/Represa_2.jpg","datePublished":"2020-03-10T20:08:36+00:00","dateModified":"2020-03-10T20:11:19+00:00","breadcrumb":{"@id":"https:\/\/www.spmar.com.br\/web\/spmar-comemora-9-anos-de-trecho-sul\/#breadcrumb"},"inLanguage":"pt-BR","potentialAction":[{"@type":"ReadAction","target":["https:\/\/www.spmar.com.br\/web\/spmar-comemora-9-anos-de-trecho-sul\/"]}]},{"@type":"ImageObject","inLanguage":"pt-BR","@id":"https:\/\/www.spmar.com.br\/web\/spmar-comemora-9-anos-de-trecho-sul\/#primaryimage","url":"https:\/\/www.spmar.com.br\/web\/wp-content\/uploads\/2017\/08\/Represa_2.jpg","contentUrl":"https:\/\/www.spmar.com.br\/web\/wp-content\/uploads\/2017\/08\/Represa_2.jpg","width":1441,"height":550},{"@type":"BreadcrumbList","@id":"https:\/\/www.spmar.com.br\/web\/spmar-comemora-9-anos-de-trecho-sul\/#breadcrumb","itemListElement":[{"@type":"ListItem","position":1,"name":"Home","item":"https:\/\/www.spmar.com.br\/web\/"},{"@type":"ListItem","position":2,"name":"SPMAR comemora 9 anos de trecho Sul"}]},{"@type":"WebSite","@id":"https:\/\/www.spmar.com.br\/web\/#website","url":"https:\/\/www.spmar.com.br\/web\/","name":"SPMAR","description":"A Concession\u00e1ria SPMAR atua na administra\u00e7\u00e3o dos Trechos Sul e Leste do Rodoanel Mario Covas e, com isso,\u00e9 respons\u00e1vel pela gest\u00e3o de 76% do Rodoanel Metropolitano de S\u00e3o Paulo em opera\u00e7\u00e3o.","publisher":{"@id":"https:\/\/www.spmar.com.br\/web\/#organization"},"potentialAction":[{"@type":"SearchAction","target":{"@type":"EntryPoint","urlTemplate":"https:\/\/www.spmar.com.br\/web\/?s={search_term_string}"},"query-input":{"@type":"PropertyValueSpecification","valueRequired":true,"valueName":"search_term_string"}}],"inLanguage":"pt-BR"},{"@type":"Organization","@id":"https:\/\/www.spmar.com.br\/web\/#organization","name":"Concession\u00e1ria SPMAR","url":"https:\/\/www.spmar.com.br\/web\/","logo":{"@type":"ImageObject","inLanguage":"pt-BR","@id":"https:\/\/www.spmar.com.br\/web\/#\/schema\/logo\/image\/","url":"https:\/\/www.spmar.com.br\/web\/wp-content\/uploads\/2017\/11\/logo_H.jpg","contentUrl":"https:\/\/www.spmar.com.br\/web\/wp-content\/uploads\/2017\/11\/logo_H.jpg","width":448,"height":97,"caption":"Concession\u00e1ria SPMAR"},"image":{"@id":"https:\/\/www.spmar.com.br\/web\/#\/schema\/logo\/image\/"},"sameAs":["https:\/\/www.facebook.com\/spmar.rodoanel","https:\/\/www.linkedin.com\/company\/spmarbr\/","https:\/\/www.instagram.com\/spmarbr\/"]},{"@type":"Person","@id":"https:\/\/www.spmar.com.br\/web\/#\/schema\/person\/d197690c6bf9c79240a515310e6233b7","name":"uid_@spmar","image":{"@type":"ImageObject","inLanguage":"pt-BR","@id":"https:\/\/www.spmar.com.br\/web\/wp-content\/litespeed\/avatar\/1d9f8aa10c469a2a6a9fbe6d3ba9a648.jpg?ver=1777045609","url":"https:\/\/www.spmar.com.br\/web\/wp-content\/litespeed\/avatar\/1d9f8aa10c469a2a6a9fbe6d3ba9a648.jpg?ver=1777045609","contentUrl":"https:\/\/www.spmar.com.br\/web\/wp-content\/litespeed\/avatar\/1d9f8aa10c469a2a6a9fbe6d3ba9a648.jpg?ver=1777045609","caption":"uid_@spmar"},"url":"https:\/\/www.spmar.com.br\/web\/author\/uid_spmar\/"}]}},"jetpack_featured_media_url":"https:\/\/www.spmar.com.br\/web\/wp-content\/uploads\/2017\/08\/Represa_2.jpg","jetpack_sharing_enabled":true,"_links":{"self":[{"href":"https:\/\/www.spmar.com.br\/web\/wp-json\/wp\/v2\/posts\/2015","targetHints":{"allow":["GET"]}}],"collection":[{"href":"https:\/\/www.spmar.com.br\/web\/wp-json\/wp\/v2\/posts"}],"about":[{"href":"https:\/\/www.spmar.com.br\/web\/wp-json\/wp\/v2\/types\/post"}],"author":[{"embeddable":true,"href":"https:\/\/www.spmar.com.br\/web\/wp-json\/wp\/v2\/users\/1"}],"replies":[{"embeddable":true,"href":"https:\/\/www.spmar.com.br\/web\/wp-json\/wp\/v2\/comments?post=2015"}],"version-history":[{"count":3,"href":"https:\/\/www.spmar.com.br\/web\/wp-json\/wp\/v2\/posts\/2015\/revisions"}],"predecessor-version":[{"id":2018,"href":"https:\/\/www.spmar.com.br\/web\/wp-json\/wp\/v2\/posts\/2015\/revisions\/2018"}],"wp:featuredmedia":[{"embeddable":true,"href":"https:\/\/www.spmar.com.br\/web\/wp-json\/wp\/v2\/media\/715"}],"wp:attachment":[{"href":"https:\/\/www.spmar.com.br\/web\/wp-json\/wp\/v2\/media?parent=2015"}],"wp:term":[{"taxonomy":"category","embeddable":true,"href":"https:\/\/www.spmar.com.br\/web\/wp-json\/wp\/v2\/categories?post=2015"},{"taxonomy":"post_tag","embeddable":true,"href":"https:\/\/www.spmar.com.br\/web\/wp-json\/wp\/v2\/tags?post=2015"}],"curies":[{"name":"wp","href":"https:\/\/api.w.org\/{rel}","templated":true}]}}