{"id":1681,"date":"2019-08-06T17:12:55","date_gmt":"2019-08-06T20:12:55","guid":{"rendered":"https:\/\/www.spmar.com.br\/web\/?p=1681"},"modified":"2019-08-14T09:16:25","modified_gmt":"2019-08-14T12:16:25","slug":"spmar-adere-campanha-agosto-laranja","status":"publish","type":"post","link":"https:\/\/www.spmar.com.br\/web\/spmar-adere-campanha-agosto-laranja\/","title":{"rendered":"SPMAR adere \u00e0 campanha Agosto Laranja"},"content":{"rendered":"<p><strong>S\u00e3o Paulo, 06 de agosto de 2019<\/strong> &#8211; A SPMAR, em parceria com a ARTESP (Ag\u00eancia de Transporte do Estado de S\u00e3o Paulo) embarca na campanha do #AgostoLaranja, de conscientiza\u00e7\u00e3o sobre esclerose m\u00faltipla.<\/p>\n<p>As mensagens j\u00e1 podem ser visualizadas nos pain\u00e9is m\u00f3veis vari\u00e1veis (PMV) colocados ao longo da rodovia. A a\u00e7\u00e3o conta com a ades\u00e3o das 21 concession\u00e1rias que comp\u00f5em o Programa de Concess\u00f5es Rodovi\u00e1rias do Estado de S\u00e3o Paulo.<\/p>\n<p>A campanha de conscientiza\u00e7\u00e3o \u00e9 uma iniciativa da ABCEM &#8211; Associa\u00e7\u00e3o de pacientes com esclerose m\u00faltipla, entidade sem fins lucrativos, que busca informar e conscientizar sobre a esclerose m\u00faltipla, doen\u00e7a neurol\u00f3gica grave e sem cura conhecida que atinge pessoas jovens.<\/p>\n<p>A esclerose m\u00faltipla \u00e9 uma enfermidade neurol\u00f3gica autoimune &#8211; ou seja, as c\u00e9lulas de defesa do organismo atacam o pr\u00f3prio sistema nervoso central, provocando les\u00f5es cerebrais e medulares &#8211; e pode afetar parte do sistema nervoso central (c\u00e9rebro, cerebelo, tronco cerebral e medula).<\/p>\n<p>No Brasil, ela atinge cerca de 35 mil brasileiros, sendo a doen\u00e7a neurol\u00f3gica cr\u00f4nica mais comum em adultos jovens, em especial mulheres de 20 a 40 anos.<\/p>\n<p>Possui dif\u00edcil diagn\u00f3stico pela multiplicidade de sintomas que o paciente pode apresentar, como por exemplo: fadiga intensa, depress\u00e3o, fraqueza muscular, altera\u00e7\u00e3o do equil\u00edbrio da coordena\u00e7\u00e3o motora, dores articulares e disfun\u00e7\u00e3o intestinal e da bexiga. Por isso, torna-se essencial que seja detectada no in\u00edcio, permitindo um tratamento precoce e a qualidade de vida do paciente.<\/p>\n<p><img decoding=\"async\" class=\"size-medium wp-image-1682 alignleft\" src=\"https:\/\/www.spmar.com.br\/web\/wp-content\/uploads\/2019\/08\/ANEXO-04-300x139.jpg\" alt=\"\" width=\"300\" height=\"139\" srcset=\"https:\/\/www.spmar.com.br\/web\/wp-content\/uploads\/2019\/08\/ANEXO-04-300x139.jpg 300w, https:\/\/www.spmar.com.br\/web\/wp-content\/uploads\/2019\/08\/ANEXO-04-211x97.jpg 211w, https:\/\/www.spmar.com.br\/web\/wp-content\/uploads\/2019\/08\/ANEXO-04.jpg 600w\" sizes=\"(max-width: 300px) 100vw, 300px\" \/> <img decoding=\"async\" class=\"aligncenter size-medium wp-image-1683\" src=\"https:\/\/www.spmar.com.br\/web\/wp-content\/uploads\/2019\/08\/ANEXO-05-300x138.jpg\" alt=\"\" width=\"300\" height=\"138\" srcset=\"https:\/\/www.spmar.com.br\/web\/wp-content\/uploads\/2019\/08\/ANEXO-05-300x138.jpg 300w, https:\/\/www.spmar.com.br\/web\/wp-content\/uploads\/2019\/08\/ANEXO-05-211x97.jpg 211w, https:\/\/www.spmar.com.br\/web\/wp-content\/uploads\/2019\/08\/ANEXO-05.jpg 600w\" sizes=\"(max-width: 300px) 100vw, 300px\" \/><\/p>\n<p>&nbsp;<\/p>\n<p><em>SPMAR &#8211; A Concession\u00e1ria SPMAR atua na administra\u00e7\u00e3o dos Trechos Sul e Leste do Rodoanel Mario Covas, sendo respons\u00e1vel pela gest\u00e3o de 76% do Rodoanel Metropolitano de S\u00e3o Paulo em opera\u00e7\u00e3o.<\/em><\/p>\n<p><em>Trecho Sul &#8211; do km 30 ao km 86 do Rodoanel Mario Covas, liga os Trechos Leste e Oeste do Rodoanel. O Trecho Sul tem acesso pelas rodovias R\u00e9gis Bittencourt (entroncamento com o Trecho Oeste) no km 30; Imigrantes no km 70 e Anchieta no km 75, al\u00e9m da Av. Papa Jo\u00e3o XXIII, em Mau\u00e1, no km 86. <\/em><\/p>\n<p><em>Trecho Leste &#8211; do km 86 ao km 130 do Rodoanel Mario Covas, liga os Trecho Sul \u00e0 Rodovia Presidente Dutra. O Trecho Leste tem acesso pela via de liga\u00e7\u00e3o com a Av. Papa Jo\u00e3o XXIII, em Mau\u00e1, no km 86; pela Rodovia Henrique Er\u00f3les &#8211; SP066 (km 115, em Suzano); pela Rodovia Ayrton Senna &#8211; SP070 (km 124 em Itaquaquecetuba) e pela Rodovia Presidente Dutra &#8211; BR116 (km 130 em Aruj\u00e1).06<\/em><\/p>\n","protected":false},"excerpt":{"rendered":"<p>S\u00e3o Paulo, 06 de agosto de 2019 &#8211; A SPMAR, em parceria com a ARTESP (Ag\u00eancia de Transporte do Estado de S\u00e3o Paulo) embarca na campanha do #AgostoLaranja, de conscientiza\u00e7\u00e3o sobre esclerose m\u00faltipla. As mensagens j\u00e1 podem ser visualizadas nos pain\u00e9is m\u00f3veis vari\u00e1veis (PMV) colocados ao longo da rodovia. A a\u00e7\u00e3o conta com a ades\u00e3o [&hellip;]<\/p>\n","protected":false},"author":1,"featured_media":1684,"comment_status":"open","ping_status":"open","sticky":false,"template":"","format":"standard","meta":{"_acf_changed":false,"inline_featured_image":false,"_jetpack_memberships_contains_paid_content":false,"footnotes":""},"categories":[1],"tags":[],"class_list":["post-1681","post","type-post","status-publish","format-standard","has-post-thumbnail","hentry","category-sem-categoria"],"acf":[],"yoast_head":"<!-- This site is optimized with the Yoast SEO plugin v27.4 - https:\/\/yoast.com\/product\/yoast-seo-wordpress\/ -->\n<title>SPMAR adere \u00e0 campanha Agosto Laranja - Somos o caminho que te conecta ao que mais importa!<\/title>\n<meta name=\"robots\" content=\"index, follow, max-snippet:-1, max-image-preview:large, max-video-preview:-1\" \/>\n<link rel=\"canonical\" href=\"https:\/\/www.spmar.com.br\/web\/spmar-adere-campanha-agosto-laranja\/\" \/>\n<meta property=\"og:locale\" content=\"pt_BR\" \/>\n<meta property=\"og:type\" content=\"article\" \/>\n<meta property=\"og:title\" content=\"SPMAR adere \u00e0 campanha Agosto Laranja - Somos o caminho que te conecta ao que mais importa!\" \/>\n<meta property=\"og:description\" content=\"S\u00e3o Paulo, 06 de agosto de 2019 &#8211; A SPMAR, em parceria com a ARTESP (Ag\u00eancia de Transporte do Estado de S\u00e3o Paulo) embarca na campanha do #AgostoLaranja, de conscientiza\u00e7\u00e3o sobre esclerose m\u00faltipla. As mensagens j\u00e1 podem ser visualizadas nos pain\u00e9is m\u00f3veis vari\u00e1veis (PMV) colocados ao longo da rodovia. A a\u00e7\u00e3o conta com a ades\u00e3o [&hellip;]\" \/>\n<meta property=\"og:url\" content=\"https:\/\/www.spmar.com.br\/web\/spmar-adere-campanha-agosto-laranja\/\" \/>\n<meta property=\"og:site_name\" content=\"Somos o caminho que te conecta ao que mais importa!\" \/>\n<meta property=\"article:publisher\" content=\"https:\/\/www.facebook.com\/spmar.rodoanel\" \/>\n<meta property=\"article:published_time\" content=\"2019-08-06T20:12:55+00:00\" \/>\n<meta property=\"article:modified_time\" content=\"2019-08-14T12:16:25+00:00\" \/>\n<meta property=\"og:image\" content=\"https:\/\/www.spmar.com.br\/web\/wp-content\/uploads\/2019\/08\/2.jpg\" \/>\n\t<meta property=\"og:image:width\" content=\"1080\" \/>\n\t<meta property=\"og:image:height\" content=\"1080\" \/>\n\t<meta property=\"og:image:type\" content=\"image\/jpeg\" \/>\n<meta name=\"author\" content=\"uid_@spmar\" \/>\n<meta name=\"twitter:card\" content=\"summary_large_image\" \/>\n<meta name=\"twitter:label1\" content=\"Escrito por\" \/>\n\t<meta name=\"twitter:data1\" content=\"uid_@spmar\" \/>\n\t<meta name=\"twitter:label2\" content=\"Est. tempo de leitura\" \/>\n\t<meta name=\"twitter:data2\" content=\"2 minutos\" \/>\n<script type=\"application\/ld+json\" class=\"yoast-schema-graph\">{\"@context\":\"https:\\\/\\\/schema.org\",\"@graph\":[{\"@type\":\"Article\",\"@id\":\"https:\\\/\\\/www.spmar.com.br\\\/web\\\/spmar-adere-campanha-agosto-laranja\\\/#article\",\"isPartOf\":{\"@id\":\"https:\\\/\\\/www.spmar.com.br\\\/web\\\/spmar-adere-campanha-agosto-laranja\\\/\"},\"author\":{\"name\":\"uid_@spmar\",\"@id\":\"https:\\\/\\\/www.spmar.com.br\\\/web\\\/#\\\/schema\\\/person\\\/d197690c6bf9c79240a515310e6233b7\"},\"headline\":\"SPMAR adere \u00e0 campanha Agosto Laranja\",\"datePublished\":\"2019-08-06T20:12:55+00:00\",\"dateModified\":\"2019-08-14T12:16:25+00:00\",\"mainEntityOfPage\":{\"@id\":\"https:\\\/\\\/www.spmar.com.br\\\/web\\\/spmar-adere-campanha-agosto-laranja\\\/\"},\"wordCount\":429,\"commentCount\":0,\"publisher\":{\"@id\":\"https:\\\/\\\/www.spmar.com.br\\\/web\\\/#organization\"},\"image\":{\"@id\":\"https:\\\/\\\/www.spmar.com.br\\\/web\\\/spmar-adere-campanha-agosto-laranja\\\/#primaryimage\"},\"thumbnailUrl\":\"https:\\\/\\\/www.spmar.com.br\\\/web\\\/wp-content\\\/uploads\\\/2019\\\/08\\\/2.jpg\",\"inLanguage\":\"pt-BR\",\"potentialAction\":[{\"@type\":\"CommentAction\",\"name\":\"Comment\",\"target\":[\"https:\\\/\\\/www.spmar.com.br\\\/web\\\/spmar-adere-campanha-agosto-laranja\\\/#respond\"]}]},{\"@type\":\"WebPage\",\"@id\":\"https:\\\/\\\/www.spmar.com.br\\\/web\\\/spmar-adere-campanha-agosto-laranja\\\/\",\"url\":\"https:\\\/\\\/www.spmar.com.br\\\/web\\\/spmar-adere-campanha-agosto-laranja\\\/\",\"name\":\"SPMAR adere \u00e0 campanha Agosto Laranja - Somos o caminho que te conecta ao que mais importa!\",\"isPartOf\":{\"@id\":\"https:\\\/\\\/www.spmar.com.br\\\/web\\\/#website\"},\"primaryImageOfPage\":{\"@id\":\"https:\\\/\\\/www.spmar.com.br\\\/web\\\/spmar-adere-campanha-agosto-laranja\\\/#primaryimage\"},\"image\":{\"@id\":\"https:\\\/\\\/www.spmar.com.br\\\/web\\\/spmar-adere-campanha-agosto-laranja\\\/#primaryimage\"},\"thumbnailUrl\":\"https:\\\/\\\/www.spmar.com.br\\\/web\\\/wp-content\\\/uploads\\\/2019\\\/08\\\/2.jpg\",\"datePublished\":\"2019-08-06T20:12:55+00:00\",\"dateModified\":\"2019-08-14T12:16:25+00:00\",\"breadcrumb\":{\"@id\":\"https:\\\/\\\/www.spmar.com.br\\\/web\\\/spmar-adere-campanha-agosto-laranja\\\/#breadcrumb\"},\"inLanguage\":\"pt-BR\",\"potentialAction\":[{\"@type\":\"ReadAction\",\"target\":[\"https:\\\/\\\/www.spmar.com.br\\\/web\\\/spmar-adere-campanha-agosto-laranja\\\/\"]}]},{\"@type\":\"ImageObject\",\"inLanguage\":\"pt-BR\",\"@id\":\"https:\\\/\\\/www.spmar.com.br\\\/web\\\/spmar-adere-campanha-agosto-laranja\\\/#primaryimage\",\"url\":\"https:\\\/\\\/www.spmar.com.br\\\/web\\\/wp-content\\\/uploads\\\/2019\\\/08\\\/2.jpg\",\"contentUrl\":\"https:\\\/\\\/www.spmar.com.br\\\/web\\\/wp-content\\\/uploads\\\/2019\\\/08\\\/2.jpg\",\"width\":1080,\"height\":1080},{\"@type\":\"BreadcrumbList\",\"@id\":\"https:\\\/\\\/www.spmar.com.br\\\/web\\\/spmar-adere-campanha-agosto-laranja\\\/#breadcrumb\",\"itemListElement\":[{\"@type\":\"ListItem\",\"position\":1,\"name\":\"Home\",\"item\":\"https:\\\/\\\/www.spmar.com.br\\\/web\\\/\"},{\"@type\":\"ListItem\",\"position\":2,\"name\":\"SPMAR adere \u00e0 campanha Agosto Laranja\"}]},{\"@type\":\"WebSite\",\"@id\":\"https:\\\/\\\/www.spmar.com.br\\\/web\\\/#website\",\"url\":\"https:\\\/\\\/www.spmar.com.br\\\/web\\\/\",\"name\":\"SPMAR\",\"description\":\"A Concession\u00e1ria SPMAR atua na administra\u00e7\u00e3o dos Trechos Sul e Leste do Rodoanel Mario Covas e, com isso,\u00e9 respons\u00e1vel pela gest\u00e3o de 76% do Rodoanel Metropolitano de S\u00e3o Paulo em opera\u00e7\u00e3o.\",\"publisher\":{\"@id\":\"https:\\\/\\\/www.spmar.com.br\\\/web\\\/#organization\"},\"potentialAction\":[{\"@type\":\"SearchAction\",\"target\":{\"@type\":\"EntryPoint\",\"urlTemplate\":\"https:\\\/\\\/www.spmar.com.br\\\/web\\\/?s={search_term_string}\"},\"query-input\":{\"@type\":\"PropertyValueSpecification\",\"valueRequired\":true,\"valueName\":\"search_term_string\"}}],\"inLanguage\":\"pt-BR\"},{\"@type\":\"Organization\",\"@id\":\"https:\\\/\\\/www.spmar.com.br\\\/web\\\/#organization\",\"name\":\"Concession\u00e1ria SPMAR\",\"url\":\"https:\\\/\\\/www.spmar.com.br\\\/web\\\/\",\"logo\":{\"@type\":\"ImageObject\",\"inLanguage\":\"pt-BR\",\"@id\":\"https:\\\/\\\/www.spmar.com.br\\\/web\\\/#\\\/schema\\\/logo\\\/image\\\/\",\"url\":\"https:\\\/\\\/www.spmar.com.br\\\/web\\\/wp-content\\\/uploads\\\/2017\\\/11\\\/logo_H.jpg\",\"contentUrl\":\"https:\\\/\\\/www.spmar.com.br\\\/web\\\/wp-content\\\/uploads\\\/2017\\\/11\\\/logo_H.jpg\",\"width\":448,\"height\":97,\"caption\":\"Concession\u00e1ria SPMAR\"},\"image\":{\"@id\":\"https:\\\/\\\/www.spmar.com.br\\\/web\\\/#\\\/schema\\\/logo\\\/image\\\/\"},\"sameAs\":[\"https:\\\/\\\/www.facebook.com\\\/spmar.rodoanel\",\"https:\\\/\\\/www.linkedin.com\\\/company\\\/spmarbr\\\/\",\"https:\\\/\\\/www.instagram.com\\\/spmarbr\\\/\"]},{\"@type\":\"Person\",\"@id\":\"https:\\\/\\\/www.spmar.com.br\\\/web\\\/#\\\/schema\\\/person\\\/d197690c6bf9c79240a515310e6233b7\",\"name\":\"uid_@spmar\",\"image\":{\"@type\":\"ImageObject\",\"inLanguage\":\"pt-BR\",\"@id\":\"https:\\\/\\\/www.spmar.com.br\\\/web\\\/wp-content\\\/litespeed\\\/avatar\\\/1d9f8aa10c469a2a6a9fbe6d3ba9a648.jpg?ver=1777045609\",\"url\":\"https:\\\/\\\/www.spmar.com.br\\\/web\\\/wp-content\\\/litespeed\\\/avatar\\\/1d9f8aa10c469a2a6a9fbe6d3ba9a648.jpg?ver=1777045609\",\"contentUrl\":\"https:\\\/\\\/www.spmar.com.br\\\/web\\\/wp-content\\\/litespeed\\\/avatar\\\/1d9f8aa10c469a2a6a9fbe6d3ba9a648.jpg?ver=1777045609\",\"caption\":\"uid_@spmar\"},\"url\":\"https:\\\/\\\/www.spmar.com.br\\\/web\\\/author\\\/uid_spmar\\\/\"}]}<\/script>\n<!-- \/ Yoast SEO plugin. -->","yoast_head_json":{"title":"SPMAR adere \u00e0 campanha Agosto Laranja - Somos o caminho que te conecta ao que mais importa!","robots":{"index":"index","follow":"follow","max-snippet":"max-snippet:-1","max-image-preview":"max-image-preview:large","max-video-preview":"max-video-preview:-1"},"canonical":"https:\/\/www.spmar.com.br\/web\/spmar-adere-campanha-agosto-laranja\/","og_locale":"pt_BR","og_type":"article","og_title":"SPMAR adere \u00e0 campanha Agosto Laranja - Somos o caminho que te conecta ao que mais importa!","og_description":"S\u00e3o Paulo, 06 de agosto de 2019 &#8211; A SPMAR, em parceria com a ARTESP (Ag\u00eancia de Transporte do Estado de S\u00e3o Paulo) embarca na campanha do #AgostoLaranja, de conscientiza\u00e7\u00e3o sobre esclerose m\u00faltipla. As mensagens j\u00e1 podem ser visualizadas nos pain\u00e9is m\u00f3veis vari\u00e1veis (PMV) colocados ao longo da rodovia. A a\u00e7\u00e3o conta com a ades\u00e3o [&hellip;]","og_url":"https:\/\/www.spmar.com.br\/web\/spmar-adere-campanha-agosto-laranja\/","og_site_name":"Somos o caminho que te conecta ao que mais importa!","article_publisher":"https:\/\/www.facebook.com\/spmar.rodoanel","article_published_time":"2019-08-06T20:12:55+00:00","article_modified_time":"2019-08-14T12:16:25+00:00","og_image":[{"width":1080,"height":1080,"url":"https:\/\/www.spmar.com.br\/web\/wp-content\/uploads\/2019\/08\/2.jpg","type":"image\/jpeg"}],"author":"uid_@spmar","twitter_card":"summary_large_image","twitter_misc":{"Escrito por":"uid_@spmar","Est. tempo de leitura":"2 minutos"},"schema":{"@context":"https:\/\/schema.org","@graph":[{"@type":"Article","@id":"https:\/\/www.spmar.com.br\/web\/spmar-adere-campanha-agosto-laranja\/#article","isPartOf":{"@id":"https:\/\/www.spmar.com.br\/web\/spmar-adere-campanha-agosto-laranja\/"},"author":{"name":"uid_@spmar","@id":"https:\/\/www.spmar.com.br\/web\/#\/schema\/person\/d197690c6bf9c79240a515310e6233b7"},"headline":"SPMAR adere \u00e0 campanha Agosto Laranja","datePublished":"2019-08-06T20:12:55+00:00","dateModified":"2019-08-14T12:16:25+00:00","mainEntityOfPage":{"@id":"https:\/\/www.spmar.com.br\/web\/spmar-adere-campanha-agosto-laranja\/"},"wordCount":429,"commentCount":0,"publisher":{"@id":"https:\/\/www.spmar.com.br\/web\/#organization"},"image":{"@id":"https:\/\/www.spmar.com.br\/web\/spmar-adere-campanha-agosto-laranja\/#primaryimage"},"thumbnailUrl":"https:\/\/www.spmar.com.br\/web\/wp-content\/uploads\/2019\/08\/2.jpg","inLanguage":"pt-BR","potentialAction":[{"@type":"CommentAction","name":"Comment","target":["https:\/\/www.spmar.com.br\/web\/spmar-adere-campanha-agosto-laranja\/#respond"]}]},{"@type":"WebPage","@id":"https:\/\/www.spmar.com.br\/web\/spmar-adere-campanha-agosto-laranja\/","url":"https:\/\/www.spmar.com.br\/web\/spmar-adere-campanha-agosto-laranja\/","name":"SPMAR adere \u00e0 campanha Agosto Laranja - Somos o caminho que te conecta ao que mais importa!","isPartOf":{"@id":"https:\/\/www.spmar.com.br\/web\/#website"},"primaryImageOfPage":{"@id":"https:\/\/www.spmar.com.br\/web\/spmar-adere-campanha-agosto-laranja\/#primaryimage"},"image":{"@id":"https:\/\/www.spmar.com.br\/web\/spmar-adere-campanha-agosto-laranja\/#primaryimage"},"thumbnailUrl":"https:\/\/www.spmar.com.br\/web\/wp-content\/uploads\/2019\/08\/2.jpg","datePublished":"2019-08-06T20:12:55+00:00","dateModified":"2019-08-14T12:16:25+00:00","breadcrumb":{"@id":"https:\/\/www.spmar.com.br\/web\/spmar-adere-campanha-agosto-laranja\/#breadcrumb"},"inLanguage":"pt-BR","potentialAction":[{"@type":"ReadAction","target":["https:\/\/www.spmar.com.br\/web\/spmar-adere-campanha-agosto-laranja\/"]}]},{"@type":"ImageObject","inLanguage":"pt-BR","@id":"https:\/\/www.spmar.com.br\/web\/spmar-adere-campanha-agosto-laranja\/#primaryimage","url":"https:\/\/www.spmar.com.br\/web\/wp-content\/uploads\/2019\/08\/2.jpg","contentUrl":"https:\/\/www.spmar.com.br\/web\/wp-content\/uploads\/2019\/08\/2.jpg","width":1080,"height":1080},{"@type":"BreadcrumbList","@id":"https:\/\/www.spmar.com.br\/web\/spmar-adere-campanha-agosto-laranja\/#breadcrumb","itemListElement":[{"@type":"ListItem","position":1,"name":"Home","item":"https:\/\/www.spmar.com.br\/web\/"},{"@type":"ListItem","position":2,"name":"SPMAR adere \u00e0 campanha Agosto Laranja"}]},{"@type":"WebSite","@id":"https:\/\/www.spmar.com.br\/web\/#website","url":"https:\/\/www.spmar.com.br\/web\/","name":"SPMAR","description":"A Concession\u00e1ria SPMAR atua na administra\u00e7\u00e3o dos Trechos Sul e Leste do Rodoanel Mario Covas e, com isso,\u00e9 respons\u00e1vel pela gest\u00e3o de 76% do Rodoanel Metropolitano de S\u00e3o Paulo em opera\u00e7\u00e3o.","publisher":{"@id":"https:\/\/www.spmar.com.br\/web\/#organization"},"potentialAction":[{"@type":"SearchAction","target":{"@type":"EntryPoint","urlTemplate":"https:\/\/www.spmar.com.br\/web\/?s={search_term_string}"},"query-input":{"@type":"PropertyValueSpecification","valueRequired":true,"valueName":"search_term_string"}}],"inLanguage":"pt-BR"},{"@type":"Organization","@id":"https:\/\/www.spmar.com.br\/web\/#organization","name":"Concession\u00e1ria SPMAR","url":"https:\/\/www.spmar.com.br\/web\/","logo":{"@type":"ImageObject","inLanguage":"pt-BR","@id":"https:\/\/www.spmar.com.br\/web\/#\/schema\/logo\/image\/","url":"https:\/\/www.spmar.com.br\/web\/wp-content\/uploads\/2017\/11\/logo_H.jpg","contentUrl":"https:\/\/www.spmar.com.br\/web\/wp-content\/uploads\/2017\/11\/logo_H.jpg","width":448,"height":97,"caption":"Concession\u00e1ria SPMAR"},"image":{"@id":"https:\/\/www.spmar.com.br\/web\/#\/schema\/logo\/image\/"},"sameAs":["https:\/\/www.facebook.com\/spmar.rodoanel","https:\/\/www.linkedin.com\/company\/spmarbr\/","https:\/\/www.instagram.com\/spmarbr\/"]},{"@type":"Person","@id":"https:\/\/www.spmar.com.br\/web\/#\/schema\/person\/d197690c6bf9c79240a515310e6233b7","name":"uid_@spmar","image":{"@type":"ImageObject","inLanguage":"pt-BR","@id":"https:\/\/www.spmar.com.br\/web\/wp-content\/litespeed\/avatar\/1d9f8aa10c469a2a6a9fbe6d3ba9a648.jpg?ver=1777045609","url":"https:\/\/www.spmar.com.br\/web\/wp-content\/litespeed\/avatar\/1d9f8aa10c469a2a6a9fbe6d3ba9a648.jpg?ver=1777045609","contentUrl":"https:\/\/www.spmar.com.br\/web\/wp-content\/litespeed\/avatar\/1d9f8aa10c469a2a6a9fbe6d3ba9a648.jpg?ver=1777045609","caption":"uid_@spmar"},"url":"https:\/\/www.spmar.com.br\/web\/author\/uid_spmar\/"}]}},"jetpack_featured_media_url":"https:\/\/www.spmar.com.br\/web\/wp-content\/uploads\/2019\/08\/2.jpg","jetpack_sharing_enabled":true,"_links":{"self":[{"href":"https:\/\/www.spmar.com.br\/web\/wp-json\/wp\/v2\/posts\/1681","targetHints":{"allow":["GET"]}}],"collection":[{"href":"https:\/\/www.spmar.com.br\/web\/wp-json\/wp\/v2\/posts"}],"about":[{"href":"https:\/\/www.spmar.com.br\/web\/wp-json\/wp\/v2\/types\/post"}],"author":[{"embeddable":true,"href":"https:\/\/www.spmar.com.br\/web\/wp-json\/wp\/v2\/users\/1"}],"replies":[{"embeddable":true,"href":"https:\/\/www.spmar.com.br\/web\/wp-json\/wp\/v2\/comments?post=1681"}],"version-history":[{"count":2,"href":"https:\/\/www.spmar.com.br\/web\/wp-json\/wp\/v2\/posts\/1681\/revisions"}],"predecessor-version":[{"id":1686,"href":"https:\/\/www.spmar.com.br\/web\/wp-json\/wp\/v2\/posts\/1681\/revisions\/1686"}],"wp:featuredmedia":[{"embeddable":true,"href":"https:\/\/www.spmar.com.br\/web\/wp-json\/wp\/v2\/media\/1684"}],"wp:attachment":[{"href":"https:\/\/www.spmar.com.br\/web\/wp-json\/wp\/v2\/media?parent=1681"}],"wp:term":[{"taxonomy":"category","embeddable":true,"href":"https:\/\/www.spmar.com.br\/web\/wp-json\/wp\/v2\/categories?post=1681"},{"taxonomy":"post_tag","embeddable":true,"href":"https:\/\/www.spmar.com.br\/web\/wp-json\/wp\/v2\/tags?post=1681"}],"curies":[{"name":"wp","href":"https:\/\/api.w.org\/{rel}","templated":true}]}}