{"id":1616,"date":"2019-07-12T17:15:23","date_gmt":"2019-07-12T20:15:23","guid":{"rendered":"https:\/\/www.spmar.com.br\/web\/?p=1616"},"modified":"2019-07-22T17:51:37","modified_gmt":"2019-07-22T20:51:37","slug":"sau-3-recebe-acao-saude-e-cidadania-e-de-olho-aberto","status":"publish","type":"post","link":"https:\/\/www.spmar.com.br\/web\/sau-3-recebe-acao-saude-e-cidadania-e-de-olho-aberto\/","title":{"rendered":"SAU 3 recebe A\u00e7\u00e3o Sa\u00fade e Cidadania e De Olho Aberto"},"content":{"rendered":"<p>A concession\u00e1ria SPMAR \u2013 respons\u00e1vel pelos trechos Sul e Leste do Rodoanel Mario Covas e integrante do Programa de Concess\u00f5es Rodovi\u00e1rias do Estado de S\u00e3o Paulo, gerenciado pela ARTESP (Ag\u00eancia de Transporte do Estado de S\u00e3o Paulo) \u2013 realiza neste m\u00eas de julho as a\u00e7\u00f5es <strong>Sa\u00fade e Cidadania\u00a0<\/strong>e\u00a0<strong>De Olho Aberto<\/strong>. Ambas as iniciativas refor\u00e7am os cuidados com a sa\u00fade e a seguran\u00e7a antes e, principalmente, durante a viagem e ocorrer\u00e3o nas bases do SAU (Servi\u00e7o de Atendimento ao Usu\u00e1rio) localizadas ao longo da rodovia.<\/p>\n<p>No dia 11\/07, o motorista que trafegou pelo trecho Leste do Rodoanel recebeu um convite diferente, o de prolongar o descanso por mais cinco minutos em nosso SAU3 localizado no KM 102 na cidade de Suzano, para um\u00a0<em>check-up<\/em>\u00a0na sa\u00fade. A a\u00e7\u00e3o \u00e9 parte da campanha\u00a0<strong>Sa\u00fade e Cidadania<\/strong>.<\/p>\n<p>J\u00e1 no dia 12\/07, no per\u00edodo da madrugada, foi a vez da equipe da campanha\u00a0<strong>\u201cDe olho aberto<\/strong>\u201d que alerta a import\u00e2ncia de uma viagem segura e os cuidados com os perigos que cercam esse tipo de viagem: sono, cansa\u00e7o e abuso na dire\u00e7\u00e3o. Os motoristas receberam orienta\u00e7\u00f5es dos profissionais da concession\u00e1ria e foram convidados para um pequeno descanso, com direito a caf\u00e9 e bolachas antes de continuarem a viagem.<\/p>\n<p><img fetchpriority=\"high\" decoding=\"async\" class=\"alignleft wp-image-1617 size-medium\" src=\"https:\/\/www.spmar.com.br\/web\/wp-content\/uploads\/2019\/07\/DSC01521-300x169.jpg\" alt=\"\" width=\"300\" height=\"169\" srcset=\"https:\/\/www.spmar.com.br\/web\/wp-content\/uploads\/2019\/07\/DSC01521-300x169.jpg 300w, https:\/\/www.spmar.com.br\/web\/wp-content\/uploads\/2019\/07\/DSC01521-768x432.jpg 768w, https:\/\/www.spmar.com.br\/web\/wp-content\/uploads\/2019\/07\/DSC01521-1024x576.jpg 1024w, https:\/\/www.spmar.com.br\/web\/wp-content\/uploads\/2019\/07\/DSC01521-211x119.jpg 211w\" sizes=\"(max-width: 300px) 100vw, 300px\" \/><img decoding=\"async\" class=\"aligncenter size-medium wp-image-1618\" src=\"https:\/\/www.spmar.com.br\/web\/wp-content\/uploads\/2019\/07\/IMG-20190718-WA0001-300x169.jpg\" alt=\"\" width=\"300\" height=\"169\" srcset=\"https:\/\/www.spmar.com.br\/web\/wp-content\/uploads\/2019\/07\/IMG-20190718-WA0001-300x169.jpg 300w, https:\/\/www.spmar.com.br\/web\/wp-content\/uploads\/2019\/07\/IMG-20190718-WA0001-768x432.jpg 768w, https:\/\/www.spmar.com.br\/web\/wp-content\/uploads\/2019\/07\/IMG-20190718-WA0001-1024x576.jpg 1024w, https:\/\/www.spmar.com.br\/web\/wp-content\/uploads\/2019\/07\/IMG-20190718-WA0001-211x119.jpg 211w, https:\/\/www.spmar.com.br\/web\/wp-content\/uploads\/2019\/07\/IMG-20190718-WA0001.jpg 1032w\" sizes=\"(max-width: 300px) 100vw, 300px\" \/><\/p>\n","protected":false},"excerpt":{"rendered":"<p>A concession\u00e1ria SPMAR \u2013 respons\u00e1vel pelos trechos Sul e Leste do Rodoanel Mario Covas e integrante do Programa de Concess\u00f5es Rodovi\u00e1rias do Estado de S\u00e3o Paulo, gerenciado pela ARTESP (Ag\u00eancia de Transporte do Estado de S\u00e3o Paulo) \u2013 realiza neste m\u00eas de julho as a\u00e7\u00f5es Sa\u00fade e Cidadania\u00a0e\u00a0De Olho Aberto. Ambas as iniciativas refor\u00e7am os [&hellip;]<\/p>\n","protected":false},"author":1,"featured_media":1621,"comment_status":"open","ping_status":"open","sticky":false,"template":"","format":"standard","meta":{"_acf_changed":false,"inline_featured_image":false,"_jetpack_memberships_contains_paid_content":false,"footnotes":""},"categories":[1],"tags":[],"class_list":["post-1616","post","type-post","status-publish","format-standard","has-post-thumbnail","hentry","category-sem-categoria"],"acf":[],"yoast_head":"<!-- This site is optimized with the Yoast SEO plugin v27.4 - https:\/\/yoast.com\/product\/yoast-seo-wordpress\/ -->\n<title>SAU 3 recebe A\u00e7\u00e3o Sa\u00fade e Cidadania e De Olho Aberto - Somos o caminho que te conecta ao que mais importa!<\/title>\n<meta name=\"robots\" content=\"index, follow, max-snippet:-1, max-image-preview:large, max-video-preview:-1\" \/>\n<link rel=\"canonical\" href=\"https:\/\/www.spmar.com.br\/web\/sau-3-recebe-acao-saude-e-cidadania-e-de-olho-aberto\/\" \/>\n<meta property=\"og:locale\" content=\"pt_BR\" \/>\n<meta property=\"og:type\" content=\"article\" \/>\n<meta property=\"og:title\" content=\"SAU 3 recebe A\u00e7\u00e3o Sa\u00fade e Cidadania e De Olho Aberto - Somos o caminho que te conecta ao que mais importa!\" \/>\n<meta property=\"og:description\" content=\"A concession\u00e1ria SPMAR \u2013 respons\u00e1vel pelos trechos Sul e Leste do Rodoanel Mario Covas e integrante do Programa de Concess\u00f5es Rodovi\u00e1rias do Estado de S\u00e3o Paulo, gerenciado pela ARTESP (Ag\u00eancia de Transporte do Estado de S\u00e3o Paulo) \u2013 realiza neste m\u00eas de julho as a\u00e7\u00f5es Sa\u00fade e Cidadania\u00a0e\u00a0De Olho Aberto. Ambas as iniciativas refor\u00e7am os [&hellip;]\" \/>\n<meta property=\"og:url\" content=\"https:\/\/www.spmar.com.br\/web\/sau-3-recebe-acao-saude-e-cidadania-e-de-olho-aberto\/\" \/>\n<meta property=\"og:site_name\" content=\"Somos o caminho que te conecta ao que mais importa!\" \/>\n<meta property=\"article:publisher\" content=\"https:\/\/www.facebook.com\/spmar.rodoanel\" \/>\n<meta property=\"article:published_time\" content=\"2019-07-12T20:15:23+00:00\" \/>\n<meta property=\"article:modified_time\" content=\"2019-07-22T20:51:37+00:00\" \/>\n<meta property=\"og:image\" content=\"https:\/\/www.spmar.com.br\/web\/wp-content\/uploads\/2019\/07\/DSC01529.jpg\" \/>\n\t<meta property=\"og:image:width\" content=\"4320\" \/>\n\t<meta property=\"og:image:height\" content=\"2432\" \/>\n\t<meta property=\"og:image:type\" content=\"image\/jpeg\" \/>\n<meta name=\"author\" content=\"uid_@spmar\" \/>\n<meta name=\"twitter:card\" content=\"summary_large_image\" \/>\n<meta name=\"twitter:label1\" content=\"Escrito por\" \/>\n\t<meta name=\"twitter:data1\" content=\"uid_@spmar\" \/>\n\t<meta name=\"twitter:label2\" content=\"Est. tempo de leitura\" \/>\n\t<meta name=\"twitter:data2\" content=\"1 minuto\" \/>\n<script type=\"application\/ld+json\" class=\"yoast-schema-graph\">{\"@context\":\"https:\\\/\\\/schema.org\",\"@graph\":[{\"@type\":\"Article\",\"@id\":\"https:\\\/\\\/www.spmar.com.br\\\/web\\\/sau-3-recebe-acao-saude-e-cidadania-e-de-olho-aberto\\\/#article\",\"isPartOf\":{\"@id\":\"https:\\\/\\\/www.spmar.com.br\\\/web\\\/sau-3-recebe-acao-saude-e-cidadania-e-de-olho-aberto\\\/\"},\"author\":{\"name\":\"uid_@spmar\",\"@id\":\"https:\\\/\\\/www.spmar.com.br\\\/web\\\/#\\\/schema\\\/person\\\/d197690c6bf9c79240a515310e6233b7\"},\"headline\":\"SAU 3 recebe A\u00e7\u00e3o Sa\u00fade e Cidadania e De Olho Aberto\",\"datePublished\":\"2019-07-12T20:15:23+00:00\",\"dateModified\":\"2019-07-22T20:51:37+00:00\",\"mainEntityOfPage\":{\"@id\":\"https:\\\/\\\/www.spmar.com.br\\\/web\\\/sau-3-recebe-acao-saude-e-cidadania-e-de-olho-aberto\\\/\"},\"wordCount\":237,\"commentCount\":0,\"publisher\":{\"@id\":\"https:\\\/\\\/www.spmar.com.br\\\/web\\\/#organization\"},\"image\":{\"@id\":\"https:\\\/\\\/www.spmar.com.br\\\/web\\\/sau-3-recebe-acao-saude-e-cidadania-e-de-olho-aberto\\\/#primaryimage\"},\"thumbnailUrl\":\"https:\\\/\\\/www.spmar.com.br\\\/web\\\/wp-content\\\/uploads\\\/2019\\\/07\\\/DSC01529.jpg\",\"inLanguage\":\"pt-BR\",\"potentialAction\":[{\"@type\":\"CommentAction\",\"name\":\"Comment\",\"target\":[\"https:\\\/\\\/www.spmar.com.br\\\/web\\\/sau-3-recebe-acao-saude-e-cidadania-e-de-olho-aberto\\\/#respond\"]}]},{\"@type\":\"WebPage\",\"@id\":\"https:\\\/\\\/www.spmar.com.br\\\/web\\\/sau-3-recebe-acao-saude-e-cidadania-e-de-olho-aberto\\\/\",\"url\":\"https:\\\/\\\/www.spmar.com.br\\\/web\\\/sau-3-recebe-acao-saude-e-cidadania-e-de-olho-aberto\\\/\",\"name\":\"SAU 3 recebe A\u00e7\u00e3o Sa\u00fade e Cidadania e De Olho Aberto - Somos o caminho que te conecta ao que mais importa!\",\"isPartOf\":{\"@id\":\"https:\\\/\\\/www.spmar.com.br\\\/web\\\/#website\"},\"primaryImageOfPage\":{\"@id\":\"https:\\\/\\\/www.spmar.com.br\\\/web\\\/sau-3-recebe-acao-saude-e-cidadania-e-de-olho-aberto\\\/#primaryimage\"},\"image\":{\"@id\":\"https:\\\/\\\/www.spmar.com.br\\\/web\\\/sau-3-recebe-acao-saude-e-cidadania-e-de-olho-aberto\\\/#primaryimage\"},\"thumbnailUrl\":\"https:\\\/\\\/www.spmar.com.br\\\/web\\\/wp-content\\\/uploads\\\/2019\\\/07\\\/DSC01529.jpg\",\"datePublished\":\"2019-07-12T20:15:23+00:00\",\"dateModified\":\"2019-07-22T20:51:37+00:00\",\"breadcrumb\":{\"@id\":\"https:\\\/\\\/www.spmar.com.br\\\/web\\\/sau-3-recebe-acao-saude-e-cidadania-e-de-olho-aberto\\\/#breadcrumb\"},\"inLanguage\":\"pt-BR\",\"potentialAction\":[{\"@type\":\"ReadAction\",\"target\":[\"https:\\\/\\\/www.spmar.com.br\\\/web\\\/sau-3-recebe-acao-saude-e-cidadania-e-de-olho-aberto\\\/\"]}]},{\"@type\":\"ImageObject\",\"inLanguage\":\"pt-BR\",\"@id\":\"https:\\\/\\\/www.spmar.com.br\\\/web\\\/sau-3-recebe-acao-saude-e-cidadania-e-de-olho-aberto\\\/#primaryimage\",\"url\":\"https:\\\/\\\/www.spmar.com.br\\\/web\\\/wp-content\\\/uploads\\\/2019\\\/07\\\/DSC01529.jpg\",\"contentUrl\":\"https:\\\/\\\/www.spmar.com.br\\\/web\\\/wp-content\\\/uploads\\\/2019\\\/07\\\/DSC01529.jpg\",\"width\":4320,\"height\":2432},{\"@type\":\"BreadcrumbList\",\"@id\":\"https:\\\/\\\/www.spmar.com.br\\\/web\\\/sau-3-recebe-acao-saude-e-cidadania-e-de-olho-aberto\\\/#breadcrumb\",\"itemListElement\":[{\"@type\":\"ListItem\",\"position\":1,\"name\":\"Home\",\"item\":\"https:\\\/\\\/www.spmar.com.br\\\/web\\\/\"},{\"@type\":\"ListItem\",\"position\":2,\"name\":\"SAU 3 recebe A\u00e7\u00e3o Sa\u00fade e Cidadania e De Olho Aberto\"}]},{\"@type\":\"WebSite\",\"@id\":\"https:\\\/\\\/www.spmar.com.br\\\/web\\\/#website\",\"url\":\"https:\\\/\\\/www.spmar.com.br\\\/web\\\/\",\"name\":\"SPMAR\",\"description\":\"A Concession\u00e1ria SPMAR atua na administra\u00e7\u00e3o dos Trechos Sul e Leste do Rodoanel Mario Covas e, com isso,\u00e9 respons\u00e1vel pela gest\u00e3o de 76% do Rodoanel Metropolitano de S\u00e3o Paulo em opera\u00e7\u00e3o.\",\"publisher\":{\"@id\":\"https:\\\/\\\/www.spmar.com.br\\\/web\\\/#organization\"},\"potentialAction\":[{\"@type\":\"SearchAction\",\"target\":{\"@type\":\"EntryPoint\",\"urlTemplate\":\"https:\\\/\\\/www.spmar.com.br\\\/web\\\/?s={search_term_string}\"},\"query-input\":{\"@type\":\"PropertyValueSpecification\",\"valueRequired\":true,\"valueName\":\"search_term_string\"}}],\"inLanguage\":\"pt-BR\"},{\"@type\":\"Organization\",\"@id\":\"https:\\\/\\\/www.spmar.com.br\\\/web\\\/#organization\",\"name\":\"Concession\u00e1ria SPMAR\",\"url\":\"https:\\\/\\\/www.spmar.com.br\\\/web\\\/\",\"logo\":{\"@type\":\"ImageObject\",\"inLanguage\":\"pt-BR\",\"@id\":\"https:\\\/\\\/www.spmar.com.br\\\/web\\\/#\\\/schema\\\/logo\\\/image\\\/\",\"url\":\"https:\\\/\\\/www.spmar.com.br\\\/web\\\/wp-content\\\/uploads\\\/2017\\\/11\\\/logo_H.jpg\",\"contentUrl\":\"https:\\\/\\\/www.spmar.com.br\\\/web\\\/wp-content\\\/uploads\\\/2017\\\/11\\\/logo_H.jpg\",\"width\":448,\"height\":97,\"caption\":\"Concession\u00e1ria SPMAR\"},\"image\":{\"@id\":\"https:\\\/\\\/www.spmar.com.br\\\/web\\\/#\\\/schema\\\/logo\\\/image\\\/\"},\"sameAs\":[\"https:\\\/\\\/www.facebook.com\\\/spmar.rodoanel\",\"https:\\\/\\\/www.linkedin.com\\\/company\\\/spmarbr\\\/\",\"https:\\\/\\\/www.instagram.com\\\/spmarbr\\\/\"]},{\"@type\":\"Person\",\"@id\":\"https:\\\/\\\/www.spmar.com.br\\\/web\\\/#\\\/schema\\\/person\\\/d197690c6bf9c79240a515310e6233b7\",\"name\":\"uid_@spmar\",\"image\":{\"@type\":\"ImageObject\",\"inLanguage\":\"pt-BR\",\"@id\":\"https:\\\/\\\/www.spmar.com.br\\\/web\\\/wp-content\\\/litespeed\\\/avatar\\\/1d9f8aa10c469a2a6a9fbe6d3ba9a648.jpg?ver=1777045609\",\"url\":\"https:\\\/\\\/www.spmar.com.br\\\/web\\\/wp-content\\\/litespeed\\\/avatar\\\/1d9f8aa10c469a2a6a9fbe6d3ba9a648.jpg?ver=1777045609\",\"contentUrl\":\"https:\\\/\\\/www.spmar.com.br\\\/web\\\/wp-content\\\/litespeed\\\/avatar\\\/1d9f8aa10c469a2a6a9fbe6d3ba9a648.jpg?ver=1777045609\",\"caption\":\"uid_@spmar\"},\"url\":\"https:\\\/\\\/www.spmar.com.br\\\/web\\\/author\\\/uid_spmar\\\/\"}]}<\/script>\n<!-- \/ Yoast SEO plugin. -->","yoast_head_json":{"title":"SAU 3 recebe A\u00e7\u00e3o Sa\u00fade e Cidadania e De Olho Aberto - Somos o caminho que te conecta ao que mais importa!","robots":{"index":"index","follow":"follow","max-snippet":"max-snippet:-1","max-image-preview":"max-image-preview:large","max-video-preview":"max-video-preview:-1"},"canonical":"https:\/\/www.spmar.com.br\/web\/sau-3-recebe-acao-saude-e-cidadania-e-de-olho-aberto\/","og_locale":"pt_BR","og_type":"article","og_title":"SAU 3 recebe A\u00e7\u00e3o Sa\u00fade e Cidadania e De Olho Aberto - Somos o caminho que te conecta ao que mais importa!","og_description":"A concession\u00e1ria SPMAR \u2013 respons\u00e1vel pelos trechos Sul e Leste do Rodoanel Mario Covas e integrante do Programa de Concess\u00f5es Rodovi\u00e1rias do Estado de S\u00e3o Paulo, gerenciado pela ARTESP (Ag\u00eancia de Transporte do Estado de S\u00e3o Paulo) \u2013 realiza neste m\u00eas de julho as a\u00e7\u00f5es Sa\u00fade e Cidadania\u00a0e\u00a0De Olho Aberto. Ambas as iniciativas refor\u00e7am os [&hellip;]","og_url":"https:\/\/www.spmar.com.br\/web\/sau-3-recebe-acao-saude-e-cidadania-e-de-olho-aberto\/","og_site_name":"Somos o caminho que te conecta ao que mais importa!","article_publisher":"https:\/\/www.facebook.com\/spmar.rodoanel","article_published_time":"2019-07-12T20:15:23+00:00","article_modified_time":"2019-07-22T20:51:37+00:00","og_image":[{"width":4320,"height":2432,"url":"https:\/\/www.spmar.com.br\/web\/wp-content\/uploads\/2019\/07\/DSC01529.jpg","type":"image\/jpeg"}],"author":"uid_@spmar","twitter_card":"summary_large_image","twitter_misc":{"Escrito por":"uid_@spmar","Est. tempo de leitura":"1 minuto"},"schema":{"@context":"https:\/\/schema.org","@graph":[{"@type":"Article","@id":"https:\/\/www.spmar.com.br\/web\/sau-3-recebe-acao-saude-e-cidadania-e-de-olho-aberto\/#article","isPartOf":{"@id":"https:\/\/www.spmar.com.br\/web\/sau-3-recebe-acao-saude-e-cidadania-e-de-olho-aberto\/"},"author":{"name":"uid_@spmar","@id":"https:\/\/www.spmar.com.br\/web\/#\/schema\/person\/d197690c6bf9c79240a515310e6233b7"},"headline":"SAU 3 recebe A\u00e7\u00e3o Sa\u00fade e Cidadania e De Olho Aberto","datePublished":"2019-07-12T20:15:23+00:00","dateModified":"2019-07-22T20:51:37+00:00","mainEntityOfPage":{"@id":"https:\/\/www.spmar.com.br\/web\/sau-3-recebe-acao-saude-e-cidadania-e-de-olho-aberto\/"},"wordCount":237,"commentCount":0,"publisher":{"@id":"https:\/\/www.spmar.com.br\/web\/#organization"},"image":{"@id":"https:\/\/www.spmar.com.br\/web\/sau-3-recebe-acao-saude-e-cidadania-e-de-olho-aberto\/#primaryimage"},"thumbnailUrl":"https:\/\/www.spmar.com.br\/web\/wp-content\/uploads\/2019\/07\/DSC01529.jpg","inLanguage":"pt-BR","potentialAction":[{"@type":"CommentAction","name":"Comment","target":["https:\/\/www.spmar.com.br\/web\/sau-3-recebe-acao-saude-e-cidadania-e-de-olho-aberto\/#respond"]}]},{"@type":"WebPage","@id":"https:\/\/www.spmar.com.br\/web\/sau-3-recebe-acao-saude-e-cidadania-e-de-olho-aberto\/","url":"https:\/\/www.spmar.com.br\/web\/sau-3-recebe-acao-saude-e-cidadania-e-de-olho-aberto\/","name":"SAU 3 recebe A\u00e7\u00e3o Sa\u00fade e Cidadania e De Olho Aberto - Somos o caminho que te conecta ao que mais importa!","isPartOf":{"@id":"https:\/\/www.spmar.com.br\/web\/#website"},"primaryImageOfPage":{"@id":"https:\/\/www.spmar.com.br\/web\/sau-3-recebe-acao-saude-e-cidadania-e-de-olho-aberto\/#primaryimage"},"image":{"@id":"https:\/\/www.spmar.com.br\/web\/sau-3-recebe-acao-saude-e-cidadania-e-de-olho-aberto\/#primaryimage"},"thumbnailUrl":"https:\/\/www.spmar.com.br\/web\/wp-content\/uploads\/2019\/07\/DSC01529.jpg","datePublished":"2019-07-12T20:15:23+00:00","dateModified":"2019-07-22T20:51:37+00:00","breadcrumb":{"@id":"https:\/\/www.spmar.com.br\/web\/sau-3-recebe-acao-saude-e-cidadania-e-de-olho-aberto\/#breadcrumb"},"inLanguage":"pt-BR","potentialAction":[{"@type":"ReadAction","target":["https:\/\/www.spmar.com.br\/web\/sau-3-recebe-acao-saude-e-cidadania-e-de-olho-aberto\/"]}]},{"@type":"ImageObject","inLanguage":"pt-BR","@id":"https:\/\/www.spmar.com.br\/web\/sau-3-recebe-acao-saude-e-cidadania-e-de-olho-aberto\/#primaryimage","url":"https:\/\/www.spmar.com.br\/web\/wp-content\/uploads\/2019\/07\/DSC01529.jpg","contentUrl":"https:\/\/www.spmar.com.br\/web\/wp-content\/uploads\/2019\/07\/DSC01529.jpg","width":4320,"height":2432},{"@type":"BreadcrumbList","@id":"https:\/\/www.spmar.com.br\/web\/sau-3-recebe-acao-saude-e-cidadania-e-de-olho-aberto\/#breadcrumb","itemListElement":[{"@type":"ListItem","position":1,"name":"Home","item":"https:\/\/www.spmar.com.br\/web\/"},{"@type":"ListItem","position":2,"name":"SAU 3 recebe A\u00e7\u00e3o Sa\u00fade e Cidadania e De Olho Aberto"}]},{"@type":"WebSite","@id":"https:\/\/www.spmar.com.br\/web\/#website","url":"https:\/\/www.spmar.com.br\/web\/","name":"SPMAR","description":"A Concession\u00e1ria SPMAR atua na administra\u00e7\u00e3o dos Trechos Sul e Leste do Rodoanel Mario Covas e, com isso,\u00e9 respons\u00e1vel pela gest\u00e3o de 76% do Rodoanel Metropolitano de S\u00e3o Paulo em opera\u00e7\u00e3o.","publisher":{"@id":"https:\/\/www.spmar.com.br\/web\/#organization"},"potentialAction":[{"@type":"SearchAction","target":{"@type":"EntryPoint","urlTemplate":"https:\/\/www.spmar.com.br\/web\/?s={search_term_string}"},"query-input":{"@type":"PropertyValueSpecification","valueRequired":true,"valueName":"search_term_string"}}],"inLanguage":"pt-BR"},{"@type":"Organization","@id":"https:\/\/www.spmar.com.br\/web\/#organization","name":"Concession\u00e1ria SPMAR","url":"https:\/\/www.spmar.com.br\/web\/","logo":{"@type":"ImageObject","inLanguage":"pt-BR","@id":"https:\/\/www.spmar.com.br\/web\/#\/schema\/logo\/image\/","url":"https:\/\/www.spmar.com.br\/web\/wp-content\/uploads\/2017\/11\/logo_H.jpg","contentUrl":"https:\/\/www.spmar.com.br\/web\/wp-content\/uploads\/2017\/11\/logo_H.jpg","width":448,"height":97,"caption":"Concession\u00e1ria SPMAR"},"image":{"@id":"https:\/\/www.spmar.com.br\/web\/#\/schema\/logo\/image\/"},"sameAs":["https:\/\/www.facebook.com\/spmar.rodoanel","https:\/\/www.linkedin.com\/company\/spmarbr\/","https:\/\/www.instagram.com\/spmarbr\/"]},{"@type":"Person","@id":"https:\/\/www.spmar.com.br\/web\/#\/schema\/person\/d197690c6bf9c79240a515310e6233b7","name":"uid_@spmar","image":{"@type":"ImageObject","inLanguage":"pt-BR","@id":"https:\/\/www.spmar.com.br\/web\/wp-content\/litespeed\/avatar\/1d9f8aa10c469a2a6a9fbe6d3ba9a648.jpg?ver=1777045609","url":"https:\/\/www.spmar.com.br\/web\/wp-content\/litespeed\/avatar\/1d9f8aa10c469a2a6a9fbe6d3ba9a648.jpg?ver=1777045609","contentUrl":"https:\/\/www.spmar.com.br\/web\/wp-content\/litespeed\/avatar\/1d9f8aa10c469a2a6a9fbe6d3ba9a648.jpg?ver=1777045609","caption":"uid_@spmar"},"url":"https:\/\/www.spmar.com.br\/web\/author\/uid_spmar\/"}]}},"jetpack_featured_media_url":"https:\/\/www.spmar.com.br\/web\/wp-content\/uploads\/2019\/07\/DSC01529.jpg","jetpack_sharing_enabled":true,"_links":{"self":[{"href":"https:\/\/www.spmar.com.br\/web\/wp-json\/wp\/v2\/posts\/1616","targetHints":{"allow":["GET"]}}],"collection":[{"href":"https:\/\/www.spmar.com.br\/web\/wp-json\/wp\/v2\/posts"}],"about":[{"href":"https:\/\/www.spmar.com.br\/web\/wp-json\/wp\/v2\/types\/post"}],"author":[{"embeddable":true,"href":"https:\/\/www.spmar.com.br\/web\/wp-json\/wp\/v2\/users\/1"}],"replies":[{"embeddable":true,"href":"https:\/\/www.spmar.com.br\/web\/wp-json\/wp\/v2\/comments?post=1616"}],"version-history":[{"count":4,"href":"https:\/\/www.spmar.com.br\/web\/wp-json\/wp\/v2\/posts\/1616\/revisions"}],"predecessor-version":[{"id":1624,"href":"https:\/\/www.spmar.com.br\/web\/wp-json\/wp\/v2\/posts\/1616\/revisions\/1624"}],"wp:featuredmedia":[{"embeddable":true,"href":"https:\/\/www.spmar.com.br\/web\/wp-json\/wp\/v2\/media\/1621"}],"wp:attachment":[{"href":"https:\/\/www.spmar.com.br\/web\/wp-json\/wp\/v2\/media?parent=1616"}],"wp:term":[{"taxonomy":"category","embeddable":true,"href":"https:\/\/www.spmar.com.br\/web\/wp-json\/wp\/v2\/categories?post=1616"},{"taxonomy":"post_tag","embeddable":true,"href":"https:\/\/www.spmar.com.br\/web\/wp-json\/wp\/v2\/tags?post=1616"}],"curies":[{"name":"wp","href":"https:\/\/api.w.org\/{rel}","templated":true}]}}