{"id":1605,"date":"2019-06-27T11:42:44","date_gmt":"2019-06-27T14:42:44","guid":{"rendered":"https:\/\/www.spmar.com.br\/web\/?p=1605"},"modified":"2019-07-10T11:50:20","modified_gmt":"2019-07-10T14:50:20","slug":"spmar-reforca-atencao-para-queimadas-e-neblinas","status":"publish","type":"post","link":"https:\/\/www.spmar.com.br\/web\/spmar-reforca-atencao-para-queimadas-e-neblinas\/","title":{"rendered":"SPMAR refor\u00e7a aten\u00e7\u00e3o para queimadas e neblinas"},"content":{"rendered":"<p>Este per\u00edodo do ano, especialmente em raz\u00e3o da queda de temperatura, \u00e9 mais propenso ao ac\u00famulo de vapor d\u2019\u00e1gua pr\u00f3ximo ao solo e, consequentemente, forma\u00e7\u00e3o de neblina. O fato dos trechos Sul e Leste do Rodoanel Mario Covas estarem pr\u00f3ximos a serra do mar potencializa o surgimento deste fen\u00f4meno natural, exigindo dos motoristas a maior aten\u00e7\u00e3o poss\u00edvel nas estradas.<\/p>\n<p>Dentro do Programa de Concess\u00f5es Rodovi\u00e1rias da Ag\u00eancia de Transporte do Estado de S\u00e3o Paulo (ARTESP) a concession\u00e1ria SPMAR refor\u00e7a aos motoristas a necessidade de redobrar a ate27n\u00e7\u00e3o nas estradas e, no caso da haver neblina.<\/p>\n<p>Por\u00e9m, a preocupa\u00e7\u00e3o tamb\u00e9m abrange outro fen\u00f4menos frequente nessas \u00e9pocas, as queimadas. Muitas delas, causadas por bitucas de cigarros lan\u00e7adas na via. O que muitos motoristas n\u00e3o sabem \u00e9 que provocar inc\u00eandio por irresponsabilidade \u00e9 crime ambiental, pass\u00edvel de multa e at\u00e9 pris\u00e3o, no caso de flagrante.<\/p>\n<p>\u201cNormalmente qualquer descuido na dire\u00e7\u00e3o pode causar acidente, ainda mais quando o campo de vis\u00e3o \u00e9 reduzido, seja pela neblina ou pela fuma\u00e7a das queimadas. Diante disso, \u00e9 fundamental que os motoristas se conscientizem dos perigos e dirijam com total aten\u00e7\u00e3o\u201d, afirma Marcos Fonseca, diretor executivo da SPMAR.<\/p>\n<p><strong>\u00a0<\/strong>Vale refor\u00e7ar, que os pain\u00e9is de mensagens ao longo da rodovia informam aos motoristas sobre a incid\u00eancia de neblina e os cuidados que devem tomar para trafegar com seguran\u00e7a.<\/p>\n<p>Os pontos com maior probabilidade de forma\u00e7\u00e3o de neblina est\u00e3o nas regi\u00f5es das represas Guarapiranga e Billings e pr\u00f3ximos \u00e0s v\u00e1rzeas dos rios Tiet\u00ea e Guai\u00f3:<\/p>\n<p>&nbsp;<\/p>\n<p><strong>Trecho Sul<\/strong><\/p>\n<p>&#8211; Do km 47 ao km 50, em S\u00e3o Paulo;<br \/>\n&#8211; Do km 62 ao km 86, em S\u00e3o Bernardo do Campo, Santo Andr\u00e9 e Ribeir\u00e3o Pires.<\/p>\n<p>&nbsp;<\/p>\n<p><strong>Trecho Leste<\/strong><\/p>\n<p>&#8211; Do km 86 ao km 90, em Ribeir\u00e3o Pires;<br \/>\n&#8211; Do km 95 ao km 100, em Ribeir\u00e3o Pires, Mau\u00e1 e Suzano;<br \/>\n&#8211; Do km 110 ao km 121, em Suzano, Po\u00e1 e Itaquaquecetuba.<\/p>\n<p>&nbsp;<\/p>\n<p><strong>\u00a0<\/strong><strong>Atendimento ao Motorista<\/strong><\/p>\n<p>Integrante do Programa de Concess\u00f5es Rodovi\u00e1rias do Estado de S\u00e3o Paulo, gerenciado pela ARTESP (Ag\u00eancia de Transporte do Estado de S\u00e3o Paulo), a SPMAR disponibiliza canais de comunica\u00e7\u00e3o ao motorista que tiver alguma d\u00favida ou precisar de atendimento na via. O contato pode ser feito pelo telefone 0800 774 88 77 ou por meio dos 192 telefones de emerg\u00eancias situados a cada quil\u00f4metro da rodovia. Estes servi\u00e7os s\u00e3o gratuitos e com funcionamento ininterrupto. Os usu\u00e1rios do Rodoanel tamb\u00e9m contam com quatro unidades do SAU (Servi\u00e7o de Atendimento ao Usu\u00e1rio), localizados nos quil\u00f4metros 41, 68, 102 e 121 para fazer uma pausa em sua viagem ou solicitar algum tipo de informa\u00e7\u00e3o ou atendimento. Os locais est\u00e3o equipados com banheiros, frald\u00e1rios e sala de espera com caf\u00e9 e \u00e1gua.<\/p>\n","protected":false},"excerpt":{"rendered":"<p>Este per\u00edodo do ano, especialmente em raz\u00e3o da queda de temperatura, \u00e9 mais propenso ao ac\u00famulo de vapor d\u2019\u00e1gua pr\u00f3ximo ao solo e, consequentemente, forma\u00e7\u00e3o de neblina. O fato dos trechos Sul e Leste do Rodoanel Mario Covas estarem pr\u00f3ximos a serra do mar potencializa o surgimento deste fen\u00f4meno natural, exigindo dos motoristas a maior [&hellip;]<\/p>\n","protected":false},"author":1,"featured_media":1243,"comment_status":"open","ping_status":"open","sticky":false,"template":"","format":"standard","meta":{"_acf_changed":false,"inline_featured_image":false,"_jetpack_memberships_contains_paid_content":false,"footnotes":""},"categories":[1],"tags":[],"class_list":["post-1605","post","type-post","status-publish","format-standard","has-post-thumbnail","hentry","category-sem-categoria"],"acf":[],"yoast_head":"<!-- This site is optimized with the Yoast SEO plugin v27.4 - https:\/\/yoast.com\/product\/yoast-seo-wordpress\/ -->\n<title>SPMAR refor\u00e7a aten\u00e7\u00e3o para queimadas e neblinas - Somos o caminho que te conecta ao que mais importa!<\/title>\n<meta name=\"robots\" content=\"index, follow, max-snippet:-1, max-image-preview:large, max-video-preview:-1\" \/>\n<link rel=\"canonical\" href=\"https:\/\/www.spmar.com.br\/web\/spmar-reforca-atencao-para-queimadas-e-neblinas\/\" \/>\n<meta property=\"og:locale\" content=\"pt_BR\" \/>\n<meta property=\"og:type\" content=\"article\" \/>\n<meta property=\"og:title\" content=\"SPMAR refor\u00e7a aten\u00e7\u00e3o para queimadas e neblinas - Somos o caminho que te conecta ao que mais importa!\" \/>\n<meta property=\"og:description\" content=\"Este per\u00edodo do ano, especialmente em raz\u00e3o da queda de temperatura, \u00e9 mais propenso ao ac\u00famulo de vapor d\u2019\u00e1gua pr\u00f3ximo ao solo e, consequentemente, forma\u00e7\u00e3o de neblina. O fato dos trechos Sul e Leste do Rodoanel Mario Covas estarem pr\u00f3ximos a serra do mar potencializa o surgimento deste fen\u00f4meno natural, exigindo dos motoristas a maior [&hellip;]\" \/>\n<meta property=\"og:url\" content=\"https:\/\/www.spmar.com.br\/web\/spmar-reforca-atencao-para-queimadas-e-neblinas\/\" \/>\n<meta property=\"og:site_name\" content=\"Somos o caminho que te conecta ao que mais importa!\" \/>\n<meta property=\"article:publisher\" content=\"https:\/\/www.facebook.com\/spmar.rodoanel\" \/>\n<meta property=\"article:published_time\" content=\"2019-06-27T14:42:44+00:00\" \/>\n<meta property=\"article:modified_time\" content=\"2019-07-10T14:50:20+00:00\" \/>\n<meta property=\"og:image\" content=\"https:\/\/www.spmar.com.br\/web\/wp-content\/uploads\/2018\/08\/SPMAR_logo_990x389.png\" \/>\n\t<meta property=\"og:image:width\" content=\"990\" \/>\n\t<meta property=\"og:image:height\" content=\"389\" \/>\n\t<meta property=\"og:image:type\" content=\"image\/png\" \/>\n<meta name=\"author\" content=\"uid_@spmar\" \/>\n<meta name=\"twitter:card\" content=\"summary_large_image\" \/>\n<meta name=\"twitter:label1\" content=\"Escrito por\" \/>\n\t<meta name=\"twitter:data1\" content=\"uid_@spmar\" \/>\n\t<meta name=\"twitter:label2\" content=\"Est. tempo de leitura\" \/>\n\t<meta name=\"twitter:data2\" content=\"2 minutos\" \/>\n<script type=\"application\/ld+json\" class=\"yoast-schema-graph\">{\"@context\":\"https:\\\/\\\/schema.org\",\"@graph\":[{\"@type\":\"Article\",\"@id\":\"https:\\\/\\\/www.spmar.com.br\\\/web\\\/spmar-reforca-atencao-para-queimadas-e-neblinas\\\/#article\",\"isPartOf\":{\"@id\":\"https:\\\/\\\/www.spmar.com.br\\\/web\\\/spmar-reforca-atencao-para-queimadas-e-neblinas\\\/\"},\"author\":{\"name\":\"uid_@spmar\",\"@id\":\"https:\\\/\\\/www.spmar.com.br\\\/web\\\/#\\\/schema\\\/person\\\/d197690c6bf9c79240a515310e6233b7\"},\"headline\":\"SPMAR refor\u00e7a aten\u00e7\u00e3o para queimadas e neblinas\",\"datePublished\":\"2019-06-27T14:42:44+00:00\",\"dateModified\":\"2019-07-10T14:50:20+00:00\",\"mainEntityOfPage\":{\"@id\":\"https:\\\/\\\/www.spmar.com.br\\\/web\\\/spmar-reforca-atencao-para-queimadas-e-neblinas\\\/\"},\"wordCount\":493,\"commentCount\":0,\"publisher\":{\"@id\":\"https:\\\/\\\/www.spmar.com.br\\\/web\\\/#organization\"},\"image\":{\"@id\":\"https:\\\/\\\/www.spmar.com.br\\\/web\\\/spmar-reforca-atencao-para-queimadas-e-neblinas\\\/#primaryimage\"},\"thumbnailUrl\":\"https:\\\/\\\/www.spmar.com.br\\\/web\\\/wp-content\\\/uploads\\\/2018\\\/08\\\/SPMAR_logo_990x389.png\",\"inLanguage\":\"pt-BR\",\"potentialAction\":[{\"@type\":\"CommentAction\",\"name\":\"Comment\",\"target\":[\"https:\\\/\\\/www.spmar.com.br\\\/web\\\/spmar-reforca-atencao-para-queimadas-e-neblinas\\\/#respond\"]}]},{\"@type\":\"WebPage\",\"@id\":\"https:\\\/\\\/www.spmar.com.br\\\/web\\\/spmar-reforca-atencao-para-queimadas-e-neblinas\\\/\",\"url\":\"https:\\\/\\\/www.spmar.com.br\\\/web\\\/spmar-reforca-atencao-para-queimadas-e-neblinas\\\/\",\"name\":\"SPMAR refor\u00e7a aten\u00e7\u00e3o para queimadas e neblinas - Somos o caminho que te conecta ao que mais importa!\",\"isPartOf\":{\"@id\":\"https:\\\/\\\/www.spmar.com.br\\\/web\\\/#website\"},\"primaryImageOfPage\":{\"@id\":\"https:\\\/\\\/www.spmar.com.br\\\/web\\\/spmar-reforca-atencao-para-queimadas-e-neblinas\\\/#primaryimage\"},\"image\":{\"@id\":\"https:\\\/\\\/www.spmar.com.br\\\/web\\\/spmar-reforca-atencao-para-queimadas-e-neblinas\\\/#primaryimage\"},\"thumbnailUrl\":\"https:\\\/\\\/www.spmar.com.br\\\/web\\\/wp-content\\\/uploads\\\/2018\\\/08\\\/SPMAR_logo_990x389.png\",\"datePublished\":\"2019-06-27T14:42:44+00:00\",\"dateModified\":\"2019-07-10T14:50:20+00:00\",\"breadcrumb\":{\"@id\":\"https:\\\/\\\/www.spmar.com.br\\\/web\\\/spmar-reforca-atencao-para-queimadas-e-neblinas\\\/#breadcrumb\"},\"inLanguage\":\"pt-BR\",\"potentialAction\":[{\"@type\":\"ReadAction\",\"target\":[\"https:\\\/\\\/www.spmar.com.br\\\/web\\\/spmar-reforca-atencao-para-queimadas-e-neblinas\\\/\"]}]},{\"@type\":\"ImageObject\",\"inLanguage\":\"pt-BR\",\"@id\":\"https:\\\/\\\/www.spmar.com.br\\\/web\\\/spmar-reforca-atencao-para-queimadas-e-neblinas\\\/#primaryimage\",\"url\":\"https:\\\/\\\/www.spmar.com.br\\\/web\\\/wp-content\\\/uploads\\\/2018\\\/08\\\/SPMAR_logo_990x389.png\",\"contentUrl\":\"https:\\\/\\\/www.spmar.com.br\\\/web\\\/wp-content\\\/uploads\\\/2018\\\/08\\\/SPMAR_logo_990x389.png\",\"width\":990,\"height\":389},{\"@type\":\"BreadcrumbList\",\"@id\":\"https:\\\/\\\/www.spmar.com.br\\\/web\\\/spmar-reforca-atencao-para-queimadas-e-neblinas\\\/#breadcrumb\",\"itemListElement\":[{\"@type\":\"ListItem\",\"position\":1,\"name\":\"Home\",\"item\":\"https:\\\/\\\/www.spmar.com.br\\\/web\\\/\"},{\"@type\":\"ListItem\",\"position\":2,\"name\":\"SPMAR refor\u00e7a aten\u00e7\u00e3o para queimadas e neblinas\"}]},{\"@type\":\"WebSite\",\"@id\":\"https:\\\/\\\/www.spmar.com.br\\\/web\\\/#website\",\"url\":\"https:\\\/\\\/www.spmar.com.br\\\/web\\\/\",\"name\":\"SPMAR\",\"description\":\"A Concession\u00e1ria SPMAR atua na administra\u00e7\u00e3o dos Trechos Sul e Leste do Rodoanel Mario Covas e, com isso,\u00e9 respons\u00e1vel pela gest\u00e3o de 76% do Rodoanel Metropolitano de S\u00e3o Paulo em opera\u00e7\u00e3o.\",\"publisher\":{\"@id\":\"https:\\\/\\\/www.spmar.com.br\\\/web\\\/#organization\"},\"potentialAction\":[{\"@type\":\"SearchAction\",\"target\":{\"@type\":\"EntryPoint\",\"urlTemplate\":\"https:\\\/\\\/www.spmar.com.br\\\/web\\\/?s={search_term_string}\"},\"query-input\":{\"@type\":\"PropertyValueSpecification\",\"valueRequired\":true,\"valueName\":\"search_term_string\"}}],\"inLanguage\":\"pt-BR\"},{\"@type\":\"Organization\",\"@id\":\"https:\\\/\\\/www.spmar.com.br\\\/web\\\/#organization\",\"name\":\"Concession\u00e1ria SPMAR\",\"url\":\"https:\\\/\\\/www.spmar.com.br\\\/web\\\/\",\"logo\":{\"@type\":\"ImageObject\",\"inLanguage\":\"pt-BR\",\"@id\":\"https:\\\/\\\/www.spmar.com.br\\\/web\\\/#\\\/schema\\\/logo\\\/image\\\/\",\"url\":\"https:\\\/\\\/www.spmar.com.br\\\/web\\\/wp-content\\\/uploads\\\/2017\\\/11\\\/logo_H.jpg\",\"contentUrl\":\"https:\\\/\\\/www.spmar.com.br\\\/web\\\/wp-content\\\/uploads\\\/2017\\\/11\\\/logo_H.jpg\",\"width\":448,\"height\":97,\"caption\":\"Concession\u00e1ria SPMAR\"},\"image\":{\"@id\":\"https:\\\/\\\/www.spmar.com.br\\\/web\\\/#\\\/schema\\\/logo\\\/image\\\/\"},\"sameAs\":[\"https:\\\/\\\/www.facebook.com\\\/spmar.rodoanel\",\"https:\\\/\\\/www.linkedin.com\\\/company\\\/spmarbr\\\/\",\"https:\\\/\\\/www.instagram.com\\\/spmarbr\\\/\"]},{\"@type\":\"Person\",\"@id\":\"https:\\\/\\\/www.spmar.com.br\\\/web\\\/#\\\/schema\\\/person\\\/d197690c6bf9c79240a515310e6233b7\",\"name\":\"uid_@spmar\",\"image\":{\"@type\":\"ImageObject\",\"inLanguage\":\"pt-BR\",\"@id\":\"https:\\\/\\\/www.spmar.com.br\\\/web\\\/wp-content\\\/litespeed\\\/avatar\\\/1d9f8aa10c469a2a6a9fbe6d3ba9a648.jpg?ver=1777045609\",\"url\":\"https:\\\/\\\/www.spmar.com.br\\\/web\\\/wp-content\\\/litespeed\\\/avatar\\\/1d9f8aa10c469a2a6a9fbe6d3ba9a648.jpg?ver=1777045609\",\"contentUrl\":\"https:\\\/\\\/www.spmar.com.br\\\/web\\\/wp-content\\\/litespeed\\\/avatar\\\/1d9f8aa10c469a2a6a9fbe6d3ba9a648.jpg?ver=1777045609\",\"caption\":\"uid_@spmar\"},\"url\":\"https:\\\/\\\/www.spmar.com.br\\\/web\\\/author\\\/uid_spmar\\\/\"}]}<\/script>\n<!-- \/ Yoast SEO plugin. -->","yoast_head_json":{"title":"SPMAR refor\u00e7a aten\u00e7\u00e3o para queimadas e neblinas - Somos o caminho que te conecta ao que mais importa!","robots":{"index":"index","follow":"follow","max-snippet":"max-snippet:-1","max-image-preview":"max-image-preview:large","max-video-preview":"max-video-preview:-1"},"canonical":"https:\/\/www.spmar.com.br\/web\/spmar-reforca-atencao-para-queimadas-e-neblinas\/","og_locale":"pt_BR","og_type":"article","og_title":"SPMAR refor\u00e7a aten\u00e7\u00e3o para queimadas e neblinas - Somos o caminho que te conecta ao que mais importa!","og_description":"Este per\u00edodo do ano, especialmente em raz\u00e3o da queda de temperatura, \u00e9 mais propenso ao ac\u00famulo de vapor d\u2019\u00e1gua pr\u00f3ximo ao solo e, consequentemente, forma\u00e7\u00e3o de neblina. O fato dos trechos Sul e Leste do Rodoanel Mario Covas estarem pr\u00f3ximos a serra do mar potencializa o surgimento deste fen\u00f4meno natural, exigindo dos motoristas a maior [&hellip;]","og_url":"https:\/\/www.spmar.com.br\/web\/spmar-reforca-atencao-para-queimadas-e-neblinas\/","og_site_name":"Somos o caminho que te conecta ao que mais importa!","article_publisher":"https:\/\/www.facebook.com\/spmar.rodoanel","article_published_time":"2019-06-27T14:42:44+00:00","article_modified_time":"2019-07-10T14:50:20+00:00","og_image":[{"width":990,"height":389,"url":"https:\/\/www.spmar.com.br\/web\/wp-content\/uploads\/2018\/08\/SPMAR_logo_990x389.png","type":"image\/png"}],"author":"uid_@spmar","twitter_card":"summary_large_image","twitter_misc":{"Escrito por":"uid_@spmar","Est. tempo de leitura":"2 minutos"},"schema":{"@context":"https:\/\/schema.org","@graph":[{"@type":"Article","@id":"https:\/\/www.spmar.com.br\/web\/spmar-reforca-atencao-para-queimadas-e-neblinas\/#article","isPartOf":{"@id":"https:\/\/www.spmar.com.br\/web\/spmar-reforca-atencao-para-queimadas-e-neblinas\/"},"author":{"name":"uid_@spmar","@id":"https:\/\/www.spmar.com.br\/web\/#\/schema\/person\/d197690c6bf9c79240a515310e6233b7"},"headline":"SPMAR refor\u00e7a aten\u00e7\u00e3o para queimadas e neblinas","datePublished":"2019-06-27T14:42:44+00:00","dateModified":"2019-07-10T14:50:20+00:00","mainEntityOfPage":{"@id":"https:\/\/www.spmar.com.br\/web\/spmar-reforca-atencao-para-queimadas-e-neblinas\/"},"wordCount":493,"commentCount":0,"publisher":{"@id":"https:\/\/www.spmar.com.br\/web\/#organization"},"image":{"@id":"https:\/\/www.spmar.com.br\/web\/spmar-reforca-atencao-para-queimadas-e-neblinas\/#primaryimage"},"thumbnailUrl":"https:\/\/www.spmar.com.br\/web\/wp-content\/uploads\/2018\/08\/SPMAR_logo_990x389.png","inLanguage":"pt-BR","potentialAction":[{"@type":"CommentAction","name":"Comment","target":["https:\/\/www.spmar.com.br\/web\/spmar-reforca-atencao-para-queimadas-e-neblinas\/#respond"]}]},{"@type":"WebPage","@id":"https:\/\/www.spmar.com.br\/web\/spmar-reforca-atencao-para-queimadas-e-neblinas\/","url":"https:\/\/www.spmar.com.br\/web\/spmar-reforca-atencao-para-queimadas-e-neblinas\/","name":"SPMAR refor\u00e7a aten\u00e7\u00e3o para queimadas e neblinas - Somos o caminho que te conecta ao que mais importa!","isPartOf":{"@id":"https:\/\/www.spmar.com.br\/web\/#website"},"primaryImageOfPage":{"@id":"https:\/\/www.spmar.com.br\/web\/spmar-reforca-atencao-para-queimadas-e-neblinas\/#primaryimage"},"image":{"@id":"https:\/\/www.spmar.com.br\/web\/spmar-reforca-atencao-para-queimadas-e-neblinas\/#primaryimage"},"thumbnailUrl":"https:\/\/www.spmar.com.br\/web\/wp-content\/uploads\/2018\/08\/SPMAR_logo_990x389.png","datePublished":"2019-06-27T14:42:44+00:00","dateModified":"2019-07-10T14:50:20+00:00","breadcrumb":{"@id":"https:\/\/www.spmar.com.br\/web\/spmar-reforca-atencao-para-queimadas-e-neblinas\/#breadcrumb"},"inLanguage":"pt-BR","potentialAction":[{"@type":"ReadAction","target":["https:\/\/www.spmar.com.br\/web\/spmar-reforca-atencao-para-queimadas-e-neblinas\/"]}]},{"@type":"ImageObject","inLanguage":"pt-BR","@id":"https:\/\/www.spmar.com.br\/web\/spmar-reforca-atencao-para-queimadas-e-neblinas\/#primaryimage","url":"https:\/\/www.spmar.com.br\/web\/wp-content\/uploads\/2018\/08\/SPMAR_logo_990x389.png","contentUrl":"https:\/\/www.spmar.com.br\/web\/wp-content\/uploads\/2018\/08\/SPMAR_logo_990x389.png","width":990,"height":389},{"@type":"BreadcrumbList","@id":"https:\/\/www.spmar.com.br\/web\/spmar-reforca-atencao-para-queimadas-e-neblinas\/#breadcrumb","itemListElement":[{"@type":"ListItem","position":1,"name":"Home","item":"https:\/\/www.spmar.com.br\/web\/"},{"@type":"ListItem","position":2,"name":"SPMAR refor\u00e7a aten\u00e7\u00e3o para queimadas e neblinas"}]},{"@type":"WebSite","@id":"https:\/\/www.spmar.com.br\/web\/#website","url":"https:\/\/www.spmar.com.br\/web\/","name":"SPMAR","description":"A Concession\u00e1ria SPMAR atua na administra\u00e7\u00e3o dos Trechos Sul e Leste do Rodoanel Mario Covas e, com isso,\u00e9 respons\u00e1vel pela gest\u00e3o de 76% do Rodoanel Metropolitano de S\u00e3o Paulo em opera\u00e7\u00e3o.","publisher":{"@id":"https:\/\/www.spmar.com.br\/web\/#organization"},"potentialAction":[{"@type":"SearchAction","target":{"@type":"EntryPoint","urlTemplate":"https:\/\/www.spmar.com.br\/web\/?s={search_term_string}"},"query-input":{"@type":"PropertyValueSpecification","valueRequired":true,"valueName":"search_term_string"}}],"inLanguage":"pt-BR"},{"@type":"Organization","@id":"https:\/\/www.spmar.com.br\/web\/#organization","name":"Concession\u00e1ria SPMAR","url":"https:\/\/www.spmar.com.br\/web\/","logo":{"@type":"ImageObject","inLanguage":"pt-BR","@id":"https:\/\/www.spmar.com.br\/web\/#\/schema\/logo\/image\/","url":"https:\/\/www.spmar.com.br\/web\/wp-content\/uploads\/2017\/11\/logo_H.jpg","contentUrl":"https:\/\/www.spmar.com.br\/web\/wp-content\/uploads\/2017\/11\/logo_H.jpg","width":448,"height":97,"caption":"Concession\u00e1ria SPMAR"},"image":{"@id":"https:\/\/www.spmar.com.br\/web\/#\/schema\/logo\/image\/"},"sameAs":["https:\/\/www.facebook.com\/spmar.rodoanel","https:\/\/www.linkedin.com\/company\/spmarbr\/","https:\/\/www.instagram.com\/spmarbr\/"]},{"@type":"Person","@id":"https:\/\/www.spmar.com.br\/web\/#\/schema\/person\/d197690c6bf9c79240a515310e6233b7","name":"uid_@spmar","image":{"@type":"ImageObject","inLanguage":"pt-BR","@id":"https:\/\/www.spmar.com.br\/web\/wp-content\/litespeed\/avatar\/1d9f8aa10c469a2a6a9fbe6d3ba9a648.jpg?ver=1777045609","url":"https:\/\/www.spmar.com.br\/web\/wp-content\/litespeed\/avatar\/1d9f8aa10c469a2a6a9fbe6d3ba9a648.jpg?ver=1777045609","contentUrl":"https:\/\/www.spmar.com.br\/web\/wp-content\/litespeed\/avatar\/1d9f8aa10c469a2a6a9fbe6d3ba9a648.jpg?ver=1777045609","caption":"uid_@spmar"},"url":"https:\/\/www.spmar.com.br\/web\/author\/uid_spmar\/"}]}},"jetpack_featured_media_url":"https:\/\/www.spmar.com.br\/web\/wp-content\/uploads\/2018\/08\/SPMAR_logo_990x389.png","jetpack_sharing_enabled":true,"_links":{"self":[{"href":"https:\/\/www.spmar.com.br\/web\/wp-json\/wp\/v2\/posts\/1605","targetHints":{"allow":["GET"]}}],"collection":[{"href":"https:\/\/www.spmar.com.br\/web\/wp-json\/wp\/v2\/posts"}],"about":[{"href":"https:\/\/www.spmar.com.br\/web\/wp-json\/wp\/v2\/types\/post"}],"author":[{"embeddable":true,"href":"https:\/\/www.spmar.com.br\/web\/wp-json\/wp\/v2\/users\/1"}],"replies":[{"embeddable":true,"href":"https:\/\/www.spmar.com.br\/web\/wp-json\/wp\/v2\/comments?post=1605"}],"version-history":[{"count":1,"href":"https:\/\/www.spmar.com.br\/web\/wp-json\/wp\/v2\/posts\/1605\/revisions"}],"predecessor-version":[{"id":1606,"href":"https:\/\/www.spmar.com.br\/web\/wp-json\/wp\/v2\/posts\/1605\/revisions\/1606"}],"wp:featuredmedia":[{"embeddable":true,"href":"https:\/\/www.spmar.com.br\/web\/wp-json\/wp\/v2\/media\/1243"}],"wp:attachment":[{"href":"https:\/\/www.spmar.com.br\/web\/wp-json\/wp\/v2\/media?parent=1605"}],"wp:term":[{"taxonomy":"category","embeddable":true,"href":"https:\/\/www.spmar.com.br\/web\/wp-json\/wp\/v2\/categories?post=1605"},{"taxonomy":"post_tag","embeddable":true,"href":"https:\/\/www.spmar.com.br\/web\/wp-json\/wp\/v2\/tags?post=1605"}],"curies":[{"name":"wp","href":"https:\/\/api.w.org\/{rel}","templated":true}]}}