{"id":1443,"date":"2019-05-09T12:37:55","date_gmt":"2019-05-09T15:37:55","guid":{"rendered":"https:\/\/www.spmar.com.br\/web\/?p=1443"},"modified":"2019-05-09T13:57:34","modified_gmt":"2019-05-09T16:57:34","slug":"spmar-promove-acoes-para-celebrar-o-maio-amarelo","status":"publish","type":"post","link":"https:\/\/www.spmar.com.br\/web\/spmar-promove-acoes-para-celebrar-o-maio-amarelo\/","title":{"rendered":"SPMAR promove a\u00e7\u00f5es para celebrar o Maio Amarelo"},"content":{"rendered":"<p>Pelo sexto ano consecutivo, a Concession\u00e1ria realizar\u00e1 eventos de seguran\u00e7a no tr\u00e2nsito.<\/p>\n<p>Em apoio \u00e0\u00a0<a href=\"https:\/\/mobilidadesampa.com.br\/2019\/04\/no-transito-o-sentido-e-a-vida-e-o-tema-da-campanha-maio-amarelo-2019\/\">campanha<\/a>\u00a0Maio Amarelo, \u201c<strong>No tr\u00e2nsito, o sentido \u00e9 a vida<\/strong>\u201c, a concession\u00e1ria SPMAR, respons\u00e1vel pela administra\u00e7\u00e3o dos Trechos Sul e Leste do Rodoanel, prepara em parceria com a Ag\u00eancia de Transportes do Estado de S\u00e3o Paulo uma s\u00e9rie de a\u00e7\u00f5es que visam alertar o motorista a respeito dos cuidados ao dirigir.<\/p>\n<p>O Maio Amarelo \u00e9 embasado no documento da Organiza\u00e7\u00e3o das Na\u00e7\u00f5es Unidas que definiu o per\u00edodo de 2011 a 2020 como a \u201cD\u00e9cada de A\u00e7\u00f5es para a Seguran\u00e7a no Tr\u00e2nsito\u201d, tendo como objetivo conscientizar a sociedade para a redu\u00e7\u00e3o de acidentes e um tr\u00e2nsito mais seguro.<\/p>\n<p><em>\u201cA grande maioria das mortes nas rodovias est\u00e1 diretamente ligada \u00e0 imprud\u00eancia dos motoristas, que desrespeitam a sinaliza\u00e7\u00e3o e n\u00e3o realizam de forma correta a manuten\u00e7\u00e3o dos ve\u00edculos. Desde o in\u00edcio da concess\u00e3o, a SPMAR busca desenvolver um trabalho constante de comunica\u00e7\u00e3o com os usu\u00e1rios dos trechos Sul e Leste do Rodoanel, com o principal foco de prevenir acidentes\u201d<\/em>, afirma Marcos Fonseca, Diretor Executivo da SPMAR.<\/p>\n<p>Os resultados de todos esses esfor\u00e7os n\u00e3o tardaram a aparecer. Nos \u00faltimos dois anos, enquanto o fluxo de ve\u00edculos nos trechos sob concess\u00e3o da SPMAR registrou um aumentou de 3,6%, o n\u00famero de acidentes fatais no mesmo per\u00edodo sofreu uma redu\u00e7\u00e3o de 5%.<\/p>\n<p>&nbsp;<\/p>\n<h3><strong>A\u00e7\u00e3o com motorista<\/strong><\/h3>\n<p>Em parceria com a Ag\u00eancia de Transportes do Estado de S\u00e3o Paulo e dentro da campanha do Maio Amarelo, a SPMAR realizar\u00e1\u00a0<strong>entre os dias 8 e 30 de maio<\/strong>\u00a0diversas a\u00e7\u00f5es. Entre elas, est\u00e3o:<\/p>\n<p><strong>Dia 9 de maio<\/strong>\u00a0\u2013 A\u00e7\u00e3o Sa\u00fade e Cidadania \u2013 Servi\u00e7o de Atendimento ao Usu\u00e1rio 1<br \/>\nDicas sobre cuidados ao dirigir com material educativo, pesquisa e Triagem B\u00e1sica de Sa\u00fade.<\/p>\n<p><strong>Dia 10 de maio<\/strong>\u00a0\u2013 A\u00e7\u00e3o de Olho Aberto \u2013 Servi\u00e7o de Atendimento ao Usu\u00e1rio 1<br \/>\nDicas sobre cuidados ao dirigir com material educativo.<\/p>\n<p><strong>Dia 15 de maio<\/strong>\u00a0\u2013 SPMAR Educa \u2013 Instituto A Casa do Jardim<br \/>\nA\u00e7\u00e3o educativa com crian\u00e7as sobre o tema Maio Amarelo 2019.<\/p>\n<p><strong>Dia 21 de maio<\/strong>\u00a0\u2013 SPMAR com a Comunidade \u2013 Parque do Rizzo (Embu das Artes)<br \/>\nDicas sobre cuidados ao dirigir, material educativo, pesquisa.<\/p>\n<p><strong>Dia 23 de maio<\/strong>\u00a0\u2013 A\u00e7\u00e3o Sa\u00fade e Cidadania \u2013 Servi\u00e7o de Atendimento ao Usu\u00e1rio 2<br \/>\nDicas sobre cuidados ao dirigir com material educativo, pesquisa e Triagem B\u00e1sica de Sa\u00fade.<\/p>\n<p><strong>Dia 24 de maio<\/strong>\u00a0\u2013 A\u00e7\u00e3o de Olho Aberto \u2013 Servi\u00e7o de Atendimento ao Usu\u00e1rio 2<br \/>\nDicas sobre cuidados ao dirigir com material educativo.<\/p>\n<p>&nbsp;<\/p>\n<p>O motorista que tiver alguma d\u00favida ou precisar de atendimento nos trechos Sul e Leste do Rodoanel pode entrar em contato com a SPMAR pelo telefone 0800 774 88 77 ou por meio dos 192 telefones de emerg\u00eancias situados a cada quil\u00f4metro da rodovia. Estes servi\u00e7os s\u00e3o gratuitos e com funcionamento ininterrupto.<\/p>\n","protected":false},"excerpt":{"rendered":"<p>Pelo sexto ano consecutivo, a Concession\u00e1ria realizar\u00e1 eventos de seguran\u00e7a no tr\u00e2nsito. Em apoio \u00e0\u00a0campanha\u00a0Maio Amarelo, \u201cNo tr\u00e2nsito, o sentido \u00e9 a vida\u201c, a concession\u00e1ria SPMAR, respons\u00e1vel pela administra\u00e7\u00e3o dos Trechos Sul e Leste do Rodoanel, prepara em parceria com a Ag\u00eancia de Transportes do Estado de S\u00e3o Paulo uma s\u00e9rie de a\u00e7\u00f5es que visam [&hellip;]<\/p>\n","protected":false},"author":1,"featured_media":1444,"comment_status":"open","ping_status":"open","sticky":false,"template":"","format":"standard","meta":{"_acf_changed":false,"inline_featured_image":false,"_jetpack_memberships_contains_paid_content":false,"footnotes":""},"categories":[1],"tags":[],"class_list":["post-1443","post","type-post","status-publish","format-standard","has-post-thumbnail","hentry","category-sem-categoria"],"acf":[],"yoast_head":"<!-- This site is optimized with the Yoast SEO plugin v27.4 - https:\/\/yoast.com\/product\/yoast-seo-wordpress\/ -->\n<title>SPMAR promove a\u00e7\u00f5es para celebrar o Maio Amarelo - Somos o caminho que te conecta ao que mais importa!<\/title>\n<meta name=\"robots\" content=\"index, follow, max-snippet:-1, max-image-preview:large, max-video-preview:-1\" \/>\n<link rel=\"canonical\" href=\"https:\/\/www.spmar.com.br\/web\/spmar-promove-acoes-para-celebrar-o-maio-amarelo\/\" \/>\n<meta property=\"og:locale\" content=\"pt_BR\" \/>\n<meta property=\"og:type\" content=\"article\" \/>\n<meta property=\"og:title\" content=\"SPMAR promove a\u00e7\u00f5es para celebrar o Maio Amarelo - Somos o caminho que te conecta ao que mais importa!\" \/>\n<meta property=\"og:description\" content=\"Pelo sexto ano consecutivo, a Concession\u00e1ria realizar\u00e1 eventos de seguran\u00e7a no tr\u00e2nsito. Em apoio \u00e0\u00a0campanha\u00a0Maio Amarelo, \u201cNo tr\u00e2nsito, o sentido \u00e9 a vida\u201c, a concession\u00e1ria SPMAR, respons\u00e1vel pela administra\u00e7\u00e3o dos Trechos Sul e Leste do Rodoanel, prepara em parceria com a Ag\u00eancia de Transportes do Estado de S\u00e3o Paulo uma s\u00e9rie de a\u00e7\u00f5es que visam [&hellip;]\" \/>\n<meta property=\"og:url\" content=\"https:\/\/www.spmar.com.br\/web\/spmar-promove-acoes-para-celebrar-o-maio-amarelo\/\" \/>\n<meta property=\"og:site_name\" content=\"Somos o caminho que te conecta ao que mais importa!\" \/>\n<meta property=\"article:publisher\" content=\"https:\/\/www.facebook.com\/spmar.rodoanel\" \/>\n<meta property=\"article:published_time\" content=\"2019-05-09T15:37:55+00:00\" \/>\n<meta property=\"article:modified_time\" content=\"2019-05-09T16:57:34+00:00\" \/>\n<meta property=\"og:image\" content=\"https:\/\/www.spmar.com.br\/web\/wp-content\/uploads\/2019\/05\/Maio-Amarelo-2019-Horizontal-black-SENDINBLUE.png\" \/>\n\t<meta property=\"og:image:width\" content=\"500\" \/>\n\t<meta property=\"og:image:height\" content=\"353\" \/>\n\t<meta property=\"og:image:type\" content=\"image\/png\" \/>\n<meta name=\"author\" content=\"uid_@spmar\" \/>\n<meta name=\"twitter:card\" content=\"summary_large_image\" \/>\n<meta name=\"twitter:label1\" content=\"Escrito por\" \/>\n\t<meta name=\"twitter:data1\" content=\"uid_@spmar\" \/>\n\t<meta name=\"twitter:label2\" content=\"Est. tempo de leitura\" \/>\n\t<meta name=\"twitter:data2\" content=\"2 minutos\" \/>\n<script type=\"application\/ld+json\" class=\"yoast-schema-graph\">{\"@context\":\"https:\\\/\\\/schema.org\",\"@graph\":[{\"@type\":\"Article\",\"@id\":\"https:\\\/\\\/www.spmar.com.br\\\/web\\\/spmar-promove-acoes-para-celebrar-o-maio-amarelo\\\/#article\",\"isPartOf\":{\"@id\":\"https:\\\/\\\/www.spmar.com.br\\\/web\\\/spmar-promove-acoes-para-celebrar-o-maio-amarelo\\\/\"},\"author\":{\"name\":\"uid_@spmar\",\"@id\":\"https:\\\/\\\/www.spmar.com.br\\\/web\\\/#\\\/schema\\\/person\\\/d197690c6bf9c79240a515310e6233b7\"},\"headline\":\"SPMAR promove a\u00e7\u00f5es para celebrar o Maio Amarelo\",\"datePublished\":\"2019-05-09T15:37:55+00:00\",\"dateModified\":\"2019-05-09T16:57:34+00:00\",\"mainEntityOfPage\":{\"@id\":\"https:\\\/\\\/www.spmar.com.br\\\/web\\\/spmar-promove-acoes-para-celebrar-o-maio-amarelo\\\/\"},\"wordCount\":505,\"commentCount\":0,\"publisher\":{\"@id\":\"https:\\\/\\\/www.spmar.com.br\\\/web\\\/#organization\"},\"image\":{\"@id\":\"https:\\\/\\\/www.spmar.com.br\\\/web\\\/spmar-promove-acoes-para-celebrar-o-maio-amarelo\\\/#primaryimage\"},\"thumbnailUrl\":\"https:\\\/\\\/www.spmar.com.br\\\/web\\\/wp-content\\\/uploads\\\/2019\\\/05\\\/Maio-Amarelo-2019-Horizontal-black-SENDINBLUE.png\",\"inLanguage\":\"pt-BR\",\"potentialAction\":[{\"@type\":\"CommentAction\",\"name\":\"Comment\",\"target\":[\"https:\\\/\\\/www.spmar.com.br\\\/web\\\/spmar-promove-acoes-para-celebrar-o-maio-amarelo\\\/#respond\"]}]},{\"@type\":\"WebPage\",\"@id\":\"https:\\\/\\\/www.spmar.com.br\\\/web\\\/spmar-promove-acoes-para-celebrar-o-maio-amarelo\\\/\",\"url\":\"https:\\\/\\\/www.spmar.com.br\\\/web\\\/spmar-promove-acoes-para-celebrar-o-maio-amarelo\\\/\",\"name\":\"SPMAR promove a\u00e7\u00f5es para celebrar o Maio Amarelo - Somos o caminho que te conecta ao que mais importa!\",\"isPartOf\":{\"@id\":\"https:\\\/\\\/www.spmar.com.br\\\/web\\\/#website\"},\"primaryImageOfPage\":{\"@id\":\"https:\\\/\\\/www.spmar.com.br\\\/web\\\/spmar-promove-acoes-para-celebrar-o-maio-amarelo\\\/#primaryimage\"},\"image\":{\"@id\":\"https:\\\/\\\/www.spmar.com.br\\\/web\\\/spmar-promove-acoes-para-celebrar-o-maio-amarelo\\\/#primaryimage\"},\"thumbnailUrl\":\"https:\\\/\\\/www.spmar.com.br\\\/web\\\/wp-content\\\/uploads\\\/2019\\\/05\\\/Maio-Amarelo-2019-Horizontal-black-SENDINBLUE.png\",\"datePublished\":\"2019-05-09T15:37:55+00:00\",\"dateModified\":\"2019-05-09T16:57:34+00:00\",\"breadcrumb\":{\"@id\":\"https:\\\/\\\/www.spmar.com.br\\\/web\\\/spmar-promove-acoes-para-celebrar-o-maio-amarelo\\\/#breadcrumb\"},\"inLanguage\":\"pt-BR\",\"potentialAction\":[{\"@type\":\"ReadAction\",\"target\":[\"https:\\\/\\\/www.spmar.com.br\\\/web\\\/spmar-promove-acoes-para-celebrar-o-maio-amarelo\\\/\"]}]},{\"@type\":\"ImageObject\",\"inLanguage\":\"pt-BR\",\"@id\":\"https:\\\/\\\/www.spmar.com.br\\\/web\\\/spmar-promove-acoes-para-celebrar-o-maio-amarelo\\\/#primaryimage\",\"url\":\"https:\\\/\\\/www.spmar.com.br\\\/web\\\/wp-content\\\/uploads\\\/2019\\\/05\\\/Maio-Amarelo-2019-Horizontal-black-SENDINBLUE.png\",\"contentUrl\":\"https:\\\/\\\/www.spmar.com.br\\\/web\\\/wp-content\\\/uploads\\\/2019\\\/05\\\/Maio-Amarelo-2019-Horizontal-black-SENDINBLUE.png\",\"width\":500,\"height\":353},{\"@type\":\"BreadcrumbList\",\"@id\":\"https:\\\/\\\/www.spmar.com.br\\\/web\\\/spmar-promove-acoes-para-celebrar-o-maio-amarelo\\\/#breadcrumb\",\"itemListElement\":[{\"@type\":\"ListItem\",\"position\":1,\"name\":\"Home\",\"item\":\"https:\\\/\\\/www.spmar.com.br\\\/web\\\/\"},{\"@type\":\"ListItem\",\"position\":2,\"name\":\"SPMAR promove a\u00e7\u00f5es para celebrar o Maio Amarelo\"}]},{\"@type\":\"WebSite\",\"@id\":\"https:\\\/\\\/www.spmar.com.br\\\/web\\\/#website\",\"url\":\"https:\\\/\\\/www.spmar.com.br\\\/web\\\/\",\"name\":\"SPMAR\",\"description\":\"A Concession\u00e1ria SPMAR atua na administra\u00e7\u00e3o dos Trechos Sul e Leste do Rodoanel Mario Covas e, com isso,\u00e9 respons\u00e1vel pela gest\u00e3o de 76% do Rodoanel Metropolitano de S\u00e3o Paulo em opera\u00e7\u00e3o.\",\"publisher\":{\"@id\":\"https:\\\/\\\/www.spmar.com.br\\\/web\\\/#organization\"},\"potentialAction\":[{\"@type\":\"SearchAction\",\"target\":{\"@type\":\"EntryPoint\",\"urlTemplate\":\"https:\\\/\\\/www.spmar.com.br\\\/web\\\/?s={search_term_string}\"},\"query-input\":{\"@type\":\"PropertyValueSpecification\",\"valueRequired\":true,\"valueName\":\"search_term_string\"}}],\"inLanguage\":\"pt-BR\"},{\"@type\":\"Organization\",\"@id\":\"https:\\\/\\\/www.spmar.com.br\\\/web\\\/#organization\",\"name\":\"Concession\u00e1ria SPMAR\",\"url\":\"https:\\\/\\\/www.spmar.com.br\\\/web\\\/\",\"logo\":{\"@type\":\"ImageObject\",\"inLanguage\":\"pt-BR\",\"@id\":\"https:\\\/\\\/www.spmar.com.br\\\/web\\\/#\\\/schema\\\/logo\\\/image\\\/\",\"url\":\"https:\\\/\\\/www.spmar.com.br\\\/web\\\/wp-content\\\/uploads\\\/2017\\\/11\\\/logo_H.jpg\",\"contentUrl\":\"https:\\\/\\\/www.spmar.com.br\\\/web\\\/wp-content\\\/uploads\\\/2017\\\/11\\\/logo_H.jpg\",\"width\":448,\"height\":97,\"caption\":\"Concession\u00e1ria SPMAR\"},\"image\":{\"@id\":\"https:\\\/\\\/www.spmar.com.br\\\/web\\\/#\\\/schema\\\/logo\\\/image\\\/\"},\"sameAs\":[\"https:\\\/\\\/www.facebook.com\\\/spmar.rodoanel\",\"https:\\\/\\\/www.linkedin.com\\\/company\\\/spmarbr\\\/\",\"https:\\\/\\\/www.instagram.com\\\/spmarbr\\\/\"]},{\"@type\":\"Person\",\"@id\":\"https:\\\/\\\/www.spmar.com.br\\\/web\\\/#\\\/schema\\\/person\\\/d197690c6bf9c79240a515310e6233b7\",\"name\":\"uid_@spmar\",\"image\":{\"@type\":\"ImageObject\",\"inLanguage\":\"pt-BR\",\"@id\":\"https:\\\/\\\/www.spmar.com.br\\\/web\\\/wp-content\\\/litespeed\\\/avatar\\\/1d9f8aa10c469a2a6a9fbe6d3ba9a648.jpg?ver=1777045609\",\"url\":\"https:\\\/\\\/www.spmar.com.br\\\/web\\\/wp-content\\\/litespeed\\\/avatar\\\/1d9f8aa10c469a2a6a9fbe6d3ba9a648.jpg?ver=1777045609\",\"contentUrl\":\"https:\\\/\\\/www.spmar.com.br\\\/web\\\/wp-content\\\/litespeed\\\/avatar\\\/1d9f8aa10c469a2a6a9fbe6d3ba9a648.jpg?ver=1777045609\",\"caption\":\"uid_@spmar\"},\"url\":\"https:\\\/\\\/www.spmar.com.br\\\/web\\\/author\\\/uid_spmar\\\/\"}]}<\/script>\n<!-- \/ Yoast SEO plugin. -->","yoast_head_json":{"title":"SPMAR promove a\u00e7\u00f5es para celebrar o Maio Amarelo - Somos o caminho que te conecta ao que mais importa!","robots":{"index":"index","follow":"follow","max-snippet":"max-snippet:-1","max-image-preview":"max-image-preview:large","max-video-preview":"max-video-preview:-1"},"canonical":"https:\/\/www.spmar.com.br\/web\/spmar-promove-acoes-para-celebrar-o-maio-amarelo\/","og_locale":"pt_BR","og_type":"article","og_title":"SPMAR promove a\u00e7\u00f5es para celebrar o Maio Amarelo - Somos o caminho que te conecta ao que mais importa!","og_description":"Pelo sexto ano consecutivo, a Concession\u00e1ria realizar\u00e1 eventos de seguran\u00e7a no tr\u00e2nsito. Em apoio \u00e0\u00a0campanha\u00a0Maio Amarelo, \u201cNo tr\u00e2nsito, o sentido \u00e9 a vida\u201c, a concession\u00e1ria SPMAR, respons\u00e1vel pela administra\u00e7\u00e3o dos Trechos Sul e Leste do Rodoanel, prepara em parceria com a Ag\u00eancia de Transportes do Estado de S\u00e3o Paulo uma s\u00e9rie de a\u00e7\u00f5es que visam [&hellip;]","og_url":"https:\/\/www.spmar.com.br\/web\/spmar-promove-acoes-para-celebrar-o-maio-amarelo\/","og_site_name":"Somos o caminho que te conecta ao que mais importa!","article_publisher":"https:\/\/www.facebook.com\/spmar.rodoanel","article_published_time":"2019-05-09T15:37:55+00:00","article_modified_time":"2019-05-09T16:57:34+00:00","og_image":[{"width":500,"height":353,"url":"https:\/\/www.spmar.com.br\/web\/wp-content\/uploads\/2019\/05\/Maio-Amarelo-2019-Horizontal-black-SENDINBLUE.png","type":"image\/png"}],"author":"uid_@spmar","twitter_card":"summary_large_image","twitter_misc":{"Escrito por":"uid_@spmar","Est. tempo de leitura":"2 minutos"},"schema":{"@context":"https:\/\/schema.org","@graph":[{"@type":"Article","@id":"https:\/\/www.spmar.com.br\/web\/spmar-promove-acoes-para-celebrar-o-maio-amarelo\/#article","isPartOf":{"@id":"https:\/\/www.spmar.com.br\/web\/spmar-promove-acoes-para-celebrar-o-maio-amarelo\/"},"author":{"name":"uid_@spmar","@id":"https:\/\/www.spmar.com.br\/web\/#\/schema\/person\/d197690c6bf9c79240a515310e6233b7"},"headline":"SPMAR promove a\u00e7\u00f5es para celebrar o Maio Amarelo","datePublished":"2019-05-09T15:37:55+00:00","dateModified":"2019-05-09T16:57:34+00:00","mainEntityOfPage":{"@id":"https:\/\/www.spmar.com.br\/web\/spmar-promove-acoes-para-celebrar-o-maio-amarelo\/"},"wordCount":505,"commentCount":0,"publisher":{"@id":"https:\/\/www.spmar.com.br\/web\/#organization"},"image":{"@id":"https:\/\/www.spmar.com.br\/web\/spmar-promove-acoes-para-celebrar-o-maio-amarelo\/#primaryimage"},"thumbnailUrl":"https:\/\/www.spmar.com.br\/web\/wp-content\/uploads\/2019\/05\/Maio-Amarelo-2019-Horizontal-black-SENDINBLUE.png","inLanguage":"pt-BR","potentialAction":[{"@type":"CommentAction","name":"Comment","target":["https:\/\/www.spmar.com.br\/web\/spmar-promove-acoes-para-celebrar-o-maio-amarelo\/#respond"]}]},{"@type":"WebPage","@id":"https:\/\/www.spmar.com.br\/web\/spmar-promove-acoes-para-celebrar-o-maio-amarelo\/","url":"https:\/\/www.spmar.com.br\/web\/spmar-promove-acoes-para-celebrar-o-maio-amarelo\/","name":"SPMAR promove a\u00e7\u00f5es para celebrar o Maio Amarelo - Somos o caminho que te conecta ao que mais importa!","isPartOf":{"@id":"https:\/\/www.spmar.com.br\/web\/#website"},"primaryImageOfPage":{"@id":"https:\/\/www.spmar.com.br\/web\/spmar-promove-acoes-para-celebrar-o-maio-amarelo\/#primaryimage"},"image":{"@id":"https:\/\/www.spmar.com.br\/web\/spmar-promove-acoes-para-celebrar-o-maio-amarelo\/#primaryimage"},"thumbnailUrl":"https:\/\/www.spmar.com.br\/web\/wp-content\/uploads\/2019\/05\/Maio-Amarelo-2019-Horizontal-black-SENDINBLUE.png","datePublished":"2019-05-09T15:37:55+00:00","dateModified":"2019-05-09T16:57:34+00:00","breadcrumb":{"@id":"https:\/\/www.spmar.com.br\/web\/spmar-promove-acoes-para-celebrar-o-maio-amarelo\/#breadcrumb"},"inLanguage":"pt-BR","potentialAction":[{"@type":"ReadAction","target":["https:\/\/www.spmar.com.br\/web\/spmar-promove-acoes-para-celebrar-o-maio-amarelo\/"]}]},{"@type":"ImageObject","inLanguage":"pt-BR","@id":"https:\/\/www.spmar.com.br\/web\/spmar-promove-acoes-para-celebrar-o-maio-amarelo\/#primaryimage","url":"https:\/\/www.spmar.com.br\/web\/wp-content\/uploads\/2019\/05\/Maio-Amarelo-2019-Horizontal-black-SENDINBLUE.png","contentUrl":"https:\/\/www.spmar.com.br\/web\/wp-content\/uploads\/2019\/05\/Maio-Amarelo-2019-Horizontal-black-SENDINBLUE.png","width":500,"height":353},{"@type":"BreadcrumbList","@id":"https:\/\/www.spmar.com.br\/web\/spmar-promove-acoes-para-celebrar-o-maio-amarelo\/#breadcrumb","itemListElement":[{"@type":"ListItem","position":1,"name":"Home","item":"https:\/\/www.spmar.com.br\/web\/"},{"@type":"ListItem","position":2,"name":"SPMAR promove a\u00e7\u00f5es para celebrar o Maio Amarelo"}]},{"@type":"WebSite","@id":"https:\/\/www.spmar.com.br\/web\/#website","url":"https:\/\/www.spmar.com.br\/web\/","name":"SPMAR","description":"A Concession\u00e1ria SPMAR atua na administra\u00e7\u00e3o dos Trechos Sul e Leste do Rodoanel Mario Covas e, com isso,\u00e9 respons\u00e1vel pela gest\u00e3o de 76% do Rodoanel Metropolitano de S\u00e3o Paulo em opera\u00e7\u00e3o.","publisher":{"@id":"https:\/\/www.spmar.com.br\/web\/#organization"},"potentialAction":[{"@type":"SearchAction","target":{"@type":"EntryPoint","urlTemplate":"https:\/\/www.spmar.com.br\/web\/?s={search_term_string}"},"query-input":{"@type":"PropertyValueSpecification","valueRequired":true,"valueName":"search_term_string"}}],"inLanguage":"pt-BR"},{"@type":"Organization","@id":"https:\/\/www.spmar.com.br\/web\/#organization","name":"Concession\u00e1ria SPMAR","url":"https:\/\/www.spmar.com.br\/web\/","logo":{"@type":"ImageObject","inLanguage":"pt-BR","@id":"https:\/\/www.spmar.com.br\/web\/#\/schema\/logo\/image\/","url":"https:\/\/www.spmar.com.br\/web\/wp-content\/uploads\/2017\/11\/logo_H.jpg","contentUrl":"https:\/\/www.spmar.com.br\/web\/wp-content\/uploads\/2017\/11\/logo_H.jpg","width":448,"height":97,"caption":"Concession\u00e1ria SPMAR"},"image":{"@id":"https:\/\/www.spmar.com.br\/web\/#\/schema\/logo\/image\/"},"sameAs":["https:\/\/www.facebook.com\/spmar.rodoanel","https:\/\/www.linkedin.com\/company\/spmarbr\/","https:\/\/www.instagram.com\/spmarbr\/"]},{"@type":"Person","@id":"https:\/\/www.spmar.com.br\/web\/#\/schema\/person\/d197690c6bf9c79240a515310e6233b7","name":"uid_@spmar","image":{"@type":"ImageObject","inLanguage":"pt-BR","@id":"https:\/\/www.spmar.com.br\/web\/wp-content\/litespeed\/avatar\/1d9f8aa10c469a2a6a9fbe6d3ba9a648.jpg?ver=1777045609","url":"https:\/\/www.spmar.com.br\/web\/wp-content\/litespeed\/avatar\/1d9f8aa10c469a2a6a9fbe6d3ba9a648.jpg?ver=1777045609","contentUrl":"https:\/\/www.spmar.com.br\/web\/wp-content\/litespeed\/avatar\/1d9f8aa10c469a2a6a9fbe6d3ba9a648.jpg?ver=1777045609","caption":"uid_@spmar"},"url":"https:\/\/www.spmar.com.br\/web\/author\/uid_spmar\/"}]}},"jetpack_featured_media_url":"https:\/\/www.spmar.com.br\/web\/wp-content\/uploads\/2019\/05\/Maio-Amarelo-2019-Horizontal-black-SENDINBLUE.png","jetpack_sharing_enabled":true,"_links":{"self":[{"href":"https:\/\/www.spmar.com.br\/web\/wp-json\/wp\/v2\/posts\/1443","targetHints":{"allow":["GET"]}}],"collection":[{"href":"https:\/\/www.spmar.com.br\/web\/wp-json\/wp\/v2\/posts"}],"about":[{"href":"https:\/\/www.spmar.com.br\/web\/wp-json\/wp\/v2\/types\/post"}],"author":[{"embeddable":true,"href":"https:\/\/www.spmar.com.br\/web\/wp-json\/wp\/v2\/users\/1"}],"replies":[{"embeddable":true,"href":"https:\/\/www.spmar.com.br\/web\/wp-json\/wp\/v2\/comments?post=1443"}],"version-history":[{"count":2,"href":"https:\/\/www.spmar.com.br\/web\/wp-json\/wp\/v2\/posts\/1443\/revisions"}],"predecessor-version":[{"id":1446,"href":"https:\/\/www.spmar.com.br\/web\/wp-json\/wp\/v2\/posts\/1443\/revisions\/1446"}],"wp:featuredmedia":[{"embeddable":true,"href":"https:\/\/www.spmar.com.br\/web\/wp-json\/wp\/v2\/media\/1444"}],"wp:attachment":[{"href":"https:\/\/www.spmar.com.br\/web\/wp-json\/wp\/v2\/media?parent=1443"}],"wp:term":[{"taxonomy":"category","embeddable":true,"href":"https:\/\/www.spmar.com.br\/web\/wp-json\/wp\/v2\/categories?post=1443"},{"taxonomy":"post_tag","embeddable":true,"href":"https:\/\/www.spmar.com.br\/web\/wp-json\/wp\/v2\/tags?post=1443"}],"curies":[{"name":"wp","href":"https:\/\/api.w.org\/{rel}","templated":true}]}}