{"id":1265,"date":"2018-09-06T17:40:51","date_gmt":"2018-09-06T20:40:51","guid":{"rendered":"https:\/\/www.spmar.com.br\/web\/?p=1265"},"modified":"2018-09-06T17:40:51","modified_gmt":"2018-09-06T20:40:51","slug":"spmar-portas-abertas-recebera-alunos-do-senac-de-taboao-da-serra","status":"publish","type":"post","link":"https:\/\/www.spmar.com.br\/web\/spmar-portas-abertas-recebera-alunos-do-senac-de-taboao-da-serra\/","title":{"rendered":"SPMAR Portas Abertas receber\u00e1 alunos do SENAC de Tabo\u00e3o da Serra"},"content":{"rendered":"<p>Para contribuir com a forma\u00e7\u00e3o de futuros profissionais da \u00e1rea de Seguran\u00e7a do Trabalho, a SPMAR, por meio da A\u00e7\u00e3o Portas Abertas, receber\u00e1 alunos do SENAC da unidade de Tabo\u00e3o da Serra para compartilhar a sua expertise e experi\u00eancias na atua\u00e7\u00e3o e cumprimento das normas no que diz respeito \u00e0 concess\u00e3o e transportes rodovi\u00e1rios.<\/p>\n<p>Pr\u00f3ximas visitas:<\/p>\n<p><strong>&#8211; 15\/09\/18 \u2013 Das 09:00h \u00e0s 12:00h<\/strong><\/p>\n<p><strong>&#8211; 22\/09\/18 \u2013 Das 09:00h \u00e0s 12:00h <\/strong><\/p>\n<p>A turma receber\u00e1 instru\u00e7\u00f5es de profissionais da \u00e1rea, al\u00e9m de visitarem as instala\u00e7\u00f5es\u00a0 eles ter\u00e3o acesso ao trabalho desenvolvido pela equipe de Seguran\u00e7a e Medicina do Trabalho e Meio Ambiente (SESMT).<\/p>\n<p>Durante a visita, participaram de palestra realizada pelo Engenheiro Jos\u00e9 Eduardo Casciano e pelo T\u00e9cnico em Seguran\u00e7a do Trabalho, Fernando Veras, que compartilharam as a\u00e7\u00f5es desenvolvidas pelo departamento, avan\u00e7os e desafios para atender os cerca de 600 colaboradores diretos e os demais prestadores de servi\u00e7os terceiros.<\/p>\n<p>Ap\u00f3s a conversa e troca de ideias, os alunos conheceram o CCO (Centro de Controle Operacional) e outros espa\u00e7os da sede administrativa, como ba\u00edas de descarte de res\u00edduos, ponto de encontro da brigada de inc\u00eandio e os recursos disponibilizados pelas ambul\u00e2ncias da S\u00e3o Francisco Resgate.<\/p>\n<p><img fetchpriority=\"high\" decoding=\"async\" class=\"size-full wp-image-1266 aligncenter\" src=\"https:\/\/www.spmar.com.br\/web\/wp-content\/uploads\/2018\/09\/imagem-noticia.jpg\" alt=\"\" width=\"640\" height=\"480\" srcset=\"https:\/\/www.spmar.com.br\/web\/wp-content\/uploads\/2018\/09\/imagem-noticia.jpg 640w, https:\/\/www.spmar.com.br\/web\/wp-content\/uploads\/2018\/09\/imagem-noticia-300x225.jpg 300w, https:\/\/www.spmar.com.br\/web\/wp-content\/uploads\/2018\/09\/imagem-noticia-211x158.jpg 211w\" sizes=\"(max-width: 640px) 100vw, 640px\" \/><\/p>\n<p>Para participar da SPMar Portas Abertas, basta\u00a0entrar em contato via e-mail com o Departamento de Comunica\u00e7\u00e3o\u00a0<a href=\"mailto:comunicacao@spmar.com.br\">comunicacao@spmar.com.br<\/a>.\u00a0 O objetivo \u00e9 enriquecer o conte\u00fado\u00a0 e promover o di\u00e1logo entre a teoria e a pr\u00e1tica de grupos de estudantes.<\/p>\n<p>&nbsp;<\/p>\n","protected":false},"excerpt":{"rendered":"<p>Para contribuir com a forma\u00e7\u00e3o de futuros profissionais da \u00e1rea de Seguran\u00e7a do Trabalho, a SPMAR, por meio da A\u00e7\u00e3o Portas Abertas, receber\u00e1 alunos do SENAC da unidade de Tabo\u00e3o da Serra para compartilhar a sua expertise e experi\u00eancias na atua\u00e7\u00e3o e cumprimento das normas no que diz respeito \u00e0 concess\u00e3o e transportes rodovi\u00e1rios. Pr\u00f3ximas [&hellip;]<\/p>\n","protected":false},"author":1,"featured_media":1267,"comment_status":"open","ping_status":"open","sticky":false,"template":"","format":"standard","meta":{"_acf_changed":false,"inline_featured_image":false,"_jetpack_memberships_contains_paid_content":false,"footnotes":""},"categories":[1],"tags":[],"class_list":["post-1265","post","type-post","status-publish","format-standard","has-post-thumbnail","hentry","category-sem-categoria"],"acf":[],"yoast_head":"<!-- This site is optimized with the Yoast SEO plugin v27.4 - https:\/\/yoast.com\/product\/yoast-seo-wordpress\/ -->\n<title>SPMAR Portas Abertas receber\u00e1 alunos do SENAC de Tabo\u00e3o da Serra - Somos o caminho que te conecta ao que mais importa!<\/title>\n<meta name=\"robots\" content=\"index, follow, max-snippet:-1, max-image-preview:large, max-video-preview:-1\" \/>\n<link rel=\"canonical\" href=\"https:\/\/www.spmar.com.br\/web\/spmar-portas-abertas-recebera-alunos-do-senac-de-taboao-da-serra\/\" \/>\n<meta property=\"og:locale\" content=\"pt_BR\" \/>\n<meta property=\"og:type\" content=\"article\" \/>\n<meta property=\"og:title\" content=\"SPMAR Portas Abertas receber\u00e1 alunos do SENAC de Tabo\u00e3o da Serra - Somos o caminho que te conecta ao que mais importa!\" \/>\n<meta property=\"og:description\" content=\"Para contribuir com a forma\u00e7\u00e3o de futuros profissionais da \u00e1rea de Seguran\u00e7a do Trabalho, a SPMAR, por meio da A\u00e7\u00e3o Portas Abertas, receber\u00e1 alunos do SENAC da unidade de Tabo\u00e3o da Serra para compartilhar a sua expertise e experi\u00eancias na atua\u00e7\u00e3o e cumprimento das normas no que diz respeito \u00e0 concess\u00e3o e transportes rodovi\u00e1rios. Pr\u00f3ximas [&hellip;]\" \/>\n<meta property=\"og:url\" content=\"https:\/\/www.spmar.com.br\/web\/spmar-portas-abertas-recebera-alunos-do-senac-de-taboao-da-serra\/\" \/>\n<meta property=\"og:site_name\" content=\"Somos o caminho que te conecta ao que mais importa!\" \/>\n<meta property=\"article:publisher\" content=\"https:\/\/www.facebook.com\/spmar.rodoanel\" \/>\n<meta property=\"article:published_time\" content=\"2018-09-06T20:40:51+00:00\" \/>\n<meta property=\"og:image\" content=\"https:\/\/www.spmar.com.br\/web\/wp-content\/uploads\/2018\/09\/noticia-1.jpg\" \/>\n\t<meta property=\"og:image:width\" content=\"438\" \/>\n\t<meta property=\"og:image:height\" content=\"438\" \/>\n\t<meta property=\"og:image:type\" content=\"image\/jpeg\" \/>\n<meta name=\"author\" content=\"uid_@spmar\" \/>\n<meta name=\"twitter:card\" content=\"summary_large_image\" \/>\n<meta name=\"twitter:label1\" content=\"Escrito por\" \/>\n\t<meta name=\"twitter:data1\" content=\"uid_@spmar\" \/>\n\t<meta name=\"twitter:label2\" content=\"Est. tempo de leitura\" \/>\n\t<meta name=\"twitter:data2\" content=\"1 minuto\" \/>\n<script type=\"application\/ld+json\" class=\"yoast-schema-graph\">{\"@context\":\"https:\\\/\\\/schema.org\",\"@graph\":[{\"@type\":\"Article\",\"@id\":\"https:\\\/\\\/www.spmar.com.br\\\/web\\\/spmar-portas-abertas-recebera-alunos-do-senac-de-taboao-da-serra\\\/#article\",\"isPartOf\":{\"@id\":\"https:\\\/\\\/www.spmar.com.br\\\/web\\\/spmar-portas-abertas-recebera-alunos-do-senac-de-taboao-da-serra\\\/\"},\"author\":{\"name\":\"uid_@spmar\",\"@id\":\"https:\\\/\\\/www.spmar.com.br\\\/web\\\/#\\\/schema\\\/person\\\/d197690c6bf9c79240a515310e6233b7\"},\"headline\":\"SPMAR Portas Abertas receber\u00e1 alunos do SENAC de Tabo\u00e3o da Serra\",\"datePublished\":\"2018-09-06T20:40:51+00:00\",\"mainEntityOfPage\":{\"@id\":\"https:\\\/\\\/www.spmar.com.br\\\/web\\\/spmar-portas-abertas-recebera-alunos-do-senac-de-taboao-da-serra\\\/\"},\"wordCount\":269,\"commentCount\":0,\"publisher\":{\"@id\":\"https:\\\/\\\/www.spmar.com.br\\\/web\\\/#organization\"},\"image\":{\"@id\":\"https:\\\/\\\/www.spmar.com.br\\\/web\\\/spmar-portas-abertas-recebera-alunos-do-senac-de-taboao-da-serra\\\/#primaryimage\"},\"thumbnailUrl\":\"https:\\\/\\\/www.spmar.com.br\\\/web\\\/wp-content\\\/uploads\\\/2018\\\/09\\\/noticia-1.jpg\",\"inLanguage\":\"pt-BR\",\"potentialAction\":[{\"@type\":\"CommentAction\",\"name\":\"Comment\",\"target\":[\"https:\\\/\\\/www.spmar.com.br\\\/web\\\/spmar-portas-abertas-recebera-alunos-do-senac-de-taboao-da-serra\\\/#respond\"]}]},{\"@type\":\"WebPage\",\"@id\":\"https:\\\/\\\/www.spmar.com.br\\\/web\\\/spmar-portas-abertas-recebera-alunos-do-senac-de-taboao-da-serra\\\/\",\"url\":\"https:\\\/\\\/www.spmar.com.br\\\/web\\\/spmar-portas-abertas-recebera-alunos-do-senac-de-taboao-da-serra\\\/\",\"name\":\"SPMAR Portas Abertas receber\u00e1 alunos do SENAC de Tabo\u00e3o da Serra - Somos o caminho que te conecta ao que mais importa!\",\"isPartOf\":{\"@id\":\"https:\\\/\\\/www.spmar.com.br\\\/web\\\/#website\"},\"primaryImageOfPage\":{\"@id\":\"https:\\\/\\\/www.spmar.com.br\\\/web\\\/spmar-portas-abertas-recebera-alunos-do-senac-de-taboao-da-serra\\\/#primaryimage\"},\"image\":{\"@id\":\"https:\\\/\\\/www.spmar.com.br\\\/web\\\/spmar-portas-abertas-recebera-alunos-do-senac-de-taboao-da-serra\\\/#primaryimage\"},\"thumbnailUrl\":\"https:\\\/\\\/www.spmar.com.br\\\/web\\\/wp-content\\\/uploads\\\/2018\\\/09\\\/noticia-1.jpg\",\"datePublished\":\"2018-09-06T20:40:51+00:00\",\"breadcrumb\":{\"@id\":\"https:\\\/\\\/www.spmar.com.br\\\/web\\\/spmar-portas-abertas-recebera-alunos-do-senac-de-taboao-da-serra\\\/#breadcrumb\"},\"inLanguage\":\"pt-BR\",\"potentialAction\":[{\"@type\":\"ReadAction\",\"target\":[\"https:\\\/\\\/www.spmar.com.br\\\/web\\\/spmar-portas-abertas-recebera-alunos-do-senac-de-taboao-da-serra\\\/\"]}]},{\"@type\":\"ImageObject\",\"inLanguage\":\"pt-BR\",\"@id\":\"https:\\\/\\\/www.spmar.com.br\\\/web\\\/spmar-portas-abertas-recebera-alunos-do-senac-de-taboao-da-serra\\\/#primaryimage\",\"url\":\"https:\\\/\\\/www.spmar.com.br\\\/web\\\/wp-content\\\/uploads\\\/2018\\\/09\\\/noticia-1.jpg\",\"contentUrl\":\"https:\\\/\\\/www.spmar.com.br\\\/web\\\/wp-content\\\/uploads\\\/2018\\\/09\\\/noticia-1.jpg\",\"width\":438,\"height\":438},{\"@type\":\"BreadcrumbList\",\"@id\":\"https:\\\/\\\/www.spmar.com.br\\\/web\\\/spmar-portas-abertas-recebera-alunos-do-senac-de-taboao-da-serra\\\/#breadcrumb\",\"itemListElement\":[{\"@type\":\"ListItem\",\"position\":1,\"name\":\"Home\",\"item\":\"https:\\\/\\\/www.spmar.com.br\\\/web\\\/\"},{\"@type\":\"ListItem\",\"position\":2,\"name\":\"SPMAR Portas Abertas receber\u00e1 alunos do SENAC de Tabo\u00e3o da Serra\"}]},{\"@type\":\"WebSite\",\"@id\":\"https:\\\/\\\/www.spmar.com.br\\\/web\\\/#website\",\"url\":\"https:\\\/\\\/www.spmar.com.br\\\/web\\\/\",\"name\":\"SPMAR\",\"description\":\"A Concession\u00e1ria SPMAR atua na administra\u00e7\u00e3o dos Trechos Sul e Leste do Rodoanel Mario Covas e, com isso,\u00e9 respons\u00e1vel pela gest\u00e3o de 76% do Rodoanel Metropolitano de S\u00e3o Paulo em opera\u00e7\u00e3o.\",\"publisher\":{\"@id\":\"https:\\\/\\\/www.spmar.com.br\\\/web\\\/#organization\"},\"potentialAction\":[{\"@type\":\"SearchAction\",\"target\":{\"@type\":\"EntryPoint\",\"urlTemplate\":\"https:\\\/\\\/www.spmar.com.br\\\/web\\\/?s={search_term_string}\"},\"query-input\":{\"@type\":\"PropertyValueSpecification\",\"valueRequired\":true,\"valueName\":\"search_term_string\"}}],\"inLanguage\":\"pt-BR\"},{\"@type\":\"Organization\",\"@id\":\"https:\\\/\\\/www.spmar.com.br\\\/web\\\/#organization\",\"name\":\"Concession\u00e1ria SPMAR\",\"url\":\"https:\\\/\\\/www.spmar.com.br\\\/web\\\/\",\"logo\":{\"@type\":\"ImageObject\",\"inLanguage\":\"pt-BR\",\"@id\":\"https:\\\/\\\/www.spmar.com.br\\\/web\\\/#\\\/schema\\\/logo\\\/image\\\/\",\"url\":\"https:\\\/\\\/www.spmar.com.br\\\/web\\\/wp-content\\\/uploads\\\/2017\\\/11\\\/logo_H.jpg\",\"contentUrl\":\"https:\\\/\\\/www.spmar.com.br\\\/web\\\/wp-content\\\/uploads\\\/2017\\\/11\\\/logo_H.jpg\",\"width\":448,\"height\":97,\"caption\":\"Concession\u00e1ria SPMAR\"},\"image\":{\"@id\":\"https:\\\/\\\/www.spmar.com.br\\\/web\\\/#\\\/schema\\\/logo\\\/image\\\/\"},\"sameAs\":[\"https:\\\/\\\/www.facebook.com\\\/spmar.rodoanel\",\"https:\\\/\\\/www.linkedin.com\\\/company\\\/spmarbr\\\/\",\"https:\\\/\\\/www.instagram.com\\\/spmarbr\\\/\"]},{\"@type\":\"Person\",\"@id\":\"https:\\\/\\\/www.spmar.com.br\\\/web\\\/#\\\/schema\\\/person\\\/d197690c6bf9c79240a515310e6233b7\",\"name\":\"uid_@spmar\",\"image\":{\"@type\":\"ImageObject\",\"inLanguage\":\"pt-BR\",\"@id\":\"https:\\\/\\\/www.spmar.com.br\\\/web\\\/wp-content\\\/litespeed\\\/avatar\\\/1d9f8aa10c469a2a6a9fbe6d3ba9a648.jpg?ver=1777045609\",\"url\":\"https:\\\/\\\/www.spmar.com.br\\\/web\\\/wp-content\\\/litespeed\\\/avatar\\\/1d9f8aa10c469a2a6a9fbe6d3ba9a648.jpg?ver=1777045609\",\"contentUrl\":\"https:\\\/\\\/www.spmar.com.br\\\/web\\\/wp-content\\\/litespeed\\\/avatar\\\/1d9f8aa10c469a2a6a9fbe6d3ba9a648.jpg?ver=1777045609\",\"caption\":\"uid_@spmar\"},\"url\":\"https:\\\/\\\/www.spmar.com.br\\\/web\\\/author\\\/uid_spmar\\\/\"}]}<\/script>\n<!-- \/ Yoast SEO plugin. -->","yoast_head_json":{"title":"SPMAR Portas Abertas receber\u00e1 alunos do SENAC de Tabo\u00e3o da Serra - Somos o caminho que te conecta ao que mais importa!","robots":{"index":"index","follow":"follow","max-snippet":"max-snippet:-1","max-image-preview":"max-image-preview:large","max-video-preview":"max-video-preview:-1"},"canonical":"https:\/\/www.spmar.com.br\/web\/spmar-portas-abertas-recebera-alunos-do-senac-de-taboao-da-serra\/","og_locale":"pt_BR","og_type":"article","og_title":"SPMAR Portas Abertas receber\u00e1 alunos do SENAC de Tabo\u00e3o da Serra - Somos o caminho que te conecta ao que mais importa!","og_description":"Para contribuir com a forma\u00e7\u00e3o de futuros profissionais da \u00e1rea de Seguran\u00e7a do Trabalho, a SPMAR, por meio da A\u00e7\u00e3o Portas Abertas, receber\u00e1 alunos do SENAC da unidade de Tabo\u00e3o da Serra para compartilhar a sua expertise e experi\u00eancias na atua\u00e7\u00e3o e cumprimento das normas no que diz respeito \u00e0 concess\u00e3o e transportes rodovi\u00e1rios. Pr\u00f3ximas [&hellip;]","og_url":"https:\/\/www.spmar.com.br\/web\/spmar-portas-abertas-recebera-alunos-do-senac-de-taboao-da-serra\/","og_site_name":"Somos o caminho que te conecta ao que mais importa!","article_publisher":"https:\/\/www.facebook.com\/spmar.rodoanel","article_published_time":"2018-09-06T20:40:51+00:00","og_image":[{"width":438,"height":438,"url":"https:\/\/www.spmar.com.br\/web\/wp-content\/uploads\/2018\/09\/noticia-1.jpg","type":"image\/jpeg"}],"author":"uid_@spmar","twitter_card":"summary_large_image","twitter_misc":{"Escrito por":"uid_@spmar","Est. tempo de leitura":"1 minuto"},"schema":{"@context":"https:\/\/schema.org","@graph":[{"@type":"Article","@id":"https:\/\/www.spmar.com.br\/web\/spmar-portas-abertas-recebera-alunos-do-senac-de-taboao-da-serra\/#article","isPartOf":{"@id":"https:\/\/www.spmar.com.br\/web\/spmar-portas-abertas-recebera-alunos-do-senac-de-taboao-da-serra\/"},"author":{"name":"uid_@spmar","@id":"https:\/\/www.spmar.com.br\/web\/#\/schema\/person\/d197690c6bf9c79240a515310e6233b7"},"headline":"SPMAR Portas Abertas receber\u00e1 alunos do SENAC de Tabo\u00e3o da Serra","datePublished":"2018-09-06T20:40:51+00:00","mainEntityOfPage":{"@id":"https:\/\/www.spmar.com.br\/web\/spmar-portas-abertas-recebera-alunos-do-senac-de-taboao-da-serra\/"},"wordCount":269,"commentCount":0,"publisher":{"@id":"https:\/\/www.spmar.com.br\/web\/#organization"},"image":{"@id":"https:\/\/www.spmar.com.br\/web\/spmar-portas-abertas-recebera-alunos-do-senac-de-taboao-da-serra\/#primaryimage"},"thumbnailUrl":"https:\/\/www.spmar.com.br\/web\/wp-content\/uploads\/2018\/09\/noticia-1.jpg","inLanguage":"pt-BR","potentialAction":[{"@type":"CommentAction","name":"Comment","target":["https:\/\/www.spmar.com.br\/web\/spmar-portas-abertas-recebera-alunos-do-senac-de-taboao-da-serra\/#respond"]}]},{"@type":"WebPage","@id":"https:\/\/www.spmar.com.br\/web\/spmar-portas-abertas-recebera-alunos-do-senac-de-taboao-da-serra\/","url":"https:\/\/www.spmar.com.br\/web\/spmar-portas-abertas-recebera-alunos-do-senac-de-taboao-da-serra\/","name":"SPMAR Portas Abertas receber\u00e1 alunos do SENAC de Tabo\u00e3o da Serra - Somos o caminho que te conecta ao que mais importa!","isPartOf":{"@id":"https:\/\/www.spmar.com.br\/web\/#website"},"primaryImageOfPage":{"@id":"https:\/\/www.spmar.com.br\/web\/spmar-portas-abertas-recebera-alunos-do-senac-de-taboao-da-serra\/#primaryimage"},"image":{"@id":"https:\/\/www.spmar.com.br\/web\/spmar-portas-abertas-recebera-alunos-do-senac-de-taboao-da-serra\/#primaryimage"},"thumbnailUrl":"https:\/\/www.spmar.com.br\/web\/wp-content\/uploads\/2018\/09\/noticia-1.jpg","datePublished":"2018-09-06T20:40:51+00:00","breadcrumb":{"@id":"https:\/\/www.spmar.com.br\/web\/spmar-portas-abertas-recebera-alunos-do-senac-de-taboao-da-serra\/#breadcrumb"},"inLanguage":"pt-BR","potentialAction":[{"@type":"ReadAction","target":["https:\/\/www.spmar.com.br\/web\/spmar-portas-abertas-recebera-alunos-do-senac-de-taboao-da-serra\/"]}]},{"@type":"ImageObject","inLanguage":"pt-BR","@id":"https:\/\/www.spmar.com.br\/web\/spmar-portas-abertas-recebera-alunos-do-senac-de-taboao-da-serra\/#primaryimage","url":"https:\/\/www.spmar.com.br\/web\/wp-content\/uploads\/2018\/09\/noticia-1.jpg","contentUrl":"https:\/\/www.spmar.com.br\/web\/wp-content\/uploads\/2018\/09\/noticia-1.jpg","width":438,"height":438},{"@type":"BreadcrumbList","@id":"https:\/\/www.spmar.com.br\/web\/spmar-portas-abertas-recebera-alunos-do-senac-de-taboao-da-serra\/#breadcrumb","itemListElement":[{"@type":"ListItem","position":1,"name":"Home","item":"https:\/\/www.spmar.com.br\/web\/"},{"@type":"ListItem","position":2,"name":"SPMAR Portas Abertas receber\u00e1 alunos do SENAC de Tabo\u00e3o da Serra"}]},{"@type":"WebSite","@id":"https:\/\/www.spmar.com.br\/web\/#website","url":"https:\/\/www.spmar.com.br\/web\/","name":"SPMAR","description":"A Concession\u00e1ria SPMAR atua na administra\u00e7\u00e3o dos Trechos Sul e Leste do Rodoanel Mario Covas e, com isso,\u00e9 respons\u00e1vel pela gest\u00e3o de 76% do Rodoanel Metropolitano de S\u00e3o Paulo em opera\u00e7\u00e3o.","publisher":{"@id":"https:\/\/www.spmar.com.br\/web\/#organization"},"potentialAction":[{"@type":"SearchAction","target":{"@type":"EntryPoint","urlTemplate":"https:\/\/www.spmar.com.br\/web\/?s={search_term_string}"},"query-input":{"@type":"PropertyValueSpecification","valueRequired":true,"valueName":"search_term_string"}}],"inLanguage":"pt-BR"},{"@type":"Organization","@id":"https:\/\/www.spmar.com.br\/web\/#organization","name":"Concession\u00e1ria SPMAR","url":"https:\/\/www.spmar.com.br\/web\/","logo":{"@type":"ImageObject","inLanguage":"pt-BR","@id":"https:\/\/www.spmar.com.br\/web\/#\/schema\/logo\/image\/","url":"https:\/\/www.spmar.com.br\/web\/wp-content\/uploads\/2017\/11\/logo_H.jpg","contentUrl":"https:\/\/www.spmar.com.br\/web\/wp-content\/uploads\/2017\/11\/logo_H.jpg","width":448,"height":97,"caption":"Concession\u00e1ria SPMAR"},"image":{"@id":"https:\/\/www.spmar.com.br\/web\/#\/schema\/logo\/image\/"},"sameAs":["https:\/\/www.facebook.com\/spmar.rodoanel","https:\/\/www.linkedin.com\/company\/spmarbr\/","https:\/\/www.instagram.com\/spmarbr\/"]},{"@type":"Person","@id":"https:\/\/www.spmar.com.br\/web\/#\/schema\/person\/d197690c6bf9c79240a515310e6233b7","name":"uid_@spmar","image":{"@type":"ImageObject","inLanguage":"pt-BR","@id":"https:\/\/www.spmar.com.br\/web\/wp-content\/litespeed\/avatar\/1d9f8aa10c469a2a6a9fbe6d3ba9a648.jpg?ver=1777045609","url":"https:\/\/www.spmar.com.br\/web\/wp-content\/litespeed\/avatar\/1d9f8aa10c469a2a6a9fbe6d3ba9a648.jpg?ver=1777045609","contentUrl":"https:\/\/www.spmar.com.br\/web\/wp-content\/litespeed\/avatar\/1d9f8aa10c469a2a6a9fbe6d3ba9a648.jpg?ver=1777045609","caption":"uid_@spmar"},"url":"https:\/\/www.spmar.com.br\/web\/author\/uid_spmar\/"}]}},"jetpack_featured_media_url":"https:\/\/www.spmar.com.br\/web\/wp-content\/uploads\/2018\/09\/noticia-1.jpg","jetpack_sharing_enabled":true,"_links":{"self":[{"href":"https:\/\/www.spmar.com.br\/web\/wp-json\/wp\/v2\/posts\/1265","targetHints":{"allow":["GET"]}}],"collection":[{"href":"https:\/\/www.spmar.com.br\/web\/wp-json\/wp\/v2\/posts"}],"about":[{"href":"https:\/\/www.spmar.com.br\/web\/wp-json\/wp\/v2\/types\/post"}],"author":[{"embeddable":true,"href":"https:\/\/www.spmar.com.br\/web\/wp-json\/wp\/v2\/users\/1"}],"replies":[{"embeddable":true,"href":"https:\/\/www.spmar.com.br\/web\/wp-json\/wp\/v2\/comments?post=1265"}],"version-history":[{"count":2,"href":"https:\/\/www.spmar.com.br\/web\/wp-json\/wp\/v2\/posts\/1265\/revisions"}],"predecessor-version":[{"id":1269,"href":"https:\/\/www.spmar.com.br\/web\/wp-json\/wp\/v2\/posts\/1265\/revisions\/1269"}],"wp:featuredmedia":[{"embeddable":true,"href":"https:\/\/www.spmar.com.br\/web\/wp-json\/wp\/v2\/media\/1267"}],"wp:attachment":[{"href":"https:\/\/www.spmar.com.br\/web\/wp-json\/wp\/v2\/media?parent=1265"}],"wp:term":[{"taxonomy":"category","embeddable":true,"href":"https:\/\/www.spmar.com.br\/web\/wp-json\/wp\/v2\/categories?post=1265"},{"taxonomy":"post_tag","embeddable":true,"href":"https:\/\/www.spmar.com.br\/web\/wp-json\/wp\/v2\/tags?post=1265"}],"curies":[{"name":"wp","href":"https:\/\/api.w.org\/{rel}","templated":true}]}}