{"id":1202,"date":"2018-06-30T23:59:51","date_gmt":"2018-07-01T02:59:51","guid":{"rendered":"https:\/\/www.spmar.com.br\/web\/?p=1202"},"modified":"2018-06-29T10:21:10","modified_gmt":"2018-06-29T13:21:10","slug":"nova-tarifa-de-pedagio-no-trecho-sul-do-rodoanel-mario-covas","status":"publish","type":"post","link":"https:\/\/www.spmar.com.br\/web\/nova-tarifa-de-pedagio-no-trecho-sul-do-rodoanel-mario-covas\/","title":{"rendered":"Nova tarifa de ped\u00e1gio no trecho Sul do Rodoanel M\u00e1rio Covas"},"content":{"rendered":"<p>Os ped\u00e1gios das rodovias privadas no Estado de\u00a0S\u00e3o Paulo ter\u00e3o o valor alterado a partir de hoje, 01 de julho de 2018.\u00a0 No Rodoanel M\u00e1rio Covas, o trecho Sul, que vai do km 30 ao km 86, a tarifa passa de R$ 3,30 para R$ 3,40, por eixo.\u00a0J\u00e1 a tarifa no trecho Leste do Rodoanel M\u00e1rio Covas,\u00a0 do km 86 ao Km 123, n\u00e3o sofreu altera\u00e7\u00e3o, permanecendo o valor de R$ 2,50, por eixo.\u00a0 O reajuste \u00e9 v\u00e1lido para carros, \u00f4nibus e caminh\u00f5es.\u00a0 Confira abaixo como ficam os novos valores:<\/p>\n<p><img fetchpriority=\"high\" decoding=\"async\" class=\"wp-image-1204 aligncenter\" src=\"https:\/\/www.spmar.com.br\/web\/wp-content\/uploads\/2018\/06\/TABELA_PEDAGIOS_SUL.png\" alt=\"\" width=\"628\" height=\"331\" srcset=\"https:\/\/www.spmar.com.br\/web\/wp-content\/uploads\/2018\/06\/TABELA_PEDAGIOS_SUL.png 4512w, https:\/\/www.spmar.com.br\/web\/wp-content\/uploads\/2018\/06\/TABELA_PEDAGIOS_SUL-300x158.png 300w, https:\/\/www.spmar.com.br\/web\/wp-content\/uploads\/2018\/06\/TABELA_PEDAGIOS_SUL-768x404.png 768w, https:\/\/www.spmar.com.br\/web\/wp-content\/uploads\/2018\/06\/TABELA_PEDAGIOS_SUL-1024x539.png 1024w, https:\/\/www.spmar.com.br\/web\/wp-content\/uploads\/2018\/06\/TABELA_PEDAGIOS_SUL-211x111.png 211w\" sizes=\"(max-width: 628px) 100vw, 628px\" \/><\/p>\n<p><img decoding=\"async\" class=\"wp-image-1203 aligncenter\" src=\"https:\/\/www.spmar.com.br\/web\/wp-content\/uploads\/2018\/06\/TABELA_PEDAGIOS_LESTE.png\" alt=\"\" width=\"632\" height=\"333\" srcset=\"https:\/\/www.spmar.com.br\/web\/wp-content\/uploads\/2018\/06\/TABELA_PEDAGIOS_LESTE.png 4512w, https:\/\/www.spmar.com.br\/web\/wp-content\/uploads\/2018\/06\/TABELA_PEDAGIOS_LESTE-300x158.png 300w, https:\/\/www.spmar.com.br\/web\/wp-content\/uploads\/2018\/06\/TABELA_PEDAGIOS_LESTE-768x404.png 768w, https:\/\/www.spmar.com.br\/web\/wp-content\/uploads\/2018\/06\/TABELA_PEDAGIOS_LESTE-1024x539.png 1024w, https:\/\/www.spmar.com.br\/web\/wp-content\/uploads\/2018\/06\/TABELA_PEDAGIOS_LESTE-211x111.png 211w\" sizes=\"(max-width: 632px) 100vw, 632px\" \/><\/p>\n<p>&nbsp;<\/p>\n<p><strong>Formas de Pagamento<\/strong><br \/>\nO pagamento da tarifa de ped\u00e1gio pode ser realizado em dinheiro, cheque ou vale-ped\u00e1gio.\u00a0N\u00e3o aceitamos cart\u00e3o de d\u00e9bito ou cr\u00e9dito para o pagamento da tarifa.<br \/>\nPara a ades\u00e3o ou informa\u00e7\u00e3o do pagamento do ped\u00e1gio eletr\u00f4nico, orientamos voc\u00ea a se informar nas empresas operadoras do servi\u00e7o:<\/p>\n<ul>\n<li><strong>\u2013 Auto Expresso:<\/strong><\/li>\n<\/ul>\n<p><a href=\"http:\/\/www.autoexpresso.com.br\/\" target=\"_blank\" rel=\"noopener\">www.autoexpresso.com.br<\/a>\u00a0ou (11) 4003 0377<\/p>\n<ul>\n<li><strong>ConectCar:<\/strong><\/li>\n<\/ul>\n<p><a href=\"http:\/\/www.conectcar.com\/\" target=\"_blank\" rel=\"noopener\">www.conectcar.com<\/a>\u00a0ou (11) 4020 2227<\/p>\n<ul>\n<li><strong>Move Mais:<\/strong><\/li>\n<\/ul>\n<p><a href=\"http:\/\/www.movemais.com\/\" target=\"_blank\" rel=\"noopener\">www.movemais.com<\/a>\u00a0ou 0800 765 1000.<\/p>\n<ul>\n<li><strong>Via F\u00e1cil:<\/strong><\/li>\n<\/ul>\n<p><a href=\"http:\/\/www.viafacil.com.br\/\" target=\"_blank\" rel=\"noopener\">www.viafacil.com.br<\/a>\u00a0ou 0800 0150 252<\/p>\n","protected":false},"excerpt":{"rendered":"<p>Os ped\u00e1gios das rodovias privadas no Estado de\u00a0S\u00e3o Paulo ter\u00e3o o valor alterado a partir de hoje, 01 de julho de 2018.\u00a0 No Rodoanel M\u00e1rio Covas, o trecho Sul, que vai do km 30 ao km 86, a tarifa passa de R$ 3,30 para R$ 3,40, por eixo.\u00a0J\u00e1 a tarifa no trecho Leste do Rodoanel [&hellip;]<\/p>\n","protected":false},"author":1,"featured_media":670,"comment_status":"open","ping_status":"open","sticky":false,"template":"","format":"standard","meta":{"_acf_changed":false,"inline_featured_image":false,"_jetpack_memberships_contains_paid_content":false,"footnotes":""},"categories":[1],"tags":[],"class_list":["post-1202","post","type-post","status-publish","format-standard","has-post-thumbnail","hentry","category-sem-categoria"],"acf":[],"yoast_head":"<!-- This site is optimized with the Yoast SEO plugin v27.4 - https:\/\/yoast.com\/product\/yoast-seo-wordpress\/ -->\n<title>Nova tarifa de ped\u00e1gio no trecho Sul do Rodoanel M\u00e1rio Covas - Somos o caminho que te conecta ao que mais importa!<\/title>\n<meta name=\"robots\" content=\"index, follow, max-snippet:-1, max-image-preview:large, max-video-preview:-1\" \/>\n<link rel=\"canonical\" href=\"https:\/\/www.spmar.com.br\/web\/nova-tarifa-de-pedagio-no-trecho-sul-do-rodoanel-mario-covas\/\" \/>\n<meta property=\"og:locale\" content=\"pt_BR\" \/>\n<meta property=\"og:type\" content=\"article\" \/>\n<meta property=\"og:title\" content=\"Nova tarifa de ped\u00e1gio no trecho Sul do Rodoanel M\u00e1rio Covas - Somos o caminho que te conecta ao que mais importa!\" \/>\n<meta property=\"og:description\" content=\"Os ped\u00e1gios das rodovias privadas no Estado de\u00a0S\u00e3o Paulo ter\u00e3o o valor alterado a partir de hoje, 01 de julho de 2018.\u00a0 No Rodoanel M\u00e1rio Covas, o trecho Sul, que vai do km 30 ao km 86, a tarifa passa de R$ 3,30 para R$ 3,40, por eixo.\u00a0J\u00e1 a tarifa no trecho Leste do Rodoanel [&hellip;]\" \/>\n<meta property=\"og:url\" content=\"https:\/\/www.spmar.com.br\/web\/nova-tarifa-de-pedagio-no-trecho-sul-do-rodoanel-mario-covas\/\" \/>\n<meta property=\"og:site_name\" content=\"Somos o caminho que te conecta ao que mais importa!\" \/>\n<meta property=\"article:publisher\" content=\"https:\/\/www.facebook.com\/spmar.rodoanel\" \/>\n<meta property=\"article:published_time\" content=\"2018-07-01T02:59:51+00:00\" \/>\n<meta property=\"og:image\" content=\"https:\/\/www.spmar.com.br\/web\/wp-content\/uploads\/2017\/11\/Foto_Lagoa4.jpg\" \/>\n\t<meta property=\"og:image:width\" content=\"990\" \/>\n\t<meta property=\"og:image:height\" content=\"389\" \/>\n\t<meta property=\"og:image:type\" content=\"image\/jpeg\" \/>\n<meta name=\"author\" content=\"uid_@spmar\" \/>\n<meta name=\"twitter:card\" content=\"summary_large_image\" \/>\n<meta name=\"twitter:label1\" content=\"Escrito por\" \/>\n\t<meta name=\"twitter:data1\" content=\"uid_@spmar\" \/>\n\t<meta name=\"twitter:label2\" content=\"Est. tempo de leitura\" \/>\n\t<meta name=\"twitter:data2\" content=\"1 minuto\" \/>\n<script type=\"application\/ld+json\" class=\"yoast-schema-graph\">{\"@context\":\"https:\\\/\\\/schema.org\",\"@graph\":[{\"@type\":\"Article\",\"@id\":\"https:\\\/\\\/www.spmar.com.br\\\/web\\\/nova-tarifa-de-pedagio-no-trecho-sul-do-rodoanel-mario-covas\\\/#article\",\"isPartOf\":{\"@id\":\"https:\\\/\\\/www.spmar.com.br\\\/web\\\/nova-tarifa-de-pedagio-no-trecho-sul-do-rodoanel-mario-covas\\\/\"},\"author\":{\"name\":\"uid_@spmar\",\"@id\":\"https:\\\/\\\/www.spmar.com.br\\\/web\\\/#\\\/schema\\\/person\\\/d197690c6bf9c79240a515310e6233b7\"},\"headline\":\"Nova tarifa de ped\u00e1gio no trecho Sul do Rodoanel M\u00e1rio Covas\",\"datePublished\":\"2018-07-01T02:59:51+00:00\",\"mainEntityOfPage\":{\"@id\":\"https:\\\/\\\/www.spmar.com.br\\\/web\\\/nova-tarifa-de-pedagio-no-trecho-sul-do-rodoanel-mario-covas\\\/\"},\"wordCount\":191,\"commentCount\":0,\"publisher\":{\"@id\":\"https:\\\/\\\/www.spmar.com.br\\\/web\\\/#organization\"},\"image\":{\"@id\":\"https:\\\/\\\/www.spmar.com.br\\\/web\\\/nova-tarifa-de-pedagio-no-trecho-sul-do-rodoanel-mario-covas\\\/#primaryimage\"},\"thumbnailUrl\":\"https:\\\/\\\/www.spmar.com.br\\\/web\\\/wp-content\\\/uploads\\\/2017\\\/11\\\/Foto_Lagoa4.jpg\",\"inLanguage\":\"pt-BR\",\"potentialAction\":[{\"@type\":\"CommentAction\",\"name\":\"Comment\",\"target\":[\"https:\\\/\\\/www.spmar.com.br\\\/web\\\/nova-tarifa-de-pedagio-no-trecho-sul-do-rodoanel-mario-covas\\\/#respond\"]}]},{\"@type\":\"WebPage\",\"@id\":\"https:\\\/\\\/www.spmar.com.br\\\/web\\\/nova-tarifa-de-pedagio-no-trecho-sul-do-rodoanel-mario-covas\\\/\",\"url\":\"https:\\\/\\\/www.spmar.com.br\\\/web\\\/nova-tarifa-de-pedagio-no-trecho-sul-do-rodoanel-mario-covas\\\/\",\"name\":\"Nova tarifa de ped\u00e1gio no trecho Sul do Rodoanel M\u00e1rio Covas - Somos o caminho que te conecta ao que mais importa!\",\"isPartOf\":{\"@id\":\"https:\\\/\\\/www.spmar.com.br\\\/web\\\/#website\"},\"primaryImageOfPage\":{\"@id\":\"https:\\\/\\\/www.spmar.com.br\\\/web\\\/nova-tarifa-de-pedagio-no-trecho-sul-do-rodoanel-mario-covas\\\/#primaryimage\"},\"image\":{\"@id\":\"https:\\\/\\\/www.spmar.com.br\\\/web\\\/nova-tarifa-de-pedagio-no-trecho-sul-do-rodoanel-mario-covas\\\/#primaryimage\"},\"thumbnailUrl\":\"https:\\\/\\\/www.spmar.com.br\\\/web\\\/wp-content\\\/uploads\\\/2017\\\/11\\\/Foto_Lagoa4.jpg\",\"datePublished\":\"2018-07-01T02:59:51+00:00\",\"breadcrumb\":{\"@id\":\"https:\\\/\\\/www.spmar.com.br\\\/web\\\/nova-tarifa-de-pedagio-no-trecho-sul-do-rodoanel-mario-covas\\\/#breadcrumb\"},\"inLanguage\":\"pt-BR\",\"potentialAction\":[{\"@type\":\"ReadAction\",\"target\":[\"https:\\\/\\\/www.spmar.com.br\\\/web\\\/nova-tarifa-de-pedagio-no-trecho-sul-do-rodoanel-mario-covas\\\/\"]}]},{\"@type\":\"ImageObject\",\"inLanguage\":\"pt-BR\",\"@id\":\"https:\\\/\\\/www.spmar.com.br\\\/web\\\/nova-tarifa-de-pedagio-no-trecho-sul-do-rodoanel-mario-covas\\\/#primaryimage\",\"url\":\"https:\\\/\\\/www.spmar.com.br\\\/web\\\/wp-content\\\/uploads\\\/2017\\\/11\\\/Foto_Lagoa4.jpg\",\"contentUrl\":\"https:\\\/\\\/www.spmar.com.br\\\/web\\\/wp-content\\\/uploads\\\/2017\\\/11\\\/Foto_Lagoa4.jpg\",\"width\":990,\"height\":389},{\"@type\":\"BreadcrumbList\",\"@id\":\"https:\\\/\\\/www.spmar.com.br\\\/web\\\/nova-tarifa-de-pedagio-no-trecho-sul-do-rodoanel-mario-covas\\\/#breadcrumb\",\"itemListElement\":[{\"@type\":\"ListItem\",\"position\":1,\"name\":\"Home\",\"item\":\"https:\\\/\\\/www.spmar.com.br\\\/web\\\/\"},{\"@type\":\"ListItem\",\"position\":2,\"name\":\"Nova tarifa de ped\u00e1gio no trecho Sul do Rodoanel M\u00e1rio Covas\"}]},{\"@type\":\"WebSite\",\"@id\":\"https:\\\/\\\/www.spmar.com.br\\\/web\\\/#website\",\"url\":\"https:\\\/\\\/www.spmar.com.br\\\/web\\\/\",\"name\":\"SPMAR\",\"description\":\"A Concession\u00e1ria SPMAR atua na administra\u00e7\u00e3o dos Trechos Sul e Leste do Rodoanel Mario Covas e, com isso,\u00e9 respons\u00e1vel pela gest\u00e3o de 76% do Rodoanel Metropolitano de S\u00e3o Paulo em opera\u00e7\u00e3o.\",\"publisher\":{\"@id\":\"https:\\\/\\\/www.spmar.com.br\\\/web\\\/#organization\"},\"potentialAction\":[{\"@type\":\"SearchAction\",\"target\":{\"@type\":\"EntryPoint\",\"urlTemplate\":\"https:\\\/\\\/www.spmar.com.br\\\/web\\\/?s={search_term_string}\"},\"query-input\":{\"@type\":\"PropertyValueSpecification\",\"valueRequired\":true,\"valueName\":\"search_term_string\"}}],\"inLanguage\":\"pt-BR\"},{\"@type\":\"Organization\",\"@id\":\"https:\\\/\\\/www.spmar.com.br\\\/web\\\/#organization\",\"name\":\"Concession\u00e1ria SPMAR\",\"url\":\"https:\\\/\\\/www.spmar.com.br\\\/web\\\/\",\"logo\":{\"@type\":\"ImageObject\",\"inLanguage\":\"pt-BR\",\"@id\":\"https:\\\/\\\/www.spmar.com.br\\\/web\\\/#\\\/schema\\\/logo\\\/image\\\/\",\"url\":\"https:\\\/\\\/www.spmar.com.br\\\/web\\\/wp-content\\\/uploads\\\/2017\\\/11\\\/logo_H.jpg\",\"contentUrl\":\"https:\\\/\\\/www.spmar.com.br\\\/web\\\/wp-content\\\/uploads\\\/2017\\\/11\\\/logo_H.jpg\",\"width\":448,\"height\":97,\"caption\":\"Concession\u00e1ria SPMAR\"},\"image\":{\"@id\":\"https:\\\/\\\/www.spmar.com.br\\\/web\\\/#\\\/schema\\\/logo\\\/image\\\/\"},\"sameAs\":[\"https:\\\/\\\/www.facebook.com\\\/spmar.rodoanel\",\"https:\\\/\\\/www.linkedin.com\\\/company\\\/spmarbr\\\/\",\"https:\\\/\\\/www.instagram.com\\\/spmarbr\\\/\"]},{\"@type\":\"Person\",\"@id\":\"https:\\\/\\\/www.spmar.com.br\\\/web\\\/#\\\/schema\\\/person\\\/d197690c6bf9c79240a515310e6233b7\",\"name\":\"uid_@spmar\",\"image\":{\"@type\":\"ImageObject\",\"inLanguage\":\"pt-BR\",\"@id\":\"https:\\\/\\\/www.spmar.com.br\\\/web\\\/wp-content\\\/litespeed\\\/avatar\\\/1d9f8aa10c469a2a6a9fbe6d3ba9a648.jpg?ver=1777045609\",\"url\":\"https:\\\/\\\/www.spmar.com.br\\\/web\\\/wp-content\\\/litespeed\\\/avatar\\\/1d9f8aa10c469a2a6a9fbe6d3ba9a648.jpg?ver=1777045609\",\"contentUrl\":\"https:\\\/\\\/www.spmar.com.br\\\/web\\\/wp-content\\\/litespeed\\\/avatar\\\/1d9f8aa10c469a2a6a9fbe6d3ba9a648.jpg?ver=1777045609\",\"caption\":\"uid_@spmar\"},\"url\":\"https:\\\/\\\/www.spmar.com.br\\\/web\\\/author\\\/uid_spmar\\\/\"}]}<\/script>\n<!-- \/ Yoast SEO plugin. -->","yoast_head_json":{"title":"Nova tarifa de ped\u00e1gio no trecho Sul do Rodoanel M\u00e1rio Covas - Somos o caminho que te conecta ao que mais importa!","robots":{"index":"index","follow":"follow","max-snippet":"max-snippet:-1","max-image-preview":"max-image-preview:large","max-video-preview":"max-video-preview:-1"},"canonical":"https:\/\/www.spmar.com.br\/web\/nova-tarifa-de-pedagio-no-trecho-sul-do-rodoanel-mario-covas\/","og_locale":"pt_BR","og_type":"article","og_title":"Nova tarifa de ped\u00e1gio no trecho Sul do Rodoanel M\u00e1rio Covas - Somos o caminho que te conecta ao que mais importa!","og_description":"Os ped\u00e1gios das rodovias privadas no Estado de\u00a0S\u00e3o Paulo ter\u00e3o o valor alterado a partir de hoje, 01 de julho de 2018.\u00a0 No Rodoanel M\u00e1rio Covas, o trecho Sul, que vai do km 30 ao km 86, a tarifa passa de R$ 3,30 para R$ 3,40, por eixo.\u00a0J\u00e1 a tarifa no trecho Leste do Rodoanel [&hellip;]","og_url":"https:\/\/www.spmar.com.br\/web\/nova-tarifa-de-pedagio-no-trecho-sul-do-rodoanel-mario-covas\/","og_site_name":"Somos o caminho que te conecta ao que mais importa!","article_publisher":"https:\/\/www.facebook.com\/spmar.rodoanel","article_published_time":"2018-07-01T02:59:51+00:00","og_image":[{"width":990,"height":389,"url":"https:\/\/www.spmar.com.br\/web\/wp-content\/uploads\/2017\/11\/Foto_Lagoa4.jpg","type":"image\/jpeg"}],"author":"uid_@spmar","twitter_card":"summary_large_image","twitter_misc":{"Escrito por":"uid_@spmar","Est. tempo de leitura":"1 minuto"},"schema":{"@context":"https:\/\/schema.org","@graph":[{"@type":"Article","@id":"https:\/\/www.spmar.com.br\/web\/nova-tarifa-de-pedagio-no-trecho-sul-do-rodoanel-mario-covas\/#article","isPartOf":{"@id":"https:\/\/www.spmar.com.br\/web\/nova-tarifa-de-pedagio-no-trecho-sul-do-rodoanel-mario-covas\/"},"author":{"name":"uid_@spmar","@id":"https:\/\/www.spmar.com.br\/web\/#\/schema\/person\/d197690c6bf9c79240a515310e6233b7"},"headline":"Nova tarifa de ped\u00e1gio no trecho Sul do Rodoanel M\u00e1rio Covas","datePublished":"2018-07-01T02:59:51+00:00","mainEntityOfPage":{"@id":"https:\/\/www.spmar.com.br\/web\/nova-tarifa-de-pedagio-no-trecho-sul-do-rodoanel-mario-covas\/"},"wordCount":191,"commentCount":0,"publisher":{"@id":"https:\/\/www.spmar.com.br\/web\/#organization"},"image":{"@id":"https:\/\/www.spmar.com.br\/web\/nova-tarifa-de-pedagio-no-trecho-sul-do-rodoanel-mario-covas\/#primaryimage"},"thumbnailUrl":"https:\/\/www.spmar.com.br\/web\/wp-content\/uploads\/2017\/11\/Foto_Lagoa4.jpg","inLanguage":"pt-BR","potentialAction":[{"@type":"CommentAction","name":"Comment","target":["https:\/\/www.spmar.com.br\/web\/nova-tarifa-de-pedagio-no-trecho-sul-do-rodoanel-mario-covas\/#respond"]}]},{"@type":"WebPage","@id":"https:\/\/www.spmar.com.br\/web\/nova-tarifa-de-pedagio-no-trecho-sul-do-rodoanel-mario-covas\/","url":"https:\/\/www.spmar.com.br\/web\/nova-tarifa-de-pedagio-no-trecho-sul-do-rodoanel-mario-covas\/","name":"Nova tarifa de ped\u00e1gio no trecho Sul do Rodoanel M\u00e1rio Covas - Somos o caminho que te conecta ao que mais importa!","isPartOf":{"@id":"https:\/\/www.spmar.com.br\/web\/#website"},"primaryImageOfPage":{"@id":"https:\/\/www.spmar.com.br\/web\/nova-tarifa-de-pedagio-no-trecho-sul-do-rodoanel-mario-covas\/#primaryimage"},"image":{"@id":"https:\/\/www.spmar.com.br\/web\/nova-tarifa-de-pedagio-no-trecho-sul-do-rodoanel-mario-covas\/#primaryimage"},"thumbnailUrl":"https:\/\/www.spmar.com.br\/web\/wp-content\/uploads\/2017\/11\/Foto_Lagoa4.jpg","datePublished":"2018-07-01T02:59:51+00:00","breadcrumb":{"@id":"https:\/\/www.spmar.com.br\/web\/nova-tarifa-de-pedagio-no-trecho-sul-do-rodoanel-mario-covas\/#breadcrumb"},"inLanguage":"pt-BR","potentialAction":[{"@type":"ReadAction","target":["https:\/\/www.spmar.com.br\/web\/nova-tarifa-de-pedagio-no-trecho-sul-do-rodoanel-mario-covas\/"]}]},{"@type":"ImageObject","inLanguage":"pt-BR","@id":"https:\/\/www.spmar.com.br\/web\/nova-tarifa-de-pedagio-no-trecho-sul-do-rodoanel-mario-covas\/#primaryimage","url":"https:\/\/www.spmar.com.br\/web\/wp-content\/uploads\/2017\/11\/Foto_Lagoa4.jpg","contentUrl":"https:\/\/www.spmar.com.br\/web\/wp-content\/uploads\/2017\/11\/Foto_Lagoa4.jpg","width":990,"height":389},{"@type":"BreadcrumbList","@id":"https:\/\/www.spmar.com.br\/web\/nova-tarifa-de-pedagio-no-trecho-sul-do-rodoanel-mario-covas\/#breadcrumb","itemListElement":[{"@type":"ListItem","position":1,"name":"Home","item":"https:\/\/www.spmar.com.br\/web\/"},{"@type":"ListItem","position":2,"name":"Nova tarifa de ped\u00e1gio no trecho Sul do Rodoanel M\u00e1rio Covas"}]},{"@type":"WebSite","@id":"https:\/\/www.spmar.com.br\/web\/#website","url":"https:\/\/www.spmar.com.br\/web\/","name":"SPMAR","description":"A Concession\u00e1ria SPMAR atua na administra\u00e7\u00e3o dos Trechos Sul e Leste do Rodoanel Mario Covas e, com isso,\u00e9 respons\u00e1vel pela gest\u00e3o de 76% do Rodoanel Metropolitano de S\u00e3o Paulo em opera\u00e7\u00e3o.","publisher":{"@id":"https:\/\/www.spmar.com.br\/web\/#organization"},"potentialAction":[{"@type":"SearchAction","target":{"@type":"EntryPoint","urlTemplate":"https:\/\/www.spmar.com.br\/web\/?s={search_term_string}"},"query-input":{"@type":"PropertyValueSpecification","valueRequired":true,"valueName":"search_term_string"}}],"inLanguage":"pt-BR"},{"@type":"Organization","@id":"https:\/\/www.spmar.com.br\/web\/#organization","name":"Concession\u00e1ria SPMAR","url":"https:\/\/www.spmar.com.br\/web\/","logo":{"@type":"ImageObject","inLanguage":"pt-BR","@id":"https:\/\/www.spmar.com.br\/web\/#\/schema\/logo\/image\/","url":"https:\/\/www.spmar.com.br\/web\/wp-content\/uploads\/2017\/11\/logo_H.jpg","contentUrl":"https:\/\/www.spmar.com.br\/web\/wp-content\/uploads\/2017\/11\/logo_H.jpg","width":448,"height":97,"caption":"Concession\u00e1ria SPMAR"},"image":{"@id":"https:\/\/www.spmar.com.br\/web\/#\/schema\/logo\/image\/"},"sameAs":["https:\/\/www.facebook.com\/spmar.rodoanel","https:\/\/www.linkedin.com\/company\/spmarbr\/","https:\/\/www.instagram.com\/spmarbr\/"]},{"@type":"Person","@id":"https:\/\/www.spmar.com.br\/web\/#\/schema\/person\/d197690c6bf9c79240a515310e6233b7","name":"uid_@spmar","image":{"@type":"ImageObject","inLanguage":"pt-BR","@id":"https:\/\/www.spmar.com.br\/web\/wp-content\/litespeed\/avatar\/1d9f8aa10c469a2a6a9fbe6d3ba9a648.jpg?ver=1777045609","url":"https:\/\/www.spmar.com.br\/web\/wp-content\/litespeed\/avatar\/1d9f8aa10c469a2a6a9fbe6d3ba9a648.jpg?ver=1777045609","contentUrl":"https:\/\/www.spmar.com.br\/web\/wp-content\/litespeed\/avatar\/1d9f8aa10c469a2a6a9fbe6d3ba9a648.jpg?ver=1777045609","caption":"uid_@spmar"},"url":"https:\/\/www.spmar.com.br\/web\/author\/uid_spmar\/"}]}},"jetpack_featured_media_url":"https:\/\/www.spmar.com.br\/web\/wp-content\/uploads\/2017\/11\/Foto_Lagoa4.jpg","jetpack_sharing_enabled":true,"_links":{"self":[{"href":"https:\/\/www.spmar.com.br\/web\/wp-json\/wp\/v2\/posts\/1202","targetHints":{"allow":["GET"]}}],"collection":[{"href":"https:\/\/www.spmar.com.br\/web\/wp-json\/wp\/v2\/posts"}],"about":[{"href":"https:\/\/www.spmar.com.br\/web\/wp-json\/wp\/v2\/types\/post"}],"author":[{"embeddable":true,"href":"https:\/\/www.spmar.com.br\/web\/wp-json\/wp\/v2\/users\/1"}],"replies":[{"embeddable":true,"href":"https:\/\/www.spmar.com.br\/web\/wp-json\/wp\/v2\/comments?post=1202"}],"version-history":[{"count":9,"href":"https:\/\/www.spmar.com.br\/web\/wp-json\/wp\/v2\/posts\/1202\/revisions"}],"predecessor-version":[{"id":1213,"href":"https:\/\/www.spmar.com.br\/web\/wp-json\/wp\/v2\/posts\/1202\/revisions\/1213"}],"wp:featuredmedia":[{"embeddable":true,"href":"https:\/\/www.spmar.com.br\/web\/wp-json\/wp\/v2\/media\/670"}],"wp:attachment":[{"href":"https:\/\/www.spmar.com.br\/web\/wp-json\/wp\/v2\/media?parent=1202"}],"wp:term":[{"taxonomy":"category","embeddable":true,"href":"https:\/\/www.spmar.com.br\/web\/wp-json\/wp\/v2\/categories?post=1202"},{"taxonomy":"post_tag","embeddable":true,"href":"https:\/\/www.spmar.com.br\/web\/wp-json\/wp\/v2\/tags?post=1202"}],"curies":[{"name":"wp","href":"https:\/\/api.w.org\/{rel}","templated":true}]}}