{"id":1194,"date":"2018-06-29T14:29:57","date_gmt":"2018-06-29T17:29:57","guid":{"rendered":"https:\/\/www.spmar.com.br\/web\/?p=1194"},"modified":"2018-06-28T15:07:18","modified_gmt":"2018-06-28T18:07:18","slug":"spmar-alerta-motoristas-para-o-periodo-de-neblinas-e-queimadas-nas-estradas","status":"publish","type":"post","link":"https:\/\/www.spmar.com.br\/web\/spmar-alerta-motoristas-para-o-periodo-de-neblinas-e-queimadas-nas-estradas\/","title":{"rendered":"SPMAR alerta motoristas para o per\u00edodo de neblinas e queimadas nas estradas"},"content":{"rendered":"<p><img fetchpriority=\"high\" decoding=\"async\" class=\"wp-image-1195 alignright\" src=\"https:\/\/www.spmar.com.br\/web\/wp-content\/uploads\/2018\/06\/neblina-caminhao-e1530208848363.jpg\" alt=\"\" width=\"292\" height=\"260\" srcset=\"https:\/\/www.spmar.com.br\/web\/wp-content\/uploads\/2018\/06\/neblina-caminhao-e1530208848363.jpg 468w, https:\/\/www.spmar.com.br\/web\/wp-content\/uploads\/2018\/06\/neblina-caminhao-e1530208848363-300x267.jpg 300w, https:\/\/www.spmar.com.br\/web\/wp-content\/uploads\/2018\/06\/neblina-caminhao-e1530208848363-211x188.jpg 211w\" sizes=\"(max-width: 292px) 100vw, 292px\" \/>A Concession\u00e1ria SPMAR, respons\u00e1vel pelos trechos Sul e Leste do Rodoanel, realizar\u00e1 entre os dias 30\/06 e 02\/07, a\u00e7\u00f5es de conscientiza\u00e7\u00e3o para alertar os motoristas sobre os riscos de neblina e queimadas, t\u00edpicos dessa \u00e9poca do ano. A SPMAR \u00e9 integrante do Programa de Concess\u00f5es Rodovi\u00e1rias da Ag\u00eancia de Transporte do Estado de S\u00e3o Paulo (ARTESP).<\/p>\n<p>Este per\u00edodo do ano, especialmente em raz\u00e3o da queda de temperatura, \u00e9 mais propenso ao ac\u00famulo de vapor d\u2019\u00e1gua pr\u00f3ximo ao solo e, consequentemente, forma\u00e7\u00e3o de neblina. O fato dos trechos Sul e Leste do Rodoanel Mario Covas estarem pr\u00f3ximos a serra do mar potencializa o surgimento deste fen\u00f4meno natural, exigindo dos motoristas a maior aten\u00e7\u00e3o poss\u00edvel nas estradas.<\/p>\n<p>Por isso, em parceria com a ARTESP, colaboradores da SPMAR distribuir\u00e3o materiais informativos aos usu\u00e1rios da via com dicas e medidas de seguran\u00e7a para situa\u00e7\u00f5es de neblina ou queimadas, como por exemplo:<\/p>\n<p>&#8211; Diminuir a velocidade;<br \/>\n&#8211; Acender o farol baixo;<br \/>\n&#8211; Manter uma dist\u00e2ncia segura dos demais ve\u00edculos;<br \/>\n&#8211; Evitar ultrapassagens e freadas bruscas.<\/p>\n<p>Os pontos com maior probabilidade de forma\u00e7\u00e3o de neblina est\u00e3o nas regi\u00f5es das represas Guarapiranga e Billings e pr\u00f3ximos \u00e0s v\u00e1rzeas dos rios Tiet\u00ea e Guai\u00f3:<\/p>\n<p>Trecho Sul<br \/>\n&#8211; Do km 47 ao km 50, em S\u00e3o Paulo;<br \/>\n&#8211; Do km 62 ao km 86, em S\u00e3o Bernardo do Campo, Santo Andr\u00e9 e Ribeir\u00e3o Pires.<\/p>\n<p>Trecho Leste<br \/>\n&#8211; Do km 86 ao km 90, em Ribeir\u00e3o Pires;<br \/>\n&#8211; Do km 95 ao km 100, em Ribeir\u00e3o Pires, Mau\u00e1 e Suzano;<br \/>\n&#8211; Do km 110 ao km 121, em Suzano, Po\u00e1 e Itaquaquecetuba.<\/p>\n<p><em>\u201cQualquer descuido na dire\u00e7\u00e3o pode causar acidente, especialmente quando o campo de vis\u00e3o \u00e9 reduzido, seja pela neblina ou pela fuma\u00e7a das queimadas. Diante disso, \u00e9 fundamental que os motoristas se conscientizem dos perigos e tenham a aten\u00e7\u00e3o necess\u00e1ria\u201d,<\/em> afirma Marcos Fonseca, diretor executivo da SPMAR.<\/p>\n<p><strong>Queimadas<\/strong><\/p>\n<p>Um dos maiores causadores de queimadas nas rodovias s\u00e3o as pontas de cigarros jogadas nas pistas, por motoristas ou pedestres. Em raz\u00e3o disso, o comunicado enfatiza sobre a responsabilidade dos motoristas nesse tema, solicitando que n\u00e3o joguem lixo nas estradas, incluindo as bitucas de cigarro. Provocar inc\u00eandio por irresponsabilidade \u00e9 crime ambiental, pass\u00edvel de multa e at\u00e9 pris\u00e3o, no caso de flagrante.<\/p>\n<p>&nbsp;<\/p>\n<p>&nbsp;<\/p>\n<p>____________________________________________________________________________________<\/p>\n<p><em>SPMAR &#8211; A Concession\u00e1ria SPMAR atua na administra\u00e7\u00e3o dos Trechos Sul e Leste do Rodoanel Mario Covas, sendo respons\u00e1vel pela gest\u00e3o de 76% do Rodoanel Metropolitano de S\u00e3o Paulo em opera\u00e7\u00e3o.<\/em><\/p>\n<p><em>Trecho Sul &#8211; do km 30 ao km 86 do Rodoanel Mario Covas, liga os Trechos Leste e Oeste do Rodoanel. O Trecho Sul tem acesso pelas rodovias R\u00e9gis Bittencourt (entroncamento com o Trecho Oeste) no km 30; Imigrantes no km 70 e Anchieta no km 75, al\u00e9m da Av. Papa Jo\u00e3o XXIII, em Mau\u00e1, no km 86.<\/em><\/p>\n<p><em>Trecho Leste &#8211; do km 86 ao km 130 do Rodoanel Mario Covas, liga os Trecho Sul \u00e0 Rodovia Presidente Dutra. O Trecho Leste tem acesso pela via de liga\u00e7\u00e3o com a Av. Papa Jo\u00e3o XXIII, em Mau\u00e1, no km 86; pela Rodovia Henrique Er\u00f3les &#8211; SP066 (km 115, em Suzano); pela Rodovia Ayrton Senna &#8211; SP070 (km 124 em Itaquaquecetuba) e pela Rodovia Presidente Dutra &#8211; BR116 (km 130 em Aruj\u00e1).<\/em><\/p>\n<p>__________________<br \/>\n<em>Mais informa\u00e7\u00f5es:<\/em><br \/>\n<em>GWA Comunica\u00e7\u00e3o Integrada<\/em><br \/>\n<em>Victor Pereira \u2013 victor@gwa.com.br (11) 96931-5884<\/em><br \/>\n<em>Luiz Ferreira &#8211; luiz@gwa.com.br \u2013 (11) 99289-9024<\/em><\/p>\n","protected":false},"excerpt":{"rendered":"<p>A Concession\u00e1ria SPMAR, respons\u00e1vel pelos trechos Sul e Leste do Rodoanel, realizar\u00e1 entre os dias 30\/06 e 02\/07, a\u00e7\u00f5es de conscientiza\u00e7\u00e3o para alertar os motoristas sobre os riscos de neblina e queimadas, t\u00edpicos dessa \u00e9poca do ano. A SPMAR \u00e9 integrante do Programa de Concess\u00f5es Rodovi\u00e1rias da Ag\u00eancia de Transporte do Estado de S\u00e3o Paulo [&hellip;]<\/p>\n","protected":false},"author":1,"featured_media":1195,"comment_status":"open","ping_status":"open","sticky":false,"template":"","format":"standard","meta":{"_acf_changed":false,"inline_featured_image":false,"_jetpack_memberships_contains_paid_content":false,"footnotes":""},"categories":[1],"tags":[],"class_list":["post-1194","post","type-post","status-publish","format-standard","has-post-thumbnail","hentry","category-sem-categoria"],"acf":[],"yoast_head":"<!-- This site is optimized with the Yoast SEO plugin v27.4 - https:\/\/yoast.com\/product\/yoast-seo-wordpress\/ -->\n<title>SPMAR alerta motoristas para o per\u00edodo de neblinas e queimadas nas estradas - Somos o caminho que te conecta ao que mais importa!<\/title>\n<meta name=\"robots\" content=\"index, follow, max-snippet:-1, max-image-preview:large, max-video-preview:-1\" \/>\n<link rel=\"canonical\" href=\"https:\/\/www.spmar.com.br\/web\/spmar-alerta-motoristas-para-o-periodo-de-neblinas-e-queimadas-nas-estradas\/\" \/>\n<meta property=\"og:locale\" content=\"pt_BR\" \/>\n<meta property=\"og:type\" content=\"article\" \/>\n<meta property=\"og:title\" content=\"SPMAR alerta motoristas para o per\u00edodo de neblinas e queimadas nas estradas - Somos o caminho que te conecta ao que mais importa!\" \/>\n<meta property=\"og:description\" content=\"A Concession\u00e1ria SPMAR, respons\u00e1vel pelos trechos Sul e Leste do Rodoanel, realizar\u00e1 entre os dias 30\/06 e 02\/07, a\u00e7\u00f5es de conscientiza\u00e7\u00e3o para alertar os motoristas sobre os riscos de neblina e queimadas, t\u00edpicos dessa \u00e9poca do ano. A SPMAR \u00e9 integrante do Programa de Concess\u00f5es Rodovi\u00e1rias da Ag\u00eancia de Transporte do Estado de S\u00e3o Paulo [&hellip;]\" \/>\n<meta property=\"og:url\" content=\"https:\/\/www.spmar.com.br\/web\/spmar-alerta-motoristas-para-o-periodo-de-neblinas-e-queimadas-nas-estradas\/\" \/>\n<meta property=\"og:site_name\" content=\"Somos o caminho que te conecta ao que mais importa!\" \/>\n<meta property=\"article:publisher\" content=\"https:\/\/www.facebook.com\/spmar.rodoanel\" \/>\n<meta property=\"article:published_time\" content=\"2018-06-29T17:29:57+00:00\" \/>\n<meta property=\"og:image\" content=\"https:\/\/www.spmar.com.br\/web\/wp-content\/uploads\/2018\/06\/neblina-caminhao-e1530208848363.jpg\" \/>\n\t<meta property=\"og:image:width\" content=\"468\" \/>\n\t<meta property=\"og:image:height\" content=\"417\" \/>\n\t<meta property=\"og:image:type\" content=\"image\/jpeg\" \/>\n<meta name=\"author\" content=\"uid_@spmar\" \/>\n<meta name=\"twitter:card\" content=\"summary_large_image\" \/>\n<meta name=\"twitter:label1\" content=\"Escrito por\" \/>\n\t<meta name=\"twitter:data1\" content=\"uid_@spmar\" \/>\n\t<meta name=\"twitter:label2\" content=\"Est. tempo de leitura\" \/>\n\t<meta name=\"twitter:data2\" content=\"3 minutos\" \/>\n<script type=\"application\/ld+json\" class=\"yoast-schema-graph\">{\"@context\":\"https:\\\/\\\/schema.org\",\"@graph\":[{\"@type\":\"Article\",\"@id\":\"https:\\\/\\\/www.spmar.com.br\\\/web\\\/spmar-alerta-motoristas-para-o-periodo-de-neblinas-e-queimadas-nas-estradas\\\/#article\",\"isPartOf\":{\"@id\":\"https:\\\/\\\/www.spmar.com.br\\\/web\\\/spmar-alerta-motoristas-para-o-periodo-de-neblinas-e-queimadas-nas-estradas\\\/\"},\"author\":{\"name\":\"uid_@spmar\",\"@id\":\"https:\\\/\\\/www.spmar.com.br\\\/web\\\/#\\\/schema\\\/person\\\/d197690c6bf9c79240a515310e6233b7\"},\"headline\":\"SPMAR alerta motoristas para o per\u00edodo de neblinas e queimadas nas estradas\",\"datePublished\":\"2018-06-29T17:29:57+00:00\",\"mainEntityOfPage\":{\"@id\":\"https:\\\/\\\/www.spmar.com.br\\\/web\\\/spmar-alerta-motoristas-para-o-periodo-de-neblinas-e-queimadas-nas-estradas\\\/\"},\"wordCount\":596,\"commentCount\":0,\"publisher\":{\"@id\":\"https:\\\/\\\/www.spmar.com.br\\\/web\\\/#organization\"},\"image\":{\"@id\":\"https:\\\/\\\/www.spmar.com.br\\\/web\\\/spmar-alerta-motoristas-para-o-periodo-de-neblinas-e-queimadas-nas-estradas\\\/#primaryimage\"},\"thumbnailUrl\":\"https:\\\/\\\/www.spmar.com.br\\\/web\\\/wp-content\\\/uploads\\\/2018\\\/06\\\/neblina-caminhao-e1530208848363.jpg\",\"inLanguage\":\"pt-BR\",\"potentialAction\":[{\"@type\":\"CommentAction\",\"name\":\"Comment\",\"target\":[\"https:\\\/\\\/www.spmar.com.br\\\/web\\\/spmar-alerta-motoristas-para-o-periodo-de-neblinas-e-queimadas-nas-estradas\\\/#respond\"]}]},{\"@type\":\"WebPage\",\"@id\":\"https:\\\/\\\/www.spmar.com.br\\\/web\\\/spmar-alerta-motoristas-para-o-periodo-de-neblinas-e-queimadas-nas-estradas\\\/\",\"url\":\"https:\\\/\\\/www.spmar.com.br\\\/web\\\/spmar-alerta-motoristas-para-o-periodo-de-neblinas-e-queimadas-nas-estradas\\\/\",\"name\":\"SPMAR alerta motoristas para o per\u00edodo de neblinas e queimadas nas estradas - Somos o caminho que te conecta ao que mais importa!\",\"isPartOf\":{\"@id\":\"https:\\\/\\\/www.spmar.com.br\\\/web\\\/#website\"},\"primaryImageOfPage\":{\"@id\":\"https:\\\/\\\/www.spmar.com.br\\\/web\\\/spmar-alerta-motoristas-para-o-periodo-de-neblinas-e-queimadas-nas-estradas\\\/#primaryimage\"},\"image\":{\"@id\":\"https:\\\/\\\/www.spmar.com.br\\\/web\\\/spmar-alerta-motoristas-para-o-periodo-de-neblinas-e-queimadas-nas-estradas\\\/#primaryimage\"},\"thumbnailUrl\":\"https:\\\/\\\/www.spmar.com.br\\\/web\\\/wp-content\\\/uploads\\\/2018\\\/06\\\/neblina-caminhao-e1530208848363.jpg\",\"datePublished\":\"2018-06-29T17:29:57+00:00\",\"breadcrumb\":{\"@id\":\"https:\\\/\\\/www.spmar.com.br\\\/web\\\/spmar-alerta-motoristas-para-o-periodo-de-neblinas-e-queimadas-nas-estradas\\\/#breadcrumb\"},\"inLanguage\":\"pt-BR\",\"potentialAction\":[{\"@type\":\"ReadAction\",\"target\":[\"https:\\\/\\\/www.spmar.com.br\\\/web\\\/spmar-alerta-motoristas-para-o-periodo-de-neblinas-e-queimadas-nas-estradas\\\/\"]}]},{\"@type\":\"ImageObject\",\"inLanguage\":\"pt-BR\",\"@id\":\"https:\\\/\\\/www.spmar.com.br\\\/web\\\/spmar-alerta-motoristas-para-o-periodo-de-neblinas-e-queimadas-nas-estradas\\\/#primaryimage\",\"url\":\"https:\\\/\\\/www.spmar.com.br\\\/web\\\/wp-content\\\/uploads\\\/2018\\\/06\\\/neblina-caminhao-e1530208848363.jpg\",\"contentUrl\":\"https:\\\/\\\/www.spmar.com.br\\\/web\\\/wp-content\\\/uploads\\\/2018\\\/06\\\/neblina-caminhao-e1530208848363.jpg\",\"width\":468,\"height\":417},{\"@type\":\"BreadcrumbList\",\"@id\":\"https:\\\/\\\/www.spmar.com.br\\\/web\\\/spmar-alerta-motoristas-para-o-periodo-de-neblinas-e-queimadas-nas-estradas\\\/#breadcrumb\",\"itemListElement\":[{\"@type\":\"ListItem\",\"position\":1,\"name\":\"Home\",\"item\":\"https:\\\/\\\/www.spmar.com.br\\\/web\\\/\"},{\"@type\":\"ListItem\",\"position\":2,\"name\":\"SPMAR alerta motoristas para o per\u00edodo de neblinas e queimadas nas estradas\"}]},{\"@type\":\"WebSite\",\"@id\":\"https:\\\/\\\/www.spmar.com.br\\\/web\\\/#website\",\"url\":\"https:\\\/\\\/www.spmar.com.br\\\/web\\\/\",\"name\":\"SPMAR\",\"description\":\"A Concession\u00e1ria SPMAR atua na administra\u00e7\u00e3o dos Trechos Sul e Leste do Rodoanel Mario Covas e, com isso,\u00e9 respons\u00e1vel pela gest\u00e3o de 76% do Rodoanel Metropolitano de S\u00e3o Paulo em opera\u00e7\u00e3o.\",\"publisher\":{\"@id\":\"https:\\\/\\\/www.spmar.com.br\\\/web\\\/#organization\"},\"potentialAction\":[{\"@type\":\"SearchAction\",\"target\":{\"@type\":\"EntryPoint\",\"urlTemplate\":\"https:\\\/\\\/www.spmar.com.br\\\/web\\\/?s={search_term_string}\"},\"query-input\":{\"@type\":\"PropertyValueSpecification\",\"valueRequired\":true,\"valueName\":\"search_term_string\"}}],\"inLanguage\":\"pt-BR\"},{\"@type\":\"Organization\",\"@id\":\"https:\\\/\\\/www.spmar.com.br\\\/web\\\/#organization\",\"name\":\"Concession\u00e1ria SPMAR\",\"url\":\"https:\\\/\\\/www.spmar.com.br\\\/web\\\/\",\"logo\":{\"@type\":\"ImageObject\",\"inLanguage\":\"pt-BR\",\"@id\":\"https:\\\/\\\/www.spmar.com.br\\\/web\\\/#\\\/schema\\\/logo\\\/image\\\/\",\"url\":\"https:\\\/\\\/www.spmar.com.br\\\/web\\\/wp-content\\\/uploads\\\/2017\\\/11\\\/logo_H.jpg\",\"contentUrl\":\"https:\\\/\\\/www.spmar.com.br\\\/web\\\/wp-content\\\/uploads\\\/2017\\\/11\\\/logo_H.jpg\",\"width\":448,\"height\":97,\"caption\":\"Concession\u00e1ria SPMAR\"},\"image\":{\"@id\":\"https:\\\/\\\/www.spmar.com.br\\\/web\\\/#\\\/schema\\\/logo\\\/image\\\/\"},\"sameAs\":[\"https:\\\/\\\/www.facebook.com\\\/spmar.rodoanel\",\"https:\\\/\\\/www.linkedin.com\\\/company\\\/spmarbr\\\/\",\"https:\\\/\\\/www.instagram.com\\\/spmarbr\\\/\"]},{\"@type\":\"Person\",\"@id\":\"https:\\\/\\\/www.spmar.com.br\\\/web\\\/#\\\/schema\\\/person\\\/d197690c6bf9c79240a515310e6233b7\",\"name\":\"uid_@spmar\",\"image\":{\"@type\":\"ImageObject\",\"inLanguage\":\"pt-BR\",\"@id\":\"https:\\\/\\\/www.spmar.com.br\\\/web\\\/wp-content\\\/litespeed\\\/avatar\\\/1d9f8aa10c469a2a6a9fbe6d3ba9a648.jpg?ver=1777045609\",\"url\":\"https:\\\/\\\/www.spmar.com.br\\\/web\\\/wp-content\\\/litespeed\\\/avatar\\\/1d9f8aa10c469a2a6a9fbe6d3ba9a648.jpg?ver=1777045609\",\"contentUrl\":\"https:\\\/\\\/www.spmar.com.br\\\/web\\\/wp-content\\\/litespeed\\\/avatar\\\/1d9f8aa10c469a2a6a9fbe6d3ba9a648.jpg?ver=1777045609\",\"caption\":\"uid_@spmar\"},\"url\":\"https:\\\/\\\/www.spmar.com.br\\\/web\\\/author\\\/uid_spmar\\\/\"}]}<\/script>\n<!-- \/ Yoast SEO plugin. -->","yoast_head_json":{"title":"SPMAR alerta motoristas para o per\u00edodo de neblinas e queimadas nas estradas - Somos o caminho que te conecta ao que mais importa!","robots":{"index":"index","follow":"follow","max-snippet":"max-snippet:-1","max-image-preview":"max-image-preview:large","max-video-preview":"max-video-preview:-1"},"canonical":"https:\/\/www.spmar.com.br\/web\/spmar-alerta-motoristas-para-o-periodo-de-neblinas-e-queimadas-nas-estradas\/","og_locale":"pt_BR","og_type":"article","og_title":"SPMAR alerta motoristas para o per\u00edodo de neblinas e queimadas nas estradas - Somos o caminho que te conecta ao que mais importa!","og_description":"A Concession\u00e1ria SPMAR, respons\u00e1vel pelos trechos Sul e Leste do Rodoanel, realizar\u00e1 entre os dias 30\/06 e 02\/07, a\u00e7\u00f5es de conscientiza\u00e7\u00e3o para alertar os motoristas sobre os riscos de neblina e queimadas, t\u00edpicos dessa \u00e9poca do ano. A SPMAR \u00e9 integrante do Programa de Concess\u00f5es Rodovi\u00e1rias da Ag\u00eancia de Transporte do Estado de S\u00e3o Paulo [&hellip;]","og_url":"https:\/\/www.spmar.com.br\/web\/spmar-alerta-motoristas-para-o-periodo-de-neblinas-e-queimadas-nas-estradas\/","og_site_name":"Somos o caminho que te conecta ao que mais importa!","article_publisher":"https:\/\/www.facebook.com\/spmar.rodoanel","article_published_time":"2018-06-29T17:29:57+00:00","og_image":[{"width":468,"height":417,"url":"https:\/\/www.spmar.com.br\/web\/wp-content\/uploads\/2018\/06\/neblina-caminhao-e1530208848363.jpg","type":"image\/jpeg"}],"author":"uid_@spmar","twitter_card":"summary_large_image","twitter_misc":{"Escrito por":"uid_@spmar","Est. tempo de leitura":"3 minutos"},"schema":{"@context":"https:\/\/schema.org","@graph":[{"@type":"Article","@id":"https:\/\/www.spmar.com.br\/web\/spmar-alerta-motoristas-para-o-periodo-de-neblinas-e-queimadas-nas-estradas\/#article","isPartOf":{"@id":"https:\/\/www.spmar.com.br\/web\/spmar-alerta-motoristas-para-o-periodo-de-neblinas-e-queimadas-nas-estradas\/"},"author":{"name":"uid_@spmar","@id":"https:\/\/www.spmar.com.br\/web\/#\/schema\/person\/d197690c6bf9c79240a515310e6233b7"},"headline":"SPMAR alerta motoristas para o per\u00edodo de neblinas e queimadas nas estradas","datePublished":"2018-06-29T17:29:57+00:00","mainEntityOfPage":{"@id":"https:\/\/www.spmar.com.br\/web\/spmar-alerta-motoristas-para-o-periodo-de-neblinas-e-queimadas-nas-estradas\/"},"wordCount":596,"commentCount":0,"publisher":{"@id":"https:\/\/www.spmar.com.br\/web\/#organization"},"image":{"@id":"https:\/\/www.spmar.com.br\/web\/spmar-alerta-motoristas-para-o-periodo-de-neblinas-e-queimadas-nas-estradas\/#primaryimage"},"thumbnailUrl":"https:\/\/www.spmar.com.br\/web\/wp-content\/uploads\/2018\/06\/neblina-caminhao-e1530208848363.jpg","inLanguage":"pt-BR","potentialAction":[{"@type":"CommentAction","name":"Comment","target":["https:\/\/www.spmar.com.br\/web\/spmar-alerta-motoristas-para-o-periodo-de-neblinas-e-queimadas-nas-estradas\/#respond"]}]},{"@type":"WebPage","@id":"https:\/\/www.spmar.com.br\/web\/spmar-alerta-motoristas-para-o-periodo-de-neblinas-e-queimadas-nas-estradas\/","url":"https:\/\/www.spmar.com.br\/web\/spmar-alerta-motoristas-para-o-periodo-de-neblinas-e-queimadas-nas-estradas\/","name":"SPMAR alerta motoristas para o per\u00edodo de neblinas e queimadas nas estradas - Somos o caminho que te conecta ao que mais importa!","isPartOf":{"@id":"https:\/\/www.spmar.com.br\/web\/#website"},"primaryImageOfPage":{"@id":"https:\/\/www.spmar.com.br\/web\/spmar-alerta-motoristas-para-o-periodo-de-neblinas-e-queimadas-nas-estradas\/#primaryimage"},"image":{"@id":"https:\/\/www.spmar.com.br\/web\/spmar-alerta-motoristas-para-o-periodo-de-neblinas-e-queimadas-nas-estradas\/#primaryimage"},"thumbnailUrl":"https:\/\/www.spmar.com.br\/web\/wp-content\/uploads\/2018\/06\/neblina-caminhao-e1530208848363.jpg","datePublished":"2018-06-29T17:29:57+00:00","breadcrumb":{"@id":"https:\/\/www.spmar.com.br\/web\/spmar-alerta-motoristas-para-o-periodo-de-neblinas-e-queimadas-nas-estradas\/#breadcrumb"},"inLanguage":"pt-BR","potentialAction":[{"@type":"ReadAction","target":["https:\/\/www.spmar.com.br\/web\/spmar-alerta-motoristas-para-o-periodo-de-neblinas-e-queimadas-nas-estradas\/"]}]},{"@type":"ImageObject","inLanguage":"pt-BR","@id":"https:\/\/www.spmar.com.br\/web\/spmar-alerta-motoristas-para-o-periodo-de-neblinas-e-queimadas-nas-estradas\/#primaryimage","url":"https:\/\/www.spmar.com.br\/web\/wp-content\/uploads\/2018\/06\/neblina-caminhao-e1530208848363.jpg","contentUrl":"https:\/\/www.spmar.com.br\/web\/wp-content\/uploads\/2018\/06\/neblina-caminhao-e1530208848363.jpg","width":468,"height":417},{"@type":"BreadcrumbList","@id":"https:\/\/www.spmar.com.br\/web\/spmar-alerta-motoristas-para-o-periodo-de-neblinas-e-queimadas-nas-estradas\/#breadcrumb","itemListElement":[{"@type":"ListItem","position":1,"name":"Home","item":"https:\/\/www.spmar.com.br\/web\/"},{"@type":"ListItem","position":2,"name":"SPMAR alerta motoristas para o per\u00edodo de neblinas e queimadas nas estradas"}]},{"@type":"WebSite","@id":"https:\/\/www.spmar.com.br\/web\/#website","url":"https:\/\/www.spmar.com.br\/web\/","name":"SPMAR","description":"A Concession\u00e1ria SPMAR atua na administra\u00e7\u00e3o dos Trechos Sul e Leste do Rodoanel Mario Covas e, com isso,\u00e9 respons\u00e1vel pela gest\u00e3o de 76% do Rodoanel Metropolitano de S\u00e3o Paulo em opera\u00e7\u00e3o.","publisher":{"@id":"https:\/\/www.spmar.com.br\/web\/#organization"},"potentialAction":[{"@type":"SearchAction","target":{"@type":"EntryPoint","urlTemplate":"https:\/\/www.spmar.com.br\/web\/?s={search_term_string}"},"query-input":{"@type":"PropertyValueSpecification","valueRequired":true,"valueName":"search_term_string"}}],"inLanguage":"pt-BR"},{"@type":"Organization","@id":"https:\/\/www.spmar.com.br\/web\/#organization","name":"Concession\u00e1ria SPMAR","url":"https:\/\/www.spmar.com.br\/web\/","logo":{"@type":"ImageObject","inLanguage":"pt-BR","@id":"https:\/\/www.spmar.com.br\/web\/#\/schema\/logo\/image\/","url":"https:\/\/www.spmar.com.br\/web\/wp-content\/uploads\/2017\/11\/logo_H.jpg","contentUrl":"https:\/\/www.spmar.com.br\/web\/wp-content\/uploads\/2017\/11\/logo_H.jpg","width":448,"height":97,"caption":"Concession\u00e1ria SPMAR"},"image":{"@id":"https:\/\/www.spmar.com.br\/web\/#\/schema\/logo\/image\/"},"sameAs":["https:\/\/www.facebook.com\/spmar.rodoanel","https:\/\/www.linkedin.com\/company\/spmarbr\/","https:\/\/www.instagram.com\/spmarbr\/"]},{"@type":"Person","@id":"https:\/\/www.spmar.com.br\/web\/#\/schema\/person\/d197690c6bf9c79240a515310e6233b7","name":"uid_@spmar","image":{"@type":"ImageObject","inLanguage":"pt-BR","@id":"https:\/\/www.spmar.com.br\/web\/wp-content\/litespeed\/avatar\/1d9f8aa10c469a2a6a9fbe6d3ba9a648.jpg?ver=1777045609","url":"https:\/\/www.spmar.com.br\/web\/wp-content\/litespeed\/avatar\/1d9f8aa10c469a2a6a9fbe6d3ba9a648.jpg?ver=1777045609","contentUrl":"https:\/\/www.spmar.com.br\/web\/wp-content\/litespeed\/avatar\/1d9f8aa10c469a2a6a9fbe6d3ba9a648.jpg?ver=1777045609","caption":"uid_@spmar"},"url":"https:\/\/www.spmar.com.br\/web\/author\/uid_spmar\/"}]}},"jetpack_featured_media_url":"https:\/\/www.spmar.com.br\/web\/wp-content\/uploads\/2018\/06\/neblina-caminhao-e1530208848363.jpg","jetpack_sharing_enabled":true,"_links":{"self":[{"href":"https:\/\/www.spmar.com.br\/web\/wp-json\/wp\/v2\/posts\/1194","targetHints":{"allow":["GET"]}}],"collection":[{"href":"https:\/\/www.spmar.com.br\/web\/wp-json\/wp\/v2\/posts"}],"about":[{"href":"https:\/\/www.spmar.com.br\/web\/wp-json\/wp\/v2\/types\/post"}],"author":[{"embeddable":true,"href":"https:\/\/www.spmar.com.br\/web\/wp-json\/wp\/v2\/users\/1"}],"replies":[{"embeddable":true,"href":"https:\/\/www.spmar.com.br\/web\/wp-json\/wp\/v2\/comments?post=1194"}],"version-history":[{"count":1,"href":"https:\/\/www.spmar.com.br\/web\/wp-json\/wp\/v2\/posts\/1194\/revisions"}],"predecessor-version":[{"id":1196,"href":"https:\/\/www.spmar.com.br\/web\/wp-json\/wp\/v2\/posts\/1194\/revisions\/1196"}],"wp:featuredmedia":[{"embeddable":true,"href":"https:\/\/www.spmar.com.br\/web\/wp-json\/wp\/v2\/media\/1195"}],"wp:attachment":[{"href":"https:\/\/www.spmar.com.br\/web\/wp-json\/wp\/v2\/media?parent=1194"}],"wp:term":[{"taxonomy":"category","embeddable":true,"href":"https:\/\/www.spmar.com.br\/web\/wp-json\/wp\/v2\/categories?post=1194"},{"taxonomy":"post_tag","embeddable":true,"href":"https:\/\/www.spmar.com.br\/web\/wp-json\/wp\/v2\/tags?post=1194"}],"curies":[{"name":"wp","href":"https:\/\/api.w.org\/{rel}","templated":true}]}}