{"id":1134,"date":"2018-06-05T10:20:37","date_gmt":"2018-06-05T13:20:37","guid":{"rendered":"https:\/\/www.spmar.com.br\/web\/?p=1134"},"modified":"2018-06-14T10:56:20","modified_gmt":"2018-06-14T13:56:20","slug":"1134-2","status":"publish","type":"post","link":"https:\/\/www.spmar.com.br\/web\/1134-2\/","title":{"rendered":"Dia Mundial do Meio ambiente, SPMar alerta usu\u00e1rios com mensagens nos PMVs"},"content":{"rendered":"<p>O\u00a0Dia\u00a0Mundial do\u00a0Meio Ambiente\u00a0foi criado pela Organiza\u00e7\u00e3o das Na\u00e7\u00f5es Unidas em 1972 para marcar a abertura da Confer\u00eancia de Estocolmo, a primeira reuni\u00e3o com representantes do mundo inteiro para discutir a rela\u00e7\u00e3o entre o homem e a natureza. O Dia Mundial do Meio Ambiente, comemorado hoje (5), tem como tema este ano\u00a0<strong> \u201c#AcabeComAPolui\u00e7\u00e3oPl\u00e1stica\u201d<\/strong>, para chamar a aten\u00e7\u00e3o da sociedade para reduzir a produ\u00e7\u00e3o e o consumo excessivo de produtos pl\u00e1sticos descart\u00e1veis.<\/p>\n<p>Ainda segundo a ONU Meio Ambiente, a cada minuto, s\u00e3o compradas 1 milh\u00e3o de garrafas pl\u00e1sticas e 90% da \u00e1gua engarrafada cont\u00eam micropl\u00e1sticos. De acordo com o organismo internacional, metade do pl\u00e1stico consumido no mundo \u00e9 descart\u00e1vel e pelo menos 13 milh\u00f5es de toneladas v\u00e3o parar nos oceanos anualmente, afetando 600 esp\u00e9cies marinhas, das quais 15% est\u00e3o amea\u00e7adas de extin\u00e7\u00e3o.<\/p>\n<p>A Concession\u00e1ria SPMar, respons\u00e1vel pela administra\u00e7\u00e3o do Rodoanel M\u00e1rio Covas, trechos sul e leste, dentro do Programa Estadual de Concess\u00e3o de Rodovias de S\u00e3o Paulo,\u00a0\u00a0faz alerta a todos os motorista, por meio de mensagens nos pain\u00e9is da rodovia, e colaboradores sobre a import\u00e2ncia de cuidarmos do Meio Ambiente, dentro do conceito de sustentabilidade,\u00a0suprindo as necessidades atuais dos seres humanos, sem comprometer o futuro das pr\u00f3ximas gera\u00e7\u00f5es.\u00a0Todos os dias, uma equipe especial inspeciona os 120 km da rodovia com aten\u00e7\u00e3o especial \u00e0s \u00e1reas de preserva\u00e7\u00e3o ambiental e executa servi\u00e7os de remo\u00e7\u00e3o de res\u00edduos e vegeta\u00e7\u00e3o da faixa de dom\u00ednio al\u00e9m de recupera\u00e7\u00e3o de \u00e1rea, limpeza de canaletas e implementa\u00e7\u00e3o de cercas.<\/p>\n<p><img fetchpriority=\"high\" decoding=\"async\" class=\"wp-image-1136 aligncenter\" src=\"https:\/\/www.spmar.com.br\/web\/wp-content\/uploads\/2018\/06\/SPM_emailMKT_MeioAmbiente_v1_050617.jpg\" alt=\"\" width=\"830\" height=\"585\" srcset=\"https:\/\/www.spmar.com.br\/web\/wp-content\/uploads\/2018\/06\/SPM_emailMKT_MeioAmbiente_v1_050617.jpg 1654w, https:\/\/www.spmar.com.br\/web\/wp-content\/uploads\/2018\/06\/SPM_emailMKT_MeioAmbiente_v1_050617-300x211.jpg 300w, https:\/\/www.spmar.com.br\/web\/wp-content\/uploads\/2018\/06\/SPM_emailMKT_MeioAmbiente_v1_050617-768x541.jpg 768w, https:\/\/www.spmar.com.br\/web\/wp-content\/uploads\/2018\/06\/SPM_emailMKT_MeioAmbiente_v1_050617-1024x722.jpg 1024w, https:\/\/www.spmar.com.br\/web\/wp-content\/uploads\/2018\/06\/SPM_emailMKT_MeioAmbiente_v1_050617-211x149.jpg 211w\" sizes=\"(max-width: 830px) 100vw, 830px\" \/><\/p>\n<p>&nbsp;<\/p>\n","protected":false},"excerpt":{"rendered":"<p>O\u00a0Dia\u00a0Mundial do\u00a0Meio Ambiente\u00a0foi criado pela Organiza\u00e7\u00e3o das Na\u00e7\u00f5es Unidas em 1972 para marcar a abertura da Confer\u00eancia de Estocolmo, a primeira reuni\u00e3o com representantes do mundo inteiro para discutir a rela\u00e7\u00e3o entre o homem e a natureza. O Dia Mundial do Meio Ambiente, comemorado hoje (5), tem como tema este ano\u00a0 \u201c#AcabeComAPolui\u00e7\u00e3oPl\u00e1stica\u201d, para chamar a [&hellip;]<\/p>\n","protected":false},"author":1,"featured_media":1137,"comment_status":"open","ping_status":"open","sticky":false,"template":"","format":"standard","meta":{"_acf_changed":false,"inline_featured_image":false,"_jetpack_memberships_contains_paid_content":false,"footnotes":""},"categories":[1],"tags":[],"class_list":["post-1134","post","type-post","status-publish","format-standard","has-post-thumbnail","hentry","category-sem-categoria"],"acf":[],"yoast_head":"<!-- This site is optimized with the Yoast SEO plugin v27.4 - https:\/\/yoast.com\/product\/yoast-seo-wordpress\/ -->\n<title>Dia Mundial do Meio ambiente, SPMar alerta usu\u00e1rios com mensagens nos PMVs - Somos o caminho que te conecta ao que mais importa!<\/title>\n<meta name=\"robots\" content=\"index, follow, max-snippet:-1, max-image-preview:large, max-video-preview:-1\" \/>\n<link rel=\"canonical\" href=\"https:\/\/www.spmar.com.br\/web\/1134-2\/\" \/>\n<meta property=\"og:locale\" content=\"pt_BR\" \/>\n<meta property=\"og:type\" content=\"article\" \/>\n<meta property=\"og:title\" content=\"Dia Mundial do Meio ambiente, SPMar alerta usu\u00e1rios com mensagens nos PMVs - Somos o caminho que te conecta ao que mais importa!\" \/>\n<meta property=\"og:description\" content=\"O\u00a0Dia\u00a0Mundial do\u00a0Meio Ambiente\u00a0foi criado pela Organiza\u00e7\u00e3o das Na\u00e7\u00f5es Unidas em 1972 para marcar a abertura da Confer\u00eancia de Estocolmo, a primeira reuni\u00e3o com representantes do mundo inteiro para discutir a rela\u00e7\u00e3o entre o homem e a natureza. O Dia Mundial do Meio Ambiente, comemorado hoje (5), tem como tema este ano\u00a0 \u201c#AcabeComAPolui\u00e7\u00e3oPl\u00e1stica\u201d, para chamar a [&hellip;]\" \/>\n<meta property=\"og:url\" content=\"https:\/\/www.spmar.com.br\/web\/1134-2\/\" \/>\n<meta property=\"og:site_name\" content=\"Somos o caminho que te conecta ao que mais importa!\" \/>\n<meta property=\"article:publisher\" content=\"https:\/\/www.facebook.com\/spmar.rodoanel\" \/>\n<meta property=\"article:published_time\" content=\"2018-06-05T13:20:37+00:00\" \/>\n<meta property=\"article:modified_time\" content=\"2018-06-14T13:56:20+00:00\" \/>\n<meta property=\"og:image\" content=\"https:\/\/www.spmar.com.br\/web\/wp-content\/uploads\/2018\/06\/meio-ambiente.png\" \/>\n\t<meta property=\"og:image:width\" content=\"442\" \/>\n\t<meta property=\"og:image:height\" content=\"380\" \/>\n\t<meta property=\"og:image:type\" content=\"image\/png\" \/>\n<meta name=\"author\" content=\"uid_@spmar\" \/>\n<meta name=\"twitter:card\" content=\"summary_large_image\" \/>\n<meta name=\"twitter:label1\" content=\"Escrito por\" \/>\n\t<meta name=\"twitter:data1\" content=\"uid_@spmar\" \/>\n\t<meta name=\"twitter:label2\" content=\"Est. tempo de leitura\" \/>\n\t<meta name=\"twitter:data2\" content=\"1 minuto\" \/>\n<script type=\"application\/ld+json\" class=\"yoast-schema-graph\">{\"@context\":\"https:\\\/\\\/schema.org\",\"@graph\":[{\"@type\":\"Article\",\"@id\":\"https:\\\/\\\/www.spmar.com.br\\\/web\\\/1134-2\\\/#article\",\"isPartOf\":{\"@id\":\"https:\\\/\\\/www.spmar.com.br\\\/web\\\/1134-2\\\/\"},\"author\":{\"name\":\"uid_@spmar\",\"@id\":\"https:\\\/\\\/www.spmar.com.br\\\/web\\\/#\\\/schema\\\/person\\\/d197690c6bf9c79240a515310e6233b7\"},\"headline\":\"Dia Mundial do Meio ambiente, SPMar alerta usu\u00e1rios com mensagens nos PMVs\",\"datePublished\":\"2018-06-05T13:20:37+00:00\",\"dateModified\":\"2018-06-14T13:56:20+00:00\",\"mainEntityOfPage\":{\"@id\":\"https:\\\/\\\/www.spmar.com.br\\\/web\\\/1134-2\\\/\"},\"wordCount\":296,\"commentCount\":0,\"publisher\":{\"@id\":\"https:\\\/\\\/www.spmar.com.br\\\/web\\\/#organization\"},\"image\":{\"@id\":\"https:\\\/\\\/www.spmar.com.br\\\/web\\\/1134-2\\\/#primaryimage\"},\"thumbnailUrl\":\"https:\\\/\\\/www.spmar.com.br\\\/web\\\/wp-content\\\/uploads\\\/2018\\\/06\\\/meio-ambiente.png\",\"inLanguage\":\"pt-BR\",\"potentialAction\":[{\"@type\":\"CommentAction\",\"name\":\"Comment\",\"target\":[\"https:\\\/\\\/www.spmar.com.br\\\/web\\\/1134-2\\\/#respond\"]}]},{\"@type\":\"WebPage\",\"@id\":\"https:\\\/\\\/www.spmar.com.br\\\/web\\\/1134-2\\\/\",\"url\":\"https:\\\/\\\/www.spmar.com.br\\\/web\\\/1134-2\\\/\",\"name\":\"Dia Mundial do Meio ambiente, SPMar alerta usu\u00e1rios com mensagens nos PMVs - Somos o caminho que te conecta ao que mais importa!\",\"isPartOf\":{\"@id\":\"https:\\\/\\\/www.spmar.com.br\\\/web\\\/#website\"},\"primaryImageOfPage\":{\"@id\":\"https:\\\/\\\/www.spmar.com.br\\\/web\\\/1134-2\\\/#primaryimage\"},\"image\":{\"@id\":\"https:\\\/\\\/www.spmar.com.br\\\/web\\\/1134-2\\\/#primaryimage\"},\"thumbnailUrl\":\"https:\\\/\\\/www.spmar.com.br\\\/web\\\/wp-content\\\/uploads\\\/2018\\\/06\\\/meio-ambiente.png\",\"datePublished\":\"2018-06-05T13:20:37+00:00\",\"dateModified\":\"2018-06-14T13:56:20+00:00\",\"breadcrumb\":{\"@id\":\"https:\\\/\\\/www.spmar.com.br\\\/web\\\/1134-2\\\/#breadcrumb\"},\"inLanguage\":\"pt-BR\",\"potentialAction\":[{\"@type\":\"ReadAction\",\"target\":[\"https:\\\/\\\/www.spmar.com.br\\\/web\\\/1134-2\\\/\"]}]},{\"@type\":\"ImageObject\",\"inLanguage\":\"pt-BR\",\"@id\":\"https:\\\/\\\/www.spmar.com.br\\\/web\\\/1134-2\\\/#primaryimage\",\"url\":\"https:\\\/\\\/www.spmar.com.br\\\/web\\\/wp-content\\\/uploads\\\/2018\\\/06\\\/meio-ambiente.png\",\"contentUrl\":\"https:\\\/\\\/www.spmar.com.br\\\/web\\\/wp-content\\\/uploads\\\/2018\\\/06\\\/meio-ambiente.png\",\"width\":442,\"height\":380},{\"@type\":\"BreadcrumbList\",\"@id\":\"https:\\\/\\\/www.spmar.com.br\\\/web\\\/1134-2\\\/#breadcrumb\",\"itemListElement\":[{\"@type\":\"ListItem\",\"position\":1,\"name\":\"Home\",\"item\":\"https:\\\/\\\/www.spmar.com.br\\\/web\\\/\"},{\"@type\":\"ListItem\",\"position\":2,\"name\":\"Dia Mundial do Meio ambiente, SPMar alerta usu\u00e1rios com mensagens nos PMVs\"}]},{\"@type\":\"WebSite\",\"@id\":\"https:\\\/\\\/www.spmar.com.br\\\/web\\\/#website\",\"url\":\"https:\\\/\\\/www.spmar.com.br\\\/web\\\/\",\"name\":\"SPMAR\",\"description\":\"A Concession\u00e1ria SPMAR atua na administra\u00e7\u00e3o dos Trechos Sul e Leste do Rodoanel Mario Covas e, com isso,\u00e9 respons\u00e1vel pela gest\u00e3o de 76% do Rodoanel Metropolitano de S\u00e3o Paulo em opera\u00e7\u00e3o.\",\"publisher\":{\"@id\":\"https:\\\/\\\/www.spmar.com.br\\\/web\\\/#organization\"},\"potentialAction\":[{\"@type\":\"SearchAction\",\"target\":{\"@type\":\"EntryPoint\",\"urlTemplate\":\"https:\\\/\\\/www.spmar.com.br\\\/web\\\/?s={search_term_string}\"},\"query-input\":{\"@type\":\"PropertyValueSpecification\",\"valueRequired\":true,\"valueName\":\"search_term_string\"}}],\"inLanguage\":\"pt-BR\"},{\"@type\":\"Organization\",\"@id\":\"https:\\\/\\\/www.spmar.com.br\\\/web\\\/#organization\",\"name\":\"Concession\u00e1ria SPMAR\",\"url\":\"https:\\\/\\\/www.spmar.com.br\\\/web\\\/\",\"logo\":{\"@type\":\"ImageObject\",\"inLanguage\":\"pt-BR\",\"@id\":\"https:\\\/\\\/www.spmar.com.br\\\/web\\\/#\\\/schema\\\/logo\\\/image\\\/\",\"url\":\"https:\\\/\\\/www.spmar.com.br\\\/web\\\/wp-content\\\/uploads\\\/2017\\\/11\\\/logo_H.jpg\",\"contentUrl\":\"https:\\\/\\\/www.spmar.com.br\\\/web\\\/wp-content\\\/uploads\\\/2017\\\/11\\\/logo_H.jpg\",\"width\":448,\"height\":97,\"caption\":\"Concession\u00e1ria SPMAR\"},\"image\":{\"@id\":\"https:\\\/\\\/www.spmar.com.br\\\/web\\\/#\\\/schema\\\/logo\\\/image\\\/\"},\"sameAs\":[\"https:\\\/\\\/www.facebook.com\\\/spmar.rodoanel\",\"https:\\\/\\\/www.linkedin.com\\\/company\\\/spmarbr\\\/\",\"https:\\\/\\\/www.instagram.com\\\/spmarbr\\\/\"]},{\"@type\":\"Person\",\"@id\":\"https:\\\/\\\/www.spmar.com.br\\\/web\\\/#\\\/schema\\\/person\\\/d197690c6bf9c79240a515310e6233b7\",\"name\":\"uid_@spmar\",\"image\":{\"@type\":\"ImageObject\",\"inLanguage\":\"pt-BR\",\"@id\":\"https:\\\/\\\/www.spmar.com.br\\\/web\\\/wp-content\\\/litespeed\\\/avatar\\\/1d9f8aa10c469a2a6a9fbe6d3ba9a648.jpg?ver=1777045609\",\"url\":\"https:\\\/\\\/www.spmar.com.br\\\/web\\\/wp-content\\\/litespeed\\\/avatar\\\/1d9f8aa10c469a2a6a9fbe6d3ba9a648.jpg?ver=1777045609\",\"contentUrl\":\"https:\\\/\\\/www.spmar.com.br\\\/web\\\/wp-content\\\/litespeed\\\/avatar\\\/1d9f8aa10c469a2a6a9fbe6d3ba9a648.jpg?ver=1777045609\",\"caption\":\"uid_@spmar\"},\"url\":\"https:\\\/\\\/www.spmar.com.br\\\/web\\\/author\\\/uid_spmar\\\/\"}]}<\/script>\n<!-- \/ Yoast SEO plugin. -->","yoast_head_json":{"title":"Dia Mundial do Meio ambiente, SPMar alerta usu\u00e1rios com mensagens nos PMVs - Somos o caminho que te conecta ao que mais importa!","robots":{"index":"index","follow":"follow","max-snippet":"max-snippet:-1","max-image-preview":"max-image-preview:large","max-video-preview":"max-video-preview:-1"},"canonical":"https:\/\/www.spmar.com.br\/web\/1134-2\/","og_locale":"pt_BR","og_type":"article","og_title":"Dia Mundial do Meio ambiente, SPMar alerta usu\u00e1rios com mensagens nos PMVs - Somos o caminho que te conecta ao que mais importa!","og_description":"O\u00a0Dia\u00a0Mundial do\u00a0Meio Ambiente\u00a0foi criado pela Organiza\u00e7\u00e3o das Na\u00e7\u00f5es Unidas em 1972 para marcar a abertura da Confer\u00eancia de Estocolmo, a primeira reuni\u00e3o com representantes do mundo inteiro para discutir a rela\u00e7\u00e3o entre o homem e a natureza. O Dia Mundial do Meio Ambiente, comemorado hoje (5), tem como tema este ano\u00a0 \u201c#AcabeComAPolui\u00e7\u00e3oPl\u00e1stica\u201d, para chamar a [&hellip;]","og_url":"https:\/\/www.spmar.com.br\/web\/1134-2\/","og_site_name":"Somos o caminho que te conecta ao que mais importa!","article_publisher":"https:\/\/www.facebook.com\/spmar.rodoanel","article_published_time":"2018-06-05T13:20:37+00:00","article_modified_time":"2018-06-14T13:56:20+00:00","og_image":[{"width":442,"height":380,"url":"https:\/\/www.spmar.com.br\/web\/wp-content\/uploads\/2018\/06\/meio-ambiente.png","type":"image\/png"}],"author":"uid_@spmar","twitter_card":"summary_large_image","twitter_misc":{"Escrito por":"uid_@spmar","Est. tempo de leitura":"1 minuto"},"schema":{"@context":"https:\/\/schema.org","@graph":[{"@type":"Article","@id":"https:\/\/www.spmar.com.br\/web\/1134-2\/#article","isPartOf":{"@id":"https:\/\/www.spmar.com.br\/web\/1134-2\/"},"author":{"name":"uid_@spmar","@id":"https:\/\/www.spmar.com.br\/web\/#\/schema\/person\/d197690c6bf9c79240a515310e6233b7"},"headline":"Dia Mundial do Meio ambiente, SPMar alerta usu\u00e1rios com mensagens nos PMVs","datePublished":"2018-06-05T13:20:37+00:00","dateModified":"2018-06-14T13:56:20+00:00","mainEntityOfPage":{"@id":"https:\/\/www.spmar.com.br\/web\/1134-2\/"},"wordCount":296,"commentCount":0,"publisher":{"@id":"https:\/\/www.spmar.com.br\/web\/#organization"},"image":{"@id":"https:\/\/www.spmar.com.br\/web\/1134-2\/#primaryimage"},"thumbnailUrl":"https:\/\/www.spmar.com.br\/web\/wp-content\/uploads\/2018\/06\/meio-ambiente.png","inLanguage":"pt-BR","potentialAction":[{"@type":"CommentAction","name":"Comment","target":["https:\/\/www.spmar.com.br\/web\/1134-2\/#respond"]}]},{"@type":"WebPage","@id":"https:\/\/www.spmar.com.br\/web\/1134-2\/","url":"https:\/\/www.spmar.com.br\/web\/1134-2\/","name":"Dia Mundial do Meio ambiente, SPMar alerta usu\u00e1rios com mensagens nos PMVs - Somos o caminho que te conecta ao que mais importa!","isPartOf":{"@id":"https:\/\/www.spmar.com.br\/web\/#website"},"primaryImageOfPage":{"@id":"https:\/\/www.spmar.com.br\/web\/1134-2\/#primaryimage"},"image":{"@id":"https:\/\/www.spmar.com.br\/web\/1134-2\/#primaryimage"},"thumbnailUrl":"https:\/\/www.spmar.com.br\/web\/wp-content\/uploads\/2018\/06\/meio-ambiente.png","datePublished":"2018-06-05T13:20:37+00:00","dateModified":"2018-06-14T13:56:20+00:00","breadcrumb":{"@id":"https:\/\/www.spmar.com.br\/web\/1134-2\/#breadcrumb"},"inLanguage":"pt-BR","potentialAction":[{"@type":"ReadAction","target":["https:\/\/www.spmar.com.br\/web\/1134-2\/"]}]},{"@type":"ImageObject","inLanguage":"pt-BR","@id":"https:\/\/www.spmar.com.br\/web\/1134-2\/#primaryimage","url":"https:\/\/www.spmar.com.br\/web\/wp-content\/uploads\/2018\/06\/meio-ambiente.png","contentUrl":"https:\/\/www.spmar.com.br\/web\/wp-content\/uploads\/2018\/06\/meio-ambiente.png","width":442,"height":380},{"@type":"BreadcrumbList","@id":"https:\/\/www.spmar.com.br\/web\/1134-2\/#breadcrumb","itemListElement":[{"@type":"ListItem","position":1,"name":"Home","item":"https:\/\/www.spmar.com.br\/web\/"},{"@type":"ListItem","position":2,"name":"Dia Mundial do Meio ambiente, SPMar alerta usu\u00e1rios com mensagens nos PMVs"}]},{"@type":"WebSite","@id":"https:\/\/www.spmar.com.br\/web\/#website","url":"https:\/\/www.spmar.com.br\/web\/","name":"SPMAR","description":"A Concession\u00e1ria SPMAR atua na administra\u00e7\u00e3o dos Trechos Sul e Leste do Rodoanel Mario Covas e, com isso,\u00e9 respons\u00e1vel pela gest\u00e3o de 76% do Rodoanel Metropolitano de S\u00e3o Paulo em opera\u00e7\u00e3o.","publisher":{"@id":"https:\/\/www.spmar.com.br\/web\/#organization"},"potentialAction":[{"@type":"SearchAction","target":{"@type":"EntryPoint","urlTemplate":"https:\/\/www.spmar.com.br\/web\/?s={search_term_string}"},"query-input":{"@type":"PropertyValueSpecification","valueRequired":true,"valueName":"search_term_string"}}],"inLanguage":"pt-BR"},{"@type":"Organization","@id":"https:\/\/www.spmar.com.br\/web\/#organization","name":"Concession\u00e1ria SPMAR","url":"https:\/\/www.spmar.com.br\/web\/","logo":{"@type":"ImageObject","inLanguage":"pt-BR","@id":"https:\/\/www.spmar.com.br\/web\/#\/schema\/logo\/image\/","url":"https:\/\/www.spmar.com.br\/web\/wp-content\/uploads\/2017\/11\/logo_H.jpg","contentUrl":"https:\/\/www.spmar.com.br\/web\/wp-content\/uploads\/2017\/11\/logo_H.jpg","width":448,"height":97,"caption":"Concession\u00e1ria SPMAR"},"image":{"@id":"https:\/\/www.spmar.com.br\/web\/#\/schema\/logo\/image\/"},"sameAs":["https:\/\/www.facebook.com\/spmar.rodoanel","https:\/\/www.linkedin.com\/company\/spmarbr\/","https:\/\/www.instagram.com\/spmarbr\/"]},{"@type":"Person","@id":"https:\/\/www.spmar.com.br\/web\/#\/schema\/person\/d197690c6bf9c79240a515310e6233b7","name":"uid_@spmar","image":{"@type":"ImageObject","inLanguage":"pt-BR","@id":"https:\/\/www.spmar.com.br\/web\/wp-content\/litespeed\/avatar\/1d9f8aa10c469a2a6a9fbe6d3ba9a648.jpg?ver=1777045609","url":"https:\/\/www.spmar.com.br\/web\/wp-content\/litespeed\/avatar\/1d9f8aa10c469a2a6a9fbe6d3ba9a648.jpg?ver=1777045609","contentUrl":"https:\/\/www.spmar.com.br\/web\/wp-content\/litespeed\/avatar\/1d9f8aa10c469a2a6a9fbe6d3ba9a648.jpg?ver=1777045609","caption":"uid_@spmar"},"url":"https:\/\/www.spmar.com.br\/web\/author\/uid_spmar\/"}]}},"jetpack_featured_media_url":"https:\/\/www.spmar.com.br\/web\/wp-content\/uploads\/2018\/06\/meio-ambiente.png","jetpack_sharing_enabled":true,"_links":{"self":[{"href":"https:\/\/www.spmar.com.br\/web\/wp-json\/wp\/v2\/posts\/1134","targetHints":{"allow":["GET"]}}],"collection":[{"href":"https:\/\/www.spmar.com.br\/web\/wp-json\/wp\/v2\/posts"}],"about":[{"href":"https:\/\/www.spmar.com.br\/web\/wp-json\/wp\/v2\/types\/post"}],"author":[{"embeddable":true,"href":"https:\/\/www.spmar.com.br\/web\/wp-json\/wp\/v2\/users\/1"}],"replies":[{"embeddable":true,"href":"https:\/\/www.spmar.com.br\/web\/wp-json\/wp\/v2\/comments?post=1134"}],"version-history":[{"count":5,"href":"https:\/\/www.spmar.com.br\/web\/wp-json\/wp\/v2\/posts\/1134\/revisions"}],"predecessor-version":[{"id":1142,"href":"https:\/\/www.spmar.com.br\/web\/wp-json\/wp\/v2\/posts\/1134\/revisions\/1142"}],"wp:featuredmedia":[{"embeddable":true,"href":"https:\/\/www.spmar.com.br\/web\/wp-json\/wp\/v2\/media\/1137"}],"wp:attachment":[{"href":"https:\/\/www.spmar.com.br\/web\/wp-json\/wp\/v2\/media?parent=1134"}],"wp:term":[{"taxonomy":"category","embeddable":true,"href":"https:\/\/www.spmar.com.br\/web\/wp-json\/wp\/v2\/categories?post=1134"},{"taxonomy":"post_tag","embeddable":true,"href":"https:\/\/www.spmar.com.br\/web\/wp-json\/wp\/v2\/tags?post=1134"}],"curies":[{"name":"wp","href":"https:\/\/api.w.org\/{rel}","templated":true}]}}