{"id":1012,"date":"2018-05-08T08:38:24","date_gmt":"2018-05-08T11:38:24","guid":{"rendered":"https:\/\/www.spmar.com.br\/web\/?p=1012"},"modified":"2018-05-08T08:38:24","modified_gmt":"2018-05-08T11:38:24","slug":"maio-amarelo-movimenta-acoes-de-educacao-viaria-da-spmar-ao-longo-do-mes-confira","status":"publish","type":"post","link":"https:\/\/www.spmar.com.br\/web\/maio-amarelo-movimenta-acoes-de-educacao-viaria-da-spmar-ao-longo-do-mes-confira\/","title":{"rendered":"Maio Amarelo movimenta a\u00e7\u00f5es de educa\u00e7\u00e3o vi\u00e1ria da SPMAR ao longo do m\u00eas. Confira!"},"content":{"rendered":"<p>Neste m\u00eas, acontece a 5\u00aa edi\u00e7\u00e3o da campanha do Maio Amarelo \u2013 N\u00f3s somos o tr\u00e2nsito. Embasado no documento da ONU que definiu o per\u00edodo de 2011 a 2020 como a \u201cD\u00e9cada de A\u00e7\u00f5es para a Seguran\u00e7a no Tr\u00e2nsito\u201d, o movimento tem como objetivo conscientizar a sociedade para a redu\u00e7\u00e3o de acidentes e um tr\u00e2nsito mais seguro.<\/p>\n<p>Apoiadora do Movimento Maio Amarelo &#8211; Aten\u00e7\u00e3o pela vida &#8211; desde a sua cria\u00e7\u00e3o, a Concession\u00e1ria SPMAR, respons\u00e1vel pela administra\u00e7\u00e3o dos Trechos Sul e Leste do Rodoanel M\u00e1rio Covas, apresenta grandes conquistas. Nos seis anos de administra\u00e7\u00e3o das rodovias, houve fortes investimentos em infraestrutura, dispositivos de seguran\u00e7a, sistemas de controle de velocidade e conscientiza\u00e7\u00e3o do motorista que contribu\u00edram diretamente para reduzir acidentes e, consequentemente, o n\u00famero de feridos e v\u00edtimas fatais.<\/p>\n<p>Os resultados de todos esses esfor\u00e7os n\u00e3o tardaram a aparecer. Nos \u00faltimos dois anos, enquanto o fluxo de ve\u00edculos nos trechos sob concess\u00e3o da SPMAR registrou um aumentou de 6%, o n\u00famero de acidentes fatais no mesmo per\u00edodo sofreu uma redu\u00e7\u00e3o de 50%.<\/p>\n<p>\u201cA grande maioria das mortes nas rodovias est\u00e1 diretamente ligada \u00e0 imprud\u00eancia dos motoristas, que desrespeitam a sinaliza\u00e7\u00e3o e n\u00e3o realizam de forma correta a manuten\u00e7\u00e3o dos ve\u00edculos. Desde o in\u00edcio da concess\u00e3o, a SPMAR, em conjunto com a Ag\u00eancia de Transportes do Estado de S\u00e3o Paulo (ARTESP), busca desenvolver um trabalho constante de comunica\u00e7\u00e3o com os usu\u00e1rios dos trechos Sul e Leste do Rodoanel, com o principal foco de prevenir acidentes\u201d, afirma Marcos Fonseca, Diretor Executivo da SPMAR.<\/p>\n<p><strong>A\u00e7\u00e3o com motoristas<\/strong> &#8211; Em parceria com a ARTESP e dentro da campanha do Maio Amarelo, a SPMAR realizar\u00e1 entre 8 e 30 de maio diversas atividades de conscientiza\u00e7\u00e3o.<\/p>\n<p>Neste per\u00edodo, a equipe da Concession\u00e1ria promover\u00e1 palestras sobre educa\u00e7\u00e3o e seguran\u00e7a vi\u00e1ria, exposi\u00e7\u00e3o de equipamento em espa\u00e7os p\u00fablicos e exames preventivos de sa\u00fade , entre outras inciativas que mobilizar\u00e3o desde usu\u00e1rios das rodovias como moradores das comunidades lindeiras do Rodoanel, ciclistas, crian\u00e7as e adolescentes, al\u00e9m de colaboradores da pr\u00f3pria SPMAR:<\/p>\n<p>&nbsp;<\/p>\n<p><strong><u>Programa\u00e7\u00e3o:<\/u><\/strong><\/p>\n<p><strong>8 de maio das 11h\u00a0\u00e0s\u00a013h\u00a0<\/strong><\/p>\n<p>A\u00e7\u00e3o: SPMAR\u00a0com\u00a0a\u00a0Comunidade<\/p>\n<p>Local: Pra\u00e7a\u00a0&#8211;\u00a0Rua\u00a0XV\u00a0de\u00a0Novembro<\/p>\n<p>P\u00fablico: comunidade\u00a0lindeira<\/p>\n<p>Entrega\u00a0de\u00a0panfletos\u00a0\/\u00a0Revista\u00a0Turma\u00a0da\u00a0M\u00f4nica\u00a0\/ Exposi\u00e7\u00e3o\u00a0de\u00a0equipamentos \/\u00a0Viaturas<\/p>\n<p><strong>17 de maio das 9h\u00a0\u00e0s\u00a013h\u00a0<\/strong><\/p>\n<p>A\u00e7\u00e3o: Rodopiando\u00a0P\u00e9\u00a0na\u00a0Estrada<\/p>\n<p>Local: Transportadora\u00a0TRANSZERO<\/p>\n<p>P\u00fablico: motoristas e usu\u00e1rios do Rodoanel e moradores das comunidades\u00a0lindeiras<\/p>\n<p>Palestra\u00a0Educa\u00e7\u00e3o\u00a0Vi\u00e1ria\u00a0e\u00a0Triagem\u00a0B\u00e1sica\u00a0de\u00a0Sa\u00fade<\/p>\n<p><strong>21 de maio das 9h\u00a0\u00e0s\u00a010h\u00a0<\/strong><\/p>\n<p>A\u00e7\u00e3o: Rodopiando\u00a0P\u00e9\u00a0na\u00a0Estrada<\/p>\n<p>Local: Transportadora\u00a0BRAZUL<\/p>\n<p>P\u00fablico: motoristas e usu\u00e1rios do Rodoanel e moradores das comunidades\u00a0lindeiras<\/p>\n<p>Entrega\u00a0de\u00a0panfletos\u00a0\/\u00a0Revista\u00a0Turma\u00a0da\u00a0M\u00f4nica<\/p>\n<p><strong>22 de maio das 11h\u00a0\u00e0s\u00a013h\u00a0<\/strong><\/p>\n<p>A\u00e7\u00e3o: SPMAR\u00a0com\u00a0a\u00a0Comunidade<\/p>\n<p>Local: Parque\u00a0do\u00a0Rizzo<\/p>\n<p>P\u00fablico: moradores das comunidades\u00a0lindeiras<\/p>\n<p>Entrega\u00a0de\u00a0panfletos\u00a0\/\u00a0Revista\u00a0Turma\u00a0da\u00a0M\u00f4nica\u00a0\/\u00a0Exposi\u00e7\u00e3o\u00a0de\u00a0equipamentos\/\u00a0Viatura<\/p>\n<p><strong>23 de maio das 10h\u00a0\u00e0s\u00a012h\u00a0<\/strong><\/p>\n<p>A\u00e7\u00e3o: Acesso\u00a0a\u00a0Ouvidoria<\/p>\n<p>Local: SAU\u00a04\u00a0\u2013\u00a0KM121\u00a0&#8211;\u00a0Itaquaquecetuba<\/p>\n<p>P\u00fablico: motoristas e usu\u00e1rios do Rodoanel<\/p>\n<p>Pesquisa\u00a0de\u00a0Satisfa\u00e7\u00e3o\u00a0do\u00a0Usu\u00e1rio\u00a0\/\u00a0Entrega\u00a0de\u00a0Folhetos\u00a0Explicativos<\/p>\n<p><strong>23 de maio das 10h\u00a0\u00e0s\u00a012h\u00a0<\/strong><\/p>\n<p>A\u00e7\u00e3o: Sa\u00fade\u00a0e\u00a0Cidadania<\/p>\n<p>Local: SAU\u00a04\u00a0\u2013\u00a0KM121\u00a0&#8211;\u00a0Itaquaquecetuba<\/p>\n<p>P\u00fablico: motoristas e usu\u00e1rios do Rodoanel<\/p>\n<p>Triagem\u00a0B\u00e1sica\u00a0de\u00a0Sa\u00fade\/\u00a0Entrega\u00a0de\u00a0material\u00a0educativo\/\u00a0Revista\u00a0Turma\u00a0da\u00a0M\u00f4nica\/\u00a0Preservativos<\/p>\n<p><strong>25 de maio das 8h\u00a0\u00e0s\u00a017h\u00a0<\/strong><\/p>\n<p>A\u00e7\u00e3o: Dia\u00a0do\u00a0Amarelo<\/p>\n<p>Local: Sede\u00a0Km\u00a041\u00a0e\u00a0Pra\u00e7as de Ped\u00e1gio<\/p>\n<p>P\u00fablico: colaboradores da Concession\u00e1ria<\/p>\n<p>A\u00e7\u00e3o\u00a0de\u00a0conscientiza\u00e7\u00e3o\u00a0para\u00a0os\u00a0colaboradores<\/p>\n<p><strong>27 de maio das 8h\u00a0\u00e0s\u00a010h\u00a0<\/strong><\/p>\n<p>A\u00e7\u00e3o: SPMAR\u00a0\u2013\u00a0Ciclista\u00a0Seguro<\/p>\n<p>Local: SAU\u00a02\u00a0\u2013\u00a0KM\u00a068\u00a0&#8211; Santo\u00a0Andr\u00e9<\/p>\n<p>P\u00fablico: ciclistas<\/p>\n<p>Entrega\u00a0de\u00a0panfletos\u00a0\/\u00a0Orienta\u00e7\u00e3o\u00a0aos\u00a0ciclistas<\/p>\n<p><strong>28 de maio das 14h\u00a0\u00e0s\u00a016h\u00a0<\/strong><\/p>\n<p>A\u00e7\u00e3o: SPMAR\u00a0Educa<\/p>\n<p>Local: Instituto\u00a0A\u00a0Casa\u00a0do Jardim &#8211; Santo Andr\u00e9<\/p>\n<p>P\u00fablico: crian\u00e7as\u00a0e\u00a0adolescentes<\/p>\n<p>Palestra\/Concurso\u00a0Cultural\u00a0\u2013\u00a0Desenho\u00a0e\u00a0M\u00fasica<\/p>\n<p><strong>30 de maio das 9h30\u00a0\u00e0s\u00a011h\u00a0<\/strong><\/p>\n<p>A\u00e7\u00e3o: Palestra\u00a0para\u00a0colaboradores<\/p>\n<p>Local: Sede\u00a0Km\u00a041<\/p>\n<p>P\u00fablico: colaboradores da Concession\u00e1ria<\/p>\n<p>Palestra\u00a0sobre\u00a0preven\u00e7\u00e3o,\u00a0conscientiza\u00e7\u00e3o\u00a0e\u00a0debate\u00a0sobre\u00a0a\u00a0responsabilidade da Concession\u00e1ria para\u00a0um\u00a0tr\u00e2nsito\u00a0mais\u00a0seguro.<\/p>\n<p>______________________<\/p>\n<p><em>SPMAR &#8211; A Concession\u00e1ria SPMAR atua na administra\u00e7\u00e3o dos Trechos Sul e Leste do Rodoanel Mario Covas, sendo respons\u00e1vel pela gest\u00e3o de 76% do Rodoanel Metropolitano de S\u00e3o Paulo em opera\u00e7\u00e3o.\u00a0\u00a0<\/em><em><strong>Trecho Sul<\/strong> &#8211; do km 30 ao km 86 do Rodoanel Mario Covas, liga os Trechos Leste e Oeste do Rodoanel. O Trecho Sul tem acesso pelas rodovias R\u00e9gis Bittencourt (entroncamento com o Trecho Oeste) no km 30; Imigrantes no km 70 e Anchieta no km 75, al\u00e9m da Av. Papa Jo\u00e3o XXIII, em Mau\u00e1, no km 86.\u00a0\u00a0<\/em><em><strong>Trecho Leste<\/strong> &#8211; do km 86 ao km 130 do Rodoanel Mario Covas, liga os Trecho Sul \u00e0 Rodovia Presidente Dutra. O Trecho Leste tem acesso pela via de liga\u00e7\u00e3o com a Av. Papa Jo\u00e3o XXIII, em Mau\u00e1, no km 86; pela Rodovia Henrique Er\u00f3les &#8211; SP066 (km 115, em Suzano); pela Rodovia Ayrton Senna &#8211; SP070 (km 124 em Itaquaquecetuba) e pela Rodovia Presidente Dutra &#8211; BR116 (km 130 em Aruj\u00e1).<\/em><\/p>\n<p>&nbsp;<\/p>\n<p><em>++++<\/em><\/p>\n<p><strong>Mais informa\u00e7\u00f5es:<\/strong><\/p>\n<p>GWA Comunica\u00e7\u00e3o Integrada<\/p>\n<p>Victor Pereira \u2013 <a href=\"mailto:victor@gwa.com.br\">victor@gwa.com.br<\/a> (11) 96931-5884<\/p>\n<p>Luiz Ferreira &#8211; <a href=\"mailto:luiz@gwa.com.br\">luiz@gwa.com.br<\/a> \u2013 (11) 99289-9024<\/p>\n","protected":false},"excerpt":{"rendered":"<p>Neste m\u00eas, acontece a 5\u00aa edi\u00e7\u00e3o da campanha do Maio Amarelo \u2013 N\u00f3s somos o tr\u00e2nsito. Embasado no documento da ONU que definiu o per\u00edodo de 2011 a 2020 como a \u201cD\u00e9cada de A\u00e7\u00f5es para a Seguran\u00e7a no Tr\u00e2nsito\u201d, o movimento tem como objetivo conscientizar a sociedade para a redu\u00e7\u00e3o de acidentes e um tr\u00e2nsito [&hellip;]<\/p>\n","protected":false},"author":1,"featured_media":975,"comment_status":"open","ping_status":"open","sticky":false,"template":"","format":"standard","meta":{"_acf_changed":false,"inline_featured_image":false,"_jetpack_memberships_contains_paid_content":false,"footnotes":""},"categories":[1],"tags":[],"class_list":["post-1012","post","type-post","status-publish","format-standard","has-post-thumbnail","hentry","category-sem-categoria"],"acf":[],"yoast_head":"<!-- This site is optimized with the Yoast SEO plugin v27.4 - https:\/\/yoast.com\/product\/yoast-seo-wordpress\/ -->\n<title>Maio Amarelo movimenta a\u00e7\u00f5es de educa\u00e7\u00e3o vi\u00e1ria da SPMAR ao longo do m\u00eas. Confira! - Somos o caminho que te conecta ao que mais importa!<\/title>\n<meta name=\"robots\" content=\"index, follow, max-snippet:-1, max-image-preview:large, max-video-preview:-1\" \/>\n<link rel=\"canonical\" href=\"https:\/\/www.spmar.com.br\/web\/maio-amarelo-movimenta-acoes-de-educacao-viaria-da-spmar-ao-longo-do-mes-confira\/\" \/>\n<meta property=\"og:locale\" content=\"pt_BR\" \/>\n<meta property=\"og:type\" content=\"article\" \/>\n<meta property=\"og:title\" content=\"Maio Amarelo movimenta a\u00e7\u00f5es de educa\u00e7\u00e3o vi\u00e1ria da SPMAR ao longo do m\u00eas. Confira! - Somos o caminho que te conecta ao que mais importa!\" \/>\n<meta property=\"og:description\" content=\"Neste m\u00eas, acontece a 5\u00aa edi\u00e7\u00e3o da campanha do Maio Amarelo \u2013 N\u00f3s somos o tr\u00e2nsito. Embasado no documento da ONU que definiu o per\u00edodo de 2011 a 2020 como a \u201cD\u00e9cada de A\u00e7\u00f5es para a Seguran\u00e7a no Tr\u00e2nsito\u201d, o movimento tem como objetivo conscientizar a sociedade para a redu\u00e7\u00e3o de acidentes e um tr\u00e2nsito [&hellip;]\" \/>\n<meta property=\"og:url\" content=\"https:\/\/www.spmar.com.br\/web\/maio-amarelo-movimenta-acoes-de-educacao-viaria-da-spmar-ao-longo-do-mes-confira\/\" \/>\n<meta property=\"og:site_name\" content=\"Somos o caminho que te conecta ao que mais importa!\" \/>\n<meta property=\"article:publisher\" content=\"https:\/\/www.facebook.com\/spmar.rodoanel\" \/>\n<meta property=\"article:published_time\" content=\"2018-05-08T11:38:24+00:00\" \/>\n<meta property=\"og:image\" content=\"https:\/\/www.spmar.com.br\/web\/wp-content\/uploads\/2018\/04\/Agenda-Icon.png\" \/>\n\t<meta property=\"og:image:width\" content=\"1000\" \/>\n\t<meta property=\"og:image:height\" content=\"1000\" \/>\n\t<meta property=\"og:image:type\" content=\"image\/png\" \/>\n<meta name=\"author\" content=\"uid_@spmar\" \/>\n<meta name=\"twitter:card\" content=\"summary_large_image\" \/>\n<meta name=\"twitter:label1\" content=\"Escrito por\" \/>\n\t<meta name=\"twitter:data1\" content=\"uid_@spmar\" \/>\n\t<meta name=\"twitter:label2\" content=\"Est. tempo de leitura\" \/>\n\t<meta name=\"twitter:data2\" content=\"5 minutos\" \/>\n<script type=\"application\/ld+json\" class=\"yoast-schema-graph\">{\"@context\":\"https:\\\/\\\/schema.org\",\"@graph\":[{\"@type\":\"Article\",\"@id\":\"https:\\\/\\\/www.spmar.com.br\\\/web\\\/maio-amarelo-movimenta-acoes-de-educacao-viaria-da-spmar-ao-longo-do-mes-confira\\\/#article\",\"isPartOf\":{\"@id\":\"https:\\\/\\\/www.spmar.com.br\\\/web\\\/maio-amarelo-movimenta-acoes-de-educacao-viaria-da-spmar-ao-longo-do-mes-confira\\\/\"},\"author\":{\"name\":\"uid_@spmar\",\"@id\":\"https:\\\/\\\/www.spmar.com.br\\\/web\\\/#\\\/schema\\\/person\\\/d197690c6bf9c79240a515310e6233b7\"},\"headline\":\"Maio Amarelo movimenta a\u00e7\u00f5es de educa\u00e7\u00e3o vi\u00e1ria da SPMAR ao longo do m\u00eas. Confira!\",\"datePublished\":\"2018-05-08T11:38:24+00:00\",\"mainEntityOfPage\":{\"@id\":\"https:\\\/\\\/www.spmar.com.br\\\/web\\\/maio-amarelo-movimenta-acoes-de-educacao-viaria-da-spmar-ao-longo-do-mes-confira\\\/\"},\"wordCount\":937,\"commentCount\":0,\"publisher\":{\"@id\":\"https:\\\/\\\/www.spmar.com.br\\\/web\\\/#organization\"},\"image\":{\"@id\":\"https:\\\/\\\/www.spmar.com.br\\\/web\\\/maio-amarelo-movimenta-acoes-de-educacao-viaria-da-spmar-ao-longo-do-mes-confira\\\/#primaryimage\"},\"thumbnailUrl\":\"https:\\\/\\\/www.spmar.com.br\\\/web\\\/wp-content\\\/uploads\\\/2018\\\/04\\\/Agenda-Icon.png\",\"inLanguage\":\"pt-BR\",\"potentialAction\":[{\"@type\":\"CommentAction\",\"name\":\"Comment\",\"target\":[\"https:\\\/\\\/www.spmar.com.br\\\/web\\\/maio-amarelo-movimenta-acoes-de-educacao-viaria-da-spmar-ao-longo-do-mes-confira\\\/#respond\"]}]},{\"@type\":\"WebPage\",\"@id\":\"https:\\\/\\\/www.spmar.com.br\\\/web\\\/maio-amarelo-movimenta-acoes-de-educacao-viaria-da-spmar-ao-longo-do-mes-confira\\\/\",\"url\":\"https:\\\/\\\/www.spmar.com.br\\\/web\\\/maio-amarelo-movimenta-acoes-de-educacao-viaria-da-spmar-ao-longo-do-mes-confira\\\/\",\"name\":\"Maio Amarelo movimenta a\u00e7\u00f5es de educa\u00e7\u00e3o vi\u00e1ria da SPMAR ao longo do m\u00eas. Confira! - Somos o caminho que te conecta ao que mais importa!\",\"isPartOf\":{\"@id\":\"https:\\\/\\\/www.spmar.com.br\\\/web\\\/#website\"},\"primaryImageOfPage\":{\"@id\":\"https:\\\/\\\/www.spmar.com.br\\\/web\\\/maio-amarelo-movimenta-acoes-de-educacao-viaria-da-spmar-ao-longo-do-mes-confira\\\/#primaryimage\"},\"image\":{\"@id\":\"https:\\\/\\\/www.spmar.com.br\\\/web\\\/maio-amarelo-movimenta-acoes-de-educacao-viaria-da-spmar-ao-longo-do-mes-confira\\\/#primaryimage\"},\"thumbnailUrl\":\"https:\\\/\\\/www.spmar.com.br\\\/web\\\/wp-content\\\/uploads\\\/2018\\\/04\\\/Agenda-Icon.png\",\"datePublished\":\"2018-05-08T11:38:24+00:00\",\"breadcrumb\":{\"@id\":\"https:\\\/\\\/www.spmar.com.br\\\/web\\\/maio-amarelo-movimenta-acoes-de-educacao-viaria-da-spmar-ao-longo-do-mes-confira\\\/#breadcrumb\"},\"inLanguage\":\"pt-BR\",\"potentialAction\":[{\"@type\":\"ReadAction\",\"target\":[\"https:\\\/\\\/www.spmar.com.br\\\/web\\\/maio-amarelo-movimenta-acoes-de-educacao-viaria-da-spmar-ao-longo-do-mes-confira\\\/\"]}]},{\"@type\":\"ImageObject\",\"inLanguage\":\"pt-BR\",\"@id\":\"https:\\\/\\\/www.spmar.com.br\\\/web\\\/maio-amarelo-movimenta-acoes-de-educacao-viaria-da-spmar-ao-longo-do-mes-confira\\\/#primaryimage\",\"url\":\"https:\\\/\\\/www.spmar.com.br\\\/web\\\/wp-content\\\/uploads\\\/2018\\\/04\\\/Agenda-Icon.png\",\"contentUrl\":\"https:\\\/\\\/www.spmar.com.br\\\/web\\\/wp-content\\\/uploads\\\/2018\\\/04\\\/Agenda-Icon.png\",\"width\":1000,\"height\":1000},{\"@type\":\"BreadcrumbList\",\"@id\":\"https:\\\/\\\/www.spmar.com.br\\\/web\\\/maio-amarelo-movimenta-acoes-de-educacao-viaria-da-spmar-ao-longo-do-mes-confira\\\/#breadcrumb\",\"itemListElement\":[{\"@type\":\"ListItem\",\"position\":1,\"name\":\"Home\",\"item\":\"https:\\\/\\\/www.spmar.com.br\\\/web\\\/\"},{\"@type\":\"ListItem\",\"position\":2,\"name\":\"Maio Amarelo movimenta a\u00e7\u00f5es de educa\u00e7\u00e3o vi\u00e1ria da SPMAR ao longo do m\u00eas. Confira!\"}]},{\"@type\":\"WebSite\",\"@id\":\"https:\\\/\\\/www.spmar.com.br\\\/web\\\/#website\",\"url\":\"https:\\\/\\\/www.spmar.com.br\\\/web\\\/\",\"name\":\"SPMAR\",\"description\":\"A Concession\u00e1ria SPMAR atua na administra\u00e7\u00e3o dos Trechos Sul e Leste do Rodoanel Mario Covas e, com isso,\u00e9 respons\u00e1vel pela gest\u00e3o de 76% do Rodoanel Metropolitano de S\u00e3o Paulo em opera\u00e7\u00e3o.\",\"publisher\":{\"@id\":\"https:\\\/\\\/www.spmar.com.br\\\/web\\\/#organization\"},\"potentialAction\":[{\"@type\":\"SearchAction\",\"target\":{\"@type\":\"EntryPoint\",\"urlTemplate\":\"https:\\\/\\\/www.spmar.com.br\\\/web\\\/?s={search_term_string}\"},\"query-input\":{\"@type\":\"PropertyValueSpecification\",\"valueRequired\":true,\"valueName\":\"search_term_string\"}}],\"inLanguage\":\"pt-BR\"},{\"@type\":\"Organization\",\"@id\":\"https:\\\/\\\/www.spmar.com.br\\\/web\\\/#organization\",\"name\":\"Concession\u00e1ria SPMAR\",\"url\":\"https:\\\/\\\/www.spmar.com.br\\\/web\\\/\",\"logo\":{\"@type\":\"ImageObject\",\"inLanguage\":\"pt-BR\",\"@id\":\"https:\\\/\\\/www.spmar.com.br\\\/web\\\/#\\\/schema\\\/logo\\\/image\\\/\",\"url\":\"https:\\\/\\\/www.spmar.com.br\\\/web\\\/wp-content\\\/uploads\\\/2017\\\/11\\\/logo_H.jpg\",\"contentUrl\":\"https:\\\/\\\/www.spmar.com.br\\\/web\\\/wp-content\\\/uploads\\\/2017\\\/11\\\/logo_H.jpg\",\"width\":448,\"height\":97,\"caption\":\"Concession\u00e1ria SPMAR\"},\"image\":{\"@id\":\"https:\\\/\\\/www.spmar.com.br\\\/web\\\/#\\\/schema\\\/logo\\\/image\\\/\"},\"sameAs\":[\"https:\\\/\\\/www.facebook.com\\\/spmar.rodoanel\",\"https:\\\/\\\/www.linkedin.com\\\/company\\\/spmarbr\\\/\",\"https:\\\/\\\/www.instagram.com\\\/spmarbr\\\/\"]},{\"@type\":\"Person\",\"@id\":\"https:\\\/\\\/www.spmar.com.br\\\/web\\\/#\\\/schema\\\/person\\\/d197690c6bf9c79240a515310e6233b7\",\"name\":\"uid_@spmar\",\"image\":{\"@type\":\"ImageObject\",\"inLanguage\":\"pt-BR\",\"@id\":\"https:\\\/\\\/www.spmar.com.br\\\/web\\\/wp-content\\\/litespeed\\\/avatar\\\/1d9f8aa10c469a2a6a9fbe6d3ba9a648.jpg?ver=1777045609\",\"url\":\"https:\\\/\\\/www.spmar.com.br\\\/web\\\/wp-content\\\/litespeed\\\/avatar\\\/1d9f8aa10c469a2a6a9fbe6d3ba9a648.jpg?ver=1777045609\",\"contentUrl\":\"https:\\\/\\\/www.spmar.com.br\\\/web\\\/wp-content\\\/litespeed\\\/avatar\\\/1d9f8aa10c469a2a6a9fbe6d3ba9a648.jpg?ver=1777045609\",\"caption\":\"uid_@spmar\"},\"url\":\"https:\\\/\\\/www.spmar.com.br\\\/web\\\/author\\\/uid_spmar\\\/\"}]}<\/script>\n<!-- \/ Yoast SEO plugin. -->","yoast_head_json":{"title":"Maio Amarelo movimenta a\u00e7\u00f5es de educa\u00e7\u00e3o vi\u00e1ria da SPMAR ao longo do m\u00eas. Confira! - Somos o caminho que te conecta ao que mais importa!","robots":{"index":"index","follow":"follow","max-snippet":"max-snippet:-1","max-image-preview":"max-image-preview:large","max-video-preview":"max-video-preview:-1"},"canonical":"https:\/\/www.spmar.com.br\/web\/maio-amarelo-movimenta-acoes-de-educacao-viaria-da-spmar-ao-longo-do-mes-confira\/","og_locale":"pt_BR","og_type":"article","og_title":"Maio Amarelo movimenta a\u00e7\u00f5es de educa\u00e7\u00e3o vi\u00e1ria da SPMAR ao longo do m\u00eas. Confira! - Somos o caminho que te conecta ao que mais importa!","og_description":"Neste m\u00eas, acontece a 5\u00aa edi\u00e7\u00e3o da campanha do Maio Amarelo \u2013 N\u00f3s somos o tr\u00e2nsito. Embasado no documento da ONU que definiu o per\u00edodo de 2011 a 2020 como a \u201cD\u00e9cada de A\u00e7\u00f5es para a Seguran\u00e7a no Tr\u00e2nsito\u201d, o movimento tem como objetivo conscientizar a sociedade para a redu\u00e7\u00e3o de acidentes e um tr\u00e2nsito [&hellip;]","og_url":"https:\/\/www.spmar.com.br\/web\/maio-amarelo-movimenta-acoes-de-educacao-viaria-da-spmar-ao-longo-do-mes-confira\/","og_site_name":"Somos o caminho que te conecta ao que mais importa!","article_publisher":"https:\/\/www.facebook.com\/spmar.rodoanel","article_published_time":"2018-05-08T11:38:24+00:00","og_image":[{"width":1000,"height":1000,"url":"https:\/\/www.spmar.com.br\/web\/wp-content\/uploads\/2018\/04\/Agenda-Icon.png","type":"image\/png"}],"author":"uid_@spmar","twitter_card":"summary_large_image","twitter_misc":{"Escrito por":"uid_@spmar","Est. tempo de leitura":"5 minutos"},"schema":{"@context":"https:\/\/schema.org","@graph":[{"@type":"Article","@id":"https:\/\/www.spmar.com.br\/web\/maio-amarelo-movimenta-acoes-de-educacao-viaria-da-spmar-ao-longo-do-mes-confira\/#article","isPartOf":{"@id":"https:\/\/www.spmar.com.br\/web\/maio-amarelo-movimenta-acoes-de-educacao-viaria-da-spmar-ao-longo-do-mes-confira\/"},"author":{"name":"uid_@spmar","@id":"https:\/\/www.spmar.com.br\/web\/#\/schema\/person\/d197690c6bf9c79240a515310e6233b7"},"headline":"Maio Amarelo movimenta a\u00e7\u00f5es de educa\u00e7\u00e3o vi\u00e1ria da SPMAR ao longo do m\u00eas. Confira!","datePublished":"2018-05-08T11:38:24+00:00","mainEntityOfPage":{"@id":"https:\/\/www.spmar.com.br\/web\/maio-amarelo-movimenta-acoes-de-educacao-viaria-da-spmar-ao-longo-do-mes-confira\/"},"wordCount":937,"commentCount":0,"publisher":{"@id":"https:\/\/www.spmar.com.br\/web\/#organization"},"image":{"@id":"https:\/\/www.spmar.com.br\/web\/maio-amarelo-movimenta-acoes-de-educacao-viaria-da-spmar-ao-longo-do-mes-confira\/#primaryimage"},"thumbnailUrl":"https:\/\/www.spmar.com.br\/web\/wp-content\/uploads\/2018\/04\/Agenda-Icon.png","inLanguage":"pt-BR","potentialAction":[{"@type":"CommentAction","name":"Comment","target":["https:\/\/www.spmar.com.br\/web\/maio-amarelo-movimenta-acoes-de-educacao-viaria-da-spmar-ao-longo-do-mes-confira\/#respond"]}]},{"@type":"WebPage","@id":"https:\/\/www.spmar.com.br\/web\/maio-amarelo-movimenta-acoes-de-educacao-viaria-da-spmar-ao-longo-do-mes-confira\/","url":"https:\/\/www.spmar.com.br\/web\/maio-amarelo-movimenta-acoes-de-educacao-viaria-da-spmar-ao-longo-do-mes-confira\/","name":"Maio Amarelo movimenta a\u00e7\u00f5es de educa\u00e7\u00e3o vi\u00e1ria da SPMAR ao longo do m\u00eas. Confira! - Somos o caminho que te conecta ao que mais importa!","isPartOf":{"@id":"https:\/\/www.spmar.com.br\/web\/#website"},"primaryImageOfPage":{"@id":"https:\/\/www.spmar.com.br\/web\/maio-amarelo-movimenta-acoes-de-educacao-viaria-da-spmar-ao-longo-do-mes-confira\/#primaryimage"},"image":{"@id":"https:\/\/www.spmar.com.br\/web\/maio-amarelo-movimenta-acoes-de-educacao-viaria-da-spmar-ao-longo-do-mes-confira\/#primaryimage"},"thumbnailUrl":"https:\/\/www.spmar.com.br\/web\/wp-content\/uploads\/2018\/04\/Agenda-Icon.png","datePublished":"2018-05-08T11:38:24+00:00","breadcrumb":{"@id":"https:\/\/www.spmar.com.br\/web\/maio-amarelo-movimenta-acoes-de-educacao-viaria-da-spmar-ao-longo-do-mes-confira\/#breadcrumb"},"inLanguage":"pt-BR","potentialAction":[{"@type":"ReadAction","target":["https:\/\/www.spmar.com.br\/web\/maio-amarelo-movimenta-acoes-de-educacao-viaria-da-spmar-ao-longo-do-mes-confira\/"]}]},{"@type":"ImageObject","inLanguage":"pt-BR","@id":"https:\/\/www.spmar.com.br\/web\/maio-amarelo-movimenta-acoes-de-educacao-viaria-da-spmar-ao-longo-do-mes-confira\/#primaryimage","url":"https:\/\/www.spmar.com.br\/web\/wp-content\/uploads\/2018\/04\/Agenda-Icon.png","contentUrl":"https:\/\/www.spmar.com.br\/web\/wp-content\/uploads\/2018\/04\/Agenda-Icon.png","width":1000,"height":1000},{"@type":"BreadcrumbList","@id":"https:\/\/www.spmar.com.br\/web\/maio-amarelo-movimenta-acoes-de-educacao-viaria-da-spmar-ao-longo-do-mes-confira\/#breadcrumb","itemListElement":[{"@type":"ListItem","position":1,"name":"Home","item":"https:\/\/www.spmar.com.br\/web\/"},{"@type":"ListItem","position":2,"name":"Maio Amarelo movimenta a\u00e7\u00f5es de educa\u00e7\u00e3o vi\u00e1ria da SPMAR ao longo do m\u00eas. Confira!"}]},{"@type":"WebSite","@id":"https:\/\/www.spmar.com.br\/web\/#website","url":"https:\/\/www.spmar.com.br\/web\/","name":"SPMAR","description":"A Concession\u00e1ria SPMAR atua na administra\u00e7\u00e3o dos Trechos Sul e Leste do Rodoanel Mario Covas e, com isso,\u00e9 respons\u00e1vel pela gest\u00e3o de 76% do Rodoanel Metropolitano de S\u00e3o Paulo em opera\u00e7\u00e3o.","publisher":{"@id":"https:\/\/www.spmar.com.br\/web\/#organization"},"potentialAction":[{"@type":"SearchAction","target":{"@type":"EntryPoint","urlTemplate":"https:\/\/www.spmar.com.br\/web\/?s={search_term_string}"},"query-input":{"@type":"PropertyValueSpecification","valueRequired":true,"valueName":"search_term_string"}}],"inLanguage":"pt-BR"},{"@type":"Organization","@id":"https:\/\/www.spmar.com.br\/web\/#organization","name":"Concession\u00e1ria SPMAR","url":"https:\/\/www.spmar.com.br\/web\/","logo":{"@type":"ImageObject","inLanguage":"pt-BR","@id":"https:\/\/www.spmar.com.br\/web\/#\/schema\/logo\/image\/","url":"https:\/\/www.spmar.com.br\/web\/wp-content\/uploads\/2017\/11\/logo_H.jpg","contentUrl":"https:\/\/www.spmar.com.br\/web\/wp-content\/uploads\/2017\/11\/logo_H.jpg","width":448,"height":97,"caption":"Concession\u00e1ria SPMAR"},"image":{"@id":"https:\/\/www.spmar.com.br\/web\/#\/schema\/logo\/image\/"},"sameAs":["https:\/\/www.facebook.com\/spmar.rodoanel","https:\/\/www.linkedin.com\/company\/spmarbr\/","https:\/\/www.instagram.com\/spmarbr\/"]},{"@type":"Person","@id":"https:\/\/www.spmar.com.br\/web\/#\/schema\/person\/d197690c6bf9c79240a515310e6233b7","name":"uid_@spmar","image":{"@type":"ImageObject","inLanguage":"pt-BR","@id":"https:\/\/www.spmar.com.br\/web\/wp-content\/litespeed\/avatar\/1d9f8aa10c469a2a6a9fbe6d3ba9a648.jpg?ver=1777045609","url":"https:\/\/www.spmar.com.br\/web\/wp-content\/litespeed\/avatar\/1d9f8aa10c469a2a6a9fbe6d3ba9a648.jpg?ver=1777045609","contentUrl":"https:\/\/www.spmar.com.br\/web\/wp-content\/litespeed\/avatar\/1d9f8aa10c469a2a6a9fbe6d3ba9a648.jpg?ver=1777045609","caption":"uid_@spmar"},"url":"https:\/\/www.spmar.com.br\/web\/author\/uid_spmar\/"}]}},"jetpack_featured_media_url":"https:\/\/www.spmar.com.br\/web\/wp-content\/uploads\/2018\/04\/Agenda-Icon.png","jetpack_sharing_enabled":true,"_links":{"self":[{"href":"https:\/\/www.spmar.com.br\/web\/wp-json\/wp\/v2\/posts\/1012","targetHints":{"allow":["GET"]}}],"collection":[{"href":"https:\/\/www.spmar.com.br\/web\/wp-json\/wp\/v2\/posts"}],"about":[{"href":"https:\/\/www.spmar.com.br\/web\/wp-json\/wp\/v2\/types\/post"}],"author":[{"embeddable":true,"href":"https:\/\/www.spmar.com.br\/web\/wp-json\/wp\/v2\/users\/1"}],"replies":[{"embeddable":true,"href":"https:\/\/www.spmar.com.br\/web\/wp-json\/wp\/v2\/comments?post=1012"}],"version-history":[{"count":1,"href":"https:\/\/www.spmar.com.br\/web\/wp-json\/wp\/v2\/posts\/1012\/revisions"}],"predecessor-version":[{"id":1020,"href":"https:\/\/www.spmar.com.br\/web\/wp-json\/wp\/v2\/posts\/1012\/revisions\/1020"}],"wp:featuredmedia":[{"embeddable":true,"href":"https:\/\/www.spmar.com.br\/web\/wp-json\/wp\/v2\/media\/975"}],"wp:attachment":[{"href":"https:\/\/www.spmar.com.br\/web\/wp-json\/wp\/v2\/media?parent=1012"}],"wp:term":[{"taxonomy":"category","embeddable":true,"href":"https:\/\/www.spmar.com.br\/web\/wp-json\/wp\/v2\/categories?post=1012"},{"taxonomy":"post_tag","embeddable":true,"href":"https:\/\/www.spmar.com.br\/web\/wp-json\/wp\/v2\/tags?post=1012"}],"curies":[{"name":"wp","href":"https:\/\/api.w.org\/{rel}","templated":true}]}}