{"id":1,"date":"2016-09-19T12:00:38","date_gmt":"2016-09-19T15:00:38","guid":{"rendered":"http:\/\/localhost\/?p=1"},"modified":"2017-08-09T10:37:23","modified_gmt":"2017-08-09T13:37:23","slug":"acao-educativa","status":"publish","type":"post","link":"https:\/\/www.spmar.com.br\/web\/acao-educativa\/","title":{"rendered":"SPMAR promover\u00e1 a\u00e7\u00f5es educativas no Parque Ecol\u00f3gico do Tiet\u00ea"},"content":{"rendered":"<h4 class=\"western\" lang=\"en-US\" style=\"text-align: left;\" align=\"CENTER\"><span style=\"color: #7f7f7f;\"><span lang=\"pt-BR\"><b>Motoristas dos trechos Sul e Leste do Rodoanel tamb\u00e9m ser\u00e3o impactados pela a\u00e7\u00e3o ao longo da semana.<\/b><\/span><\/span><\/h4>\n<p align=\"JUSTIFY\"><span style=\"font-size: small;\"><span style=\"color: #00000a;\"><span style=\"font-family: Calibri, serif;\"><span style=\"color: #7f7f7f;\"><span style=\"font-family: Verdana, serif;\">S\u00e3o Paulo, 19 de setembro de 2016<\/span><\/span><span style=\"color: #7f7f7f;\">\u00a0\u2013\u00a0<\/span><span style=\"color: #7f7f7f;\"><span style=\"font-family: Verdana, serif;\">A SPMAR, respons\u00e1vel pela administra\u00e7\u00e3o dos Trechos Sul e Leste do Rodoanel, comemorar\u00e1 a Semana Nacional do Tr\u00e2nsito, 18 a 25 de setembro, com uma s\u00e9rie de a\u00e7\u00f5es educativas em parceria com a ARTESP (Ag\u00eancia de Transporte do Estado de S\u00e3o Paulo) e a Ecopistas.<\/span><\/span><\/span><\/span><\/span><\/p>\n<p align=\"JUSTIFY\"><span style=\"color: #00000a;\"><span style=\"font-family: Calibri, serif;\"><span style=\"font-size: small;\"><span style=\"color: #7f7f7f;\"><span style=\"font-family: Verdana, serif;\">A campanha que prosseguir\u00e1 at\u00e9 o pr\u00f3ximo domingo (25\/09), proporcionar\u00e1 diversas intera\u00e7\u00f5es com os usu\u00e1rios dos trechos Sul e Leste e com a comunidade ao entorno. Na primeira semana, as a\u00e7\u00f5es ocorrer\u00e3o na pr\u00f3pria rodovia, onde haver\u00e1 a\u00e7\u00f5es com ciclistas, palestras educativas sobre um tr\u00e2nsito mais humano, amplas distribui\u00e7\u00e3o de material sobre preven\u00e7\u00e3o de acidentes, exposi\u00e7\u00e3o dos equipamentos de seguran\u00e7a e informa\u00e7\u00f5es sobre os servi\u00e7os que a Concession\u00e1ria oferece. E todo usu\u00e1rio que passar pelo SAU (Servi\u00e7o de Atendimento aos Usu\u00e1rios) desfrutar\u00e1 de um caf\u00e9 especial.<\/span><\/span><\/span><\/span><\/span><\/p>\n<p align=\"JUSTIFY\"><span style=\"color: #00000a;\"><span style=\"font-family: Calibri, serif;\"><span style=\"font-size: small;\"><span style=\"color: #7f7f7f;\"><span style=\"font-family: Verdana, serif;\">No final de semana de encerramento, nos dias 24 e 25 de setembro, as a\u00e7\u00f5es ser\u00e3o em conjunto com a Ecopistas, no Parque Ecol\u00f3gico do Tiet\u00ea. No local, as equipes\u00a0 de atendimento m\u00e9dico das pr\u00f3prias concession\u00e1rias far\u00e3o triagem de sa\u00fade. Adultos e crian\u00e7as aprender\u00e3o, em palestras, quais s\u00e3o as atitudes corretas a serem tomadas no tr\u00e2nsito, al\u00e9m de conhecerem de perto todos os equipamentos e ve\u00edculos que cuidam das estradas.<\/span><\/span><\/span><\/span><\/span><\/p>\n<p align=\"JUSTIFY\"><span style=\"color: #00000a;\"><span style=\"font-family: Calibri, serif;\"><span style=\"font-size: small;\"><span style=\"color: #7f7f7f;\"><span style=\"font-family: Verdana, serif;\">Os pilotos do futuro poder\u00e3o\u00a0 testar todas suas habilidades no simulador de dire\u00e7\u00e3o, enquanto os adultos conheceram na pr\u00e1tica os perigos da dire\u00e7\u00e3o no simulador de impacto, desenvolvido pela ARTESP. No local, tamb\u00e9m haver\u00e1 distribui\u00e7\u00e3o de materiais de educa\u00e7\u00e3o no tr\u00e2nsito.\u00a0<\/span><\/span><\/span><\/span><\/span><\/p>\n<p class=\"western\" lang=\"en-US\"><span style=\"color: #7f7f7f;\">\u201c<span lang=\"pt-BR\">A Semana Nacional do Tr\u00e2nsito \u00e9 um \u00f3timo momento para que o motorista reveja as suas atitudes ao volante e aja de forma consciente para contribuir com uma viagem segura, sem acidentes e que preservem a vida&#8221;, lembra Isaque Moraes, Gerente de Opera\u00e7\u00f5es da SPMAR.<\/span><\/span><\/p>\n<p class=\"western\" lang=\"en-US\"><span style=\"color: #808080;\"><span lang=\"pt-BR\"><b>Confira a programa\u00e7\u00e3o completa:<\/b><\/span><\/span><\/p>\n<p class=\"western\" lang=\"en-US\"><span style=\"color: #808080;\"><span lang=\"pt-BR\"><b>Dia 18\/09 (Domingo)<\/b><\/span><\/span><span style=\"color: #808080;\"><span lang=\"pt-BR\">\u00a0\u2013 RodoVolta \u2013 Intera\u00e7\u00e3o com a Comunidade lindeira.<br \/>\n<\/span><\/span><span style=\"color: #808080;\"><span lang=\"pt-BR\"><b>Local:<\/b><\/span><\/span><span style=\"color: #808080;\"><span lang=\"pt-BR\">\u00a0Parque do Lago Francisco Rizzo.<\/span><\/span><\/p>\n<p class=\"western\" lang=\"en-US\"><span style=\"color: #808080;\"><span lang=\"pt-BR\"><b>Dia 19\/09 (Segunda-feira)<\/b><\/span><\/span><span style=\"color: #808080;\"><span lang=\"pt-BR\">\u00a0\u2013 RodoBliz com Ciclista.<br \/>\n<\/span><\/span><span style=\"color: #808080;\"><span lang=\"pt-BR\"><b>Local:<\/b><\/span><\/span><span style=\"color: #808080;\"><span lang=\"pt-BR\">\u00a0ao longo do trecho \u2013 Principal SAU2 km 68 \/ Obelisco km 64 (Trecho Sul).<\/span><\/span><\/p>\n<p class=\"western\" lang=\"en-US\"><span style=\"color: #808080;\"><span lang=\"pt-BR\"><b>Dia 20\/09 (Ter\u00e7a-feira)<\/b><\/span><\/span><span style=\"color: #808080;\"><span lang=\"pt-BR\">\u00a0\u2013 Palestra sobre o tema: #SEJA + POR UM TR\u00c2NSITO + HUMANO.<br \/>\n<\/span><\/span><span style=\"color: #808080;\"><span lang=\"pt-BR\"><b>Local:\u00a0<\/b><\/span><\/span><span style=\"color: #808080;\"><span lang=\"pt-BR\">SAU1 km 41 \u2013 Sala de Treinamentos.<\/span><\/span><\/p>\n<p class=\"western\" lang=\"en-US\"><span style=\"color: #808080;\"><span lang=\"pt-BR\"><b>Dia 21\/09 (Quarta-feira)<\/b><\/span><\/span><span style=\"color: #808080;\"><span lang=\"pt-BR\">\u00a0\u2013 RodoBliz com Ciclista.<br \/>\n<\/span><\/span><span style=\"color: #808080;\"><span lang=\"pt-BR\"><b>Local:<\/b><\/span><\/span><span style=\"color: #808080;\"><span lang=\"pt-BR\">\u00a0ao longo do trecho \u2013 Principal SAU2 km 68 \/ Obelisco km 64 (Trecho Sul).<\/span><\/span><\/p>\n<p class=\"western\" lang=\"en-US\"><span style=\"color: #808080;\"><span lang=\"pt-BR\"><b>Dia 22\/09 (Quinta-feira)<\/b><\/span><\/span><span style=\"color: #808080;\"><span lang=\"pt-BR\">\u00a0\u2013 Palestra sobre o tema: #SEJA + POR UM TR\u00c2NSITO + HUMANO.<br \/>\n<\/span><\/span><span style=\"color: #808080;\"><span lang=\"pt-BR\"><b>Local:\u00a0<\/b><\/span><\/span><span style=\"color: #808080;\"><span lang=\"pt-BR\">SAU1 km 41 \u2013 Sala de Treinamentos.<\/span><\/span><\/p>\n<p class=\"western\" lang=\"en-US\"><span style=\"color: #808080;\"><span lang=\"pt-BR\"><b>Dia 23\/09 (Sexta-feira)<\/b><\/span><\/span><span style=\"color: #808080;\"><span lang=\"pt-BR\">\u00a0\u2013 Caf\u00e9 no SAU.<br \/>\n<\/span><\/span><span style=\"color: #808080;\"><span lang=\"pt-BR\"><b>Local:<\/b><\/span><\/span><span style=\"color: #808080;\"><span lang=\"pt-BR\">\u00a0SAU3 km 102- Suzano (Trecho Leste).<\/span><\/span><\/p>\n<p class=\"western\" lang=\"en-US\"><span style=\"color: #808080;\"><span lang=\"pt-BR\"><b>Dia 24 e 25\/09 (S\u00e1bado e Domingo)<\/b><\/span><\/span><span style=\"color: #808080;\"><span lang=\"pt-BR\">\u00a0\u2013 A\u00e7\u00e3o conjunta com a Concession\u00e1ria Ecopistas.<br \/>\n<\/span><\/span><span style=\"color: #808080;\"><span lang=\"pt-BR\"><b>Local:<\/b><\/span><\/span><span style=\"color: #808080;\"><span lang=\"pt-BR\">\u00a0Parque Ecol\u00f3gico Tiet\u00ea.<\/span><\/span><\/p>\n<p class=\"western\" lang=\"en-US\" style=\"padding-left: 30px;\"><span style=\"font-family: Calibri, serif;\"><span lang=\"pt-BR\"><i>SPMAR &#8211; A Concession\u00e1ria SPMAR atua na administra\u00e7\u00e3o dos Trechos Sul e Leste do Rodoanel Mario Covas, sendo respons\u00e1vel pela gest\u00e3o de 76% do Rodoanel Metropolitano de S\u00e3o Paulo em opera\u00e7\u00e3o.<\/i><\/span><\/span><\/p>\n<p class=\"western\" lang=\"en-US\" style=\"padding-left: 30px;\"><span style=\"font-family: Calibri, serif;\"><span lang=\"pt-BR\"><i>Trecho Sul &#8211; do km 30 ao km 86 do Rodoanel Mario Covas, liga os Trechos Leste e Oeste do Rodoanel. O Trecho Sul tem acesso pelas rodovias R\u00e9gis Bittencourt (entroncamento com o Trecho Oeste) no km 30; Imigrantes no km 70 e Anchieta no km 75, al\u00e9m da Av. Papa Jo\u00e3o XXIII, em Mau\u00e1, no km 86.<\/i><\/span><\/span><\/p>\n<p class=\"western\" lang=\"en-US\" style=\"padding-left: 30px;\"><span style=\"font-family: Calibri, serif;\"><span lang=\"pt-BR\"><i>Trecho Leste &#8211; do km 86 ao km 130 do Rodoanel Mario Covas, liga os Trecho Sul \u00e0 Rodovia Presidente Dutra. O Trecho Leste tem acesso pela via de liga\u00e7\u00e3o com a Av. Papa Jo\u00e3o XXIII, em Mau\u00e1, no km 86; pela Rodovia Henrique Er\u00f3les &#8211; SP066 (km 115, em Suzano); pela Rodovia Ayrton Senna &#8211; SP070 (km 124 em Itaquaquecetuba) e pela Rodovia Presidente Dutra &#8211; BR116 (km 130 em Aruj\u00e1).<\/i><\/span><\/span><\/p>\n<p lang=\"en-US\"><span style=\"color: #808080;\">Mais informa\u00e7\u00f5es:<br \/>\n<\/span><span style=\"color: #808080;\">GWA Comunica\u00e7\u00e3o Integrada<\/span><br \/>\n<span style=\"color: #808080;\">Paulo Mathias &#8211; paulo@gwa.com.br &#8211; (11) 96915-4316<\/span><br \/>\n<span style=\"color: #808080;\">Luiz Ferreira &#8211; luiz@gwa.com.br &#8211; (11) 99289-9024<\/span><\/p>\n","protected":false},"excerpt":{"rendered":"<p>Motoristas dos trechos Sul e Leste do Rodoanel tamb\u00e9m ser\u00e3o impactados pela a\u00e7\u00e3o ao longo da semana. S\u00e3o Paulo, 19 de setembro de 2016\u00a0\u2013\u00a0A SPMAR, respons\u00e1vel pela administra\u00e7\u00e3o dos Trechos Sul e Leste do Rodoanel, comemorar\u00e1 a Semana Nacional do Tr\u00e2nsito, 18 a 25 de setembro, com uma s\u00e9rie de a\u00e7\u00f5es educativas em parceria com [&hellip;]<\/p>\n","protected":false},"author":1,"featured_media":0,"comment_status":"open","ping_status":"open","sticky":false,"template":"","format":"standard","meta":{"_acf_changed":false,"inline_featured_image":false,"_jetpack_memberships_contains_paid_content":false,"footnotes":""},"categories":[1],"tags":[],"class_list":["post-1","post","type-post","status-publish","format-standard","hentry","category-sem-categoria"],"acf":[],"yoast_head":"<!-- This site is optimized with the Yoast SEO plugin v27.4 - https:\/\/yoast.com\/product\/yoast-seo-wordpress\/ -->\n<title>SPMAR promover\u00e1 a\u00e7\u00f5es educativas no Parque Ecol\u00f3gico do Tiet\u00ea - Somos o caminho que te conecta ao que mais importa!<\/title>\n<meta name=\"robots\" content=\"index, follow, max-snippet:-1, max-image-preview:large, max-video-preview:-1\" \/>\n<link rel=\"canonical\" href=\"https:\/\/www.spmar.com.br\/web\/acao-educativa\/\" \/>\n<meta property=\"og:locale\" content=\"pt_BR\" \/>\n<meta property=\"og:type\" content=\"article\" \/>\n<meta property=\"og:title\" content=\"SPMAR promover\u00e1 a\u00e7\u00f5es educativas no Parque Ecol\u00f3gico do Tiet\u00ea - Somos o caminho que te conecta ao que mais importa!\" \/>\n<meta property=\"og:description\" content=\"Motoristas dos trechos Sul e Leste do Rodoanel tamb\u00e9m ser\u00e3o impactados pela a\u00e7\u00e3o ao longo da semana. S\u00e3o Paulo, 19 de setembro de 2016\u00a0\u2013\u00a0A SPMAR, respons\u00e1vel pela administra\u00e7\u00e3o dos Trechos Sul e Leste do Rodoanel, comemorar\u00e1 a Semana Nacional do Tr\u00e2nsito, 18 a 25 de setembro, com uma s\u00e9rie de a\u00e7\u00f5es educativas em parceria com [&hellip;]\" \/>\n<meta property=\"og:url\" content=\"https:\/\/www.spmar.com.br\/web\/acao-educativa\/\" \/>\n<meta property=\"og:site_name\" content=\"Somos o caminho que te conecta ao que mais importa!\" \/>\n<meta property=\"article:publisher\" content=\"https:\/\/www.facebook.com\/spmar.rodoanel\" \/>\n<meta property=\"article:published_time\" content=\"2016-09-19T15:00:38+00:00\" \/>\n<meta property=\"article:modified_time\" content=\"2017-08-09T13:37:23+00:00\" \/>\n<meta name=\"author\" content=\"uid_@spmar\" \/>\n<meta name=\"twitter:card\" content=\"summary_large_image\" \/>\n<meta name=\"twitter:label1\" content=\"Escrito por\" \/>\n\t<meta name=\"twitter:data1\" content=\"uid_@spmar\" \/>\n\t<meta name=\"twitter:label2\" content=\"Est. tempo de leitura\" \/>\n\t<meta name=\"twitter:data2\" content=\"3 minutos\" \/>\n<script type=\"application\/ld+json\" class=\"yoast-schema-graph\">{\"@context\":\"https:\\\/\\\/schema.org\",\"@graph\":[{\"@type\":\"Article\",\"@id\":\"https:\\\/\\\/www.spmar.com.br\\\/web\\\/acao-educativa\\\/#article\",\"isPartOf\":{\"@id\":\"https:\\\/\\\/www.spmar.com.br\\\/web\\\/acao-educativa\\\/\"},\"author\":{\"name\":\"uid_@spmar\",\"@id\":\"https:\\\/\\\/www.spmar.com.br\\\/web\\\/#\\\/schema\\\/person\\\/d197690c6bf9c79240a515310e6233b7\"},\"headline\":\"SPMAR promover\u00e1 a\u00e7\u00f5es educativas no Parque Ecol\u00f3gico do Tiet\u00ea\",\"datePublished\":\"2016-09-19T15:00:38+00:00\",\"dateModified\":\"2017-08-09T13:37:23+00:00\",\"mainEntityOfPage\":{\"@id\":\"https:\\\/\\\/www.spmar.com.br\\\/web\\\/acao-educativa\\\/\"},\"wordCount\":673,\"commentCount\":0,\"publisher\":{\"@id\":\"https:\\\/\\\/www.spmar.com.br\\\/web\\\/#organization\"},\"inLanguage\":\"pt-BR\",\"potentialAction\":[{\"@type\":\"CommentAction\",\"name\":\"Comment\",\"target\":[\"https:\\\/\\\/www.spmar.com.br\\\/web\\\/acao-educativa\\\/#respond\"]}]},{\"@type\":\"WebPage\",\"@id\":\"https:\\\/\\\/www.spmar.com.br\\\/web\\\/acao-educativa\\\/\",\"url\":\"https:\\\/\\\/www.spmar.com.br\\\/web\\\/acao-educativa\\\/\",\"name\":\"SPMAR promover\u00e1 a\u00e7\u00f5es educativas no Parque Ecol\u00f3gico do Tiet\u00ea - Somos o caminho que te conecta ao que mais importa!\",\"isPartOf\":{\"@id\":\"https:\\\/\\\/www.spmar.com.br\\\/web\\\/#website\"},\"datePublished\":\"2016-09-19T15:00:38+00:00\",\"dateModified\":\"2017-08-09T13:37:23+00:00\",\"breadcrumb\":{\"@id\":\"https:\\\/\\\/www.spmar.com.br\\\/web\\\/acao-educativa\\\/#breadcrumb\"},\"inLanguage\":\"pt-BR\",\"potentialAction\":[{\"@type\":\"ReadAction\",\"target\":[\"https:\\\/\\\/www.spmar.com.br\\\/web\\\/acao-educativa\\\/\"]}]},{\"@type\":\"BreadcrumbList\",\"@id\":\"https:\\\/\\\/www.spmar.com.br\\\/web\\\/acao-educativa\\\/#breadcrumb\",\"itemListElement\":[{\"@type\":\"ListItem\",\"position\":1,\"name\":\"Home\",\"item\":\"https:\\\/\\\/www.spmar.com.br\\\/web\\\/\"},{\"@type\":\"ListItem\",\"position\":2,\"name\":\"SPMAR promover\u00e1 a\u00e7\u00f5es educativas no Parque Ecol\u00f3gico do Tiet\u00ea\"}]},{\"@type\":\"WebSite\",\"@id\":\"https:\\\/\\\/www.spmar.com.br\\\/web\\\/#website\",\"url\":\"https:\\\/\\\/www.spmar.com.br\\\/web\\\/\",\"name\":\"SPMAR\",\"description\":\"A Concession\u00e1ria SPMAR atua na administra\u00e7\u00e3o dos Trechos Sul e Leste do Rodoanel Mario Covas e, com isso,\u00e9 respons\u00e1vel pela gest\u00e3o de 76% do Rodoanel Metropolitano de S\u00e3o Paulo em opera\u00e7\u00e3o.\",\"publisher\":{\"@id\":\"https:\\\/\\\/www.spmar.com.br\\\/web\\\/#organization\"},\"potentialAction\":[{\"@type\":\"SearchAction\",\"target\":{\"@type\":\"EntryPoint\",\"urlTemplate\":\"https:\\\/\\\/www.spmar.com.br\\\/web\\\/?s={search_term_string}\"},\"query-input\":{\"@type\":\"PropertyValueSpecification\",\"valueRequired\":true,\"valueName\":\"search_term_string\"}}],\"inLanguage\":\"pt-BR\"},{\"@type\":\"Organization\",\"@id\":\"https:\\\/\\\/www.spmar.com.br\\\/web\\\/#organization\",\"name\":\"Concession\u00e1ria SPMAR\",\"url\":\"https:\\\/\\\/www.spmar.com.br\\\/web\\\/\",\"logo\":{\"@type\":\"ImageObject\",\"inLanguage\":\"pt-BR\",\"@id\":\"https:\\\/\\\/www.spmar.com.br\\\/web\\\/#\\\/schema\\\/logo\\\/image\\\/\",\"url\":\"https:\\\/\\\/www.spmar.com.br\\\/web\\\/wp-content\\\/uploads\\\/2017\\\/11\\\/logo_H.jpg\",\"contentUrl\":\"https:\\\/\\\/www.spmar.com.br\\\/web\\\/wp-content\\\/uploads\\\/2017\\\/11\\\/logo_H.jpg\",\"width\":448,\"height\":97,\"caption\":\"Concession\u00e1ria SPMAR\"},\"image\":{\"@id\":\"https:\\\/\\\/www.spmar.com.br\\\/web\\\/#\\\/schema\\\/logo\\\/image\\\/\"},\"sameAs\":[\"https:\\\/\\\/www.facebook.com\\\/spmar.rodoanel\",\"https:\\\/\\\/www.linkedin.com\\\/company\\\/spmarbr\\\/\",\"https:\\\/\\\/www.instagram.com\\\/spmarbr\\\/\"]},{\"@type\":\"Person\",\"@id\":\"https:\\\/\\\/www.spmar.com.br\\\/web\\\/#\\\/schema\\\/person\\\/d197690c6bf9c79240a515310e6233b7\",\"name\":\"uid_@spmar\",\"image\":{\"@type\":\"ImageObject\",\"inLanguage\":\"pt-BR\",\"@id\":\"https:\\\/\\\/www.spmar.com.br\\\/web\\\/wp-content\\\/litespeed\\\/avatar\\\/1d9f8aa10c469a2a6a9fbe6d3ba9a648.jpg?ver=1777045609\",\"url\":\"https:\\\/\\\/www.spmar.com.br\\\/web\\\/wp-content\\\/litespeed\\\/avatar\\\/1d9f8aa10c469a2a6a9fbe6d3ba9a648.jpg?ver=1777045609\",\"contentUrl\":\"https:\\\/\\\/www.spmar.com.br\\\/web\\\/wp-content\\\/litespeed\\\/avatar\\\/1d9f8aa10c469a2a6a9fbe6d3ba9a648.jpg?ver=1777045609\",\"caption\":\"uid_@spmar\"},\"url\":\"https:\\\/\\\/www.spmar.com.br\\\/web\\\/author\\\/uid_spmar\\\/\"}]}<\/script>\n<!-- \/ Yoast SEO plugin. -->","yoast_head_json":{"title":"SPMAR promover\u00e1 a\u00e7\u00f5es educativas no Parque Ecol\u00f3gico do Tiet\u00ea - Somos o caminho que te conecta ao que mais importa!","robots":{"index":"index","follow":"follow","max-snippet":"max-snippet:-1","max-image-preview":"max-image-preview:large","max-video-preview":"max-video-preview:-1"},"canonical":"https:\/\/www.spmar.com.br\/web\/acao-educativa\/","og_locale":"pt_BR","og_type":"article","og_title":"SPMAR promover\u00e1 a\u00e7\u00f5es educativas no Parque Ecol\u00f3gico do Tiet\u00ea - Somos o caminho que te conecta ao que mais importa!","og_description":"Motoristas dos trechos Sul e Leste do Rodoanel tamb\u00e9m ser\u00e3o impactados pela a\u00e7\u00e3o ao longo da semana. S\u00e3o Paulo, 19 de setembro de 2016\u00a0\u2013\u00a0A SPMAR, respons\u00e1vel pela administra\u00e7\u00e3o dos Trechos Sul e Leste do Rodoanel, comemorar\u00e1 a Semana Nacional do Tr\u00e2nsito, 18 a 25 de setembro, com uma s\u00e9rie de a\u00e7\u00f5es educativas em parceria com [&hellip;]","og_url":"https:\/\/www.spmar.com.br\/web\/acao-educativa\/","og_site_name":"Somos o caminho que te conecta ao que mais importa!","article_publisher":"https:\/\/www.facebook.com\/spmar.rodoanel","article_published_time":"2016-09-19T15:00:38+00:00","article_modified_time":"2017-08-09T13:37:23+00:00","author":"uid_@spmar","twitter_card":"summary_large_image","twitter_misc":{"Escrito por":"uid_@spmar","Est. tempo de leitura":"3 minutos"},"schema":{"@context":"https:\/\/schema.org","@graph":[{"@type":"Article","@id":"https:\/\/www.spmar.com.br\/web\/acao-educativa\/#article","isPartOf":{"@id":"https:\/\/www.spmar.com.br\/web\/acao-educativa\/"},"author":{"name":"uid_@spmar","@id":"https:\/\/www.spmar.com.br\/web\/#\/schema\/person\/d197690c6bf9c79240a515310e6233b7"},"headline":"SPMAR promover\u00e1 a\u00e7\u00f5es educativas no Parque Ecol\u00f3gico do Tiet\u00ea","datePublished":"2016-09-19T15:00:38+00:00","dateModified":"2017-08-09T13:37:23+00:00","mainEntityOfPage":{"@id":"https:\/\/www.spmar.com.br\/web\/acao-educativa\/"},"wordCount":673,"commentCount":0,"publisher":{"@id":"https:\/\/www.spmar.com.br\/web\/#organization"},"inLanguage":"pt-BR","potentialAction":[{"@type":"CommentAction","name":"Comment","target":["https:\/\/www.spmar.com.br\/web\/acao-educativa\/#respond"]}]},{"@type":"WebPage","@id":"https:\/\/www.spmar.com.br\/web\/acao-educativa\/","url":"https:\/\/www.spmar.com.br\/web\/acao-educativa\/","name":"SPMAR promover\u00e1 a\u00e7\u00f5es educativas no Parque Ecol\u00f3gico do Tiet\u00ea - Somos o caminho que te conecta ao que mais importa!","isPartOf":{"@id":"https:\/\/www.spmar.com.br\/web\/#website"},"datePublished":"2016-09-19T15:00:38+00:00","dateModified":"2017-08-09T13:37:23+00:00","breadcrumb":{"@id":"https:\/\/www.spmar.com.br\/web\/acao-educativa\/#breadcrumb"},"inLanguage":"pt-BR","potentialAction":[{"@type":"ReadAction","target":["https:\/\/www.spmar.com.br\/web\/acao-educativa\/"]}]},{"@type":"BreadcrumbList","@id":"https:\/\/www.spmar.com.br\/web\/acao-educativa\/#breadcrumb","itemListElement":[{"@type":"ListItem","position":1,"name":"Home","item":"https:\/\/www.spmar.com.br\/web\/"},{"@type":"ListItem","position":2,"name":"SPMAR promover\u00e1 a\u00e7\u00f5es educativas no Parque Ecol\u00f3gico do Tiet\u00ea"}]},{"@type":"WebSite","@id":"https:\/\/www.spmar.com.br\/web\/#website","url":"https:\/\/www.spmar.com.br\/web\/","name":"SPMAR","description":"A Concession\u00e1ria SPMAR atua na administra\u00e7\u00e3o dos Trechos Sul e Leste do Rodoanel Mario Covas e, com isso,\u00e9 respons\u00e1vel pela gest\u00e3o de 76% do Rodoanel Metropolitano de S\u00e3o Paulo em opera\u00e7\u00e3o.","publisher":{"@id":"https:\/\/www.spmar.com.br\/web\/#organization"},"potentialAction":[{"@type":"SearchAction","target":{"@type":"EntryPoint","urlTemplate":"https:\/\/www.spmar.com.br\/web\/?s={search_term_string}"},"query-input":{"@type":"PropertyValueSpecification","valueRequired":true,"valueName":"search_term_string"}}],"inLanguage":"pt-BR"},{"@type":"Organization","@id":"https:\/\/www.spmar.com.br\/web\/#organization","name":"Concession\u00e1ria SPMAR","url":"https:\/\/www.spmar.com.br\/web\/","logo":{"@type":"ImageObject","inLanguage":"pt-BR","@id":"https:\/\/www.spmar.com.br\/web\/#\/schema\/logo\/image\/","url":"https:\/\/www.spmar.com.br\/web\/wp-content\/uploads\/2017\/11\/logo_H.jpg","contentUrl":"https:\/\/www.spmar.com.br\/web\/wp-content\/uploads\/2017\/11\/logo_H.jpg","width":448,"height":97,"caption":"Concession\u00e1ria SPMAR"},"image":{"@id":"https:\/\/www.spmar.com.br\/web\/#\/schema\/logo\/image\/"},"sameAs":["https:\/\/www.facebook.com\/spmar.rodoanel","https:\/\/www.linkedin.com\/company\/spmarbr\/","https:\/\/www.instagram.com\/spmarbr\/"]},{"@type":"Person","@id":"https:\/\/www.spmar.com.br\/web\/#\/schema\/person\/d197690c6bf9c79240a515310e6233b7","name":"uid_@spmar","image":{"@type":"ImageObject","inLanguage":"pt-BR","@id":"https:\/\/www.spmar.com.br\/web\/wp-content\/litespeed\/avatar\/1d9f8aa10c469a2a6a9fbe6d3ba9a648.jpg?ver=1777045609","url":"https:\/\/www.spmar.com.br\/web\/wp-content\/litespeed\/avatar\/1d9f8aa10c469a2a6a9fbe6d3ba9a648.jpg?ver=1777045609","contentUrl":"https:\/\/www.spmar.com.br\/web\/wp-content\/litespeed\/avatar\/1d9f8aa10c469a2a6a9fbe6d3ba9a648.jpg?ver=1777045609","caption":"uid_@spmar"},"url":"https:\/\/www.spmar.com.br\/web\/author\/uid_spmar\/"}]}},"jetpack_featured_media_url":"","jetpack_sharing_enabled":true,"_links":{"self":[{"href":"https:\/\/www.spmar.com.br\/web\/wp-json\/wp\/v2\/posts\/1","targetHints":{"allow":["GET"]}}],"collection":[{"href":"https:\/\/www.spmar.com.br\/web\/wp-json\/wp\/v2\/posts"}],"about":[{"href":"https:\/\/www.spmar.com.br\/web\/wp-json\/wp\/v2\/types\/post"}],"author":[{"embeddable":true,"href":"https:\/\/www.spmar.com.br\/web\/wp-json\/wp\/v2\/users\/1"}],"replies":[{"embeddable":true,"href":"https:\/\/www.spmar.com.br\/web\/wp-json\/wp\/v2\/comments?post=1"}],"version-history":[{"count":6,"href":"https:\/\/www.spmar.com.br\/web\/wp-json\/wp\/v2\/posts\/1\/revisions"}],"predecessor-version":[{"id":313,"href":"https:\/\/www.spmar.com.br\/web\/wp-json\/wp\/v2\/posts\/1\/revisions\/313"}],"wp:attachment":[{"href":"https:\/\/www.spmar.com.br\/web\/wp-json\/wp\/v2\/media?parent=1"}],"wp:term":[{"taxonomy":"category","embeddable":true,"href":"https:\/\/www.spmar.com.br\/web\/wp-json\/wp\/v2\/categories?post=1"},{"taxonomy":"post_tag","embeddable":true,"href":"https:\/\/www.spmar.com.br\/web\/wp-json\/wp\/v2\/tags?post=1"}],"curies":[{"name":"wp","href":"https:\/\/api.w.org\/{rel}","templated":true}]}}